{"id":58785,"date":"2019-09-04T17:37:40","date_gmt":"2019-09-04T17:37:40","guid":{"rendered":"http:\/\/desarrollo.mcvicious.com\/aero2020\/2019\/09\/04\/fallecio-sergio-pagador-un-grande-de-la-abogacia-peruana\/"},"modified":"2019-09-04T17:37:40","modified_gmt":"2019-09-04T17:37:40","slug":"fallecio-sergio-pagador-un-grande-de-la-abogacia-peruana","status":"publish","type":"post","link":"https:\/\/aeronoticias.com.pe\/noticiero\/mundo\/mundo-mundo-2\/fallecio-sergio-pagador-un-grande-de-la-abogacia-peruana\/","title":{"rendered":"Falleci\u00f3 Sergio Pagador, un grande de la Abogac\u00eda Peruana"},"content":{"rendered":"<p style=\"text-align: justify;\"><strong>(Aeronoticias)<\/strong> El Abogado Juli\u00e1n Palacin Fern\u00e1ndez y el grupo gremial de Abogados \u00abPalacin\u00bb, con profundo dolor y consternados, les informamos que ha fallecido nuestro querido amigo, el Abogado Sergio Pagador (45), extraordinario padre, mejor esposo y gran amigo, que nos leg\u00f3 una lecci\u00f3n de amor a la profesi\u00f3n, a la vida y que cultiv\u00f3 esa religi\u00f3n llamada \u00abamistad\u00bb con la profundidad de esos seres extraordinarios que nos ense\u00f1an el camino de la verdad, el honor y la justicia.<\/p>\n<p style=\"text-align: justify;\">Las l\u00e1grimas embargan este mensaje, dijo Juli\u00e1n Palacin y les pidi\u00f3 a quienes tuvieron el honor de conocerlo y disfrutar de su amistad, que nos acompa\u00f1en y que acompa\u00f1en a su maravillosa esposa Carolina y a su peque\u00f1a hija en el Velatorio de la Iglesia Maria Reina en San Isdiro a las 16:00 horas, y que estemos presente ma\u00f1ana en su entierro en Los Jardines de La Paz en La Molina a las 15:00 horas.<\/p>\n<p style=\"text-align: justify;\">Le pedimos a Dios que reciba a nuestro hermano \u00abSergio Pagador\u00bb, que es un s\u00edmbolo de honor y amistad en la Abogac\u00eda Peruana, me acompa\u00f1\u00f3 en mi Junta Directiva en la postulaci\u00f3n al Colegio de Abogados de Lima en varias oportunidades, yo quiero decir p\u00fablicamente que se nos ha ido un gran profesional de la Abogac\u00eda, altamente preparado y que el Per\u00fa y la Abogac\u00eda peruana pierden a uno de sus mejores cuadros.<\/p>\n<p style=\"text-align: justify;\">Hasta pronto querido Sergio, hasta que Dios nos llame y nos reencontremos en el cielo y all\u00ed recordaremos los maravillosos d\u00edas que compartimos academicamente y gremialmente en la vida terrenal y este mensaje lo digo en nombre de los m\u00e1s de 40 mil abogados que nos dieron su firma durante varios a\u00f1os en nuestra postulaci\u00f3n al CAL.<\/p>\n<p style=\"text-align: justify;\">Te queremos y recordaremos siempre estimado Sergio&#8230; hasta pronto querido amigo!, afirm\u00f3 Juli\u00e1n Palacin.<\/p>\n<p style=\"text-align: justify;\"><img decoding=\"async\" src=\"images\/stories\/19\/09\/040919\/spagador.jpg\" border=\"0\" \/><\/p>\n","protected":false},"excerpt":{"rendered":"<p>(Aeronoticias) El Abogado Juli\u00e1n Palacin Fern\u00e1ndez y el grupo gremial de Abogados \u00abPalacin\u00bb, con profundo dolor y consternados, les informamos que ha fallecido nuestro querido amigo, el Abogado Sergio Pagador (45), extraordinario padre, mejor esposo y gran amigo, que nos leg\u00f3 una lecci\u00f3n de amor a la profesi\u00f3n, a la vida y que cultiv\u00f3 esa [&hellip;]<\/p>\n","protected":false},"author":1,"featured_media":0,"comment_status":"open","ping_status":"open","sticky":false,"template":"","format":"standard","meta":{"tdm_status":"","tdm_grid_status":"","footnotes":""},"categories":[65],"tags":[],"class_list":{"0":"post-58785","1":"post","2":"type-post","3":"status-publish","4":"format-standard","6":"category-mundo-mundo-2"},"yoast_head":"<!-- This site is optimized with the Yoast SEO plugin v25.1 - https:\/\/yoast.com\/wordpress\/plugins\/seo\/ -->\n<title>Falleci\u00f3 Sergio Pagador, un grande de la Abogac\u00eda Peruana<\/title>\n<meta name=\"description\" content=\"Portal de noticias del Per\u00fa sobre el transporte a\u00e9reo, aviaci\u00f3n, turismo, hoteleria, actualidad.\" \/>\n<meta name=\"robots\" content=\"index, follow, max-snippet:-1, max-image-preview:large, max-video-preview:-1\" \/>\n<link rel=\"canonical\" href=\"https:\/\/aeronoticias.com.pe\/noticiero\/mundo\/mundo-mundo-2\/fallecio-sergio-pagador-un-grande-de-la-abogacia-peruana\/\" \/>\n<meta property=\"og:locale\" content=\"es_ES\" \/>\n<meta property=\"og:type\" content=\"article\" \/>\n<meta property=\"og:title\" content=\"Falleci\u00f3 Sergio Pagador, un grande de la Abogac\u00eda Peruana\" \/>\n<meta property=\"og:description\" content=\"Portal de noticias del Per\u00fa sobre el transporte a\u00e9reo, aviaci\u00f3n, turismo, hoteleria, actualidad.\" \/>\n<meta property=\"og:url\" content=\"https:\/\/aeronoticias.com.pe\/noticiero\/mundo\/mundo-mundo-2\/fallecio-sergio-pagador-un-grande-de-la-abogacia-peruana\/\" \/>\n<meta property=\"og:site_name\" content=\"Aeronoticias.com.pe\" \/>\n<meta property=\"article:publisher\" content=\"https:\/\/www.facebook.com\/Aeronoticias.com.pe\/\" \/>\n<meta property=\"article:published_time\" content=\"2019-09-04T17:37:40+00:00\" \/>\n<meta name=\"author\" content=\"Redacci\u00f3n Aeronoticias\" \/>\n<meta name=\"twitter:card\" content=\"summary_large_image\" \/>\n<meta name=\"twitter:creator\" content=\"@aeronoticias\" \/>\n<meta name=\"twitter:site\" content=\"@aeronoticias\" \/>\n<meta name=\"twitter:label1\" content=\"Escrito por\" \/>\n\t<meta name=\"twitter:data1\" content=\"Redacci\u00f3n Aeronoticias\" \/>\n\t<meta name=\"twitter:label2\" content=\"Tiempo de lectura\" \/>\n\t<meta name=\"twitter:data2\" content=\"2 minutos\" \/>\n<script type=\"application\/ld+json\" class=\"yoast-schema-graph\">{\"@context\":\"https:\/\/schema.org\",\"@graph\":[{\"@type\":\"WebPage\",\"@id\":\"https:\/\/aeronoticias.com.pe\/noticiero\/mundo\/mundo-mundo-2\/fallecio-sergio-pagador-un-grande-de-la-abogacia-peruana\/\",\"url\":\"https:\/\/aeronoticias.com.pe\/noticiero\/mundo\/mundo-mundo-2\/fallecio-sergio-pagador-un-grande-de-la-abogacia-peruana\/\",\"name\":\"Falleci\u00f3 Sergio Pagador, un grande de la Abogac\u00eda Peruana\",\"isPartOf\":{\"@id\":\"https:\/\/aeronoticias.com.pe\/noticiero\/#website\"},\"datePublished\":\"2019-09-04T17:37:40+00:00\",\"author\":{\"@id\":\"https:\/\/aeronoticias.com.pe\/noticiero\/#\/schema\/person\/fc1e5d578f4b62ba1cf7ac2bba1170a0\"},\"description\":\"Portal de noticias del Per\u00fa sobre el transporte a\u00e9reo, aviaci\u00f3n, turismo, hoteleria, actualidad.\",\"breadcrumb\":{\"@id\":\"https:\/\/aeronoticias.com.pe\/noticiero\/mundo\/mundo-mundo-2\/fallecio-sergio-pagador-un-grande-de-la-abogacia-peruana\/#breadcrumb\"},\"inLanguage\":\"es\",\"potentialAction\":[{\"@type\":\"ReadAction\",\"target\":[\"https:\/\/aeronoticias.com.pe\/noticiero\/mundo\/mundo-mundo-2\/fallecio-sergio-pagador-un-grande-de-la-abogacia-peruana\/\"]}]},{\"@type\":\"BreadcrumbList\",\"@id\":\"https:\/\/aeronoticias.com.pe\/noticiero\/mundo\/mundo-mundo-2\/fallecio-sergio-pagador-un-grande-de-la-abogacia-peruana\/#breadcrumb\",\"itemListElement\":[{\"@type\":\"ListItem\",\"position\":1,\"name\":\"Portada\",\"item\":\"https:\/\/aeronoticias.com.pe\/noticiero\/\"},{\"@type\":\"ListItem\",\"position\":2,\"name\":\"Falleci\u00f3 Sergio Pagador, un grande de la Abogac\u00eda Peruana\"}]},{\"@type\":\"WebSite\",\"@id\":\"https:\/\/aeronoticias.com.pe\/noticiero\/#website\",\"url\":\"https:\/\/aeronoticias.com.pe\/noticiero\/\",\"name\":\"Aeronoticias.com.pe\",\"description\":\"Noticias de tranporte aereo, turismo, hoteles, gastronomia, actualidad, internacional\",\"potentialAction\":[{\"@type\":\"SearchAction\",\"target\":{\"@type\":\"EntryPoint\",\"urlTemplate\":\"https:\/\/aeronoticias.com.pe\/noticiero\/?s={search_term_string}\"},\"query-input\":{\"@type\":\"PropertyValueSpecification\",\"valueRequired\":true,\"valueName\":\"search_term_string\"}}],\"inLanguage\":\"es\"},{\"@type\":\"Person\",\"@id\":\"https:\/\/aeronoticias.com.pe\/noticiero\/#\/schema\/person\/fc1e5d578f4b62ba1cf7ac2bba1170a0\",\"name\":\"Redacci\u00f3n Aeronoticias\",\"url\":\"https:\/\/aeronoticias.com.pe\/noticiero\/author\/piloto\/\"}]}<\/script>\n<!-- \/ Yoast SEO plugin. -->","yoast_head_json":{"title":"Falleci\u00f3 Sergio Pagador, un grande de la Abogac\u00eda Peruana","description":"Portal de noticias del Per\u00fa sobre el transporte a\u00e9reo, aviaci\u00f3n, turismo, hoteleria, actualidad.","robots":{"index":"index","follow":"follow","max-snippet":"max-snippet:-1","max-image-preview":"max-image-preview:large","max-video-preview":"max-video-preview:-1"},"canonical":"https:\/\/aeronoticias.com.pe\/noticiero\/mundo\/mundo-mundo-2\/fallecio-sergio-pagador-un-grande-de-la-abogacia-peruana\/","og_locale":"es_ES","og_type":"article","og_title":"Falleci\u00f3 Sergio Pagador, un grande de la Abogac\u00eda Peruana","og_description":"Portal de noticias del Per\u00fa sobre el transporte a\u00e9reo, aviaci\u00f3n, turismo, hoteleria, actualidad.","og_url":"https:\/\/aeronoticias.com.pe\/noticiero\/mundo\/mundo-mundo-2\/fallecio-sergio-pagador-un-grande-de-la-abogacia-peruana\/","og_site_name":"Aeronoticias.com.pe","article_publisher":"https:\/\/www.facebook.com\/Aeronoticias.com.pe\/","article_published_time":"2019-09-04T17:37:40+00:00","author":"Redacci\u00f3n Aeronoticias","twitter_card":"summary_large_image","twitter_creator":"@aeronoticias","twitter_site":"@aeronoticias","twitter_misc":{"Escrito por":"Redacci\u00f3n Aeronoticias","Tiempo de lectura":"2 minutos"},"schema":{"@context":"https:\/\/schema.org","@graph":[{"@type":"WebPage","@id":"https:\/\/aeronoticias.com.pe\/noticiero\/mundo\/mundo-mundo-2\/fallecio-sergio-pagador-un-grande-de-la-abogacia-peruana\/","url":"https:\/\/aeronoticias.com.pe\/noticiero\/mundo\/mundo-mundo-2\/fallecio-sergio-pagador-un-grande-de-la-abogacia-peruana\/","name":"Falleci\u00f3 Sergio Pagador, un grande de la Abogac\u00eda Peruana","isPartOf":{"@id":"https:\/\/aeronoticias.com.pe\/noticiero\/#website"},"datePublished":"2019-09-04T17:37:40+00:00","author":{"@id":"https:\/\/aeronoticias.com.pe\/noticiero\/#\/schema\/person\/fc1e5d578f4b62ba1cf7ac2bba1170a0"},"description":"Portal de noticias del Per\u00fa sobre el transporte a\u00e9reo, aviaci\u00f3n, turismo, hoteleria, actualidad.","breadcrumb":{"@id":"https:\/\/aeronoticias.com.pe\/noticiero\/mundo\/mundo-mundo-2\/fallecio-sergio-pagador-un-grande-de-la-abogacia-peruana\/#breadcrumb"},"inLanguage":"es","potentialAction":[{"@type":"ReadAction","target":["https:\/\/aeronoticias.com.pe\/noticiero\/mundo\/mundo-mundo-2\/fallecio-sergio-pagador-un-grande-de-la-abogacia-peruana\/"]}]},{"@type":"BreadcrumbList","@id":"https:\/\/aeronoticias.com.pe\/noticiero\/mundo\/mundo-mundo-2\/fallecio-sergio-pagador-un-grande-de-la-abogacia-peruana\/#breadcrumb","itemListElement":[{"@type":"ListItem","position":1,"name":"Portada","item":"https:\/\/aeronoticias.com.pe\/noticiero\/"},{"@type":"ListItem","position":2,"name":"Falleci\u00f3 Sergio Pagador, un grande de la Abogac\u00eda Peruana"}]},{"@type":"WebSite","@id":"https:\/\/aeronoticias.com.pe\/noticiero\/#website","url":"https:\/\/aeronoticias.com.pe\/noticiero\/","name":"Aeronoticias.com.pe","description":"Noticias de tranporte aereo, turismo, hoteles, gastronomia, actualidad, internacional","potentialAction":[{"@type":"SearchAction","target":{"@type":"EntryPoint","urlTemplate":"https:\/\/aeronoticias.com.pe\/noticiero\/?s={search_term_string}"},"query-input":{"@type":"PropertyValueSpecification","valueRequired":true,"valueName":"search_term_string"}}],"inLanguage":"es"},{"@type":"Person","@id":"https:\/\/aeronoticias.com.pe\/noticiero\/#\/schema\/person\/fc1e5d578f4b62ba1cf7ac2bba1170a0","name":"Redacci\u00f3n Aeronoticias","url":"https:\/\/aeronoticias.com.pe\/noticiero\/author\/piloto\/"}]}},"_links":{"self":[{"href":"https:\/\/aeronoticias.com.pe\/noticiero\/wp-json\/wp\/v2\/posts\/58785","targetHints":{"allow":["GET"]}}],"collection":[{"href":"https:\/\/aeronoticias.com.pe\/noticiero\/wp-json\/wp\/v2\/posts"}],"about":[{"href":"https:\/\/aeronoticias.com.pe\/noticiero\/wp-json\/wp\/v2\/types\/post"}],"author":[{"embeddable":true,"href":"https:\/\/aeronoticias.com.pe\/noticiero\/wp-json\/wp\/v2\/users\/1"}],"replies":[{"embeddable":true,"href":"https:\/\/aeronoticias.com.pe\/noticiero\/wp-json\/wp\/v2\/comments?post=58785"}],"version-history":[{"count":0,"href":"https:\/\/aeronoticias.com.pe\/noticiero\/wp-json\/wp\/v2\/posts\/58785\/revisions"}],"wp:attachment":[{"href":"https:\/\/aeronoticias.com.pe\/noticiero\/wp-json\/wp\/v2\/media?parent=58785"}],"wp:term":[{"taxonomy":"category","embeddable":true,"href":"https:\/\/aeronoticias.com.pe\/noticiero\/wp-json\/wp\/v2\/categories?post=58785"},{"taxonomy":"post_tag","embeddable":true,"href":"https:\/\/aeronoticias.com.pe\/noticiero\/wp-json\/wp\/v2\/tags?post=58785"}],"curies":[{"name":"wp","href":"https:\/\/api.w.org\/{rel}","templated":true}]}}