{"id":58790,"date":"2019-09-05T17:08:10","date_gmt":"2019-09-05T17:08:10","guid":{"rendered":"http:\/\/desarrollo.mcvicious.com\/aero2020\/2019\/09\/05\/jueces-dictan-el-sobreseimiento-para-airbus-y-air-france-por-el-accidente-del-vuelo-rio-paris\/"},"modified":"2019-09-05T17:08:10","modified_gmt":"2019-09-05T17:08:10","slug":"jueces-dictan-el-sobreseimiento-para-airbus-y-air-france-por-el-accidente-del-vuelo-rio-paris","status":"publish","type":"post","link":"https:\/\/aeronoticias.com.pe\/noticiero\/internacionales\/jueces-dictan-el-sobreseimiento-para-airbus-y-air-france-por-el-accidente-del-vuelo-rio-paris\/","title":{"rendered":"Jueces dictan el sobreseimiento para Airbus y Air France por el accidente del vuelo R\u00edo-Par\u00eds"},"content":{"rendered":"<p style=\"text-align: justify;\"><strong>(Aeronoticias).<\/strong>&#8211;\u00a0<span style=\"color: #454545; font-family: Helvetica; font-size: 12px;\">Diez a\u00f1os despu\u00e9s de la muerte de 228 personas en el accidente del vuelo R\u00edo-Par\u00eds, los jueces de instrucci\u00f3n ordenaron el jueves un sobreseimiento general para <\/span><strong style=\"color: #454545; font-family: Helvetica; font-size: 12px;\">Airbus <\/strong><span style=\"color: #454545; font-family: Helvetica; font-size: 12px;\">y <\/span><strong style=\"color: #454545; font-family: Helvetica; font-size: 12px;\">Air France<\/strong><span style=\"color: #454545; font-family: Helvetica; font-size: 12px;\">, un dictamen que indigna a los familiares de las v\u00edctimas.<\/span><\/p>\n<p class=\"p1\" style=\"text-align: justify;\">Los magistrados no siguieron las peticiones de la fiscal\u00eda de Par\u00eds que se hab\u00eda pronunciado a favor de un juicio \u00fanicamente contra la aerol\u00ednea francesa, una posici\u00f3n que ya hab\u00eda sido criticada por las asociaciones de v\u00edctimas.<\/p>\n<p class=\"p1\" style=\"text-align: justify;\">\u00a0<\/p>\n<p class=\"p1\" style=\"text-align: justify;\">El 1 de junio de 2009, el vuelo AF447 cay\u00f3 en el Oc\u00e9ano Atl\u00e1ntico despu\u00e9s de despegar de R\u00edo de Janeiro. Los 228 pasajeros y miembros de la tripulaci\u00f3n, de 34 nacionalidades, perecieron en el accidente, el peor de la historia de Air France.<\/p>\n<p class=\"p1\" style=\"text-align: justify;\">\u00a0<\/p>\n<p class=\"p1\" style=\"text-align: justify;\">El elemento que desencaden\u00f3 el siniestro fue la congelaci\u00f3n de unos sensores ubicados en el exterior del aparato, las sondas Pitot, que acarre\u00f3 indicaciones err\u00f3neas sobre la velocidad y desorient\u00f3 a los pilotos, hasta que la aeronave cay\u00f3 al oc\u00e9ano.<\/p>\n<p class=\"p1\" style=\"text-align: justify;\">\u00a0<\/p>\n<p class=\"p1\" style=\"text-align: justify;\">En esta investigaci\u00f3n, que comenz\u00f3 hace m\u00e1s de una d\u00e9cada, las dos empresas fueron inculpadas en 2011 por \u201chomicidio involuntario\u201d.<\/p>\n<p class=\"p1\" style=\"text-align: justify;\">En su escrito de 189 p\u00e1ginas, firmado el 29 de agosto y que pudo consultar la AFP, los magistrados Nicolas Aubertin y Fabienne Bernard estimaron que el siniestro se debi\u00f3 \u201ca una combinaci\u00f3n de factores que nunca antes hab\u00edan ocurrido, y que por lo tanto puso de manifiesto peligros que no pod\u00edan ser percibidos antes\u201d.<\/p>\n<p class=\"p2\" style=\"text-align: justify;\">\u00a0<\/p>\n<p class=\"p1\" style=\"text-align: justify;\">Las investigaciones, que ten\u00edan por objeto determinar si era posible atribuir la responsabilidad indirecta de este accidente a la compa\u00f1\u00eda a\u00e9rea o al constructor, \u201cno condujeron a caracterizar un fallo il\u00edcito de Airbus o de Air France en relaci\u00f3n (\u2026) con los errores de pilotaje (\u2026) que causaron el accidente\u201d, prosiguen.<\/p>\n<p class=\"p1\" style=\"text-align: justify;\">\u00a0<\/p>\n<p class=\"p1\" style=\"text-align: justify;\">La principal asociaci\u00f3n de familiares de las v\u00edctimas, Entraide et Solidarit\u00e9 AF447, apelar\u00e1 este dictamen por considerarlo insultante, dijo a la AFP su abogado, Alain Jakubowicz.<\/p>\n<p class=\"p1\" style=\"text-align: justify;\">\u201c\u00bfC\u00f3mo no pensar que esta decisi\u00f3n est\u00e1 guiada por intereses econ\u00f3micos superiores a los de la justicia?\u201d, denunci\u00f3 en un comunicado el colectivo.<\/p>\n<p class=\"p1\" style=\"text-align: justify;\">Air France y Airbus, contactadas por la AFP, no quisieron comentar la decisi\u00f3n.<\/p>\n<p class=\"p1\" style=\"text-align: justify;\">\u00a0<\/p>\n<p class=\"p1\" style=\"text-align: justify;\">La fiscal\u00eda de Par\u00eds hab\u00eda pedido a los jueces un juicio contra Air France y un sobreseimiento para Airbus.<\/p>\n<p class=\"p1\" style=\"text-align: justify;\">El ministerio p\u00fablico estimaba que la compa\u00f1\u00eda a\u00e9rea hab\u00eda cometido \u201cnegligencia\u201d al no haber brindado a sus pilotos suficiente informaci\u00f3n sobre c\u00f3mo reaccionar en caso de anomal\u00edas en los sensores que controlan la velocidad de los aviones, pese a varios incidentes de ese tipo en los meses previos al siniestro.<\/p>\n<p class=\"p3\" style=\"text-align: justify;\">\u00a0<\/p>\n<p class=\"p1\" style=\"text-align: justify;\"><strong>Sorpresa e indignaci\u00f3n<\/strong><\/p>\n<p class=\"p1\" style=\"text-align: justify;\">Contactado por la AFP, Olivier Morice, abogado de varias familias de v\u00edctimas, dijo estar \u201csorprendido\u201d por la decisi\u00f3n y anunci\u00f3 su intenci\u00f3n de apelar.<\/p>\n<p class=\"p1\" style=\"text-align: justify;\">\u00a0<\/p>\n<p class=\"p1\" style=\"text-align: justify;\">Desde el inicio de la investigaci\u00f3n, los expertos se libran una batalla sobre las responsabilidades en la serie de incidentes que condujeron al accidente. Las partes civiles estiman que ambas compa\u00f1\u00edas, Air France y Airbus, deben responder ante los tribunales.<\/p>\n<p class=\"p1\" style=\"text-align: justify;\">\u00a0<\/p>\n<p class=\"p1\" style=\"text-align: justify;\">Un primer informe de 2012 se\u00f1alaba fallos cometidos por la tripulaci\u00f3n, problemas t\u00e9cnicos y una falta de informaci\u00f3n de los pilotos en caso de congelaci\u00f3n de la sonda Pitot, pese a incidentes previos se\u00f1alados al constructor Airbus.<\/p>\n<p class=\"p1\" style=\"text-align: justify;\">\u00a0<\/p>\n<p class=\"p1\" style=\"text-align: justify;\">Tras este primer peritaje, el constructor aeron\u00e1utico solicit\u00f3 una nueva evaluaci\u00f3n que se\u00f1al\u00f3 que la tripulaci\u00f3n reaccion\u00f3 de forma \u201cinapropiada\u201d.<\/p>\n<p class=\"p1\" style=\"text-align: justify;\">Pero los familiares de las v\u00edctimas y la aerol\u00ednea impugnaron esta evaluaci\u00f3n que consideraron demasiado favorable al constructor ante la corte de apelaciones de Par\u00eds. Esta orden\u00f3 que sea anulada y reabri\u00f3 la investigaci\u00f3n.<\/p>\n<p class=\"p1\" style=\"text-align: justify;\">\u00a0<\/p>\n<p class=\"p1\" style=\"text-align: justify;\">Un \u00faltimo informe, de diciembre 2017, estim\u00f3 que \u201clas acciones inadaptadas en pilotaje manual\u201d de la tripulaci\u00f3n condujeron a que el Airbus A330 de la compa\u00f1\u00eda francesa se precipitara al mar.<\/p>\n<p class=\"p3\" style=\"text-align: justify;\">\u00a0<\/p>\n<p class=\"p1\" style=\"text-align: justify;\">En un intento por convencer a los jueces de llevar a Airbus y a Air France ante la justicia, los familiares de las v\u00edctimas presentaron un informe a los tribunales franceses el 8 de agosto que demostraba, seg\u00fan ellos, que Airbus conoc\u00eda desde 2004 los problemas de sus sondas que controlan la velocidad de sus aviones.<\/p>\n<p class=\"p1\" style=\"text-align: justify;\">\u00a0<\/p>\n<p class=\"p1\" style=\"text-align: justify;\">Fuente: <strong><em><span style=\"text-decoration: underline;\">Swissinfo<\/span><\/em><\/strong><\/p>\n<p class=\"p1\" style=\"text-align: justify;\">\u00a0<\/p>\n<p class=\"p1\" style=\"text-align: justify;\"><strong><em><span style=\"text-decoration: underline;\"><img decoding=\"async\" src=\"images\/stories\/airbusyboeing.jpg\" border=\"0\" \/><br \/><\/span><\/em><\/strong><\/p>\n<p> p.p1 {margin: 0.0px 0.0px 0.0px 0.0px; font: 12.0px Helvetica; color: #454545} p.p2 {margin: 0.0px 0.0px 0.0px 0.0px; text-align: center; font: 12.0px Helvetica; color: #454545; min-height: 14.0px} p.p3 {margin: 0.0px 0.0px 0.0px 0.0px; font: 12.0px Helvetica; color: #454545; min-height: 14.0px}<\/p>\n","protected":false},"excerpt":{"rendered":"<p>(Aeronoticias).&#8211;\u00a0Diez a\u00f1os despu\u00e9s de la muerte de 228 personas en el accidente del vuelo R\u00edo-Par\u00eds, los jueces de instrucci\u00f3n ordenaron el jueves un sobreseimiento general para Airbus y Air France, un dictamen que indigna a los familiares de las v\u00edctimas. Los magistrados no siguieron las peticiones de la fiscal\u00eda de Par\u00eds que se hab\u00eda pronunciado [&hellip;]<\/p>\n","protected":false},"author":1,"featured_media":0,"comment_status":"open","ping_status":"open","sticky":false,"template":"","format":"standard","meta":{"tdm_status":"","tdm_grid_status":"","footnotes":""},"categories":[34],"tags":[],"class_list":{"0":"post-58790","1":"post","2":"type-post","3":"status-publish","4":"format-standard","6":"category-internacionales"},"yoast_head":"<!-- This site is optimized with the Yoast SEO plugin v25.1 - https:\/\/yoast.com\/wordpress\/plugins\/seo\/ -->\n<title>Jueces dictan el sobreseimiento para Airbus y Air France por el accidente del vuelo R\u00edo-Par\u00eds<\/title>\n<meta name=\"description\" content=\"Portal de noticias del Per\u00fa sobre el transporte a\u00e9reo, aviaci\u00f3n, turismo, hoteleria, actualidad.\" \/>\n<meta name=\"robots\" content=\"index, follow, max-snippet:-1, max-image-preview:large, max-video-preview:-1\" \/>\n<link rel=\"canonical\" href=\"https:\/\/aeronoticias.com.pe\/noticiero\/internacionales\/jueces-dictan-el-sobreseimiento-para-airbus-y-air-france-por-el-accidente-del-vuelo-rio-paris\/\" \/>\n<meta property=\"og:locale\" content=\"es_ES\" \/>\n<meta property=\"og:type\" content=\"article\" \/>\n<meta property=\"og:title\" content=\"Jueces dictan el sobreseimiento para Airbus y Air France por el accidente del vuelo R\u00edo-Par\u00eds\" \/>\n<meta property=\"og:description\" content=\"Portal de noticias del Per\u00fa sobre el transporte a\u00e9reo, aviaci\u00f3n, turismo, hoteleria, actualidad.\" \/>\n<meta property=\"og:url\" content=\"https:\/\/aeronoticias.com.pe\/noticiero\/internacionales\/jueces-dictan-el-sobreseimiento-para-airbus-y-air-france-por-el-accidente-del-vuelo-rio-paris\/\" \/>\n<meta property=\"og:site_name\" content=\"Aeronoticias.com.pe\" \/>\n<meta property=\"article:publisher\" content=\"https:\/\/www.facebook.com\/Aeronoticias.com.pe\/\" \/>\n<meta property=\"article:published_time\" content=\"2019-09-05T17:08:10+00:00\" \/>\n<meta name=\"author\" content=\"Redacci\u00f3n Aeronoticias\" \/>\n<meta name=\"twitter:card\" content=\"summary_large_image\" \/>\n<meta name=\"twitter:creator\" content=\"@aeronoticias\" \/>\n<meta name=\"twitter:site\" content=\"@aeronoticias\" \/>\n<meta name=\"twitter:label1\" content=\"Escrito por\" \/>\n\t<meta name=\"twitter:data1\" content=\"Redacci\u00f3n Aeronoticias\" \/>\n\t<meta name=\"twitter:label2\" content=\"Tiempo de lectura\" \/>\n\t<meta name=\"twitter:data2\" content=\"4 minutos\" \/>\n<script type=\"application\/ld+json\" class=\"yoast-schema-graph\">{\"@context\":\"https:\/\/schema.org\",\"@graph\":[{\"@type\":\"WebPage\",\"@id\":\"https:\/\/aeronoticias.com.pe\/noticiero\/internacionales\/jueces-dictan-el-sobreseimiento-para-airbus-y-air-france-por-el-accidente-del-vuelo-rio-paris\/\",\"url\":\"https:\/\/aeronoticias.com.pe\/noticiero\/internacionales\/jueces-dictan-el-sobreseimiento-para-airbus-y-air-france-por-el-accidente-del-vuelo-rio-paris\/\",\"name\":\"Jueces dictan el sobreseimiento para Airbus y Air France por el accidente del vuelo R\u00edo-Par\u00eds\",\"isPartOf\":{\"@id\":\"https:\/\/aeronoticias.com.pe\/noticiero\/#website\"},\"datePublished\":\"2019-09-05T17:08:10+00:00\",\"author\":{\"@id\":\"https:\/\/aeronoticias.com.pe\/noticiero\/#\/schema\/person\/fc1e5d578f4b62ba1cf7ac2bba1170a0\"},\"description\":\"Portal de noticias del Per\u00fa sobre el transporte a\u00e9reo, aviaci\u00f3n, turismo, hoteleria, actualidad.\",\"breadcrumb\":{\"@id\":\"https:\/\/aeronoticias.com.pe\/noticiero\/internacionales\/jueces-dictan-el-sobreseimiento-para-airbus-y-air-france-por-el-accidente-del-vuelo-rio-paris\/#breadcrumb\"},\"inLanguage\":\"es\",\"potentialAction\":[{\"@type\":\"ReadAction\",\"target\":[\"https:\/\/aeronoticias.com.pe\/noticiero\/internacionales\/jueces-dictan-el-sobreseimiento-para-airbus-y-air-france-por-el-accidente-del-vuelo-rio-paris\/\"]}]},{\"@type\":\"BreadcrumbList\",\"@id\":\"https:\/\/aeronoticias.com.pe\/noticiero\/internacionales\/jueces-dictan-el-sobreseimiento-para-airbus-y-air-france-por-el-accidente-del-vuelo-rio-paris\/#breadcrumb\",\"itemListElement\":[{\"@type\":\"ListItem\",\"position\":1,\"name\":\"Portada\",\"item\":\"https:\/\/aeronoticias.com.pe\/noticiero\/\"},{\"@type\":\"ListItem\",\"position\":2,\"name\":\"Jueces dictan el sobreseimiento para Airbus y Air France por el accidente del vuelo R\u00edo-Par\u00eds\"}]},{\"@type\":\"WebSite\",\"@id\":\"https:\/\/aeronoticias.com.pe\/noticiero\/#website\",\"url\":\"https:\/\/aeronoticias.com.pe\/noticiero\/\",\"name\":\"Aeronoticias.com.pe\",\"description\":\"Noticias de tranporte aereo, turismo, hoteles, gastronomia, actualidad, internacional\",\"potentialAction\":[{\"@type\":\"SearchAction\",\"target\":{\"@type\":\"EntryPoint\",\"urlTemplate\":\"https:\/\/aeronoticias.com.pe\/noticiero\/?s={search_term_string}\"},\"query-input\":{\"@type\":\"PropertyValueSpecification\",\"valueRequired\":true,\"valueName\":\"search_term_string\"}}],\"inLanguage\":\"es\"},{\"@type\":\"Person\",\"@id\":\"https:\/\/aeronoticias.com.pe\/noticiero\/#\/schema\/person\/fc1e5d578f4b62ba1cf7ac2bba1170a0\",\"name\":\"Redacci\u00f3n Aeronoticias\",\"url\":\"https:\/\/aeronoticias.com.pe\/noticiero\/author\/piloto\/\"}]}<\/script>\n<!-- \/ Yoast SEO plugin. -->","yoast_head_json":{"title":"Jueces dictan el sobreseimiento para Airbus y Air France por el accidente del vuelo R\u00edo-Par\u00eds","description":"Portal de noticias del Per\u00fa sobre el transporte a\u00e9reo, aviaci\u00f3n, turismo, hoteleria, actualidad.","robots":{"index":"index","follow":"follow","max-snippet":"max-snippet:-1","max-image-preview":"max-image-preview:large","max-video-preview":"max-video-preview:-1"},"canonical":"https:\/\/aeronoticias.com.pe\/noticiero\/internacionales\/jueces-dictan-el-sobreseimiento-para-airbus-y-air-france-por-el-accidente-del-vuelo-rio-paris\/","og_locale":"es_ES","og_type":"article","og_title":"Jueces dictan el sobreseimiento para Airbus y Air France por el accidente del vuelo R\u00edo-Par\u00eds","og_description":"Portal de noticias del Per\u00fa sobre el transporte a\u00e9reo, aviaci\u00f3n, turismo, hoteleria, actualidad.","og_url":"https:\/\/aeronoticias.com.pe\/noticiero\/internacionales\/jueces-dictan-el-sobreseimiento-para-airbus-y-air-france-por-el-accidente-del-vuelo-rio-paris\/","og_site_name":"Aeronoticias.com.pe","article_publisher":"https:\/\/www.facebook.com\/Aeronoticias.com.pe\/","article_published_time":"2019-09-05T17:08:10+00:00","author":"Redacci\u00f3n Aeronoticias","twitter_card":"summary_large_image","twitter_creator":"@aeronoticias","twitter_site":"@aeronoticias","twitter_misc":{"Escrito por":"Redacci\u00f3n Aeronoticias","Tiempo de lectura":"4 minutos"},"schema":{"@context":"https:\/\/schema.org","@graph":[{"@type":"WebPage","@id":"https:\/\/aeronoticias.com.pe\/noticiero\/internacionales\/jueces-dictan-el-sobreseimiento-para-airbus-y-air-france-por-el-accidente-del-vuelo-rio-paris\/","url":"https:\/\/aeronoticias.com.pe\/noticiero\/internacionales\/jueces-dictan-el-sobreseimiento-para-airbus-y-air-france-por-el-accidente-del-vuelo-rio-paris\/","name":"Jueces dictan el sobreseimiento para Airbus y Air France por el accidente del vuelo R\u00edo-Par\u00eds","isPartOf":{"@id":"https:\/\/aeronoticias.com.pe\/noticiero\/#website"},"datePublished":"2019-09-05T17:08:10+00:00","author":{"@id":"https:\/\/aeronoticias.com.pe\/noticiero\/#\/schema\/person\/fc1e5d578f4b62ba1cf7ac2bba1170a0"},"description":"Portal de noticias del Per\u00fa sobre el transporte a\u00e9reo, aviaci\u00f3n, turismo, hoteleria, actualidad.","breadcrumb":{"@id":"https:\/\/aeronoticias.com.pe\/noticiero\/internacionales\/jueces-dictan-el-sobreseimiento-para-airbus-y-air-france-por-el-accidente-del-vuelo-rio-paris\/#breadcrumb"},"inLanguage":"es","potentialAction":[{"@type":"ReadAction","target":["https:\/\/aeronoticias.com.pe\/noticiero\/internacionales\/jueces-dictan-el-sobreseimiento-para-airbus-y-air-france-por-el-accidente-del-vuelo-rio-paris\/"]}]},{"@type":"BreadcrumbList","@id":"https:\/\/aeronoticias.com.pe\/noticiero\/internacionales\/jueces-dictan-el-sobreseimiento-para-airbus-y-air-france-por-el-accidente-del-vuelo-rio-paris\/#breadcrumb","itemListElement":[{"@type":"ListItem","position":1,"name":"Portada","item":"https:\/\/aeronoticias.com.pe\/noticiero\/"},{"@type":"ListItem","position":2,"name":"Jueces dictan el sobreseimiento para Airbus y Air France por el accidente del vuelo R\u00edo-Par\u00eds"}]},{"@type":"WebSite","@id":"https:\/\/aeronoticias.com.pe\/noticiero\/#website","url":"https:\/\/aeronoticias.com.pe\/noticiero\/","name":"Aeronoticias.com.pe","description":"Noticias de tranporte aereo, turismo, hoteles, gastronomia, actualidad, internacional","potentialAction":[{"@type":"SearchAction","target":{"@type":"EntryPoint","urlTemplate":"https:\/\/aeronoticias.com.pe\/noticiero\/?s={search_term_string}"},"query-input":{"@type":"PropertyValueSpecification","valueRequired":true,"valueName":"search_term_string"}}],"inLanguage":"es"},{"@type":"Person","@id":"https:\/\/aeronoticias.com.pe\/noticiero\/#\/schema\/person\/fc1e5d578f4b62ba1cf7ac2bba1170a0","name":"Redacci\u00f3n Aeronoticias","url":"https:\/\/aeronoticias.com.pe\/noticiero\/author\/piloto\/"}]}},"_links":{"self":[{"href":"https:\/\/aeronoticias.com.pe\/noticiero\/wp-json\/wp\/v2\/posts\/58790","targetHints":{"allow":["GET"]}}],"collection":[{"href":"https:\/\/aeronoticias.com.pe\/noticiero\/wp-json\/wp\/v2\/posts"}],"about":[{"href":"https:\/\/aeronoticias.com.pe\/noticiero\/wp-json\/wp\/v2\/types\/post"}],"author":[{"embeddable":true,"href":"https:\/\/aeronoticias.com.pe\/noticiero\/wp-json\/wp\/v2\/users\/1"}],"replies":[{"embeddable":true,"href":"https:\/\/aeronoticias.com.pe\/noticiero\/wp-json\/wp\/v2\/comments?post=58790"}],"version-history":[{"count":0,"href":"https:\/\/aeronoticias.com.pe\/noticiero\/wp-json\/wp\/v2\/posts\/58790\/revisions"}],"wp:attachment":[{"href":"https:\/\/aeronoticias.com.pe\/noticiero\/wp-json\/wp\/v2\/media?parent=58790"}],"wp:term":[{"taxonomy":"category","embeddable":true,"href":"https:\/\/aeronoticias.com.pe\/noticiero\/wp-json\/wp\/v2\/categories?post=58790"},{"taxonomy":"post_tag","embeddable":true,"href":"https:\/\/aeronoticias.com.pe\/noticiero\/wp-json\/wp\/v2\/tags?post=58790"}],"curies":[{"name":"wp","href":"https:\/\/api.w.org\/{rel}","templated":true}]}}