{"id":58838,"date":"2019-09-17T15:41:47","date_gmt":"2019-09-17T15:41:47","guid":{"rendered":"http:\/\/desarrollo.mcvicious.com\/aero2020\/2019\/09\/17\/finnair-y-latam-airlines-firman-un-acuerdo-de-codigo-compartido-para-volar-entre-helsinki-y-sudamerica\/"},"modified":"2019-09-17T15:41:47","modified_gmt":"2019-09-17T15:41:47","slug":"finnair-y-latam-airlines-firman-un-acuerdo-de-codigo-compartido-para-volar-entre-helsinki-y-sudamerica","status":"publish","type":"post","link":"https:\/\/aeronoticias.com.pe\/noticiero\/internacionales\/finnair-y-latam-airlines-firman-un-acuerdo-de-codigo-compartido-para-volar-entre-helsinki-y-sudamerica\/","title":{"rendered":"Finnair y Latam Airlines firman un acuerdo de c\u00f3digo compartido para volar entre Helsinki y Sudam\u00e9rica"},"content":{"rendered":"<p style=\"text-align: justify;\"><strong>(Aeronoticias)<\/strong>.-\u00a0<span style=\"color: #454545; font-family: Helvetica; font-size: 12px;\">Finnair y LATAM Airlines han firmado un nuevo acuerdo de c\u00f3digo compartido en los vuelos entre el \u2018hub\u2019 de Finnair en Helsinki y los centros de operaciones de LATAM en Sao Paulo en Brasil y Santiago en Chile a trav\u00e9s de Madrid, Barcelona, Par\u00eds, Londres y Mil\u00e1n como ciudades de enlace.<\/span><\/p>\n<p class=\"p1\" style=\"text-align: justify;\">Como parte de este acuerdo, el c\u00f3digo AY de Finnair se a\u00f1adir\u00e1 a los vuelos trasatl\u00e1nticos de LATAM entre estos destinos europeos y los de aeropuertos de Sao Paulo y Santiago. Del mismo modo, el c\u00f3digo LA de LATAM se agregar\u00e1 a los vuelos de Finnair entre Helsinki y Madrid, Barcelona, Londres, Par\u00eds y Mil\u00e1n.<\/p>\n<p class=\"p1\" style=\"text-align: justify;\">\u00a0<\/p>\n<p class=\"p1\" style=\"text-align: justify;\">Los vuelos operados por LATAM ser\u00e1n los primeros en Sud\u00e1merica con un c\u00f3digo de Finnair y comenzar\u00e1n a partir del pr\u00f3ximo 1 de octubre. Ya est\u00e1n disponibles en la web de Finnair. Adem\u00e1s, la aerol\u00ednea finlandesa tambi\u00e9n dispone de agentes de ventas en las principales ciudades de Sudam\u00e9rica para comercializar los vuelos y todos los productos de la aerol\u00ednea en este mercado.<\/p>\n<p class=\"p1\" style=\"text-align: justify;\">\u00a0<\/p>\n<p class=\"p1\" style=\"text-align: justify;\">Fuente: <span style=\"text-decoration: underline;\"><em><strong>Europa Press<\/strong><\/em><\/span>.<\/p>\n<p class=\"p1\" style=\"text-align: justify;\">\u00a0<\/p>\n<p class=\"p1\" style=\"text-align: justify;\"><img decoding=\"async\" src=\"images\/stories\/latam.jpg\" border=\"0\" \/><\/p>\n<p> p.p1 {margin: 0.0px 0.0px 0.0px 0.0px; font: 12.0px Helvetica; color: #454545} p.p2 {margin: 0.0px 0.0px 0.0px 0.0px; text-align: center; font: 12.0px Helvetica; color: #454545; min-height: 14.0px}<\/p>\n","protected":false},"excerpt":{"rendered":"<p>(Aeronoticias).-\u00a0Finnair y LATAM Airlines han firmado un nuevo acuerdo de c\u00f3digo compartido en los vuelos entre el \u2018hub\u2019 de Finnair en Helsinki y los centros de operaciones de LATAM en Sao Paulo en Brasil y Santiago en Chile a trav\u00e9s de Madrid, Barcelona, Par\u00eds, Londres y Mil\u00e1n como ciudades de enlace. Como parte de este [&hellip;]<\/p>\n","protected":false},"author":1,"featured_media":0,"comment_status":"open","ping_status":"open","sticky":false,"template":"","format":"standard","meta":{"tdm_status":"","tdm_grid_status":"","footnotes":""},"categories":[34],"tags":[],"class_list":{"0":"post-58838","1":"post","2":"type-post","3":"status-publish","4":"format-standard","6":"category-internacionales"},"yoast_head":"<!-- This site is optimized with the Yoast SEO plugin v25.1 - https:\/\/yoast.com\/wordpress\/plugins\/seo\/ -->\n<title>Finnair y Latam Airlines firman un acuerdo de c\u00f3digo compartido para volar entre Helsinki y Sudam\u00e9rica<\/title>\n<meta name=\"description\" content=\"Portal de noticias del Per\u00fa sobre el transporte a\u00e9reo, aviaci\u00f3n, turismo, hoteleria, actualidad.\" \/>\n<meta name=\"robots\" content=\"index, follow, max-snippet:-1, max-image-preview:large, max-video-preview:-1\" \/>\n<link rel=\"canonical\" href=\"https:\/\/aeronoticias.com.pe\/noticiero\/internacionales\/finnair-y-latam-airlines-firman-un-acuerdo-de-codigo-compartido-para-volar-entre-helsinki-y-sudamerica\/\" \/>\n<meta property=\"og:locale\" content=\"es_ES\" \/>\n<meta property=\"og:type\" content=\"article\" \/>\n<meta property=\"og:title\" content=\"Finnair y Latam Airlines firman un acuerdo de c\u00f3digo compartido para volar entre Helsinki y Sudam\u00e9rica\" \/>\n<meta property=\"og:description\" content=\"Portal de noticias del Per\u00fa sobre el transporte a\u00e9reo, aviaci\u00f3n, turismo, hoteleria, actualidad.\" \/>\n<meta property=\"og:url\" content=\"https:\/\/aeronoticias.com.pe\/noticiero\/internacionales\/finnair-y-latam-airlines-firman-un-acuerdo-de-codigo-compartido-para-volar-entre-helsinki-y-sudamerica\/\" \/>\n<meta property=\"og:site_name\" content=\"Aeronoticias.com.pe\" \/>\n<meta property=\"article:publisher\" content=\"https:\/\/www.facebook.com\/Aeronoticias.com.pe\/\" \/>\n<meta property=\"article:published_time\" content=\"2019-09-17T15:41:47+00:00\" \/>\n<meta name=\"author\" content=\"Redacci\u00f3n Aeronoticias\" \/>\n<meta name=\"twitter:card\" content=\"summary_large_image\" \/>\n<meta name=\"twitter:creator\" content=\"@aeronoticias\" \/>\n<meta name=\"twitter:site\" content=\"@aeronoticias\" \/>\n<meta name=\"twitter:label1\" content=\"Escrito por\" \/>\n\t<meta name=\"twitter:data1\" content=\"Redacci\u00f3n Aeronoticias\" \/>\n\t<meta name=\"twitter:label2\" content=\"Tiempo de lectura\" \/>\n\t<meta name=\"twitter:data2\" content=\"1 minuto\" \/>\n<script type=\"application\/ld+json\" class=\"yoast-schema-graph\">{\"@context\":\"https:\/\/schema.org\",\"@graph\":[{\"@type\":\"WebPage\",\"@id\":\"https:\/\/aeronoticias.com.pe\/noticiero\/internacionales\/finnair-y-latam-airlines-firman-un-acuerdo-de-codigo-compartido-para-volar-entre-helsinki-y-sudamerica\/\",\"url\":\"https:\/\/aeronoticias.com.pe\/noticiero\/internacionales\/finnair-y-latam-airlines-firman-un-acuerdo-de-codigo-compartido-para-volar-entre-helsinki-y-sudamerica\/\",\"name\":\"Finnair y Latam Airlines firman un acuerdo de c\u00f3digo compartido para volar entre Helsinki y Sudam\u00e9rica\",\"isPartOf\":{\"@id\":\"https:\/\/aeronoticias.com.pe\/noticiero\/#website\"},\"datePublished\":\"2019-09-17T15:41:47+00:00\",\"author\":{\"@id\":\"https:\/\/aeronoticias.com.pe\/noticiero\/#\/schema\/person\/fc1e5d578f4b62ba1cf7ac2bba1170a0\"},\"description\":\"Portal de noticias del Per\u00fa sobre el transporte a\u00e9reo, aviaci\u00f3n, turismo, hoteleria, actualidad.\",\"breadcrumb\":{\"@id\":\"https:\/\/aeronoticias.com.pe\/noticiero\/internacionales\/finnair-y-latam-airlines-firman-un-acuerdo-de-codigo-compartido-para-volar-entre-helsinki-y-sudamerica\/#breadcrumb\"},\"inLanguage\":\"es\",\"potentialAction\":[{\"@type\":\"ReadAction\",\"target\":[\"https:\/\/aeronoticias.com.pe\/noticiero\/internacionales\/finnair-y-latam-airlines-firman-un-acuerdo-de-codigo-compartido-para-volar-entre-helsinki-y-sudamerica\/\"]}]},{\"@type\":\"BreadcrumbList\",\"@id\":\"https:\/\/aeronoticias.com.pe\/noticiero\/internacionales\/finnair-y-latam-airlines-firman-un-acuerdo-de-codigo-compartido-para-volar-entre-helsinki-y-sudamerica\/#breadcrumb\",\"itemListElement\":[{\"@type\":\"ListItem\",\"position\":1,\"name\":\"Portada\",\"item\":\"https:\/\/aeronoticias.com.pe\/noticiero\/\"},{\"@type\":\"ListItem\",\"position\":2,\"name\":\"Finnair y Latam Airlines firman un acuerdo de c\u00f3digo compartido para volar entre Helsinki y Sudam\u00e9rica\"}]},{\"@type\":\"WebSite\",\"@id\":\"https:\/\/aeronoticias.com.pe\/noticiero\/#website\",\"url\":\"https:\/\/aeronoticias.com.pe\/noticiero\/\",\"name\":\"Aeronoticias.com.pe\",\"description\":\"Noticias de tranporte aereo, turismo, hoteles, gastronomia, actualidad, internacional\",\"potentialAction\":[{\"@type\":\"SearchAction\",\"target\":{\"@type\":\"EntryPoint\",\"urlTemplate\":\"https:\/\/aeronoticias.com.pe\/noticiero\/?s={search_term_string}\"},\"query-input\":{\"@type\":\"PropertyValueSpecification\",\"valueRequired\":true,\"valueName\":\"search_term_string\"}}],\"inLanguage\":\"es\"},{\"@type\":\"Person\",\"@id\":\"https:\/\/aeronoticias.com.pe\/noticiero\/#\/schema\/person\/fc1e5d578f4b62ba1cf7ac2bba1170a0\",\"name\":\"Redacci\u00f3n Aeronoticias\",\"url\":\"https:\/\/aeronoticias.com.pe\/noticiero\/author\/piloto\/\"}]}<\/script>\n<!-- \/ Yoast SEO plugin. -->","yoast_head_json":{"title":"Finnair y Latam Airlines firman un acuerdo de c\u00f3digo compartido para volar entre Helsinki y Sudam\u00e9rica","description":"Portal de noticias del Per\u00fa sobre el transporte a\u00e9reo, aviaci\u00f3n, turismo, hoteleria, actualidad.","robots":{"index":"index","follow":"follow","max-snippet":"max-snippet:-1","max-image-preview":"max-image-preview:large","max-video-preview":"max-video-preview:-1"},"canonical":"https:\/\/aeronoticias.com.pe\/noticiero\/internacionales\/finnair-y-latam-airlines-firman-un-acuerdo-de-codigo-compartido-para-volar-entre-helsinki-y-sudamerica\/","og_locale":"es_ES","og_type":"article","og_title":"Finnair y Latam Airlines firman un acuerdo de c\u00f3digo compartido para volar entre Helsinki y Sudam\u00e9rica","og_description":"Portal de noticias del Per\u00fa sobre el transporte a\u00e9reo, aviaci\u00f3n, turismo, hoteleria, actualidad.","og_url":"https:\/\/aeronoticias.com.pe\/noticiero\/internacionales\/finnair-y-latam-airlines-firman-un-acuerdo-de-codigo-compartido-para-volar-entre-helsinki-y-sudamerica\/","og_site_name":"Aeronoticias.com.pe","article_publisher":"https:\/\/www.facebook.com\/Aeronoticias.com.pe\/","article_published_time":"2019-09-17T15:41:47+00:00","author":"Redacci\u00f3n Aeronoticias","twitter_card":"summary_large_image","twitter_creator":"@aeronoticias","twitter_site":"@aeronoticias","twitter_misc":{"Escrito por":"Redacci\u00f3n Aeronoticias","Tiempo de lectura":"1 minuto"},"schema":{"@context":"https:\/\/schema.org","@graph":[{"@type":"WebPage","@id":"https:\/\/aeronoticias.com.pe\/noticiero\/internacionales\/finnair-y-latam-airlines-firman-un-acuerdo-de-codigo-compartido-para-volar-entre-helsinki-y-sudamerica\/","url":"https:\/\/aeronoticias.com.pe\/noticiero\/internacionales\/finnair-y-latam-airlines-firman-un-acuerdo-de-codigo-compartido-para-volar-entre-helsinki-y-sudamerica\/","name":"Finnair y Latam Airlines firman un acuerdo de c\u00f3digo compartido para volar entre Helsinki y Sudam\u00e9rica","isPartOf":{"@id":"https:\/\/aeronoticias.com.pe\/noticiero\/#website"},"datePublished":"2019-09-17T15:41:47+00:00","author":{"@id":"https:\/\/aeronoticias.com.pe\/noticiero\/#\/schema\/person\/fc1e5d578f4b62ba1cf7ac2bba1170a0"},"description":"Portal de noticias del Per\u00fa sobre el transporte a\u00e9reo, aviaci\u00f3n, turismo, hoteleria, actualidad.","breadcrumb":{"@id":"https:\/\/aeronoticias.com.pe\/noticiero\/internacionales\/finnair-y-latam-airlines-firman-un-acuerdo-de-codigo-compartido-para-volar-entre-helsinki-y-sudamerica\/#breadcrumb"},"inLanguage":"es","potentialAction":[{"@type":"ReadAction","target":["https:\/\/aeronoticias.com.pe\/noticiero\/internacionales\/finnair-y-latam-airlines-firman-un-acuerdo-de-codigo-compartido-para-volar-entre-helsinki-y-sudamerica\/"]}]},{"@type":"BreadcrumbList","@id":"https:\/\/aeronoticias.com.pe\/noticiero\/internacionales\/finnair-y-latam-airlines-firman-un-acuerdo-de-codigo-compartido-para-volar-entre-helsinki-y-sudamerica\/#breadcrumb","itemListElement":[{"@type":"ListItem","position":1,"name":"Portada","item":"https:\/\/aeronoticias.com.pe\/noticiero\/"},{"@type":"ListItem","position":2,"name":"Finnair y Latam Airlines firman un acuerdo de c\u00f3digo compartido para volar entre Helsinki y Sudam\u00e9rica"}]},{"@type":"WebSite","@id":"https:\/\/aeronoticias.com.pe\/noticiero\/#website","url":"https:\/\/aeronoticias.com.pe\/noticiero\/","name":"Aeronoticias.com.pe","description":"Noticias de tranporte aereo, turismo, hoteles, gastronomia, actualidad, internacional","potentialAction":[{"@type":"SearchAction","target":{"@type":"EntryPoint","urlTemplate":"https:\/\/aeronoticias.com.pe\/noticiero\/?s={search_term_string}"},"query-input":{"@type":"PropertyValueSpecification","valueRequired":true,"valueName":"search_term_string"}}],"inLanguage":"es"},{"@type":"Person","@id":"https:\/\/aeronoticias.com.pe\/noticiero\/#\/schema\/person\/fc1e5d578f4b62ba1cf7ac2bba1170a0","name":"Redacci\u00f3n Aeronoticias","url":"https:\/\/aeronoticias.com.pe\/noticiero\/author\/piloto\/"}]}},"_links":{"self":[{"href":"https:\/\/aeronoticias.com.pe\/noticiero\/wp-json\/wp\/v2\/posts\/58838","targetHints":{"allow":["GET"]}}],"collection":[{"href":"https:\/\/aeronoticias.com.pe\/noticiero\/wp-json\/wp\/v2\/posts"}],"about":[{"href":"https:\/\/aeronoticias.com.pe\/noticiero\/wp-json\/wp\/v2\/types\/post"}],"author":[{"embeddable":true,"href":"https:\/\/aeronoticias.com.pe\/noticiero\/wp-json\/wp\/v2\/users\/1"}],"replies":[{"embeddable":true,"href":"https:\/\/aeronoticias.com.pe\/noticiero\/wp-json\/wp\/v2\/comments?post=58838"}],"version-history":[{"count":0,"href":"https:\/\/aeronoticias.com.pe\/noticiero\/wp-json\/wp\/v2\/posts\/58838\/revisions"}],"wp:attachment":[{"href":"https:\/\/aeronoticias.com.pe\/noticiero\/wp-json\/wp\/v2\/media?parent=58838"}],"wp:term":[{"taxonomy":"category","embeddable":true,"href":"https:\/\/aeronoticias.com.pe\/noticiero\/wp-json\/wp\/v2\/categories?post=58838"},{"taxonomy":"post_tag","embeddable":true,"href":"https:\/\/aeronoticias.com.pe\/noticiero\/wp-json\/wp\/v2\/tags?post=58838"}],"curies":[{"name":"wp","href":"https:\/\/api.w.org\/{rel}","templated":true}]}}