{"id":58844,"date":"2019-09-19T16:26:40","date_gmt":"2019-09-19T16:26:40","guid":{"rendered":"http:\/\/desarrollo.mcvicious.com\/aero2020\/2019\/09\/19\/mecanico-de-american-airlines-acusado-de-sabotear-un-avion-tendria-vinculos-con-isis\/"},"modified":"2019-09-19T16:26:40","modified_gmt":"2019-09-19T16:26:40","slug":"mecanico-de-american-airlines-acusado-de-sabotear-un-avion-tendria-vinculos-con-isis","status":"publish","type":"post","link":"https:\/\/aeronoticias.com.pe\/noticiero\/internacionales\/mecanico-de-american-airlines-acusado-de-sabotear-un-avion-tendria-vinculos-con-isis\/","title":{"rendered":"Mec\u00e1nico de American Airlines acusado de sabotear un avi\u00f3n tendr\u00eda v\u00ednculos con ISIS"},"content":{"rendered":"<p style=\"text-align: justify;\"><strong>(Aeronoticias)<\/strong>.-\u00a0<span style=\"color: #454545; font-family: Helvetica; font-size: 12px;\">Un juez federal le neg\u00f3 la fianza este mi\u00e9rcoles al mec\u00e1nico de<\/span><strong style=\"color: #454545; font-family: Helvetica; font-size: 12px;\"> <\/strong><span style=\"color: #454545; font-family: Helvetica; font-size: 12px;\">American Airlines<\/span><span style=\"color: #454545; font-family: Helvetica; font-size: 12px;\"> acusado de sabotear el sistema de navegaci\u00f3n de un avi\u00f3n, en el aeropuerto de Miami.<\/span><\/p>\n<p class=\"p1\" style=\"text-align: justify;\">El juez tom\u00f3 la decisi\u00f3n una vez que los fiscales declararan que tienen sospechas de que el individuo podr\u00eda tener nexos con una organizaci\u00f3n terrorista.<\/p>\n<p class=\"p3\" style=\"text-align: justify;\">\u00a0<\/p>\n<p class=\"p1\" style=\"text-align: justify;\">Despu\u00e9s de su arresto el pasado 15 de septiembre, tras ser descubierto como el autor del sabotaje al vuelo del 17 de julio en el que viajar\u00edan 150 personas entre Miami y Nassau, el mec\u00e1nico confes\u00f3 a las autoridades que lo hab\u00eda hecho para que la aerol\u00ednea se viera obligada a programarle horas extra de trabajo.<\/p>\n<p class=\"p1\" style=\"text-align: justify;\">\u00a0<\/p>\n<p class=\"p1\" style=\"text-align: justify;\">El vuelo fue abortado cuando los pilotos vieron una alerta de error en el sistema de navegaci\u00f3n.<\/p>\n<p class=\"p1\" style=\"text-align: justify;\">El individuo, identificado como Abdul-Majeed Marouf Ahmed Alani, tambi\u00e9n mencion\u00f3 el d\u00eda de su arresto que no quer\u00eda hacerle da\u00f1o a nadie.<\/p>\n<p class=\"p1\" style=\"text-align: justify;\">\u00a0<\/p>\n<p class=\"p1\" style=\"text-align: justify;\">Sin embargo, la nueva informaci\u00f3n revelada por los fiscales cambiar\u00eda sustancialmente los motivos del mec\u00e1nico, por lo que el juez Chris McAliley decidi\u00f3 que permanezca tras las rejas.<\/p>\n<p class=\"p1\" style=\"text-align: justify;\">Seg\u00fan los fiscales, el mec\u00e1nico minti\u00f3 acerca de un viaje que hizo a Irak en el mes de marzo, para visitar a su hermano.<\/p>\n<p class=\"p1\" style=\"text-align: justify;\">\u00a0<\/p>\n<p class=\"p1\" style=\"text-align: justify;\">Adem\u00e1s, otro empleado de American Airlines dijo a las autoridades que Alani le cont\u00f3 que su hermano hab\u00eda sido secuestrado y que es miembro de la organizaci\u00f3n terrorista ISIS.<\/p>\n<p class=\"p2\" style=\"text-align: justify;\">\u00a0<\/p>\n<p class=\"p1\" style=\"text-align: justify;\">De acuerdo con los fiscales, el acusado permiti\u00f3 que agentes del FBI revisaran su tel\u00e9fono celular, en el cual encontraron un video de ISIS donde le disparan a una persona en la cabeza.<\/p>\n<p class=\"p1\" style=\"text-align: justify;\">Alani al parecer envi\u00f3 el video a un conocido, con un mensaje en el que le ped\u00eda a \u201cAl\u00e1\u201d que se vengara contra las personas que no son musulmanas.<\/p>\n<p class=\"p1\" style=\"text-align: justify;\">\u00a0<\/p>\n<p class=\"p1\" style=\"text-align: justify;\">Los pilotos del avi\u00f3n informaron a las autoridades que con un sistema de navegaci\u00f3n da\u00f1ado, el avi\u00f3n habr\u00eda resultado accidentando.<\/p>\n<p class=\"p1\" style=\"text-align: justify;\">\u00a0<\/p>\n<p class=\"p1\" style=\"text-align: justify;\">El abogado p\u00fablico de Alani desestim\u00f3 las acusaciones, argumentando que la fiscal\u00eda exagera las evidencias. Adem\u00e1s, dijo que el avi\u00f3n cuenta con un segundo sistema de navegaci\u00f3n, por lo que el supuesto sabotaje no habr\u00eda resultado en un accidente.<\/p>\n<p class=\"p1\" style=\"text-align: justify;\">\u00a0<\/p>\n<p class=\"p1\" style=\"text-align: justify;\">Alani, de 60 a\u00f1os, fue arrestado el pasado 5 de septiembre y hasta el momento enfrenta cargos de \u201cda\u00f1ar, destruir o inhabilitar una aeronave\u201d por los que podr\u00eda recibir una pena de hasta 20 a\u00f1os de c\u00e1rcel. Se espera que el individuo llegue a un acuerdo con la fiscal\u00eda el pr\u00f3ximo viernes.<\/p>\n<p class=\"p3\" style=\"text-align: justify;\">\u00a0<\/p>\n<p class=\"p3\" style=\"text-align: justify;\">Fuente: <span style=\"text-decoration: underline;\"><em><strong>Univisi\u00f3n<\/strong><\/em><\/span>.<\/p>\n<p class=\"p3\" style=\"text-align: justify;\">\u00a0<\/p>\n<p class=\"p3\" style=\"text-align: justify;\"><img decoding=\"async\" src=\"images\/stories\/americanairlines.jpg\" border=\"0\" \/><\/p>\n<p> p.p1 {margin: 0.0px 0.0px 0.0px 0.0px; font: 12.0px Helvetica; color: #454545} p.p2 {margin: 0.0px 0.0px 0.0px 0.0px; text-align: center; font: 12.0px Helvetica; color: #454545; min-height: 14.0px} p.p3 {margin: 0.0px 0.0px 0.0px 0.0px; font: 12.0px Helvetica; color: #454545; min-height: 14.0px}<\/p>\n","protected":false},"excerpt":{"rendered":"<p>(Aeronoticias).-\u00a0Un juez federal le neg\u00f3 la fianza este mi\u00e9rcoles al mec\u00e1nico de American Airlines acusado de sabotear el sistema de navegaci\u00f3n de un avi\u00f3n, en el aeropuerto de Miami. El juez tom\u00f3 la decisi\u00f3n una vez que los fiscales declararan que tienen sospechas de que el individuo podr\u00eda tener nexos con una organizaci\u00f3n terrorista. \u00a0 [&hellip;]<\/p>\n","protected":false},"author":1,"featured_media":0,"comment_status":"open","ping_status":"open","sticky":false,"template":"","format":"standard","meta":{"tdm_status":"","tdm_grid_status":"","footnotes":""},"categories":[34],"tags":[],"class_list":{"0":"post-58844","1":"post","2":"type-post","3":"status-publish","4":"format-standard","6":"category-internacionales"},"yoast_head":"<!-- This site is optimized with the Yoast SEO plugin v25.1 - https:\/\/yoast.com\/wordpress\/plugins\/seo\/ -->\n<title>Mec\u00e1nico de American Airlines acusado de sabotear un avi\u00f3n tendr\u00eda v\u00ednculos con ISIS<\/title>\n<meta name=\"description\" content=\"Portal de noticias del Per\u00fa sobre el transporte a\u00e9reo, aviaci\u00f3n, turismo, hoteleria, actualidad.\" \/>\n<meta name=\"robots\" content=\"index, follow, max-snippet:-1, max-image-preview:large, max-video-preview:-1\" \/>\n<link rel=\"canonical\" href=\"https:\/\/aeronoticias.com.pe\/noticiero\/internacionales\/mecanico-de-american-airlines-acusado-de-sabotear-un-avion-tendria-vinculos-con-isis\/\" \/>\n<meta property=\"og:locale\" content=\"es_ES\" \/>\n<meta property=\"og:type\" content=\"article\" \/>\n<meta property=\"og:title\" content=\"Mec\u00e1nico de American Airlines acusado de sabotear un avi\u00f3n tendr\u00eda v\u00ednculos con ISIS\" \/>\n<meta property=\"og:description\" content=\"Portal de noticias del Per\u00fa sobre el transporte a\u00e9reo, aviaci\u00f3n, turismo, hoteleria, actualidad.\" \/>\n<meta property=\"og:url\" content=\"https:\/\/aeronoticias.com.pe\/noticiero\/internacionales\/mecanico-de-american-airlines-acusado-de-sabotear-un-avion-tendria-vinculos-con-isis\/\" \/>\n<meta property=\"og:site_name\" content=\"Aeronoticias.com.pe\" \/>\n<meta property=\"article:publisher\" content=\"https:\/\/www.facebook.com\/Aeronoticias.com.pe\/\" \/>\n<meta property=\"article:published_time\" content=\"2019-09-19T16:26:40+00:00\" \/>\n<meta name=\"author\" content=\"Redacci\u00f3n Aeronoticias\" \/>\n<meta name=\"twitter:card\" content=\"summary_large_image\" \/>\n<meta name=\"twitter:creator\" content=\"@aeronoticias\" \/>\n<meta name=\"twitter:site\" content=\"@aeronoticias\" \/>\n<meta name=\"twitter:label1\" content=\"Escrito por\" \/>\n\t<meta name=\"twitter:data1\" content=\"Redacci\u00f3n Aeronoticias\" \/>\n\t<meta name=\"twitter:label2\" content=\"Tiempo de lectura\" \/>\n\t<meta name=\"twitter:data2\" content=\"2 minutos\" \/>\n<script type=\"application\/ld+json\" class=\"yoast-schema-graph\">{\"@context\":\"https:\/\/schema.org\",\"@graph\":[{\"@type\":\"WebPage\",\"@id\":\"https:\/\/aeronoticias.com.pe\/noticiero\/internacionales\/mecanico-de-american-airlines-acusado-de-sabotear-un-avion-tendria-vinculos-con-isis\/\",\"url\":\"https:\/\/aeronoticias.com.pe\/noticiero\/internacionales\/mecanico-de-american-airlines-acusado-de-sabotear-un-avion-tendria-vinculos-con-isis\/\",\"name\":\"Mec\u00e1nico de American Airlines acusado de sabotear un avi\u00f3n tendr\u00eda v\u00ednculos con ISIS\",\"isPartOf\":{\"@id\":\"https:\/\/aeronoticias.com.pe\/noticiero\/#website\"},\"datePublished\":\"2019-09-19T16:26:40+00:00\",\"author\":{\"@id\":\"https:\/\/aeronoticias.com.pe\/noticiero\/#\/schema\/person\/fc1e5d578f4b62ba1cf7ac2bba1170a0\"},\"description\":\"Portal de noticias del Per\u00fa sobre el transporte a\u00e9reo, aviaci\u00f3n, turismo, hoteleria, actualidad.\",\"breadcrumb\":{\"@id\":\"https:\/\/aeronoticias.com.pe\/noticiero\/internacionales\/mecanico-de-american-airlines-acusado-de-sabotear-un-avion-tendria-vinculos-con-isis\/#breadcrumb\"},\"inLanguage\":\"es\",\"potentialAction\":[{\"@type\":\"ReadAction\",\"target\":[\"https:\/\/aeronoticias.com.pe\/noticiero\/internacionales\/mecanico-de-american-airlines-acusado-de-sabotear-un-avion-tendria-vinculos-con-isis\/\"]}]},{\"@type\":\"BreadcrumbList\",\"@id\":\"https:\/\/aeronoticias.com.pe\/noticiero\/internacionales\/mecanico-de-american-airlines-acusado-de-sabotear-un-avion-tendria-vinculos-con-isis\/#breadcrumb\",\"itemListElement\":[{\"@type\":\"ListItem\",\"position\":1,\"name\":\"Portada\",\"item\":\"https:\/\/aeronoticias.com.pe\/noticiero\/\"},{\"@type\":\"ListItem\",\"position\":2,\"name\":\"Mec\u00e1nico de American Airlines acusado de sabotear un avi\u00f3n tendr\u00eda v\u00ednculos con ISIS\"}]},{\"@type\":\"WebSite\",\"@id\":\"https:\/\/aeronoticias.com.pe\/noticiero\/#website\",\"url\":\"https:\/\/aeronoticias.com.pe\/noticiero\/\",\"name\":\"Aeronoticias.com.pe\",\"description\":\"Noticias de tranporte aereo, turismo, hoteles, gastronomia, actualidad, internacional\",\"potentialAction\":[{\"@type\":\"SearchAction\",\"target\":{\"@type\":\"EntryPoint\",\"urlTemplate\":\"https:\/\/aeronoticias.com.pe\/noticiero\/?s={search_term_string}\"},\"query-input\":{\"@type\":\"PropertyValueSpecification\",\"valueRequired\":true,\"valueName\":\"search_term_string\"}}],\"inLanguage\":\"es\"},{\"@type\":\"Person\",\"@id\":\"https:\/\/aeronoticias.com.pe\/noticiero\/#\/schema\/person\/fc1e5d578f4b62ba1cf7ac2bba1170a0\",\"name\":\"Redacci\u00f3n Aeronoticias\",\"url\":\"https:\/\/aeronoticias.com.pe\/noticiero\/author\/piloto\/\"}]}<\/script>\n<!-- \/ Yoast SEO plugin. -->","yoast_head_json":{"title":"Mec\u00e1nico de American Airlines acusado de sabotear un avi\u00f3n tendr\u00eda v\u00ednculos con ISIS","description":"Portal de noticias del Per\u00fa sobre el transporte a\u00e9reo, aviaci\u00f3n, turismo, hoteleria, actualidad.","robots":{"index":"index","follow":"follow","max-snippet":"max-snippet:-1","max-image-preview":"max-image-preview:large","max-video-preview":"max-video-preview:-1"},"canonical":"https:\/\/aeronoticias.com.pe\/noticiero\/internacionales\/mecanico-de-american-airlines-acusado-de-sabotear-un-avion-tendria-vinculos-con-isis\/","og_locale":"es_ES","og_type":"article","og_title":"Mec\u00e1nico de American Airlines acusado de sabotear un avi\u00f3n tendr\u00eda v\u00ednculos con ISIS","og_description":"Portal de noticias del Per\u00fa sobre el transporte a\u00e9reo, aviaci\u00f3n, turismo, hoteleria, actualidad.","og_url":"https:\/\/aeronoticias.com.pe\/noticiero\/internacionales\/mecanico-de-american-airlines-acusado-de-sabotear-un-avion-tendria-vinculos-con-isis\/","og_site_name":"Aeronoticias.com.pe","article_publisher":"https:\/\/www.facebook.com\/Aeronoticias.com.pe\/","article_published_time":"2019-09-19T16:26:40+00:00","author":"Redacci\u00f3n Aeronoticias","twitter_card":"summary_large_image","twitter_creator":"@aeronoticias","twitter_site":"@aeronoticias","twitter_misc":{"Escrito por":"Redacci\u00f3n Aeronoticias","Tiempo de lectura":"2 minutos"},"schema":{"@context":"https:\/\/schema.org","@graph":[{"@type":"WebPage","@id":"https:\/\/aeronoticias.com.pe\/noticiero\/internacionales\/mecanico-de-american-airlines-acusado-de-sabotear-un-avion-tendria-vinculos-con-isis\/","url":"https:\/\/aeronoticias.com.pe\/noticiero\/internacionales\/mecanico-de-american-airlines-acusado-de-sabotear-un-avion-tendria-vinculos-con-isis\/","name":"Mec\u00e1nico de American Airlines acusado de sabotear un avi\u00f3n tendr\u00eda v\u00ednculos con ISIS","isPartOf":{"@id":"https:\/\/aeronoticias.com.pe\/noticiero\/#website"},"datePublished":"2019-09-19T16:26:40+00:00","author":{"@id":"https:\/\/aeronoticias.com.pe\/noticiero\/#\/schema\/person\/fc1e5d578f4b62ba1cf7ac2bba1170a0"},"description":"Portal de noticias del Per\u00fa sobre el transporte a\u00e9reo, aviaci\u00f3n, turismo, hoteleria, actualidad.","breadcrumb":{"@id":"https:\/\/aeronoticias.com.pe\/noticiero\/internacionales\/mecanico-de-american-airlines-acusado-de-sabotear-un-avion-tendria-vinculos-con-isis\/#breadcrumb"},"inLanguage":"es","potentialAction":[{"@type":"ReadAction","target":["https:\/\/aeronoticias.com.pe\/noticiero\/internacionales\/mecanico-de-american-airlines-acusado-de-sabotear-un-avion-tendria-vinculos-con-isis\/"]}]},{"@type":"BreadcrumbList","@id":"https:\/\/aeronoticias.com.pe\/noticiero\/internacionales\/mecanico-de-american-airlines-acusado-de-sabotear-un-avion-tendria-vinculos-con-isis\/#breadcrumb","itemListElement":[{"@type":"ListItem","position":1,"name":"Portada","item":"https:\/\/aeronoticias.com.pe\/noticiero\/"},{"@type":"ListItem","position":2,"name":"Mec\u00e1nico de American Airlines acusado de sabotear un avi\u00f3n tendr\u00eda v\u00ednculos con ISIS"}]},{"@type":"WebSite","@id":"https:\/\/aeronoticias.com.pe\/noticiero\/#website","url":"https:\/\/aeronoticias.com.pe\/noticiero\/","name":"Aeronoticias.com.pe","description":"Noticias de tranporte aereo, turismo, hoteles, gastronomia, actualidad, internacional","potentialAction":[{"@type":"SearchAction","target":{"@type":"EntryPoint","urlTemplate":"https:\/\/aeronoticias.com.pe\/noticiero\/?s={search_term_string}"},"query-input":{"@type":"PropertyValueSpecification","valueRequired":true,"valueName":"search_term_string"}}],"inLanguage":"es"},{"@type":"Person","@id":"https:\/\/aeronoticias.com.pe\/noticiero\/#\/schema\/person\/fc1e5d578f4b62ba1cf7ac2bba1170a0","name":"Redacci\u00f3n Aeronoticias","url":"https:\/\/aeronoticias.com.pe\/noticiero\/author\/piloto\/"}]}},"_links":{"self":[{"href":"https:\/\/aeronoticias.com.pe\/noticiero\/wp-json\/wp\/v2\/posts\/58844","targetHints":{"allow":["GET"]}}],"collection":[{"href":"https:\/\/aeronoticias.com.pe\/noticiero\/wp-json\/wp\/v2\/posts"}],"about":[{"href":"https:\/\/aeronoticias.com.pe\/noticiero\/wp-json\/wp\/v2\/types\/post"}],"author":[{"embeddable":true,"href":"https:\/\/aeronoticias.com.pe\/noticiero\/wp-json\/wp\/v2\/users\/1"}],"replies":[{"embeddable":true,"href":"https:\/\/aeronoticias.com.pe\/noticiero\/wp-json\/wp\/v2\/comments?post=58844"}],"version-history":[{"count":0,"href":"https:\/\/aeronoticias.com.pe\/noticiero\/wp-json\/wp\/v2\/posts\/58844\/revisions"}],"wp:attachment":[{"href":"https:\/\/aeronoticias.com.pe\/noticiero\/wp-json\/wp\/v2\/media?parent=58844"}],"wp:term":[{"taxonomy":"category","embeddable":true,"href":"https:\/\/aeronoticias.com.pe\/noticiero\/wp-json\/wp\/v2\/categories?post=58844"},{"taxonomy":"post_tag","embeddable":true,"href":"https:\/\/aeronoticias.com.pe\/noticiero\/wp-json\/wp\/v2\/tags?post=58844"}],"curies":[{"name":"wp","href":"https:\/\/api.w.org\/{rel}","templated":true}]}}