{"id":58846,"date":"2019-09-19T16:34:35","date_gmt":"2019-09-19T16:34:35","guid":{"rendered":"http:\/\/desarrollo.mcvicious.com\/aero2020\/2019\/09\/19\/virgin-atlantic-reta-a-iag-al-plantearse-volar-a-madrid-y-barcelona\/"},"modified":"2019-09-19T16:34:35","modified_gmt":"2019-09-19T16:34:35","slug":"virgin-atlantic-reta-a-iag-al-plantearse-volar-a-madrid-y-barcelona","status":"publish","type":"post","link":"https:\/\/aeronoticias.com.pe\/noticiero\/internacionales\/virgin-atlantic-reta-a-iag-al-plantearse-volar-a-madrid-y-barcelona\/","title":{"rendered":"Virgin Atlantic reta a IAG al plantearse volar a Madrid y Barcelona"},"content":{"rendered":"<p style=\"text-align: justify;\"><strong>(Aeronoticias)<\/strong>.-\u00a0<span style=\"color: #454545; font-family: Helvetica; font-size: 12px;\">V<\/span><span style=\"color: #454545; font-family: Helvetica; font-size: 12px;\">irgin Atlantic<\/span><span style=\"color: #454545; font-family: Helvetica; font-size: 12px;\">, la aerol\u00ednea creada por el emprendedor brit\u00e1nico Richard Branson, anunci\u00f3 ayer que pretende iniciar sus vuelos a Espa\u00f1a, si finalmente el aeropuerto de Heathrow (Londres) es ampliado. <\/span><\/p>\n<p style=\"text-align: justify;\"><span style=\"color: #454545; font-family: Helvetica; font-size: 12px;\">La decisi\u00f3n permitir\u00eda a la compa\u00f1\u00eda volar por primera vez a destinos como Madrid y Barcelona, cuyas rutas desde el mayor aeropuerto brit\u00e1nico est\u00e1n en manos de British Airways (BA) e Iberia, ambas pertenecientes al grupo IAG. <\/span><\/p>\n<p style=\"text-align: justify;\"><span style=\"color: #454545; font-family: Helvetica; font-size: 12px;\">Otras compa\u00f1\u00edas como Ryanair, easyJet y Air Europa vuelan tambi\u00e9n entre Londres y las grandes ciudades espa\u00f1olas, pero desde otros aeropuertos, como Gatwick, Stansted o Luton.<\/span><\/p>\n<p class=\"p1\" style=\"text-align: justify;\">Virgin asegura que quiere pasar de 19 a 103 vuelos operados desde Heathrow, cuya ampliaci\u00f3n podr\u00eda empezar en 2021. De los 84 nuevos destinos previstos, 12 estar\u00edan en Reino Unido; 37 en Europa, incluidos lugares como las ciudades espa\u00f1olas y Dubl\u00edn; y 35 son destinos de larga distancia, como Yakarta, Buenos Aires y Panam\u00e1.<\/p>\n<p class=\"p1\" style=\"text-align: justify;\">\u00a0<\/p>\n<p class=\"p1\" style=\"text-align: justify;\">La compa\u00f1\u00eda quiere de esta manera retar el predominio de IAG en Heathrow, aprovechando la ampliaci\u00f3n que se llevar\u00e1 a cabo con una tercera pista. Seg\u00fan un estudio encargado por la aerol\u00ednea, IAG controla m\u00e1s del 55% de los despegues y aterrizajes de aviones en el mayor aeropuerto brit\u00e1nico, mientras que ninguna otra aerol\u00ednea supera el 5% de los restantes derechos de vuelo (slots). Virgin asegura que esta situaci\u00f3n de casi monopolio provoca el alza de las tarifas y un peor servicio para los pasajeros.<\/p>\n<p class=\"p1\" style=\"text-align: justify;\">\u00a0<\/p>\n<p class=\"p1\" style=\"text-align: justify;\">IAG cuestiona el proyecto de ampliaci\u00f3n de Heathrow, cuyo primer accionista es Ferrovial, al entender que su elevado coste, de unos 14.000 millones de libras, provocar\u00e1 un aumento de las tarifas que el aeropuerto cobra a las aerol\u00edneas.<\/p>\n<p class=\"p1\" style=\"text-align: justify;\">\u00a0<\/p>\n<p class=\"p1\" style=\"text-align: justify;\">Shai Weiss, consejero delegado de Virgin Atlantic, ha asegurado que \u201cHeathrow ha estado dominado por una \u00fanica aerol\u00ednea durante demasiado tiempo. La tercera pista es una oportunidad \u00fanica para cambiar el status quo y crear una segunda aerol\u00ednea de bandera\u201d.<\/p>\n<p class=\"p2\" style=\"text-align: justify;\">\u00a0<\/p>\n<p class=\"p1\" style=\"text-align: justify;\">Por otra parte, los pilotos de British Airways anunciaron ayer que no convocar\u00e1n la huelga prevista para el 27 de septiembre, y que amenazaba con colapsar de nuevo la aerol\u00ednea. Los pilotos ya pararon la semana pasada durante 48 horas, lo que oblig\u00f3 a cancelar 1.700 vuelos.<\/p>\n<p class=\"p1\" style=\"text-align: justify;\">\u00a0<\/p>\n<p class=\"p1\" style=\"text-align: justify;\">Cerca de 200.000 pasajeros se vieron afectados. Los analistas consideran que el coste de la huelga ascendi\u00f3 a unos 100 millones de libras (112 millones de 112 millones de euros). Balpa, el sindicato de pilotos, no descarta nuevas acciones si no se llega a un acuerdo econ\u00f3mico con BA.<\/p>\n<p class=\"p1\" style=\"text-align: justify;\">\u00a0<\/p>\n<p class=\"p1\" style=\"text-align: justify;\">Fuente: <span style=\"text-decoration: underline;\"><em><strong>Expansi\u00f3n<\/strong><\/em><\/span>.<\/p>\n<p class=\"p1\" style=\"text-align: justify;\">\u00a0<\/p>\n<p class=\"p1\" style=\"text-align: justify;\"><img decoding=\"async\" src=\"images\/stories\/virgin atlantic.jpg\" border=\"0\" \/><\/p>\n<p> p.p1 {margin: 0.0px 0.0px 0.0px 0.0px; font: 12.0px Helvetica; color: #454545} p.p2 {margin: 0.0px 0.0px 0.0px 0.0px; text-align: center; font: 12.0px Helvetica; color: #454545; min-height: 14.0px} p.p3 {margin: 0.0px 0.0px 0.0px 0.0px; font: 12.0px Helvetica; color: #454545; min-height: 14.0px}<\/p>\n","protected":false},"excerpt":{"rendered":"<p>(Aeronoticias).-\u00a0Virgin Atlantic, la aerol\u00ednea creada por el emprendedor brit\u00e1nico Richard Branson, anunci\u00f3 ayer que pretende iniciar sus vuelos a Espa\u00f1a, si finalmente el aeropuerto de Heathrow (Londres) es ampliado. La decisi\u00f3n permitir\u00eda a la compa\u00f1\u00eda volar por primera vez a destinos como Madrid y Barcelona, cuyas rutas desde el mayor aeropuerto brit\u00e1nico est\u00e1n en manos [&hellip;]<\/p>\n","protected":false},"author":1,"featured_media":0,"comment_status":"open","ping_status":"open","sticky":false,"template":"","format":"standard","meta":{"tdm_status":"","tdm_grid_status":"","footnotes":""},"categories":[34],"tags":[],"class_list":{"0":"post-58846","1":"post","2":"type-post","3":"status-publish","4":"format-standard","6":"category-internacionales"},"yoast_head":"<!-- This site is optimized with the Yoast SEO plugin v25.1 - https:\/\/yoast.com\/wordpress\/plugins\/seo\/ -->\n<title>Virgin Atlantic reta a IAG al plantearse volar a Madrid y Barcelona<\/title>\n<meta name=\"description\" content=\"Portal de noticias del Per\u00fa sobre el transporte a\u00e9reo, aviaci\u00f3n, turismo, hoteleria, actualidad.\" \/>\n<meta name=\"robots\" content=\"index, follow, max-snippet:-1, max-image-preview:large, max-video-preview:-1\" \/>\n<link rel=\"canonical\" href=\"https:\/\/aeronoticias.com.pe\/noticiero\/internacionales\/virgin-atlantic-reta-a-iag-al-plantearse-volar-a-madrid-y-barcelona\/\" \/>\n<meta property=\"og:locale\" content=\"es_ES\" \/>\n<meta property=\"og:type\" content=\"article\" \/>\n<meta property=\"og:title\" content=\"Virgin Atlantic reta a IAG al plantearse volar a Madrid y Barcelona\" \/>\n<meta property=\"og:description\" content=\"Portal de noticias del Per\u00fa sobre el transporte a\u00e9reo, aviaci\u00f3n, turismo, hoteleria, actualidad.\" \/>\n<meta property=\"og:url\" content=\"https:\/\/aeronoticias.com.pe\/noticiero\/internacionales\/virgin-atlantic-reta-a-iag-al-plantearse-volar-a-madrid-y-barcelona\/\" \/>\n<meta property=\"og:site_name\" content=\"Aeronoticias.com.pe\" \/>\n<meta property=\"article:publisher\" content=\"https:\/\/www.facebook.com\/Aeronoticias.com.pe\/\" \/>\n<meta property=\"article:published_time\" content=\"2019-09-19T16:34:35+00:00\" \/>\n<meta name=\"author\" content=\"Redacci\u00f3n Aeronoticias\" \/>\n<meta name=\"twitter:card\" content=\"summary_large_image\" \/>\n<meta name=\"twitter:creator\" content=\"@aeronoticias\" \/>\n<meta name=\"twitter:site\" content=\"@aeronoticias\" \/>\n<meta name=\"twitter:label1\" content=\"Escrito por\" \/>\n\t<meta name=\"twitter:data1\" content=\"Redacci\u00f3n Aeronoticias\" \/>\n\t<meta name=\"twitter:label2\" content=\"Tiempo de lectura\" \/>\n\t<meta name=\"twitter:data2\" content=\"2 minutos\" \/>\n<script type=\"application\/ld+json\" class=\"yoast-schema-graph\">{\"@context\":\"https:\/\/schema.org\",\"@graph\":[{\"@type\":\"WebPage\",\"@id\":\"https:\/\/aeronoticias.com.pe\/noticiero\/internacionales\/virgin-atlantic-reta-a-iag-al-plantearse-volar-a-madrid-y-barcelona\/\",\"url\":\"https:\/\/aeronoticias.com.pe\/noticiero\/internacionales\/virgin-atlantic-reta-a-iag-al-plantearse-volar-a-madrid-y-barcelona\/\",\"name\":\"Virgin Atlantic reta a IAG al plantearse volar a Madrid y Barcelona\",\"isPartOf\":{\"@id\":\"https:\/\/aeronoticias.com.pe\/noticiero\/#website\"},\"datePublished\":\"2019-09-19T16:34:35+00:00\",\"author\":{\"@id\":\"https:\/\/aeronoticias.com.pe\/noticiero\/#\/schema\/person\/fc1e5d578f4b62ba1cf7ac2bba1170a0\"},\"description\":\"Portal de noticias del Per\u00fa sobre el transporte a\u00e9reo, aviaci\u00f3n, turismo, hoteleria, actualidad.\",\"breadcrumb\":{\"@id\":\"https:\/\/aeronoticias.com.pe\/noticiero\/internacionales\/virgin-atlantic-reta-a-iag-al-plantearse-volar-a-madrid-y-barcelona\/#breadcrumb\"},\"inLanguage\":\"es\",\"potentialAction\":[{\"@type\":\"ReadAction\",\"target\":[\"https:\/\/aeronoticias.com.pe\/noticiero\/internacionales\/virgin-atlantic-reta-a-iag-al-plantearse-volar-a-madrid-y-barcelona\/\"]}]},{\"@type\":\"BreadcrumbList\",\"@id\":\"https:\/\/aeronoticias.com.pe\/noticiero\/internacionales\/virgin-atlantic-reta-a-iag-al-plantearse-volar-a-madrid-y-barcelona\/#breadcrumb\",\"itemListElement\":[{\"@type\":\"ListItem\",\"position\":1,\"name\":\"Portada\",\"item\":\"https:\/\/aeronoticias.com.pe\/noticiero\/\"},{\"@type\":\"ListItem\",\"position\":2,\"name\":\"Virgin Atlantic reta a IAG al plantearse volar a Madrid y Barcelona\"}]},{\"@type\":\"WebSite\",\"@id\":\"https:\/\/aeronoticias.com.pe\/noticiero\/#website\",\"url\":\"https:\/\/aeronoticias.com.pe\/noticiero\/\",\"name\":\"Aeronoticias.com.pe\",\"description\":\"Noticias de tranporte aereo, turismo, hoteles, gastronomia, actualidad, internacional\",\"potentialAction\":[{\"@type\":\"SearchAction\",\"target\":{\"@type\":\"EntryPoint\",\"urlTemplate\":\"https:\/\/aeronoticias.com.pe\/noticiero\/?s={search_term_string}\"},\"query-input\":{\"@type\":\"PropertyValueSpecification\",\"valueRequired\":true,\"valueName\":\"search_term_string\"}}],\"inLanguage\":\"es\"},{\"@type\":\"Person\",\"@id\":\"https:\/\/aeronoticias.com.pe\/noticiero\/#\/schema\/person\/fc1e5d578f4b62ba1cf7ac2bba1170a0\",\"name\":\"Redacci\u00f3n Aeronoticias\",\"url\":\"https:\/\/aeronoticias.com.pe\/noticiero\/author\/piloto\/\"}]}<\/script>\n<!-- \/ Yoast SEO plugin. -->","yoast_head_json":{"title":"Virgin Atlantic reta a IAG al plantearse volar a Madrid y Barcelona","description":"Portal de noticias del Per\u00fa sobre el transporte a\u00e9reo, aviaci\u00f3n, turismo, hoteleria, actualidad.","robots":{"index":"index","follow":"follow","max-snippet":"max-snippet:-1","max-image-preview":"max-image-preview:large","max-video-preview":"max-video-preview:-1"},"canonical":"https:\/\/aeronoticias.com.pe\/noticiero\/internacionales\/virgin-atlantic-reta-a-iag-al-plantearse-volar-a-madrid-y-barcelona\/","og_locale":"es_ES","og_type":"article","og_title":"Virgin Atlantic reta a IAG al plantearse volar a Madrid y Barcelona","og_description":"Portal de noticias del Per\u00fa sobre el transporte a\u00e9reo, aviaci\u00f3n, turismo, hoteleria, actualidad.","og_url":"https:\/\/aeronoticias.com.pe\/noticiero\/internacionales\/virgin-atlantic-reta-a-iag-al-plantearse-volar-a-madrid-y-barcelona\/","og_site_name":"Aeronoticias.com.pe","article_publisher":"https:\/\/www.facebook.com\/Aeronoticias.com.pe\/","article_published_time":"2019-09-19T16:34:35+00:00","author":"Redacci\u00f3n Aeronoticias","twitter_card":"summary_large_image","twitter_creator":"@aeronoticias","twitter_site":"@aeronoticias","twitter_misc":{"Escrito por":"Redacci\u00f3n Aeronoticias","Tiempo de lectura":"2 minutos"},"schema":{"@context":"https:\/\/schema.org","@graph":[{"@type":"WebPage","@id":"https:\/\/aeronoticias.com.pe\/noticiero\/internacionales\/virgin-atlantic-reta-a-iag-al-plantearse-volar-a-madrid-y-barcelona\/","url":"https:\/\/aeronoticias.com.pe\/noticiero\/internacionales\/virgin-atlantic-reta-a-iag-al-plantearse-volar-a-madrid-y-barcelona\/","name":"Virgin Atlantic reta a IAG al plantearse volar a Madrid y Barcelona","isPartOf":{"@id":"https:\/\/aeronoticias.com.pe\/noticiero\/#website"},"datePublished":"2019-09-19T16:34:35+00:00","author":{"@id":"https:\/\/aeronoticias.com.pe\/noticiero\/#\/schema\/person\/fc1e5d578f4b62ba1cf7ac2bba1170a0"},"description":"Portal de noticias del Per\u00fa sobre el transporte a\u00e9reo, aviaci\u00f3n, turismo, hoteleria, actualidad.","breadcrumb":{"@id":"https:\/\/aeronoticias.com.pe\/noticiero\/internacionales\/virgin-atlantic-reta-a-iag-al-plantearse-volar-a-madrid-y-barcelona\/#breadcrumb"},"inLanguage":"es","potentialAction":[{"@type":"ReadAction","target":["https:\/\/aeronoticias.com.pe\/noticiero\/internacionales\/virgin-atlantic-reta-a-iag-al-plantearse-volar-a-madrid-y-barcelona\/"]}]},{"@type":"BreadcrumbList","@id":"https:\/\/aeronoticias.com.pe\/noticiero\/internacionales\/virgin-atlantic-reta-a-iag-al-plantearse-volar-a-madrid-y-barcelona\/#breadcrumb","itemListElement":[{"@type":"ListItem","position":1,"name":"Portada","item":"https:\/\/aeronoticias.com.pe\/noticiero\/"},{"@type":"ListItem","position":2,"name":"Virgin Atlantic reta a IAG al plantearse volar a Madrid y Barcelona"}]},{"@type":"WebSite","@id":"https:\/\/aeronoticias.com.pe\/noticiero\/#website","url":"https:\/\/aeronoticias.com.pe\/noticiero\/","name":"Aeronoticias.com.pe","description":"Noticias de tranporte aereo, turismo, hoteles, gastronomia, actualidad, internacional","potentialAction":[{"@type":"SearchAction","target":{"@type":"EntryPoint","urlTemplate":"https:\/\/aeronoticias.com.pe\/noticiero\/?s={search_term_string}"},"query-input":{"@type":"PropertyValueSpecification","valueRequired":true,"valueName":"search_term_string"}}],"inLanguage":"es"},{"@type":"Person","@id":"https:\/\/aeronoticias.com.pe\/noticiero\/#\/schema\/person\/fc1e5d578f4b62ba1cf7ac2bba1170a0","name":"Redacci\u00f3n Aeronoticias","url":"https:\/\/aeronoticias.com.pe\/noticiero\/author\/piloto\/"}]}},"_links":{"self":[{"href":"https:\/\/aeronoticias.com.pe\/noticiero\/wp-json\/wp\/v2\/posts\/58846","targetHints":{"allow":["GET"]}}],"collection":[{"href":"https:\/\/aeronoticias.com.pe\/noticiero\/wp-json\/wp\/v2\/posts"}],"about":[{"href":"https:\/\/aeronoticias.com.pe\/noticiero\/wp-json\/wp\/v2\/types\/post"}],"author":[{"embeddable":true,"href":"https:\/\/aeronoticias.com.pe\/noticiero\/wp-json\/wp\/v2\/users\/1"}],"replies":[{"embeddable":true,"href":"https:\/\/aeronoticias.com.pe\/noticiero\/wp-json\/wp\/v2\/comments?post=58846"}],"version-history":[{"count":0,"href":"https:\/\/aeronoticias.com.pe\/noticiero\/wp-json\/wp\/v2\/posts\/58846\/revisions"}],"wp:attachment":[{"href":"https:\/\/aeronoticias.com.pe\/noticiero\/wp-json\/wp\/v2\/media?parent=58846"}],"wp:term":[{"taxonomy":"category","embeddable":true,"href":"https:\/\/aeronoticias.com.pe\/noticiero\/wp-json\/wp\/v2\/categories?post=58846"},{"taxonomy":"post_tag","embeddable":true,"href":"https:\/\/aeronoticias.com.pe\/noticiero\/wp-json\/wp\/v2\/tags?post=58846"}],"curies":[{"name":"wp","href":"https:\/\/api.w.org\/{rel}","templated":true}]}}