{"id":58848,"date":"2019-09-22T02:12:55","date_gmt":"2019-09-22T02:12:55","guid":{"rendered":"http:\/\/desarrollo.mcvicious.com\/aero2020\/2019\/09\/22\/ascienden-a-206-los-vuelos-cancelados-por-vueling-por-la-huelga-en-el-el-prat\/"},"modified":"2019-09-22T02:12:55","modified_gmt":"2019-09-22T02:12:55","slug":"ascienden-a-206-los-vuelos-cancelados-por-vueling-por-la-huelga-en-el-el-prat","status":"publish","type":"post","link":"https:\/\/aeronoticias.com.pe\/noticiero\/internacionales\/ascienden-a-206-los-vuelos-cancelados-por-vueling-por-la-huelga-en-el-el-prat\/","title":{"rendered":"Ascienden a 206 los vuelos cancelados por Vueling por la huelga en el El Prat"},"content":{"rendered":"<p style=\"text-align: justify;\"><strong>(Aeronoticias).<\/strong>&#8211;\u00a0<span style=\"color: #454545; font-family: Helvetica; font-size: 12px;\">La aerol\u00ednea<\/span><strong style=\"color: #454545; font-family: Helvetica; font-size: 12px;\"> <\/strong><span style=\"color: #454545; font-family: Helvetica; font-size: 12px;\">Vueling<\/span><span style=\"color: #454545; font-family: Helvetica; font-size: 12px;\"> ha cancelado un total de 206 vuelos en el Aeropuerto de Barcelona-El Prat a causa de la huelga del personal de tierra de Iberia que se prolongar\u00e1 hasta el martes, coincidiendo con el puente de La Merc\u00e8.<\/span><\/p>\n<p class=\"p1\" style=\"text-align: justify;\">Las cancelaciones para este s\u00e1bado son de un total de 46 vuelos con destino o salida del Aeropuerto de Barcelona, ha informado la aerol\u00ednea en su p\u00e1gina web.<\/p>\n<p class=\"p1\" style=\"text-align: justify;\">\u00a0<\/p>\n<p class=\"p1\" style=\"text-align: justify;\">La cifra asciende a 54 cancelaciones el domingo, a 54 el lunes, y es de 52 el martes, y Vueling recuerda que la huelga es \u201ctotalmente ajena\u201d a la aerol\u00ednea y recomienda a los pasajeros no ir al aeropuerto.<\/p>\n<p class=\"p1\" style=\"text-align: justify;\">\u00a0<\/p>\n<p class=\"p1\" style=\"text-align: justify;\"><strong>Cuatro d\u00edas de huelga<\/strong><\/p>\n<p class=\"p1\" style=\"text-align: justify;\">El personal de tierra de Iberia en el Aeropuerto de Barcelona-El Prat ha iniciado a las 00.00 horas de este s\u00e1bado una huelga de cuatro d\u00edas que terminar\u00e1 el martes, coincidiendo con las fiestas de La Merc\u00e8 y el \u00faltimo fin de semana de verano.<\/p>\n<p class=\"p1\" style=\"text-align: justify;\">\u00a0<\/p>\n<p class=\"p1\" style=\"text-align: justify;\">La plantilla de Iberia Airport Services en El Prat es de unos 2.700 trabajadores, que se encargan de la facturaci\u00f3n, el embarque, la carga y descarga, la asistencia y el mantenimiento de aviones, y dan servicio a una treintena de compa\u00f1\u00edas, entre ellas Vueling, British Airways y Turkish Airlines.<\/p>\n<p class=\"p1\" style=\"text-align: justify;\">\u00a0<\/p>\n<p class=\"p1\" style=\"text-align: justify;\">Los trabajadores mantienen como petici\u00f3n la transformaci\u00f3n de 400 contratos eventuales a fijos parciales, la transformaci\u00f3n de los actuales contratos fijos parciales a contratos a tiempo completo y la reorganizaci\u00f3n de turno de trabajo para evitar l\u00edneas de hasta ocho y nueve d\u00edas de trabajo continuo, adem\u00e1s de pedir m\u00e1s d\u00edas festivos para que la plantilla pueda conciliar.<\/p>\n<p class=\"p2\" style=\"text-align: justify;\">\u00a0<\/p>\n<p class=\"p1\" style=\"text-align: justify;\">El personal de tierra ya hizo paros los d\u00edas 27 y 28 de julio, el 24 y 25 de agosto, y tambi\u00e9n los d\u00edas 30 y 31 de agosto, con lo que \u00e9ste es el cuarto fin de semana de huelga que llevan a cabo este verano.<\/p>\n<p class=\"p1\" style=\"text-align: justify;\">\u00a0<\/p>\n<p class=\"p1\" style=\"text-align: justify;\">Fuente: <span style=\"text-decoration: underline;\"><em><strong>Aviaci\u00f3n al d\u00eda.<\/strong><\/em><\/span><\/p>\n<p class=\"p1\" style=\"text-align: justify;\">\u00a0<\/p>\n<p class=\"p1\" style=\"text-align: justify;\"><span style=\"text-decoration: underline;\"><em><strong><img decoding=\"async\" src=\"images\/stories\/vueling.jpg\" border=\"0\" \/><br \/><\/strong><\/em><\/span><\/p>\n<p> p.p1 {margin: 0.0px 0.0px 0.0px 0.0px; font: 12.0px Helvetica; color: #454545} p.p2 {margin: 0.0px 0.0px 0.0px 0.0px; text-align: center; font: 12.0px Helvetica; color: #454545; min-height: 14.0px} p.p3 {margin: 0.0px 0.0px 0.0px 0.0px; font: 12.0px Helvetica; color: #454545; min-height: 14.0px}<\/p>\n","protected":false},"excerpt":{"rendered":"<p>(Aeronoticias).&#8211;\u00a0La aerol\u00ednea Vueling ha cancelado un total de 206 vuelos en el Aeropuerto de Barcelona-El Prat a causa de la huelga del personal de tierra de Iberia que se prolongar\u00e1 hasta el martes, coincidiendo con el puente de La Merc\u00e8. Las cancelaciones para este s\u00e1bado son de un total de 46 vuelos con destino o [&hellip;]<\/p>\n","protected":false},"author":1,"featured_media":0,"comment_status":"open","ping_status":"open","sticky":false,"template":"","format":"standard","meta":{"tdm_status":"","tdm_grid_status":"","footnotes":""},"categories":[34],"tags":[],"class_list":{"0":"post-58848","1":"post","2":"type-post","3":"status-publish","4":"format-standard","6":"category-internacionales"},"yoast_head":"<!-- This site is optimized with the Yoast SEO plugin v25.1 - https:\/\/yoast.com\/wordpress\/plugins\/seo\/ -->\n<title>Ascienden a 206 los vuelos cancelados por Vueling por la huelga en el El Prat<\/title>\n<meta name=\"description\" content=\"Portal de noticias del Per\u00fa sobre el transporte a\u00e9reo, aviaci\u00f3n, turismo, hoteleria, actualidad.\" \/>\n<meta name=\"robots\" content=\"index, follow, max-snippet:-1, max-image-preview:large, max-video-preview:-1\" \/>\n<link rel=\"canonical\" href=\"https:\/\/aeronoticias.com.pe\/noticiero\/internacionales\/ascienden-a-206-los-vuelos-cancelados-por-vueling-por-la-huelga-en-el-el-prat\/\" \/>\n<meta property=\"og:locale\" content=\"es_ES\" \/>\n<meta property=\"og:type\" content=\"article\" \/>\n<meta property=\"og:title\" content=\"Ascienden a 206 los vuelos cancelados por Vueling por la huelga en el El Prat\" \/>\n<meta property=\"og:description\" content=\"Portal de noticias del Per\u00fa sobre el transporte a\u00e9reo, aviaci\u00f3n, turismo, hoteleria, actualidad.\" \/>\n<meta property=\"og:url\" content=\"https:\/\/aeronoticias.com.pe\/noticiero\/internacionales\/ascienden-a-206-los-vuelos-cancelados-por-vueling-por-la-huelga-en-el-el-prat\/\" \/>\n<meta property=\"og:site_name\" content=\"Aeronoticias.com.pe\" \/>\n<meta property=\"article:publisher\" content=\"https:\/\/www.facebook.com\/Aeronoticias.com.pe\/\" \/>\n<meta property=\"article:published_time\" content=\"2019-09-22T02:12:55+00:00\" \/>\n<meta name=\"author\" content=\"Redacci\u00f3n Aeronoticias\" \/>\n<meta name=\"twitter:card\" content=\"summary_large_image\" \/>\n<meta name=\"twitter:creator\" content=\"@aeronoticias\" \/>\n<meta name=\"twitter:site\" content=\"@aeronoticias\" \/>\n<meta name=\"twitter:label1\" content=\"Escrito por\" \/>\n\t<meta name=\"twitter:data1\" content=\"Redacci\u00f3n Aeronoticias\" \/>\n\t<meta name=\"twitter:label2\" content=\"Tiempo de lectura\" \/>\n\t<meta name=\"twitter:data2\" content=\"2 minutos\" \/>\n<script type=\"application\/ld+json\" class=\"yoast-schema-graph\">{\"@context\":\"https:\/\/schema.org\",\"@graph\":[{\"@type\":\"WebPage\",\"@id\":\"https:\/\/aeronoticias.com.pe\/noticiero\/internacionales\/ascienden-a-206-los-vuelos-cancelados-por-vueling-por-la-huelga-en-el-el-prat\/\",\"url\":\"https:\/\/aeronoticias.com.pe\/noticiero\/internacionales\/ascienden-a-206-los-vuelos-cancelados-por-vueling-por-la-huelga-en-el-el-prat\/\",\"name\":\"Ascienden a 206 los vuelos cancelados por Vueling por la huelga en el El Prat\",\"isPartOf\":{\"@id\":\"https:\/\/aeronoticias.com.pe\/noticiero\/#website\"},\"datePublished\":\"2019-09-22T02:12:55+00:00\",\"author\":{\"@id\":\"https:\/\/aeronoticias.com.pe\/noticiero\/#\/schema\/person\/fc1e5d578f4b62ba1cf7ac2bba1170a0\"},\"description\":\"Portal de noticias del Per\u00fa sobre el transporte a\u00e9reo, aviaci\u00f3n, turismo, hoteleria, actualidad.\",\"breadcrumb\":{\"@id\":\"https:\/\/aeronoticias.com.pe\/noticiero\/internacionales\/ascienden-a-206-los-vuelos-cancelados-por-vueling-por-la-huelga-en-el-el-prat\/#breadcrumb\"},\"inLanguage\":\"es\",\"potentialAction\":[{\"@type\":\"ReadAction\",\"target\":[\"https:\/\/aeronoticias.com.pe\/noticiero\/internacionales\/ascienden-a-206-los-vuelos-cancelados-por-vueling-por-la-huelga-en-el-el-prat\/\"]}]},{\"@type\":\"BreadcrumbList\",\"@id\":\"https:\/\/aeronoticias.com.pe\/noticiero\/internacionales\/ascienden-a-206-los-vuelos-cancelados-por-vueling-por-la-huelga-en-el-el-prat\/#breadcrumb\",\"itemListElement\":[{\"@type\":\"ListItem\",\"position\":1,\"name\":\"Portada\",\"item\":\"https:\/\/aeronoticias.com.pe\/noticiero\/\"},{\"@type\":\"ListItem\",\"position\":2,\"name\":\"Ascienden a 206 los vuelos cancelados por Vueling por la huelga en el El Prat\"}]},{\"@type\":\"WebSite\",\"@id\":\"https:\/\/aeronoticias.com.pe\/noticiero\/#website\",\"url\":\"https:\/\/aeronoticias.com.pe\/noticiero\/\",\"name\":\"Aeronoticias.com.pe\",\"description\":\"Noticias de tranporte aereo, turismo, hoteles, gastronomia, actualidad, internacional\",\"potentialAction\":[{\"@type\":\"SearchAction\",\"target\":{\"@type\":\"EntryPoint\",\"urlTemplate\":\"https:\/\/aeronoticias.com.pe\/noticiero\/?s={search_term_string}\"},\"query-input\":{\"@type\":\"PropertyValueSpecification\",\"valueRequired\":true,\"valueName\":\"search_term_string\"}}],\"inLanguage\":\"es\"},{\"@type\":\"Person\",\"@id\":\"https:\/\/aeronoticias.com.pe\/noticiero\/#\/schema\/person\/fc1e5d578f4b62ba1cf7ac2bba1170a0\",\"name\":\"Redacci\u00f3n Aeronoticias\",\"url\":\"https:\/\/aeronoticias.com.pe\/noticiero\/author\/piloto\/\"}]}<\/script>\n<!-- \/ Yoast SEO plugin. -->","yoast_head_json":{"title":"Ascienden a 206 los vuelos cancelados por Vueling por la huelga en el El Prat","description":"Portal de noticias del Per\u00fa sobre el transporte a\u00e9reo, aviaci\u00f3n, turismo, hoteleria, actualidad.","robots":{"index":"index","follow":"follow","max-snippet":"max-snippet:-1","max-image-preview":"max-image-preview:large","max-video-preview":"max-video-preview:-1"},"canonical":"https:\/\/aeronoticias.com.pe\/noticiero\/internacionales\/ascienden-a-206-los-vuelos-cancelados-por-vueling-por-la-huelga-en-el-el-prat\/","og_locale":"es_ES","og_type":"article","og_title":"Ascienden a 206 los vuelos cancelados por Vueling por la huelga en el El Prat","og_description":"Portal de noticias del Per\u00fa sobre el transporte a\u00e9reo, aviaci\u00f3n, turismo, hoteleria, actualidad.","og_url":"https:\/\/aeronoticias.com.pe\/noticiero\/internacionales\/ascienden-a-206-los-vuelos-cancelados-por-vueling-por-la-huelga-en-el-el-prat\/","og_site_name":"Aeronoticias.com.pe","article_publisher":"https:\/\/www.facebook.com\/Aeronoticias.com.pe\/","article_published_time":"2019-09-22T02:12:55+00:00","author":"Redacci\u00f3n Aeronoticias","twitter_card":"summary_large_image","twitter_creator":"@aeronoticias","twitter_site":"@aeronoticias","twitter_misc":{"Escrito por":"Redacci\u00f3n Aeronoticias","Tiempo de lectura":"2 minutos"},"schema":{"@context":"https:\/\/schema.org","@graph":[{"@type":"WebPage","@id":"https:\/\/aeronoticias.com.pe\/noticiero\/internacionales\/ascienden-a-206-los-vuelos-cancelados-por-vueling-por-la-huelga-en-el-el-prat\/","url":"https:\/\/aeronoticias.com.pe\/noticiero\/internacionales\/ascienden-a-206-los-vuelos-cancelados-por-vueling-por-la-huelga-en-el-el-prat\/","name":"Ascienden a 206 los vuelos cancelados por Vueling por la huelga en el El Prat","isPartOf":{"@id":"https:\/\/aeronoticias.com.pe\/noticiero\/#website"},"datePublished":"2019-09-22T02:12:55+00:00","author":{"@id":"https:\/\/aeronoticias.com.pe\/noticiero\/#\/schema\/person\/fc1e5d578f4b62ba1cf7ac2bba1170a0"},"description":"Portal de noticias del Per\u00fa sobre el transporte a\u00e9reo, aviaci\u00f3n, turismo, hoteleria, actualidad.","breadcrumb":{"@id":"https:\/\/aeronoticias.com.pe\/noticiero\/internacionales\/ascienden-a-206-los-vuelos-cancelados-por-vueling-por-la-huelga-en-el-el-prat\/#breadcrumb"},"inLanguage":"es","potentialAction":[{"@type":"ReadAction","target":["https:\/\/aeronoticias.com.pe\/noticiero\/internacionales\/ascienden-a-206-los-vuelos-cancelados-por-vueling-por-la-huelga-en-el-el-prat\/"]}]},{"@type":"BreadcrumbList","@id":"https:\/\/aeronoticias.com.pe\/noticiero\/internacionales\/ascienden-a-206-los-vuelos-cancelados-por-vueling-por-la-huelga-en-el-el-prat\/#breadcrumb","itemListElement":[{"@type":"ListItem","position":1,"name":"Portada","item":"https:\/\/aeronoticias.com.pe\/noticiero\/"},{"@type":"ListItem","position":2,"name":"Ascienden a 206 los vuelos cancelados por Vueling por la huelga en el El Prat"}]},{"@type":"WebSite","@id":"https:\/\/aeronoticias.com.pe\/noticiero\/#website","url":"https:\/\/aeronoticias.com.pe\/noticiero\/","name":"Aeronoticias.com.pe","description":"Noticias de tranporte aereo, turismo, hoteles, gastronomia, actualidad, internacional","potentialAction":[{"@type":"SearchAction","target":{"@type":"EntryPoint","urlTemplate":"https:\/\/aeronoticias.com.pe\/noticiero\/?s={search_term_string}"},"query-input":{"@type":"PropertyValueSpecification","valueRequired":true,"valueName":"search_term_string"}}],"inLanguage":"es"},{"@type":"Person","@id":"https:\/\/aeronoticias.com.pe\/noticiero\/#\/schema\/person\/fc1e5d578f4b62ba1cf7ac2bba1170a0","name":"Redacci\u00f3n Aeronoticias","url":"https:\/\/aeronoticias.com.pe\/noticiero\/author\/piloto\/"}]}},"_links":{"self":[{"href":"https:\/\/aeronoticias.com.pe\/noticiero\/wp-json\/wp\/v2\/posts\/58848","targetHints":{"allow":["GET"]}}],"collection":[{"href":"https:\/\/aeronoticias.com.pe\/noticiero\/wp-json\/wp\/v2\/posts"}],"about":[{"href":"https:\/\/aeronoticias.com.pe\/noticiero\/wp-json\/wp\/v2\/types\/post"}],"author":[{"embeddable":true,"href":"https:\/\/aeronoticias.com.pe\/noticiero\/wp-json\/wp\/v2\/users\/1"}],"replies":[{"embeddable":true,"href":"https:\/\/aeronoticias.com.pe\/noticiero\/wp-json\/wp\/v2\/comments?post=58848"}],"version-history":[{"count":0,"href":"https:\/\/aeronoticias.com.pe\/noticiero\/wp-json\/wp\/v2\/posts\/58848\/revisions"}],"wp:attachment":[{"href":"https:\/\/aeronoticias.com.pe\/noticiero\/wp-json\/wp\/v2\/media?parent=58848"}],"wp:term":[{"taxonomy":"category","embeddable":true,"href":"https:\/\/aeronoticias.com.pe\/noticiero\/wp-json\/wp\/v2\/categories?post=58848"},{"taxonomy":"post_tag","embeddable":true,"href":"https:\/\/aeronoticias.com.pe\/noticiero\/wp-json\/wp\/v2\/tags?post=58848"}],"curies":[{"name":"wp","href":"https:\/\/api.w.org\/{rel}","templated":true}]}}