{"id":58860,"date":"2019-09-25T17:07:30","date_gmt":"2019-09-25T17:07:30","guid":{"rendered":"http:\/\/desarrollo.mcvicious.com\/aero2020\/2019\/09\/25\/conferencia-sobre-aeropuerto-internacional-en-pacasmayo\/"},"modified":"2020-09-11T15:55:25","modified_gmt":"2020-09-11T15:55:25","slug":"conferencia-sobre-aeropuerto-internacional-en-pacasmayo","status":"publish","type":"post","link":"https:\/\/aeronoticias.com.pe\/noticiero\/institucionales\/conferencia-sobre-aeropuerto-internacional-en-pacasmayo\/","title":{"rendered":"Conferencia sobre Aeropuerto Internacional en Pacasmayo"},"content":{"rendered":"<p style=\"text-align: justify;\"><strong>(Aeronoticias) <\/strong><span style=\"text-align: justify;\">El pr\u00f3ximo viernes 4 de octubre del 2019, la Municipalidad de Pacasmayo llevar\u00e1 a cabo la Conferencia: Aeropuerto Internacional Privado de Pacasmayo (APP) al servicio de los 2,000 vuelos internacionales que necesitan los Agro-Exportadores de Chavimochic para exportar m\u00e1s de 2,000 millones de d\u00f3lares anuales de agro-exportaci\u00f3n, eliminando los sobrecostos que significa el transporte terrestre al Aeropuerto Internacional Jorge Ch\u00e1vez de Lima y a los puertos del Per\u00fa, adem\u00e1s que se ahorrar\u00e1 el 90% de las tasas aeroportuarias que cobra Lima Airport Partner (LAP), en raz\u00f3n a que APP ser\u00e1 el primer Aeropuerto Internacional Privado de bajo costo del Per\u00fa.<\/span><\/p>\n<p style=\"text-align: justify;\">El expositor de la Conferencia ser\u00e1 el consultor del proyecto <a href=\"https:\/\/es.wikipedia.org\/wiki\/Juli%C3%A1n_Palac%C3%ADn_Fern%C3%A1ndez\" target=\"_blank\" rel=\"noopener noreferrer\">Juli\u00e1n Palacin Fern\u00e1ndez<\/a>, quien por Resoluci\u00f3n de la Municipalidad Distrital de Pacasmayo ha sido declarado Hu\u00e9sped Ilustre de Pacasmayo, Hijo Predilecto de la Ciudad y se le entregar\u00e1n las Llaves de Pacasmayo como punto de partida de este Proyecto que crear\u00eda m\u00e1s de 20,000 puestos de trabajo.<\/p>\n<p style=\"text-align: justify;\">Al respecto, se inform\u00f3 que se construir\u00eda una pista privada al servicios de los Agro-exportadores de Chavimochic de 3,240 metros de largo, que recibir\u00eda aeronaves Boeing 747 400 de carga de hasta 120 toneladas y el costo de la pista de aterrizaje y de las calles de rodaje y dem\u00e1s instalaciones ser\u00eda de una inversi\u00f3n privada de hasta 35 millones de d\u00f3lares, que permitir\u00e1 que los Agro-exportadores de la primera, segunda y tercera etapa de Chavimochic ahorren m\u00e1s de 40 millones de d\u00f3lares anuales en los sobrecostos que pagan hoy porque no tienen la infraestructura aeroportuaria para sacar la producci\u00f3n de la Agro-exportaci\u00f3n directamente de La Libertad a los mercados internacionales.<\/p>\n<p style=\"text-align: justify;\"><a href=\"https:\/\/es.scribd.com\/document\/427437143\/INVITACION-DE-CONFERENCIA-DE-AEROPUERTO-PRIVADO-EN-PACASMAYO-LA-LIBERTAD\" target=\"_blank\" rel=\"noopener noreferrer\">VER INVITACION CONFERENCIA PACASMAYO<\/a><\/p>\n<p style=\"text-align: justify;\"><a href=\"https:\/\/es.scribd.com\/document\/427437545\/Programa-de-la-Conferencia-de-la-Construccion-de-u-Aeropuerto-Internacional-Privado-en-Pacasmayo-La-Libertad\" target=\"_blank\" rel=\"noopener noreferrer\">VER PROGRAMA CONFERENCIA PACASMAYO<\/a><\/p>\n<p style=\"text-align: justify;\">El ingreso es libre.<\/p>\n<p style=\"text-align: justify;\"><strong>Informes\u00a0<br \/><\/strong><strong>Telf :(044)523101 \/ Email: <\/strong><a href=\"mailto:munipacasmayo@hotmail.com\" target=\"_blank\" style=\"font-weight: bold;\" rel=\"noopener noreferrer\">munipacasmayo@hotmail.com<\/a><\/p>\n<p style=\"text-align: justify;\"><img decoding=\"async\" src=\"images\/stories\/19\/09\/250919\/a.pacasmayo.jpg\" border=\"0\" \/><\/p>\n<p style=\"text-align: justify;\">\u00a0<\/p>\n<p style=\"text-align: justify;\">\u00a0<\/p>\n<p style=\"text-align: justify;\">\u00a0<\/p>\n","protected":false},"excerpt":{"rendered":"<p>(Aeronoticias) El pr\u00f3ximo viernes 4 de octubre del 2019, la Municipalidad de Pacasmayo llevar\u00e1 a cabo la Conferencia: Aeropuerto Internacional Privado de Pacasmayo (APP) al servicio de los 2,000 vuelos internacionales que necesitan los Agro-Exportadores de Chavimochic para exportar m\u00e1s de 2,000 millones de d\u00f3lares anuales de agro-exportaci\u00f3n, eliminando los sobrecostos que significa el transporte [&hellip;]<\/p>\n","protected":false},"author":1,"featured_media":0,"comment_status":"open","ping_status":"open","sticky":false,"template":"","format":"standard","meta":{"tdm_status":"","tdm_grid_status":"","footnotes":""},"categories":[45,18],"tags":[],"class_list":{"0":"post-58860","1":"post","2":"type-post","3":"status-publish","4":"format-standard","6":"category-eventos","7":"category-institucionales"},"yoast_head":"<!-- This site is optimized with the Yoast SEO plugin v25.1 - https:\/\/yoast.com\/wordpress\/plugins\/seo\/ -->\n<title>Conferencia sobre Aeropuerto Internacional en Pacasmayo<\/title>\n<meta name=\"description\" content=\"Portal de noticias del Per\u00fa sobre el transporte a\u00e9reo, aviaci\u00f3n, turismo, hoteleria, actualidad.\" \/>\n<meta name=\"robots\" content=\"index, follow, max-snippet:-1, max-image-preview:large, max-video-preview:-1\" \/>\n<link rel=\"canonical\" href=\"https:\/\/aeronoticias.com.pe\/noticiero\/institucionales\/conferencia-sobre-aeropuerto-internacional-en-pacasmayo\/\" \/>\n<meta property=\"og:locale\" content=\"es_ES\" \/>\n<meta property=\"og:type\" content=\"article\" \/>\n<meta property=\"og:title\" content=\"Conferencia sobre Aeropuerto Internacional en Pacasmayo\" \/>\n<meta property=\"og:description\" content=\"Portal de noticias del Per\u00fa sobre el transporte a\u00e9reo, aviaci\u00f3n, turismo, hoteleria, actualidad.\" \/>\n<meta property=\"og:url\" content=\"https:\/\/aeronoticias.com.pe\/noticiero\/institucionales\/conferencia-sobre-aeropuerto-internacional-en-pacasmayo\/\" \/>\n<meta property=\"og:site_name\" content=\"Aeronoticias.com.pe\" \/>\n<meta property=\"article:publisher\" content=\"https:\/\/www.facebook.com\/Aeronoticias.com.pe\/\" \/>\n<meta property=\"article:published_time\" content=\"2019-09-25T17:07:30+00:00\" \/>\n<meta property=\"article:modified_time\" content=\"2020-09-11T15:55:25+00:00\" \/>\n<meta name=\"author\" content=\"Redacci\u00f3n Aeronoticias\" \/>\n<meta name=\"twitter:card\" content=\"summary_large_image\" \/>\n<meta name=\"twitter:creator\" content=\"@aeronoticias\" \/>\n<meta name=\"twitter:site\" content=\"@aeronoticias\" \/>\n<meta name=\"twitter:label1\" content=\"Escrito por\" \/>\n\t<meta name=\"twitter:data1\" content=\"Redacci\u00f3n Aeronoticias\" \/>\n\t<meta name=\"twitter:label2\" content=\"Tiempo de lectura\" \/>\n\t<meta name=\"twitter:data2\" content=\"1 minuto\" \/>\n<script type=\"application\/ld+json\" class=\"yoast-schema-graph\">{\"@context\":\"https:\/\/schema.org\",\"@graph\":[{\"@type\":\"WebPage\",\"@id\":\"https:\/\/aeronoticias.com.pe\/noticiero\/institucionales\/conferencia-sobre-aeropuerto-internacional-en-pacasmayo\/\",\"url\":\"https:\/\/aeronoticias.com.pe\/noticiero\/institucionales\/conferencia-sobre-aeropuerto-internacional-en-pacasmayo\/\",\"name\":\"Conferencia sobre Aeropuerto Internacional en Pacasmayo\",\"isPartOf\":{\"@id\":\"https:\/\/aeronoticias.com.pe\/noticiero\/#website\"},\"datePublished\":\"2019-09-25T17:07:30+00:00\",\"dateModified\":\"2020-09-11T15:55:25+00:00\",\"author\":{\"@id\":\"https:\/\/aeronoticias.com.pe\/noticiero\/#\/schema\/person\/fc1e5d578f4b62ba1cf7ac2bba1170a0\"},\"description\":\"Portal de noticias del Per\u00fa sobre el transporte a\u00e9reo, aviaci\u00f3n, turismo, hoteleria, actualidad.\",\"breadcrumb\":{\"@id\":\"https:\/\/aeronoticias.com.pe\/noticiero\/institucionales\/conferencia-sobre-aeropuerto-internacional-en-pacasmayo\/#breadcrumb\"},\"inLanguage\":\"es\",\"potentialAction\":[{\"@type\":\"ReadAction\",\"target\":[\"https:\/\/aeronoticias.com.pe\/noticiero\/institucionales\/conferencia-sobre-aeropuerto-internacional-en-pacasmayo\/\"]}]},{\"@type\":\"BreadcrumbList\",\"@id\":\"https:\/\/aeronoticias.com.pe\/noticiero\/institucionales\/conferencia-sobre-aeropuerto-internacional-en-pacasmayo\/#breadcrumb\",\"itemListElement\":[{\"@type\":\"ListItem\",\"position\":1,\"name\":\"Portada\",\"item\":\"https:\/\/aeronoticias.com.pe\/noticiero\/\"},{\"@type\":\"ListItem\",\"position\":2,\"name\":\"Conferencia sobre Aeropuerto Internacional en Pacasmayo\"}]},{\"@type\":\"WebSite\",\"@id\":\"https:\/\/aeronoticias.com.pe\/noticiero\/#website\",\"url\":\"https:\/\/aeronoticias.com.pe\/noticiero\/\",\"name\":\"Aeronoticias.com.pe\",\"description\":\"Noticias de tranporte aereo, turismo, hoteles, gastronomia, actualidad, internacional\",\"potentialAction\":[{\"@type\":\"SearchAction\",\"target\":{\"@type\":\"EntryPoint\",\"urlTemplate\":\"https:\/\/aeronoticias.com.pe\/noticiero\/?s={search_term_string}\"},\"query-input\":{\"@type\":\"PropertyValueSpecification\",\"valueRequired\":true,\"valueName\":\"search_term_string\"}}],\"inLanguage\":\"es\"},{\"@type\":\"Person\",\"@id\":\"https:\/\/aeronoticias.com.pe\/noticiero\/#\/schema\/person\/fc1e5d578f4b62ba1cf7ac2bba1170a0\",\"name\":\"Redacci\u00f3n Aeronoticias\",\"url\":\"https:\/\/aeronoticias.com.pe\/noticiero\/author\/piloto\/\"}]}<\/script>\n<!-- \/ Yoast SEO plugin. -->","yoast_head_json":{"title":"Conferencia sobre Aeropuerto Internacional en Pacasmayo","description":"Portal de noticias del Per\u00fa sobre el transporte a\u00e9reo, aviaci\u00f3n, turismo, hoteleria, actualidad.","robots":{"index":"index","follow":"follow","max-snippet":"max-snippet:-1","max-image-preview":"max-image-preview:large","max-video-preview":"max-video-preview:-1"},"canonical":"https:\/\/aeronoticias.com.pe\/noticiero\/institucionales\/conferencia-sobre-aeropuerto-internacional-en-pacasmayo\/","og_locale":"es_ES","og_type":"article","og_title":"Conferencia sobre Aeropuerto Internacional en Pacasmayo","og_description":"Portal de noticias del Per\u00fa sobre el transporte a\u00e9reo, aviaci\u00f3n, turismo, hoteleria, actualidad.","og_url":"https:\/\/aeronoticias.com.pe\/noticiero\/institucionales\/conferencia-sobre-aeropuerto-internacional-en-pacasmayo\/","og_site_name":"Aeronoticias.com.pe","article_publisher":"https:\/\/www.facebook.com\/Aeronoticias.com.pe\/","article_published_time":"2019-09-25T17:07:30+00:00","article_modified_time":"2020-09-11T15:55:25+00:00","author":"Redacci\u00f3n Aeronoticias","twitter_card":"summary_large_image","twitter_creator":"@aeronoticias","twitter_site":"@aeronoticias","twitter_misc":{"Escrito por":"Redacci\u00f3n Aeronoticias","Tiempo de lectura":"1 minuto"},"schema":{"@context":"https:\/\/schema.org","@graph":[{"@type":"WebPage","@id":"https:\/\/aeronoticias.com.pe\/noticiero\/institucionales\/conferencia-sobre-aeropuerto-internacional-en-pacasmayo\/","url":"https:\/\/aeronoticias.com.pe\/noticiero\/institucionales\/conferencia-sobre-aeropuerto-internacional-en-pacasmayo\/","name":"Conferencia sobre Aeropuerto Internacional en Pacasmayo","isPartOf":{"@id":"https:\/\/aeronoticias.com.pe\/noticiero\/#website"},"datePublished":"2019-09-25T17:07:30+00:00","dateModified":"2020-09-11T15:55:25+00:00","author":{"@id":"https:\/\/aeronoticias.com.pe\/noticiero\/#\/schema\/person\/fc1e5d578f4b62ba1cf7ac2bba1170a0"},"description":"Portal de noticias del Per\u00fa sobre el transporte a\u00e9reo, aviaci\u00f3n, turismo, hoteleria, actualidad.","breadcrumb":{"@id":"https:\/\/aeronoticias.com.pe\/noticiero\/institucionales\/conferencia-sobre-aeropuerto-internacional-en-pacasmayo\/#breadcrumb"},"inLanguage":"es","potentialAction":[{"@type":"ReadAction","target":["https:\/\/aeronoticias.com.pe\/noticiero\/institucionales\/conferencia-sobre-aeropuerto-internacional-en-pacasmayo\/"]}]},{"@type":"BreadcrumbList","@id":"https:\/\/aeronoticias.com.pe\/noticiero\/institucionales\/conferencia-sobre-aeropuerto-internacional-en-pacasmayo\/#breadcrumb","itemListElement":[{"@type":"ListItem","position":1,"name":"Portada","item":"https:\/\/aeronoticias.com.pe\/noticiero\/"},{"@type":"ListItem","position":2,"name":"Conferencia sobre Aeropuerto Internacional en Pacasmayo"}]},{"@type":"WebSite","@id":"https:\/\/aeronoticias.com.pe\/noticiero\/#website","url":"https:\/\/aeronoticias.com.pe\/noticiero\/","name":"Aeronoticias.com.pe","description":"Noticias de tranporte aereo, turismo, hoteles, gastronomia, actualidad, internacional","potentialAction":[{"@type":"SearchAction","target":{"@type":"EntryPoint","urlTemplate":"https:\/\/aeronoticias.com.pe\/noticiero\/?s={search_term_string}"},"query-input":{"@type":"PropertyValueSpecification","valueRequired":true,"valueName":"search_term_string"}}],"inLanguage":"es"},{"@type":"Person","@id":"https:\/\/aeronoticias.com.pe\/noticiero\/#\/schema\/person\/fc1e5d578f4b62ba1cf7ac2bba1170a0","name":"Redacci\u00f3n Aeronoticias","url":"https:\/\/aeronoticias.com.pe\/noticiero\/author\/piloto\/"}]}},"_links":{"self":[{"href":"https:\/\/aeronoticias.com.pe\/noticiero\/wp-json\/wp\/v2\/posts\/58860","targetHints":{"allow":["GET"]}}],"collection":[{"href":"https:\/\/aeronoticias.com.pe\/noticiero\/wp-json\/wp\/v2\/posts"}],"about":[{"href":"https:\/\/aeronoticias.com.pe\/noticiero\/wp-json\/wp\/v2\/types\/post"}],"author":[{"embeddable":true,"href":"https:\/\/aeronoticias.com.pe\/noticiero\/wp-json\/wp\/v2\/users\/1"}],"replies":[{"embeddable":true,"href":"https:\/\/aeronoticias.com.pe\/noticiero\/wp-json\/wp\/v2\/comments?post=58860"}],"version-history":[{"count":0,"href":"https:\/\/aeronoticias.com.pe\/noticiero\/wp-json\/wp\/v2\/posts\/58860\/revisions"}],"wp:attachment":[{"href":"https:\/\/aeronoticias.com.pe\/noticiero\/wp-json\/wp\/v2\/media?parent=58860"}],"wp:term":[{"taxonomy":"category","embeddable":true,"href":"https:\/\/aeronoticias.com.pe\/noticiero\/wp-json\/wp\/v2\/categories?post=58860"},{"taxonomy":"post_tag","embeddable":true,"href":"https:\/\/aeronoticias.com.pe\/noticiero\/wp-json\/wp\/v2\/tags?post=58860"}],"curies":[{"name":"wp","href":"https:\/\/api.w.org\/{rel}","templated":true}]}}