{"id":58861,"date":"2019-09-25T23:32:49","date_gmt":"2019-09-25T23:32:49","guid":{"rendered":"http:\/\/desarrollo.mcvicious.com\/aero2020\/2019\/09\/25\/mexico-avianca-holdings-anuncia-acuerdos-con-azul-lineas-aereas\/"},"modified":"2019-09-25T23:32:49","modified_gmt":"2019-09-25T23:32:49","slug":"mexico-avianca-holdings-anuncia-acuerdos-con-azul-lineas-aereas","status":"publish","type":"post","link":"https:\/\/aeronoticias.com.pe\/noticiero\/internacionales\/mexico-avianca-holdings-anuncia-acuerdos-con-azul-lineas-aereas\/","title":{"rendered":"M\u00e9xico: Avianca Holdings anuncia acuerdos con Azul L\u00edneas A\u00e9reas"},"content":{"rendered":"<p style=\"text-align: justify;\"><strong>(Aeronoticias).<\/strong>&#8211;\u00a0<span style=\"color: #454545; font-family: Helvetica; font-size: 12px;\">Avianca Holdings<\/span><span style=\"color: #454545; font-family: Helvetica; font-size: 12px;\"> anunci\u00f3 acuerdo de c\u00f3digo compartido con la aerol\u00ednea brasilera Azul, la compa\u00f1\u00eda firm\u00f3 dicho acuerdo con el fin de brindar mayor opci\u00f3n de conectividad a los pasajeros, y ampliar la oferta de viajes, en el mercado a\u00e9reo m\u00e1s grande de Latinoam\u00e9rica. <\/span><\/p>\n<p style=\"text-align: justify;\"><span style=\"color: #454545; font-family: Helvetica; font-size: 12px;\">A partir de octubre de este a\u00f1o los pasajeros podr\u00e1n acceder a 27 destinos al interior de Brasil. La venta de boletos, e inicio de operaciones estar\u00e1 sujeto a la aprobaci\u00f3n gubernamental en Colombia Y Per\u00fa.<\/span><\/p>\n<p class=\"p1\" style=\"text-align: justify;\">Con este acuerdo de c\u00f3digo compartido, las compa\u00f1\u00edas podr\u00e1n comercializar sus vuelos en forma conjunta, con la emisi\u00f3n de un solo boleto y el env\u00edo del equipaje al destino final.<\/p>\n<p class=\"p1\" style=\"text-align: justify;\">\u00a0<\/p>\n<p class=\"p1\" style=\"text-align: justify;\">En tanto que, los destinos al interior de Brasil que entrar\u00e1n a ser parte de la red de Avianca v\u00eda c\u00f3digo compartido con Azul son los siguientes: Guarulhos, Congonhas y Campinas, Gale\u00e3o y Santos Dumont, Belo Horizonte, Recife, Porto Alegre, Goiania, Cuiaba, Salvador, Curitiba, Vit\u00f3ria, Brasilia, Florian\u00f3polis, Manaus, Fortaleza, Macei\u00f3, Porto Seguro, Santa Mar\u00eda, Uruguaiana, Pelotas, Santo \u00c2ngelo, Foz do Igua\u00e7u, Navegantes, Chapec\u00f3 y Juazeiro do Norte.<\/p>\n<p class=\"p1\" style=\"text-align: justify;\">\u00a0<\/p>\n<p class=\"p1\" style=\"text-align: justify;\">En los canales de venta oficiales de Azul, las personas podr\u00e1n comprar boletos a\u00e9reos hacia 76 destinos en 27 pa\u00edses de la red de rutas de Avianca en Norte, Centro, Am\u00e9rica del sur y Europa. Asimismo, los clientes de Avianca podr\u00e1n realizar sus viajes desde cualquier origen de la red de rutas de Avianca hacia Sao Paulo, Rio de Janeiro y Porto Alegre para conectar con trayectos internos hacia 27 destinos operados por Azul en Brasil.<\/p>\n<p class=\"p2\" style=\"text-align: justify;\">\u00a0<\/p>\n<p class=\"p1\" style=\"text-align: justify;\">Ana Mar\u00eda Copete, Directora de Alianzas de Avianca Holdings, resalt\u00f3 la importancia de esta alianza con el vecino pa\u00eds \u201cBrasil es un pa\u00eds sumamente importante para el desarrollo de la estrategia de Avianca Holdings.<\/p>\n<p class=\"p1\" style=\"text-align: justify;\">\u00a0<\/p>\n<p class=\"p1\" style=\"text-align: justify;\">Estamos muy complacidos de firmar este acuerdo de c\u00f3digo compartido con Azul, el cual nos permitir\u00e1 fortalecer a\u00fan m\u00e1s la presencia de Avianca Holdings en Brasil y ofrecer a nuestros pasajeros la posibilidad de llegar hacia m\u00faltiples destinos al interior de este pa\u00eds\u201d.<\/p>\n<p class=\"p1\" style=\"text-align: justify;\">\u00a0<\/p>\n<p class=\"p1\" style=\"text-align: justify;\">Fuente: <span style=\"text-decoration: underline;\"><em><strong>La Rep\u00fablica<\/strong><\/em><\/span>.<\/p>\n<p class=\"p1\" style=\"text-align: justify;\">\u00a0<\/p>\n<p class=\"p1\" style=\"text-align: justify;\"><img decoding=\"async\" src=\"images\/stories\/aviaaaaaaaa1aa.jpg\" border=\"0\" \/><\/p>\n<p> p.p1 {margin: 0.0px 0.0px 0.0px 0.0px; font: 12.0px Helvetica; color: #454545} p.p2 {margin: 0.0px 0.0px 0.0px 0.0px; text-align: center; font: 12.0px Helvetica; color: #454545; min-height: 14.0px} p.p3 {margin: 0.0px 0.0px 0.0px 0.0px; font: 12.0px Helvetica; color: #454545; min-height: 14.0px}<\/p>\n","protected":false},"excerpt":{"rendered":"<p>(Aeronoticias).&#8211;\u00a0Avianca Holdings anunci\u00f3 acuerdo de c\u00f3digo compartido con la aerol\u00ednea brasilera Azul, la compa\u00f1\u00eda firm\u00f3 dicho acuerdo con el fin de brindar mayor opci\u00f3n de conectividad a los pasajeros, y ampliar la oferta de viajes, en el mercado a\u00e9reo m\u00e1s grande de Latinoam\u00e9rica. A partir de octubre de este a\u00f1o los pasajeros podr\u00e1n acceder a [&hellip;]<\/p>\n","protected":false},"author":1,"featured_media":0,"comment_status":"open","ping_status":"open","sticky":false,"template":"","format":"standard","meta":{"tdm_status":"","tdm_grid_status":"","footnotes":""},"categories":[34],"tags":[],"class_list":{"0":"post-58861","1":"post","2":"type-post","3":"status-publish","4":"format-standard","6":"category-internacionales"},"yoast_head":"<!-- This site is optimized with the Yoast SEO plugin v25.1 - https:\/\/yoast.com\/wordpress\/plugins\/seo\/ -->\n<title>M\u00e9xico: Avianca Holdings anuncia acuerdos con Azul L\u00edneas A\u00e9reas<\/title>\n<meta name=\"description\" content=\"Portal de noticias del Per\u00fa sobre el transporte a\u00e9reo, aviaci\u00f3n, turismo, hoteleria, actualidad.\" \/>\n<meta name=\"robots\" content=\"index, follow, max-snippet:-1, max-image-preview:large, max-video-preview:-1\" \/>\n<link rel=\"canonical\" href=\"https:\/\/aeronoticias.com.pe\/noticiero\/internacionales\/mexico-avianca-holdings-anuncia-acuerdos-con-azul-lineas-aereas\/\" \/>\n<meta property=\"og:locale\" content=\"es_ES\" \/>\n<meta property=\"og:type\" content=\"article\" \/>\n<meta property=\"og:title\" content=\"M\u00e9xico: Avianca Holdings anuncia acuerdos con Azul L\u00edneas A\u00e9reas\" \/>\n<meta property=\"og:description\" content=\"Portal de noticias del Per\u00fa sobre el transporte a\u00e9reo, aviaci\u00f3n, turismo, hoteleria, actualidad.\" \/>\n<meta property=\"og:url\" content=\"https:\/\/aeronoticias.com.pe\/noticiero\/internacionales\/mexico-avianca-holdings-anuncia-acuerdos-con-azul-lineas-aereas\/\" \/>\n<meta property=\"og:site_name\" content=\"Aeronoticias.com.pe\" \/>\n<meta property=\"article:publisher\" content=\"https:\/\/www.facebook.com\/Aeronoticias.com.pe\/\" \/>\n<meta property=\"article:published_time\" content=\"2019-09-25T23:32:49+00:00\" \/>\n<meta name=\"author\" content=\"Redacci\u00f3n Aeronoticias\" \/>\n<meta name=\"twitter:card\" content=\"summary_large_image\" \/>\n<meta name=\"twitter:creator\" content=\"@aeronoticias\" \/>\n<meta name=\"twitter:site\" content=\"@aeronoticias\" \/>\n<meta name=\"twitter:label1\" content=\"Escrito por\" \/>\n\t<meta name=\"twitter:data1\" content=\"Redacci\u00f3n Aeronoticias\" \/>\n\t<meta name=\"twitter:label2\" content=\"Tiempo de lectura\" \/>\n\t<meta name=\"twitter:data2\" content=\"2 minutos\" \/>\n<script type=\"application\/ld+json\" class=\"yoast-schema-graph\">{\"@context\":\"https:\/\/schema.org\",\"@graph\":[{\"@type\":\"WebPage\",\"@id\":\"https:\/\/aeronoticias.com.pe\/noticiero\/internacionales\/mexico-avianca-holdings-anuncia-acuerdos-con-azul-lineas-aereas\/\",\"url\":\"https:\/\/aeronoticias.com.pe\/noticiero\/internacionales\/mexico-avianca-holdings-anuncia-acuerdos-con-azul-lineas-aereas\/\",\"name\":\"M\u00e9xico: Avianca Holdings anuncia acuerdos con Azul L\u00edneas A\u00e9reas\",\"isPartOf\":{\"@id\":\"https:\/\/aeronoticias.com.pe\/noticiero\/#website\"},\"datePublished\":\"2019-09-25T23:32:49+00:00\",\"author\":{\"@id\":\"https:\/\/aeronoticias.com.pe\/noticiero\/#\/schema\/person\/fc1e5d578f4b62ba1cf7ac2bba1170a0\"},\"description\":\"Portal de noticias del Per\u00fa sobre el transporte a\u00e9reo, aviaci\u00f3n, turismo, hoteleria, actualidad.\",\"breadcrumb\":{\"@id\":\"https:\/\/aeronoticias.com.pe\/noticiero\/internacionales\/mexico-avianca-holdings-anuncia-acuerdos-con-azul-lineas-aereas\/#breadcrumb\"},\"inLanguage\":\"es\",\"potentialAction\":[{\"@type\":\"ReadAction\",\"target\":[\"https:\/\/aeronoticias.com.pe\/noticiero\/internacionales\/mexico-avianca-holdings-anuncia-acuerdos-con-azul-lineas-aereas\/\"]}]},{\"@type\":\"BreadcrumbList\",\"@id\":\"https:\/\/aeronoticias.com.pe\/noticiero\/internacionales\/mexico-avianca-holdings-anuncia-acuerdos-con-azul-lineas-aereas\/#breadcrumb\",\"itemListElement\":[{\"@type\":\"ListItem\",\"position\":1,\"name\":\"Portada\",\"item\":\"https:\/\/aeronoticias.com.pe\/noticiero\/\"},{\"@type\":\"ListItem\",\"position\":2,\"name\":\"M\u00e9xico: Avianca Holdings anuncia acuerdos con Azul L\u00edneas A\u00e9reas\"}]},{\"@type\":\"WebSite\",\"@id\":\"https:\/\/aeronoticias.com.pe\/noticiero\/#website\",\"url\":\"https:\/\/aeronoticias.com.pe\/noticiero\/\",\"name\":\"Aeronoticias.com.pe\",\"description\":\"Noticias de tranporte aereo, turismo, hoteles, gastronomia, actualidad, internacional\",\"potentialAction\":[{\"@type\":\"SearchAction\",\"target\":{\"@type\":\"EntryPoint\",\"urlTemplate\":\"https:\/\/aeronoticias.com.pe\/noticiero\/?s={search_term_string}\"},\"query-input\":{\"@type\":\"PropertyValueSpecification\",\"valueRequired\":true,\"valueName\":\"search_term_string\"}}],\"inLanguage\":\"es\"},{\"@type\":\"Person\",\"@id\":\"https:\/\/aeronoticias.com.pe\/noticiero\/#\/schema\/person\/fc1e5d578f4b62ba1cf7ac2bba1170a0\",\"name\":\"Redacci\u00f3n Aeronoticias\",\"url\":\"https:\/\/aeronoticias.com.pe\/noticiero\/author\/piloto\/\"}]}<\/script>\n<!-- \/ Yoast SEO plugin. -->","yoast_head_json":{"title":"M\u00e9xico: Avianca Holdings anuncia acuerdos con Azul L\u00edneas A\u00e9reas","description":"Portal de noticias del Per\u00fa sobre el transporte a\u00e9reo, aviaci\u00f3n, turismo, hoteleria, actualidad.","robots":{"index":"index","follow":"follow","max-snippet":"max-snippet:-1","max-image-preview":"max-image-preview:large","max-video-preview":"max-video-preview:-1"},"canonical":"https:\/\/aeronoticias.com.pe\/noticiero\/internacionales\/mexico-avianca-holdings-anuncia-acuerdos-con-azul-lineas-aereas\/","og_locale":"es_ES","og_type":"article","og_title":"M\u00e9xico: Avianca Holdings anuncia acuerdos con Azul L\u00edneas A\u00e9reas","og_description":"Portal de noticias del Per\u00fa sobre el transporte a\u00e9reo, aviaci\u00f3n, turismo, hoteleria, actualidad.","og_url":"https:\/\/aeronoticias.com.pe\/noticiero\/internacionales\/mexico-avianca-holdings-anuncia-acuerdos-con-azul-lineas-aereas\/","og_site_name":"Aeronoticias.com.pe","article_publisher":"https:\/\/www.facebook.com\/Aeronoticias.com.pe\/","article_published_time":"2019-09-25T23:32:49+00:00","author":"Redacci\u00f3n Aeronoticias","twitter_card":"summary_large_image","twitter_creator":"@aeronoticias","twitter_site":"@aeronoticias","twitter_misc":{"Escrito por":"Redacci\u00f3n Aeronoticias","Tiempo de lectura":"2 minutos"},"schema":{"@context":"https:\/\/schema.org","@graph":[{"@type":"WebPage","@id":"https:\/\/aeronoticias.com.pe\/noticiero\/internacionales\/mexico-avianca-holdings-anuncia-acuerdos-con-azul-lineas-aereas\/","url":"https:\/\/aeronoticias.com.pe\/noticiero\/internacionales\/mexico-avianca-holdings-anuncia-acuerdos-con-azul-lineas-aereas\/","name":"M\u00e9xico: Avianca Holdings anuncia acuerdos con Azul L\u00edneas A\u00e9reas","isPartOf":{"@id":"https:\/\/aeronoticias.com.pe\/noticiero\/#website"},"datePublished":"2019-09-25T23:32:49+00:00","author":{"@id":"https:\/\/aeronoticias.com.pe\/noticiero\/#\/schema\/person\/fc1e5d578f4b62ba1cf7ac2bba1170a0"},"description":"Portal de noticias del Per\u00fa sobre el transporte a\u00e9reo, aviaci\u00f3n, turismo, hoteleria, actualidad.","breadcrumb":{"@id":"https:\/\/aeronoticias.com.pe\/noticiero\/internacionales\/mexico-avianca-holdings-anuncia-acuerdos-con-azul-lineas-aereas\/#breadcrumb"},"inLanguage":"es","potentialAction":[{"@type":"ReadAction","target":["https:\/\/aeronoticias.com.pe\/noticiero\/internacionales\/mexico-avianca-holdings-anuncia-acuerdos-con-azul-lineas-aereas\/"]}]},{"@type":"BreadcrumbList","@id":"https:\/\/aeronoticias.com.pe\/noticiero\/internacionales\/mexico-avianca-holdings-anuncia-acuerdos-con-azul-lineas-aereas\/#breadcrumb","itemListElement":[{"@type":"ListItem","position":1,"name":"Portada","item":"https:\/\/aeronoticias.com.pe\/noticiero\/"},{"@type":"ListItem","position":2,"name":"M\u00e9xico: Avianca Holdings anuncia acuerdos con Azul L\u00edneas A\u00e9reas"}]},{"@type":"WebSite","@id":"https:\/\/aeronoticias.com.pe\/noticiero\/#website","url":"https:\/\/aeronoticias.com.pe\/noticiero\/","name":"Aeronoticias.com.pe","description":"Noticias de tranporte aereo, turismo, hoteles, gastronomia, actualidad, internacional","potentialAction":[{"@type":"SearchAction","target":{"@type":"EntryPoint","urlTemplate":"https:\/\/aeronoticias.com.pe\/noticiero\/?s={search_term_string}"},"query-input":{"@type":"PropertyValueSpecification","valueRequired":true,"valueName":"search_term_string"}}],"inLanguage":"es"},{"@type":"Person","@id":"https:\/\/aeronoticias.com.pe\/noticiero\/#\/schema\/person\/fc1e5d578f4b62ba1cf7ac2bba1170a0","name":"Redacci\u00f3n Aeronoticias","url":"https:\/\/aeronoticias.com.pe\/noticiero\/author\/piloto\/"}]}},"_links":{"self":[{"href":"https:\/\/aeronoticias.com.pe\/noticiero\/wp-json\/wp\/v2\/posts\/58861","targetHints":{"allow":["GET"]}}],"collection":[{"href":"https:\/\/aeronoticias.com.pe\/noticiero\/wp-json\/wp\/v2\/posts"}],"about":[{"href":"https:\/\/aeronoticias.com.pe\/noticiero\/wp-json\/wp\/v2\/types\/post"}],"author":[{"embeddable":true,"href":"https:\/\/aeronoticias.com.pe\/noticiero\/wp-json\/wp\/v2\/users\/1"}],"replies":[{"embeddable":true,"href":"https:\/\/aeronoticias.com.pe\/noticiero\/wp-json\/wp\/v2\/comments?post=58861"}],"version-history":[{"count":0,"href":"https:\/\/aeronoticias.com.pe\/noticiero\/wp-json\/wp\/v2\/posts\/58861\/revisions"}],"wp:attachment":[{"href":"https:\/\/aeronoticias.com.pe\/noticiero\/wp-json\/wp\/v2\/media?parent=58861"}],"wp:term":[{"taxonomy":"category","embeddable":true,"href":"https:\/\/aeronoticias.com.pe\/noticiero\/wp-json\/wp\/v2\/categories?post=58861"},{"taxonomy":"post_tag","embeddable":true,"href":"https:\/\/aeronoticias.com.pe\/noticiero\/wp-json\/wp\/v2\/tags?post=58861"}],"curies":[{"name":"wp","href":"https:\/\/api.w.org\/{rel}","templated":true}]}}