{"id":58863,"date":"2019-09-25T23:42:31","date_gmt":"2019-09-25T23:42:31","guid":{"rendered":"http:\/\/desarrollo.mcvicious.com\/aero2020\/2019\/09\/25\/adria-airways-se-suma-a-la-larga-lista-de-companias-europeas-insolventes\/"},"modified":"2019-09-25T23:42:31","modified_gmt":"2019-09-25T23:42:31","slug":"adria-airways-se-suma-a-la-larga-lista-de-companias-europeas-insolventes","status":"publish","type":"post","link":"https:\/\/aeronoticias.com.pe\/noticiero\/internacionales\/adria-airways-se-suma-a-la-larga-lista-de-companias-europeas-insolventes\/","title":{"rendered":"Adria Airways se suma a la larga lista de compa\u00f1\u00edas europeas insolventes"},"content":{"rendered":"<p style=\"text-align: justify;\"><strong>(Aeronoticias).<\/strong>&#8211;\u00a0<span style=\"color: #454545; font-family: Helvetica; font-size: 12px;\">La aerol\u00ednea eslovena <\/span><span style=\"color: #454545; font-family: Helvetica; font-size: 12px;\">Adria Airways<\/span><span style=\"color: #454545; font-family: Helvetica; font-size: 12px;\"> ha informado que todos sus vuelos a partir de hoy mi\u00e9rcoles han sido cancelados por falta de fondos.<\/span><\/p>\n<p class=\"p1\" style=\"text-align: justify;\">La empresa ha comunicado que se trata de una medida provisional pero que su futuro es incierto: \u201cLa decisi\u00f3n de suspender temporalmente las operaciones de vuelo es consecuencia de que actualmente no tiene acceso asegurado al efectivo que la aerol\u00ednea necesita para futuras operaciones\u201d.<\/p>\n<p class=\"p2\" style=\"text-align: justify;\">\u00a0<\/p>\n<p class=\"p1\" style=\"text-align: justify;\">Es por ello que desde la compa\u00f1\u00eda est\u00e1n buscando posibles inversores con el fin de que se puedan retomar las operaciones.<\/p>\n<p class=\"p1\" style=\"text-align: justify;\">\u00a0<\/p>\n<p class=\"p1\" style=\"text-align: justify;\">Recientemente la compa\u00f1\u00eda firm\u00f3 un nuevo convenio colectivo con la Asociaci\u00f3n de Pilotos de Aerol\u00edneas de Eslovenia para evitar una huelga anunciada para finales de septiembre y principios de octubre.<\/p>\n<p class=\"p1\" style=\"text-align: justify;\">\u00a0<\/p>\n<p class=\"p1\" style=\"text-align: justify;\">Adria Airways fue fundada en 1961 y ofrece vuelos regulares y ch\u00e1rter desde y hacia varios destinos europeos con una flota de 20 aviones.<\/p>\n<p class=\"p1\" style=\"text-align: justify;\">\u00a0<\/p>\n<p class=\"p1\" style=\"text-align: justify;\"><strong>Aerol\u00edneas europeas quebradas<\/strong><\/p>\n<p class=\"p1\" style=\"text-align: justify;\">En los \u00faltimos a\u00f1os, se ha producido el cese de numerosas l\u00edneas a\u00e9reas europeas. Si se obvia la situaci\u00f3n de las aerol\u00edneas de Thomas Cook, la \u00faltimas en declarar su insolvencia fueron las francesas Aigle Azur y XL Airways este mismo mes de septiembre.<\/p>\n<p class=\"p1\" style=\"text-align: justify;\">\u00a0<\/p>\n<p class=\"p1\" style=\"text-align: justify;\">El pasado marzo, fue el turno de la islandesa WOW Air que definitivamente ha sido rescatada por la estadounidense USAerospace Associates. En febrero de 2019, por su parte, quebraron flybmi y Germania. En 2018, mientras, desaparecieron la filial alemana de Small Planet; la danesa Primera Air; la belga VLM; la griega Olympus; la filial alemana de Azur Air (aerol\u00ednea del touroperador Anex Tour); la suiza SkyWork; la hispano-venezolana Santa B\u00e1rbara Airlines; la brit\u00e1nica Cello Aviation; o la chipriota Cobalt Air.<\/p>\n<p class=\"p2\" style=\"text-align: justify;\">\u00a0<\/p>\n<p class=\"p1\" style=\"text-align: justify;\">En el a\u00f1o 2017 quebraron las aerol\u00edneas Monarch, Air Berlin y Niki, que resurgi\u00f3 bajo el amparo de Ryanair como Laudamotion, as\u00ed como por la deriva econ\u00f3mica de una Alitalia declarada insolvente, que actualmente est\u00e1 bajo control estatal.<\/p>\n<p class=\"p1\" style=\"text-align: justify;\">\u00a0<\/p>\n<p class=\"p1\" style=\"text-align: justify;\">Cabe destacar, la reciente eliminaci\u00f3n de Joon, la \u2018low cost\u2019 para millennials del grupo Air France-KLM, aunque su desaparici\u00f3n se achac\u00f3 a una decisi\u00f3n estrat\u00e9gica del conglomerado franco-holand\u00e9s.<\/p>\n<p class=\"p1\" style=\"text-align: justify;\">\u00a0<\/p>\n<p class=\"p1\" style=\"text-align: justify;\">Fuente: <span style=\"text-decoration: underline;\"><em><strong>Tourinews<\/strong><\/em><\/span>.<\/p>\n<p class=\"p1\" style=\"text-align: justify;\">\u00a0<\/p>\n<p class=\"p1\" style=\"text-align: justify;\"><img decoding=\"async\" src=\"images\/stories\/aero3a.jpg\" border=\"0\" \/><\/p>\n<p> p.p1 {margin: 0.0px 0.0px 0.0px 0.0px; font: 12.0px Helvetica; color: #454545} p.p2 {margin: 0.0px 0.0px 0.0px 0.0px; text-align: center; font: 12.0px Helvetica; color: #454545; min-height: 14.0px} p.p3 {margin: 0.0px 0.0px 0.0px 0.0px; font: 12.0px Helvetica; color: #454545; min-height: 14.0px}<\/p>\n","protected":false},"excerpt":{"rendered":"<p>(Aeronoticias).&#8211;\u00a0La aerol\u00ednea eslovena Adria Airways ha informado que todos sus vuelos a partir de hoy mi\u00e9rcoles han sido cancelados por falta de fondos. La empresa ha comunicado que se trata de una medida provisional pero que su futuro es incierto: \u201cLa decisi\u00f3n de suspender temporalmente las operaciones de vuelo es consecuencia de que actualmente no [&hellip;]<\/p>\n","protected":false},"author":1,"featured_media":0,"comment_status":"open","ping_status":"open","sticky":false,"template":"","format":"standard","meta":{"tdm_status":"","tdm_grid_status":"","footnotes":""},"categories":[34],"tags":[],"class_list":{"0":"post-58863","1":"post","2":"type-post","3":"status-publish","4":"format-standard","6":"category-internacionales"},"yoast_head":"<!-- This site is optimized with the Yoast SEO plugin v25.1 - https:\/\/yoast.com\/wordpress\/plugins\/seo\/ -->\n<title>Adria Airways se suma a la larga lista de compa\u00f1\u00edas europeas insolventes<\/title>\n<meta name=\"description\" content=\"Portal de noticias del Per\u00fa sobre el transporte a\u00e9reo, aviaci\u00f3n, turismo, hoteleria, actualidad.\" \/>\n<meta name=\"robots\" content=\"index, follow, max-snippet:-1, max-image-preview:large, max-video-preview:-1\" \/>\n<link rel=\"canonical\" href=\"https:\/\/aeronoticias.com.pe\/noticiero\/internacionales\/adria-airways-se-suma-a-la-larga-lista-de-companias-europeas-insolventes\/\" \/>\n<meta property=\"og:locale\" content=\"es_ES\" \/>\n<meta property=\"og:type\" content=\"article\" \/>\n<meta property=\"og:title\" content=\"Adria Airways se suma a la larga lista de compa\u00f1\u00edas europeas insolventes\" \/>\n<meta property=\"og:description\" content=\"Portal de noticias del Per\u00fa sobre el transporte a\u00e9reo, aviaci\u00f3n, turismo, hoteleria, actualidad.\" \/>\n<meta property=\"og:url\" content=\"https:\/\/aeronoticias.com.pe\/noticiero\/internacionales\/adria-airways-se-suma-a-la-larga-lista-de-companias-europeas-insolventes\/\" \/>\n<meta property=\"og:site_name\" content=\"Aeronoticias.com.pe\" \/>\n<meta property=\"article:publisher\" content=\"https:\/\/www.facebook.com\/Aeronoticias.com.pe\/\" \/>\n<meta property=\"article:published_time\" content=\"2019-09-25T23:42:31+00:00\" \/>\n<meta name=\"author\" content=\"Redacci\u00f3n Aeronoticias\" \/>\n<meta name=\"twitter:card\" content=\"summary_large_image\" \/>\n<meta name=\"twitter:creator\" content=\"@aeronoticias\" \/>\n<meta name=\"twitter:site\" content=\"@aeronoticias\" \/>\n<meta name=\"twitter:label1\" content=\"Escrito por\" \/>\n\t<meta name=\"twitter:data1\" content=\"Redacci\u00f3n Aeronoticias\" \/>\n\t<meta name=\"twitter:label2\" content=\"Tiempo de lectura\" \/>\n\t<meta name=\"twitter:data2\" content=\"2 minutos\" \/>\n<script type=\"application\/ld+json\" class=\"yoast-schema-graph\">{\"@context\":\"https:\/\/schema.org\",\"@graph\":[{\"@type\":\"WebPage\",\"@id\":\"https:\/\/aeronoticias.com.pe\/noticiero\/internacionales\/adria-airways-se-suma-a-la-larga-lista-de-companias-europeas-insolventes\/\",\"url\":\"https:\/\/aeronoticias.com.pe\/noticiero\/internacionales\/adria-airways-se-suma-a-la-larga-lista-de-companias-europeas-insolventes\/\",\"name\":\"Adria Airways se suma a la larga lista de compa\u00f1\u00edas europeas insolventes\",\"isPartOf\":{\"@id\":\"https:\/\/aeronoticias.com.pe\/noticiero\/#website\"},\"datePublished\":\"2019-09-25T23:42:31+00:00\",\"author\":{\"@id\":\"https:\/\/aeronoticias.com.pe\/noticiero\/#\/schema\/person\/fc1e5d578f4b62ba1cf7ac2bba1170a0\"},\"description\":\"Portal de noticias del Per\u00fa sobre el transporte a\u00e9reo, aviaci\u00f3n, turismo, hoteleria, actualidad.\",\"breadcrumb\":{\"@id\":\"https:\/\/aeronoticias.com.pe\/noticiero\/internacionales\/adria-airways-se-suma-a-la-larga-lista-de-companias-europeas-insolventes\/#breadcrumb\"},\"inLanguage\":\"es\",\"potentialAction\":[{\"@type\":\"ReadAction\",\"target\":[\"https:\/\/aeronoticias.com.pe\/noticiero\/internacionales\/adria-airways-se-suma-a-la-larga-lista-de-companias-europeas-insolventes\/\"]}]},{\"@type\":\"BreadcrumbList\",\"@id\":\"https:\/\/aeronoticias.com.pe\/noticiero\/internacionales\/adria-airways-se-suma-a-la-larga-lista-de-companias-europeas-insolventes\/#breadcrumb\",\"itemListElement\":[{\"@type\":\"ListItem\",\"position\":1,\"name\":\"Portada\",\"item\":\"https:\/\/aeronoticias.com.pe\/noticiero\/\"},{\"@type\":\"ListItem\",\"position\":2,\"name\":\"Adria Airways se suma a la larga lista de compa\u00f1\u00edas europeas insolventes\"}]},{\"@type\":\"WebSite\",\"@id\":\"https:\/\/aeronoticias.com.pe\/noticiero\/#website\",\"url\":\"https:\/\/aeronoticias.com.pe\/noticiero\/\",\"name\":\"Aeronoticias.com.pe\",\"description\":\"Noticias de tranporte aereo, turismo, hoteles, gastronomia, actualidad, internacional\",\"potentialAction\":[{\"@type\":\"SearchAction\",\"target\":{\"@type\":\"EntryPoint\",\"urlTemplate\":\"https:\/\/aeronoticias.com.pe\/noticiero\/?s={search_term_string}\"},\"query-input\":{\"@type\":\"PropertyValueSpecification\",\"valueRequired\":true,\"valueName\":\"search_term_string\"}}],\"inLanguage\":\"es\"},{\"@type\":\"Person\",\"@id\":\"https:\/\/aeronoticias.com.pe\/noticiero\/#\/schema\/person\/fc1e5d578f4b62ba1cf7ac2bba1170a0\",\"name\":\"Redacci\u00f3n Aeronoticias\",\"url\":\"https:\/\/aeronoticias.com.pe\/noticiero\/author\/piloto\/\"}]}<\/script>\n<!-- \/ Yoast SEO plugin. -->","yoast_head_json":{"title":"Adria Airways se suma a la larga lista de compa\u00f1\u00edas europeas insolventes","description":"Portal de noticias del Per\u00fa sobre el transporte a\u00e9reo, aviaci\u00f3n, turismo, hoteleria, actualidad.","robots":{"index":"index","follow":"follow","max-snippet":"max-snippet:-1","max-image-preview":"max-image-preview:large","max-video-preview":"max-video-preview:-1"},"canonical":"https:\/\/aeronoticias.com.pe\/noticiero\/internacionales\/adria-airways-se-suma-a-la-larga-lista-de-companias-europeas-insolventes\/","og_locale":"es_ES","og_type":"article","og_title":"Adria Airways se suma a la larga lista de compa\u00f1\u00edas europeas insolventes","og_description":"Portal de noticias del Per\u00fa sobre el transporte a\u00e9reo, aviaci\u00f3n, turismo, hoteleria, actualidad.","og_url":"https:\/\/aeronoticias.com.pe\/noticiero\/internacionales\/adria-airways-se-suma-a-la-larga-lista-de-companias-europeas-insolventes\/","og_site_name":"Aeronoticias.com.pe","article_publisher":"https:\/\/www.facebook.com\/Aeronoticias.com.pe\/","article_published_time":"2019-09-25T23:42:31+00:00","author":"Redacci\u00f3n Aeronoticias","twitter_card":"summary_large_image","twitter_creator":"@aeronoticias","twitter_site":"@aeronoticias","twitter_misc":{"Escrito por":"Redacci\u00f3n Aeronoticias","Tiempo de lectura":"2 minutos"},"schema":{"@context":"https:\/\/schema.org","@graph":[{"@type":"WebPage","@id":"https:\/\/aeronoticias.com.pe\/noticiero\/internacionales\/adria-airways-se-suma-a-la-larga-lista-de-companias-europeas-insolventes\/","url":"https:\/\/aeronoticias.com.pe\/noticiero\/internacionales\/adria-airways-se-suma-a-la-larga-lista-de-companias-europeas-insolventes\/","name":"Adria Airways se suma a la larga lista de compa\u00f1\u00edas europeas insolventes","isPartOf":{"@id":"https:\/\/aeronoticias.com.pe\/noticiero\/#website"},"datePublished":"2019-09-25T23:42:31+00:00","author":{"@id":"https:\/\/aeronoticias.com.pe\/noticiero\/#\/schema\/person\/fc1e5d578f4b62ba1cf7ac2bba1170a0"},"description":"Portal de noticias del Per\u00fa sobre el transporte a\u00e9reo, aviaci\u00f3n, turismo, hoteleria, actualidad.","breadcrumb":{"@id":"https:\/\/aeronoticias.com.pe\/noticiero\/internacionales\/adria-airways-se-suma-a-la-larga-lista-de-companias-europeas-insolventes\/#breadcrumb"},"inLanguage":"es","potentialAction":[{"@type":"ReadAction","target":["https:\/\/aeronoticias.com.pe\/noticiero\/internacionales\/adria-airways-se-suma-a-la-larga-lista-de-companias-europeas-insolventes\/"]}]},{"@type":"BreadcrumbList","@id":"https:\/\/aeronoticias.com.pe\/noticiero\/internacionales\/adria-airways-se-suma-a-la-larga-lista-de-companias-europeas-insolventes\/#breadcrumb","itemListElement":[{"@type":"ListItem","position":1,"name":"Portada","item":"https:\/\/aeronoticias.com.pe\/noticiero\/"},{"@type":"ListItem","position":2,"name":"Adria Airways se suma a la larga lista de compa\u00f1\u00edas europeas insolventes"}]},{"@type":"WebSite","@id":"https:\/\/aeronoticias.com.pe\/noticiero\/#website","url":"https:\/\/aeronoticias.com.pe\/noticiero\/","name":"Aeronoticias.com.pe","description":"Noticias de tranporte aereo, turismo, hoteles, gastronomia, actualidad, internacional","potentialAction":[{"@type":"SearchAction","target":{"@type":"EntryPoint","urlTemplate":"https:\/\/aeronoticias.com.pe\/noticiero\/?s={search_term_string}"},"query-input":{"@type":"PropertyValueSpecification","valueRequired":true,"valueName":"search_term_string"}}],"inLanguage":"es"},{"@type":"Person","@id":"https:\/\/aeronoticias.com.pe\/noticiero\/#\/schema\/person\/fc1e5d578f4b62ba1cf7ac2bba1170a0","name":"Redacci\u00f3n Aeronoticias","url":"https:\/\/aeronoticias.com.pe\/noticiero\/author\/piloto\/"}]}},"_links":{"self":[{"href":"https:\/\/aeronoticias.com.pe\/noticiero\/wp-json\/wp\/v2\/posts\/58863","targetHints":{"allow":["GET"]}}],"collection":[{"href":"https:\/\/aeronoticias.com.pe\/noticiero\/wp-json\/wp\/v2\/posts"}],"about":[{"href":"https:\/\/aeronoticias.com.pe\/noticiero\/wp-json\/wp\/v2\/types\/post"}],"author":[{"embeddable":true,"href":"https:\/\/aeronoticias.com.pe\/noticiero\/wp-json\/wp\/v2\/users\/1"}],"replies":[{"embeddable":true,"href":"https:\/\/aeronoticias.com.pe\/noticiero\/wp-json\/wp\/v2\/comments?post=58863"}],"version-history":[{"count":0,"href":"https:\/\/aeronoticias.com.pe\/noticiero\/wp-json\/wp\/v2\/posts\/58863\/revisions"}],"wp:attachment":[{"href":"https:\/\/aeronoticias.com.pe\/noticiero\/wp-json\/wp\/v2\/media?parent=58863"}],"wp:term":[{"taxonomy":"category","embeddable":true,"href":"https:\/\/aeronoticias.com.pe\/noticiero\/wp-json\/wp\/v2\/categories?post=58863"},{"taxonomy":"post_tag","embeddable":true,"href":"https:\/\/aeronoticias.com.pe\/noticiero\/wp-json\/wp\/v2\/tags?post=58863"}],"curies":[{"name":"wp","href":"https:\/\/api.w.org\/{rel}","templated":true}]}}