{"id":58865,"date":"2019-09-25T23:52:05","date_gmt":"2019-09-25T23:52:05","guid":{"rendered":"http:\/\/desarrollo.mcvicious.com\/aero2020\/2019\/09\/25\/ryanair-dara-bono-a-su-ceo-pero-despediria-hasta-700-pilotos\/"},"modified":"2019-09-25T23:52:05","modified_gmt":"2019-09-25T23:52:05","slug":"ryanair-dara-bono-a-su-ceo-pero-despediria-hasta-700-pilotos","status":"publish","type":"post","link":"https:\/\/aeronoticias.com.pe\/noticiero\/internacionales\/ryanair-dara-bono-a-su-ceo-pero-despediria-hasta-700-pilotos\/","title":{"rendered":"Ryanair dar\u00e1 bono a su CEO pero despedir\u00eda hasta 700 pilotos"},"content":{"rendered":"<p style=\"text-align: justify;\"><strong>(Aeronoticias).<\/strong>&#8211;\u00a0<span style=\"color: #454545; font-family: Helvetica; font-size: 12px;\">Michael O&#8217;Leary<\/span><span style=\"color: #454545; font-family: Helvetica; font-size: 12px;\">, director ejecutivo de <\/span><span style=\"color: #454545; font-family: Helvetica; font-size: 12px;\">Ryanair<\/span><span style=\"color: #454545; font-family: Helvetica; font-size: 12px;\">, logr\u00f3 el pasado jueves que los accionistas de la aerol\u00ednea<\/span><span style=\"color: #454545; font-family: Helvetica; font-size: 12px;\"> aprobaran un plan de bonos para \u00e9l por 100 millones de euros durante cinco a\u00f1os,<\/span><span style=\"color: #454545; font-family: Helvetica; font-size: 12px;\"> y revel\u00f3 que podr\u00edan recortar hasta a 700 pilotos debido a un\u00a0decremento en la demanda.<\/span><\/p>\n<p class=\"p1\" style=\"text-align: justify;\">Apenas hace un par de a\u00f1os, la low cost irlandesa ten\u00eda una escasez de pilotos, pero ahora, O\u00b4Leary argument\u00f3 a los inversores que<strong> hay demasiados<\/strong>, por lo que pronostic\u00f3 que la compa\u00f1\u00eda reducir\u00e1 entre 500 y 700 de\u00a0su plantilla de pilotos.<\/p>\n<p class=\"p1\" style=\"text-align: justify;\">\u00a0<\/p>\n<p class=\"p1\" style=\"text-align: justify;\">Para obtener su bono de 100 millones de euros,\u00a0<strong>O&#8217;Leary tendr\u00eda que revertir la ca\u00edda cercana al 50% en el precio de las acciones<\/strong> que la compa\u00f1\u00eda ha experimentado desde 2017. Las acciones alcanzaron un precio m\u00e1ximo de 19.39 euros por unidad en agosto de 2017, sin embargo, disminuyeron un 1.8% el pasado jueves.<\/p>\n<p class=\"p1\" style=\"text-align: justify;\">\u00a0<\/p>\n<p class=\"p1\" style=\"text-align: justify;\">O&#8217;Leary asegur\u00f3 el respaldo del 50.5% de los accionistas para llevar a cabo el plan que le otorgar\u00e1 10 millones de euros en acciones, con la condici\u00f3n de<strong> duplicar la rentabilidad de Ryanair a dos mil millones de euros anuales<\/strong> y\/o aumentar el precio de las acciones a 21 euros por unidad; aun con esto, O&#8217;Leary dijo que estaba decepcionado por el nivel de apoyo.<\/p>\n<p class=\"p1\" style=\"text-align: justify;\">\u00a0<\/p>\n<p class=\"p1\" style=\"text-align: justify;\">Actualmente entre los mayores desaf\u00edos de la aerol\u00ednea se encuentran las disputas en cuanto a relaciones laborales y la puesta a tierra del 737 MAX, justo despu\u00e9s de que realizara una orden a Boeing por\u00a0<strong>135 aeronaves de este tipo<\/strong>, con opci\u00f3n a 75 m\u00e1s.<\/p>\n<p class=\"p2\" style=\"text-align: justify;\">\u00a0<\/p>\n<p class=\"p2\" style=\"text-align: justify;\">Fuente: <span style=\"text-decoration: underline;\"><em><strong>A21<\/strong><\/em><\/span>.<\/p>\n<p class=\"p2\" style=\"text-align: justify;\">\u00a0<\/p>\n<p class=\"p2\"><img decoding=\"async\" src=\"images\/stories\/ryanair2.jpg\" border=\"0\" \/><\/p>\n<p> p.p1 {margin: 0.0px 0.0px 0.0px 0.0px; font: 12.0px Helvetica; color: #454545} p.p2 {margin: 0.0px 0.0px 0.0px 0.0px; font: 12.0px Helvetica; color: #454545; min-height: 14.0px}<\/p>\n","protected":false},"excerpt":{"rendered":"<p>(Aeronoticias).&#8211;\u00a0Michael O&#8217;Leary, director ejecutivo de Ryanair, logr\u00f3 el pasado jueves que los accionistas de la aerol\u00ednea aprobaran un plan de bonos para \u00e9l por 100 millones de euros durante cinco a\u00f1os, y revel\u00f3 que podr\u00edan recortar hasta a 700 pilotos debido a un\u00a0decremento en la demanda. Apenas hace un par de a\u00f1os, la low cost [&hellip;]<\/p>\n","protected":false},"author":1,"featured_media":0,"comment_status":"open","ping_status":"open","sticky":false,"template":"","format":"standard","meta":{"tdm_status":"","tdm_grid_status":"","footnotes":""},"categories":[34],"tags":[],"class_list":{"0":"post-58865","1":"post","2":"type-post","3":"status-publish","4":"format-standard","6":"category-internacionales"},"yoast_head":"<!-- This site is optimized with the Yoast SEO plugin v25.1 - https:\/\/yoast.com\/wordpress\/plugins\/seo\/ -->\n<title>Ryanair dar\u00e1 bono a su CEO pero despedir\u00eda hasta 700 pilotos<\/title>\n<meta name=\"description\" content=\"Portal de noticias del Per\u00fa sobre el transporte a\u00e9reo, aviaci\u00f3n, turismo, hoteleria, actualidad.\" \/>\n<meta name=\"robots\" content=\"index, follow, max-snippet:-1, max-image-preview:large, max-video-preview:-1\" \/>\n<link rel=\"canonical\" href=\"https:\/\/aeronoticias.com.pe\/noticiero\/internacionales\/ryanair-dara-bono-a-su-ceo-pero-despediria-hasta-700-pilotos\/\" \/>\n<meta property=\"og:locale\" content=\"es_ES\" \/>\n<meta property=\"og:type\" content=\"article\" \/>\n<meta property=\"og:title\" content=\"Ryanair dar\u00e1 bono a su CEO pero despedir\u00eda hasta 700 pilotos\" \/>\n<meta property=\"og:description\" content=\"Portal de noticias del Per\u00fa sobre el transporte a\u00e9reo, aviaci\u00f3n, turismo, hoteleria, actualidad.\" \/>\n<meta property=\"og:url\" content=\"https:\/\/aeronoticias.com.pe\/noticiero\/internacionales\/ryanair-dara-bono-a-su-ceo-pero-despediria-hasta-700-pilotos\/\" \/>\n<meta property=\"og:site_name\" content=\"Aeronoticias.com.pe\" \/>\n<meta property=\"article:publisher\" content=\"https:\/\/www.facebook.com\/Aeronoticias.com.pe\/\" \/>\n<meta property=\"article:published_time\" content=\"2019-09-25T23:52:05+00:00\" \/>\n<meta name=\"author\" content=\"Redacci\u00f3n Aeronoticias\" \/>\n<meta name=\"twitter:card\" content=\"summary_large_image\" \/>\n<meta name=\"twitter:creator\" content=\"@aeronoticias\" \/>\n<meta name=\"twitter:site\" content=\"@aeronoticias\" \/>\n<meta name=\"twitter:label1\" content=\"Escrito por\" \/>\n\t<meta name=\"twitter:data1\" content=\"Redacci\u00f3n Aeronoticias\" \/>\n\t<meta name=\"twitter:label2\" content=\"Tiempo de lectura\" \/>\n\t<meta name=\"twitter:data2\" content=\"1 minuto\" \/>\n<script type=\"application\/ld+json\" class=\"yoast-schema-graph\">{\"@context\":\"https:\/\/schema.org\",\"@graph\":[{\"@type\":\"WebPage\",\"@id\":\"https:\/\/aeronoticias.com.pe\/noticiero\/internacionales\/ryanair-dara-bono-a-su-ceo-pero-despediria-hasta-700-pilotos\/\",\"url\":\"https:\/\/aeronoticias.com.pe\/noticiero\/internacionales\/ryanair-dara-bono-a-su-ceo-pero-despediria-hasta-700-pilotos\/\",\"name\":\"Ryanair dar\u00e1 bono a su CEO pero despedir\u00eda hasta 700 pilotos\",\"isPartOf\":{\"@id\":\"https:\/\/aeronoticias.com.pe\/noticiero\/#website\"},\"datePublished\":\"2019-09-25T23:52:05+00:00\",\"author\":{\"@id\":\"https:\/\/aeronoticias.com.pe\/noticiero\/#\/schema\/person\/fc1e5d578f4b62ba1cf7ac2bba1170a0\"},\"description\":\"Portal de noticias del Per\u00fa sobre el transporte a\u00e9reo, aviaci\u00f3n, turismo, hoteleria, actualidad.\",\"breadcrumb\":{\"@id\":\"https:\/\/aeronoticias.com.pe\/noticiero\/internacionales\/ryanair-dara-bono-a-su-ceo-pero-despediria-hasta-700-pilotos\/#breadcrumb\"},\"inLanguage\":\"es\",\"potentialAction\":[{\"@type\":\"ReadAction\",\"target\":[\"https:\/\/aeronoticias.com.pe\/noticiero\/internacionales\/ryanair-dara-bono-a-su-ceo-pero-despediria-hasta-700-pilotos\/\"]}]},{\"@type\":\"BreadcrumbList\",\"@id\":\"https:\/\/aeronoticias.com.pe\/noticiero\/internacionales\/ryanair-dara-bono-a-su-ceo-pero-despediria-hasta-700-pilotos\/#breadcrumb\",\"itemListElement\":[{\"@type\":\"ListItem\",\"position\":1,\"name\":\"Portada\",\"item\":\"https:\/\/aeronoticias.com.pe\/noticiero\/\"},{\"@type\":\"ListItem\",\"position\":2,\"name\":\"Ryanair dar\u00e1 bono a su CEO pero despedir\u00eda hasta 700 pilotos\"}]},{\"@type\":\"WebSite\",\"@id\":\"https:\/\/aeronoticias.com.pe\/noticiero\/#website\",\"url\":\"https:\/\/aeronoticias.com.pe\/noticiero\/\",\"name\":\"Aeronoticias.com.pe\",\"description\":\"Noticias de tranporte aereo, turismo, hoteles, gastronomia, actualidad, internacional\",\"potentialAction\":[{\"@type\":\"SearchAction\",\"target\":{\"@type\":\"EntryPoint\",\"urlTemplate\":\"https:\/\/aeronoticias.com.pe\/noticiero\/?s={search_term_string}\"},\"query-input\":{\"@type\":\"PropertyValueSpecification\",\"valueRequired\":true,\"valueName\":\"search_term_string\"}}],\"inLanguage\":\"es\"},{\"@type\":\"Person\",\"@id\":\"https:\/\/aeronoticias.com.pe\/noticiero\/#\/schema\/person\/fc1e5d578f4b62ba1cf7ac2bba1170a0\",\"name\":\"Redacci\u00f3n Aeronoticias\",\"url\":\"https:\/\/aeronoticias.com.pe\/noticiero\/author\/piloto\/\"}]}<\/script>\n<!-- \/ Yoast SEO plugin. -->","yoast_head_json":{"title":"Ryanair dar\u00e1 bono a su CEO pero despedir\u00eda hasta 700 pilotos","description":"Portal de noticias del Per\u00fa sobre el transporte a\u00e9reo, aviaci\u00f3n, turismo, hoteleria, actualidad.","robots":{"index":"index","follow":"follow","max-snippet":"max-snippet:-1","max-image-preview":"max-image-preview:large","max-video-preview":"max-video-preview:-1"},"canonical":"https:\/\/aeronoticias.com.pe\/noticiero\/internacionales\/ryanair-dara-bono-a-su-ceo-pero-despediria-hasta-700-pilotos\/","og_locale":"es_ES","og_type":"article","og_title":"Ryanair dar\u00e1 bono a su CEO pero despedir\u00eda hasta 700 pilotos","og_description":"Portal de noticias del Per\u00fa sobre el transporte a\u00e9reo, aviaci\u00f3n, turismo, hoteleria, actualidad.","og_url":"https:\/\/aeronoticias.com.pe\/noticiero\/internacionales\/ryanair-dara-bono-a-su-ceo-pero-despediria-hasta-700-pilotos\/","og_site_name":"Aeronoticias.com.pe","article_publisher":"https:\/\/www.facebook.com\/Aeronoticias.com.pe\/","article_published_time":"2019-09-25T23:52:05+00:00","author":"Redacci\u00f3n Aeronoticias","twitter_card":"summary_large_image","twitter_creator":"@aeronoticias","twitter_site":"@aeronoticias","twitter_misc":{"Escrito por":"Redacci\u00f3n Aeronoticias","Tiempo de lectura":"1 minuto"},"schema":{"@context":"https:\/\/schema.org","@graph":[{"@type":"WebPage","@id":"https:\/\/aeronoticias.com.pe\/noticiero\/internacionales\/ryanair-dara-bono-a-su-ceo-pero-despediria-hasta-700-pilotos\/","url":"https:\/\/aeronoticias.com.pe\/noticiero\/internacionales\/ryanair-dara-bono-a-su-ceo-pero-despediria-hasta-700-pilotos\/","name":"Ryanair dar\u00e1 bono a su CEO pero despedir\u00eda hasta 700 pilotos","isPartOf":{"@id":"https:\/\/aeronoticias.com.pe\/noticiero\/#website"},"datePublished":"2019-09-25T23:52:05+00:00","author":{"@id":"https:\/\/aeronoticias.com.pe\/noticiero\/#\/schema\/person\/fc1e5d578f4b62ba1cf7ac2bba1170a0"},"description":"Portal de noticias del Per\u00fa sobre el transporte a\u00e9reo, aviaci\u00f3n, turismo, hoteleria, actualidad.","breadcrumb":{"@id":"https:\/\/aeronoticias.com.pe\/noticiero\/internacionales\/ryanair-dara-bono-a-su-ceo-pero-despediria-hasta-700-pilotos\/#breadcrumb"},"inLanguage":"es","potentialAction":[{"@type":"ReadAction","target":["https:\/\/aeronoticias.com.pe\/noticiero\/internacionales\/ryanair-dara-bono-a-su-ceo-pero-despediria-hasta-700-pilotos\/"]}]},{"@type":"BreadcrumbList","@id":"https:\/\/aeronoticias.com.pe\/noticiero\/internacionales\/ryanair-dara-bono-a-su-ceo-pero-despediria-hasta-700-pilotos\/#breadcrumb","itemListElement":[{"@type":"ListItem","position":1,"name":"Portada","item":"https:\/\/aeronoticias.com.pe\/noticiero\/"},{"@type":"ListItem","position":2,"name":"Ryanair dar\u00e1 bono a su CEO pero despedir\u00eda hasta 700 pilotos"}]},{"@type":"WebSite","@id":"https:\/\/aeronoticias.com.pe\/noticiero\/#website","url":"https:\/\/aeronoticias.com.pe\/noticiero\/","name":"Aeronoticias.com.pe","description":"Noticias de tranporte aereo, turismo, hoteles, gastronomia, actualidad, internacional","potentialAction":[{"@type":"SearchAction","target":{"@type":"EntryPoint","urlTemplate":"https:\/\/aeronoticias.com.pe\/noticiero\/?s={search_term_string}"},"query-input":{"@type":"PropertyValueSpecification","valueRequired":true,"valueName":"search_term_string"}}],"inLanguage":"es"},{"@type":"Person","@id":"https:\/\/aeronoticias.com.pe\/noticiero\/#\/schema\/person\/fc1e5d578f4b62ba1cf7ac2bba1170a0","name":"Redacci\u00f3n Aeronoticias","url":"https:\/\/aeronoticias.com.pe\/noticiero\/author\/piloto\/"}]}},"_links":{"self":[{"href":"https:\/\/aeronoticias.com.pe\/noticiero\/wp-json\/wp\/v2\/posts\/58865","targetHints":{"allow":["GET"]}}],"collection":[{"href":"https:\/\/aeronoticias.com.pe\/noticiero\/wp-json\/wp\/v2\/posts"}],"about":[{"href":"https:\/\/aeronoticias.com.pe\/noticiero\/wp-json\/wp\/v2\/types\/post"}],"author":[{"embeddable":true,"href":"https:\/\/aeronoticias.com.pe\/noticiero\/wp-json\/wp\/v2\/users\/1"}],"replies":[{"embeddable":true,"href":"https:\/\/aeronoticias.com.pe\/noticiero\/wp-json\/wp\/v2\/comments?post=58865"}],"version-history":[{"count":0,"href":"https:\/\/aeronoticias.com.pe\/noticiero\/wp-json\/wp\/v2\/posts\/58865\/revisions"}],"wp:attachment":[{"href":"https:\/\/aeronoticias.com.pe\/noticiero\/wp-json\/wp\/v2\/media?parent=58865"}],"wp:term":[{"taxonomy":"category","embeddable":true,"href":"https:\/\/aeronoticias.com.pe\/noticiero\/wp-json\/wp\/v2\/categories?post=58865"},{"taxonomy":"post_tag","embeddable":true,"href":"https:\/\/aeronoticias.com.pe\/noticiero\/wp-json\/wp\/v2\/tags?post=58865"}],"curies":[{"name":"wp","href":"https:\/\/api.w.org\/{rel}","templated":true}]}}