{"id":58867,"date":"2019-09-25T14:55:16","date_gmt":"2019-09-25T14:55:16","guid":{"rendered":"http:\/\/desarrollo.mcvicious.com\/aero2020\/2019\/09\/25\/angel-sanchez-asumio-la-presidencia-de-la-federacion-de-periodistas-del-peru\/"},"modified":"2019-09-25T14:55:16","modified_gmt":"2019-09-25T14:55:16","slug":"angel-sanchez-asumio-la-presidencia-de-la-federacion-de-periodistas-del-peru","status":"publish","type":"post","link":"https:\/\/aeronoticias.com.pe\/noticiero\/nacionales\/angel-sanchez-asumio-la-presidencia-de-la-federacion-de-periodistas-del-peru\/","title":{"rendered":"\u00c1ngel S\u00e1nchez asumi\u00f3 la presidencia de la Federaci\u00f3n de Periodistas del Per\u00fa"},"content":{"rendered":"<p style=\"text-align: justify;\"><strong>(Aeronoticias) <\/strong>El colega \u00c1ngel S\u00e1nchez fue reelegido para desempe\u00f1ar el cargo de presidente de la Federaci\u00f3n de Periodistas del Per\u00fa (FPP), instituci\u00f3n emblem\u00e1tica del gremio con un largo historial de lucha defendiendo la libertad\u00a0 de prensa en nuestro pa\u00eds.<\/p>\n<p style=\"text-align: justify;\">Con tal motivo se llevaron a cabo diversas actividades en la sede principal de la FPP, sito en la primera cuadra de la avenida Abancay con la participaci\u00f3n de todos sus cuadros nacionales y delegaciones afines.<\/p>\n<p style=\"text-align: justify;\">La Uni\u00f3n de Periodistas de Aviaci\u00f3n (UPA) estuvo representada por su Secretario de Prensa y Propaganda, Roberto Hurtado Jara, a quien acompa\u00f1aron otros dirigentes del sector.<\/p>\n<p style=\"text-align: justify;\"><img decoding=\"async\" src=\"images\/stories\/19\/09\/250919\/ngel-snchez.jpg\" border=\"0\" \/><\/p>\n","protected":false},"excerpt":{"rendered":"<p>(Aeronoticias) El colega \u00c1ngel S\u00e1nchez fue reelegido para desempe\u00f1ar el cargo de presidente de la Federaci\u00f3n de Periodistas del Per\u00fa (FPP), instituci\u00f3n emblem\u00e1tica del gremio con un largo historial de lucha defendiendo la libertad\u00a0 de prensa en nuestro pa\u00eds. Con tal motivo se llevaron a cabo diversas actividades en la sede principal de la FPP, [&hellip;]<\/p>\n","protected":false},"author":1,"featured_media":0,"comment_status":"open","ping_status":"open","sticky":false,"template":"","format":"standard","meta":{"tdm_status":"","tdm_grid_status":"","footnotes":""},"categories":[38],"tags":[],"class_list":{"0":"post-58867","1":"post","2":"type-post","3":"status-publish","4":"format-standard","6":"category-nacionales"},"yoast_head":"<!-- This site is optimized with the Yoast SEO plugin v25.1 - https:\/\/yoast.com\/wordpress\/plugins\/seo\/ -->\n<title>\u00c1ngel S\u00e1nchez asumi\u00f3 la presidencia de la Federaci\u00f3n de Periodistas del Per\u00fa<\/title>\n<meta name=\"description\" content=\"Portal de noticias del Per\u00fa sobre el transporte a\u00e9reo, aviaci\u00f3n, turismo, hoteleria, actualidad.\" \/>\n<meta name=\"robots\" content=\"index, follow, max-snippet:-1, max-image-preview:large, max-video-preview:-1\" \/>\n<link rel=\"canonical\" href=\"https:\/\/aeronoticias.com.pe\/noticiero\/nacionales\/angel-sanchez-asumio-la-presidencia-de-la-federacion-de-periodistas-del-peru\/\" \/>\n<meta property=\"og:locale\" content=\"es_ES\" \/>\n<meta property=\"og:type\" content=\"article\" \/>\n<meta property=\"og:title\" content=\"\u00c1ngel S\u00e1nchez asumi\u00f3 la presidencia de la Federaci\u00f3n de Periodistas del Per\u00fa\" \/>\n<meta property=\"og:description\" content=\"Portal de noticias del Per\u00fa sobre el transporte a\u00e9reo, aviaci\u00f3n, turismo, hoteleria, actualidad.\" \/>\n<meta property=\"og:url\" content=\"https:\/\/aeronoticias.com.pe\/noticiero\/nacionales\/angel-sanchez-asumio-la-presidencia-de-la-federacion-de-periodistas-del-peru\/\" \/>\n<meta property=\"og:site_name\" content=\"Aeronoticias.com.pe\" \/>\n<meta property=\"article:publisher\" content=\"https:\/\/www.facebook.com\/Aeronoticias.com.pe\/\" \/>\n<meta property=\"article:published_time\" content=\"2019-09-25T14:55:16+00:00\" \/>\n<meta name=\"author\" content=\"Redacci\u00f3n Aeronoticias\" \/>\n<meta name=\"twitter:card\" content=\"summary_large_image\" \/>\n<meta name=\"twitter:creator\" content=\"@aeronoticias\" \/>\n<meta name=\"twitter:site\" content=\"@aeronoticias\" \/>\n<meta name=\"twitter:label1\" content=\"Escrito por\" \/>\n\t<meta name=\"twitter:data1\" content=\"Redacci\u00f3n Aeronoticias\" \/>\n\t<meta name=\"twitter:label2\" content=\"Tiempo de lectura\" \/>\n\t<meta name=\"twitter:data2\" content=\"1 minuto\" \/>\n<script type=\"application\/ld+json\" class=\"yoast-schema-graph\">{\"@context\":\"https:\/\/schema.org\",\"@graph\":[{\"@type\":\"WebPage\",\"@id\":\"https:\/\/aeronoticias.com.pe\/noticiero\/nacionales\/angel-sanchez-asumio-la-presidencia-de-la-federacion-de-periodistas-del-peru\/\",\"url\":\"https:\/\/aeronoticias.com.pe\/noticiero\/nacionales\/angel-sanchez-asumio-la-presidencia-de-la-federacion-de-periodistas-del-peru\/\",\"name\":\"\u00c1ngel S\u00e1nchez asumi\u00f3 la presidencia de la Federaci\u00f3n de Periodistas del Per\u00fa\",\"isPartOf\":{\"@id\":\"https:\/\/aeronoticias.com.pe\/noticiero\/#website\"},\"datePublished\":\"2019-09-25T14:55:16+00:00\",\"author\":{\"@id\":\"https:\/\/aeronoticias.com.pe\/noticiero\/#\/schema\/person\/fc1e5d578f4b62ba1cf7ac2bba1170a0\"},\"description\":\"Portal de noticias del Per\u00fa sobre el transporte a\u00e9reo, aviaci\u00f3n, turismo, hoteleria, actualidad.\",\"breadcrumb\":{\"@id\":\"https:\/\/aeronoticias.com.pe\/noticiero\/nacionales\/angel-sanchez-asumio-la-presidencia-de-la-federacion-de-periodistas-del-peru\/#breadcrumb\"},\"inLanguage\":\"es\",\"potentialAction\":[{\"@type\":\"ReadAction\",\"target\":[\"https:\/\/aeronoticias.com.pe\/noticiero\/nacionales\/angel-sanchez-asumio-la-presidencia-de-la-federacion-de-periodistas-del-peru\/\"]}]},{\"@type\":\"BreadcrumbList\",\"@id\":\"https:\/\/aeronoticias.com.pe\/noticiero\/nacionales\/angel-sanchez-asumio-la-presidencia-de-la-federacion-de-periodistas-del-peru\/#breadcrumb\",\"itemListElement\":[{\"@type\":\"ListItem\",\"position\":1,\"name\":\"Portada\",\"item\":\"https:\/\/aeronoticias.com.pe\/noticiero\/\"},{\"@type\":\"ListItem\",\"position\":2,\"name\":\"\u00c1ngel S\u00e1nchez asumi\u00f3 la presidencia de la Federaci\u00f3n de Periodistas del Per\u00fa\"}]},{\"@type\":\"WebSite\",\"@id\":\"https:\/\/aeronoticias.com.pe\/noticiero\/#website\",\"url\":\"https:\/\/aeronoticias.com.pe\/noticiero\/\",\"name\":\"Aeronoticias.com.pe\",\"description\":\"Noticias de tranporte aereo, turismo, hoteles, gastronomia, actualidad, internacional\",\"potentialAction\":[{\"@type\":\"SearchAction\",\"target\":{\"@type\":\"EntryPoint\",\"urlTemplate\":\"https:\/\/aeronoticias.com.pe\/noticiero\/?s={search_term_string}\"},\"query-input\":{\"@type\":\"PropertyValueSpecification\",\"valueRequired\":true,\"valueName\":\"search_term_string\"}}],\"inLanguage\":\"es\"},{\"@type\":\"Person\",\"@id\":\"https:\/\/aeronoticias.com.pe\/noticiero\/#\/schema\/person\/fc1e5d578f4b62ba1cf7ac2bba1170a0\",\"name\":\"Redacci\u00f3n Aeronoticias\",\"url\":\"https:\/\/aeronoticias.com.pe\/noticiero\/author\/piloto\/\"}]}<\/script>\n<!-- \/ Yoast SEO plugin. -->","yoast_head_json":{"title":"\u00c1ngel S\u00e1nchez asumi\u00f3 la presidencia de la Federaci\u00f3n de Periodistas del Per\u00fa","description":"Portal de noticias del Per\u00fa sobre el transporte a\u00e9reo, aviaci\u00f3n, turismo, hoteleria, actualidad.","robots":{"index":"index","follow":"follow","max-snippet":"max-snippet:-1","max-image-preview":"max-image-preview:large","max-video-preview":"max-video-preview:-1"},"canonical":"https:\/\/aeronoticias.com.pe\/noticiero\/nacionales\/angel-sanchez-asumio-la-presidencia-de-la-federacion-de-periodistas-del-peru\/","og_locale":"es_ES","og_type":"article","og_title":"\u00c1ngel S\u00e1nchez asumi\u00f3 la presidencia de la Federaci\u00f3n de Periodistas del Per\u00fa","og_description":"Portal de noticias del Per\u00fa sobre el transporte a\u00e9reo, aviaci\u00f3n, turismo, hoteleria, actualidad.","og_url":"https:\/\/aeronoticias.com.pe\/noticiero\/nacionales\/angel-sanchez-asumio-la-presidencia-de-la-federacion-de-periodistas-del-peru\/","og_site_name":"Aeronoticias.com.pe","article_publisher":"https:\/\/www.facebook.com\/Aeronoticias.com.pe\/","article_published_time":"2019-09-25T14:55:16+00:00","author":"Redacci\u00f3n Aeronoticias","twitter_card":"summary_large_image","twitter_creator":"@aeronoticias","twitter_site":"@aeronoticias","twitter_misc":{"Escrito por":"Redacci\u00f3n Aeronoticias","Tiempo de lectura":"1 minuto"},"schema":{"@context":"https:\/\/schema.org","@graph":[{"@type":"WebPage","@id":"https:\/\/aeronoticias.com.pe\/noticiero\/nacionales\/angel-sanchez-asumio-la-presidencia-de-la-federacion-de-periodistas-del-peru\/","url":"https:\/\/aeronoticias.com.pe\/noticiero\/nacionales\/angel-sanchez-asumio-la-presidencia-de-la-federacion-de-periodistas-del-peru\/","name":"\u00c1ngel S\u00e1nchez asumi\u00f3 la presidencia de la Federaci\u00f3n de Periodistas del Per\u00fa","isPartOf":{"@id":"https:\/\/aeronoticias.com.pe\/noticiero\/#website"},"datePublished":"2019-09-25T14:55:16+00:00","author":{"@id":"https:\/\/aeronoticias.com.pe\/noticiero\/#\/schema\/person\/fc1e5d578f4b62ba1cf7ac2bba1170a0"},"description":"Portal de noticias del Per\u00fa sobre el transporte a\u00e9reo, aviaci\u00f3n, turismo, hoteleria, actualidad.","breadcrumb":{"@id":"https:\/\/aeronoticias.com.pe\/noticiero\/nacionales\/angel-sanchez-asumio-la-presidencia-de-la-federacion-de-periodistas-del-peru\/#breadcrumb"},"inLanguage":"es","potentialAction":[{"@type":"ReadAction","target":["https:\/\/aeronoticias.com.pe\/noticiero\/nacionales\/angel-sanchez-asumio-la-presidencia-de-la-federacion-de-periodistas-del-peru\/"]}]},{"@type":"BreadcrumbList","@id":"https:\/\/aeronoticias.com.pe\/noticiero\/nacionales\/angel-sanchez-asumio-la-presidencia-de-la-federacion-de-periodistas-del-peru\/#breadcrumb","itemListElement":[{"@type":"ListItem","position":1,"name":"Portada","item":"https:\/\/aeronoticias.com.pe\/noticiero\/"},{"@type":"ListItem","position":2,"name":"\u00c1ngel S\u00e1nchez asumi\u00f3 la presidencia de la Federaci\u00f3n de Periodistas del Per\u00fa"}]},{"@type":"WebSite","@id":"https:\/\/aeronoticias.com.pe\/noticiero\/#website","url":"https:\/\/aeronoticias.com.pe\/noticiero\/","name":"Aeronoticias.com.pe","description":"Noticias de tranporte aereo, turismo, hoteles, gastronomia, actualidad, internacional","potentialAction":[{"@type":"SearchAction","target":{"@type":"EntryPoint","urlTemplate":"https:\/\/aeronoticias.com.pe\/noticiero\/?s={search_term_string}"},"query-input":{"@type":"PropertyValueSpecification","valueRequired":true,"valueName":"search_term_string"}}],"inLanguage":"es"},{"@type":"Person","@id":"https:\/\/aeronoticias.com.pe\/noticiero\/#\/schema\/person\/fc1e5d578f4b62ba1cf7ac2bba1170a0","name":"Redacci\u00f3n Aeronoticias","url":"https:\/\/aeronoticias.com.pe\/noticiero\/author\/piloto\/"}]}},"_links":{"self":[{"href":"https:\/\/aeronoticias.com.pe\/noticiero\/wp-json\/wp\/v2\/posts\/58867","targetHints":{"allow":["GET"]}}],"collection":[{"href":"https:\/\/aeronoticias.com.pe\/noticiero\/wp-json\/wp\/v2\/posts"}],"about":[{"href":"https:\/\/aeronoticias.com.pe\/noticiero\/wp-json\/wp\/v2\/types\/post"}],"author":[{"embeddable":true,"href":"https:\/\/aeronoticias.com.pe\/noticiero\/wp-json\/wp\/v2\/users\/1"}],"replies":[{"embeddable":true,"href":"https:\/\/aeronoticias.com.pe\/noticiero\/wp-json\/wp\/v2\/comments?post=58867"}],"version-history":[{"count":0,"href":"https:\/\/aeronoticias.com.pe\/noticiero\/wp-json\/wp\/v2\/posts\/58867\/revisions"}],"wp:attachment":[{"href":"https:\/\/aeronoticias.com.pe\/noticiero\/wp-json\/wp\/v2\/media?parent=58867"}],"wp:term":[{"taxonomy":"category","embeddable":true,"href":"https:\/\/aeronoticias.com.pe\/noticiero\/wp-json\/wp\/v2\/categories?post=58867"},{"taxonomy":"post_tag","embeddable":true,"href":"https:\/\/aeronoticias.com.pe\/noticiero\/wp-json\/wp\/v2\/tags?post=58867"}],"curies":[{"name":"wp","href":"https:\/\/api.w.org\/{rel}","templated":true}]}}