{"id":58868,"date":"2019-09-26T15:00:32","date_gmt":"2019-09-26T15:00:32","guid":{"rendered":"http:\/\/desarrollo.mcvicious.com\/aero2020\/2019\/09\/26\/el-nuevo-h145-de-airbus-aterriza-en-el-aconcagua\/"},"modified":"2019-09-26T15:00:32","modified_gmt":"2019-09-26T15:00:32","slug":"el-nuevo-h145-de-airbus-aterriza-en-el-aconcagua","status":"publish","type":"post","link":"https:\/\/aeronoticias.com.pe\/noticiero\/internacionales\/el-nuevo-h145-de-airbus-aterriza-en-el-aconcagua\/","title":{"rendered":"El nuevo H145 de Airbus aterriza en el Aconcagua"},"content":{"rendered":"<p style=\"text-align: justify;\"><strong>(Aeronoticias) <\/strong><span style=\"text-align: justify;\">Airbus Helicopters ha conseguido llegar a nuevas alturas: el nuevo H145 ha aterrizado en la cima del Aconcagua en los Andes argentinos, la cima m\u00e1s alta de Am\u00e9rica, culminando a 6.962 metros. Se trata de la primera vez que un helic\u00f3ptero bimotor aterriza a esta altitud, confirmando el rendimiento y la amplia envolvente de vuelo del nuevo H145. <\/span><\/p>\n<p style=\"text-align: justify;\"><span style=\"font-size: 12.16px;\"> <\/span>Esta misi\u00f3n se desarroll\u00f3 bajo condiciones extremas debido a las condiciones atmosf\u00e9ricas de la zona y al clima invernal. La aeronave despeg\u00f3 desde Mendoza (Argentina) y vol\u00f3 30 minutos hasta el pie del Aconcagua, donde comenz\u00f3 su ascenso. Tras un ascenso de 15 minutos, el helic\u00f3ptero aterriz\u00f3 en la cima a las 13h45 a una temperatura de -22 \u00baC. A bordo se encontraban el piloto de pruebas Alexander Neuhaus acompa\u00f1ado del ingeniero de pruebas en vuelo Antoine van Gent.<\/p>\n<p style=\"text-align: justify;\"><span style=\"font-size: 12.16px;\"> <\/span>\u201cTuvimos que mantenernos concentrados en la misi\u00f3n debido a los fuertes vientos, con r\u00e1fagas de hasta 30 nudos, turbolencias y a una densidad de aire muy baja. Las cualidades de manejo del nuevo H145 son excelentes y, combinadas con Helionix y su piloto autom\u00e1tico de cuatro ejes, pudimos alcanzar la cima de forma segura\u201d, declar\u00f3 Alexander Neuhaus, piloto de pruebas en Airbus Helicopters. \u201cEl helic\u00f3ptero ha tenido un comportamiento extraordinario. Hemos sobrevolado la cima sin utilizar toda la potencia del helic\u00f3ptero, lo que nos habr\u00eda permitido transportar dos pasajeros.\u201d<\/p>\n<p style=\"text-align: justify;\"><span style=\"font-size: 12.16px;\"> <\/span>Este vuelo de pruebas recibi\u00f3 el apoyo de la Fuerza A\u00e9rea Argentina, que proporcion\u00f3 apoyo a\u00e9reo con sus helic\u00f3pteros Lama; la Patrulla de Rescate de Alta Monta\u00f1a de la Polic\u00eda de Mendoza, que ofreci\u00f3 un plan de contingencia; el Parque Provincial Aconcagua, que facilit\u00f3 las operaciones y la log\u00edstica, y Helicopters AR, un operador local con m\u00e1s de quince a\u00f1os de experiencia de vuelo en el Parque Aconcagua con su helic\u00f3ptero Airbus H125.<\/p>\n<p style=\"text-align: justify;\">El Aconcagua no es la primera cumbre conquistada por Airbus Helicopters: el 14 de mayo de 2005, el piloto Didier Delsalle se pos\u00f3 con un H125 en la cima del Everest.<\/p>\n<p style=\"text-align: justify;\"><span style=\"font-size: 12.16px;\"> <\/span>Antes de comenzar la campa\u00f1a de pruebas de gran altitud en Am\u00e9rica del Sur, el nuevo H145 ya hab\u00eda realizado varias campa\u00f1as de ensayos, como la desarrollada en Espa\u00f1a para las pruebas a una altitud media y en Finlandia para el clima fr\u00edo. Los dos prototipos H145 de cinco palas han registrado ya m\u00e1s de 400 horas de vuelo con vistas a la certificaci\u00f3n de la EASA que tendr\u00e1 lugar a principios de 2020. Ser\u00e1 seguida de la certificaci\u00f3n de la FAA y las primeras entregas a lo largo de ese mismo a\u00f1o.<\/p>\n<p style=\"text-align: justify;\"><span style=\"font-size: 12.16px;\"> <\/span>La nueva versi\u00f3n del H145, el helic\u00f3ptero ligero bimotor \u00e9xito de ventas, se present\u00f3 en marzo en la Heli-Expo 2019 en Atlanta. El nuevo rotor de cinco palas del H145 aumenta significativamente su rendimiento general, elevando a 3.800 kg el peso m\u00e1ximo al despegue e incrementando su carga \u00fatil, que ahora equivale al peso vac\u00edo de la aeronave. La sencillez del dise\u00f1o de su nuevo rotor sin rodamientos facilita tambi\u00e9n las tareas de mantenimiento, aumentando todav\u00eda m\u00e1s la fiabilidad y facilidad de servicio del H145, al tiempo que aumenta el confort de los pasajeros y la tripulaci\u00f3n. Un menor di\u00e1metro del rotor permite al H145 operar en \u00e1reas m\u00e1s reducidas.<\/p>\n<p style=\"text-align: justify;\"><img decoding=\"async\" src=\"images\/stories\/19\/09\/260919\/h145-aconcagua-2019-07_c_airbus helicopters.jpg\" border=\"0\" \/><\/p>\n","protected":false},"excerpt":{"rendered":"<p>(Aeronoticias) Airbus Helicopters ha conseguido llegar a nuevas alturas: el nuevo H145 ha aterrizado en la cima del Aconcagua en los Andes argentinos, la cima m\u00e1s alta de Am\u00e9rica, culminando a 6.962 metros. Se trata de la primera vez que un helic\u00f3ptero bimotor aterriza a esta altitud, confirmando el rendimiento y la amplia envolvente de [&hellip;]<\/p>\n","protected":false},"author":1,"featured_media":0,"comment_status":"open","ping_status":"open","sticky":false,"template":"","format":"standard","meta":{"tdm_status":"","tdm_grid_status":"","footnotes":""},"categories":[34],"tags":[],"class_list":{"0":"post-58868","1":"post","2":"type-post","3":"status-publish","4":"format-standard","6":"category-internacionales"},"yoast_head":"<!-- This site is optimized with the Yoast SEO plugin v25.1 - https:\/\/yoast.com\/wordpress\/plugins\/seo\/ -->\n<title>El nuevo H145 de Airbus aterriza en el Aconcagua<\/title>\n<meta name=\"description\" content=\"Portal de noticias del Per\u00fa sobre el transporte a\u00e9reo, aviaci\u00f3n, turismo, hoteleria, actualidad.\" \/>\n<meta name=\"robots\" content=\"index, follow, max-snippet:-1, max-image-preview:large, max-video-preview:-1\" \/>\n<link rel=\"canonical\" href=\"https:\/\/aeronoticias.com.pe\/noticiero\/internacionales\/el-nuevo-h145-de-airbus-aterriza-en-el-aconcagua\/\" \/>\n<meta property=\"og:locale\" content=\"es_ES\" \/>\n<meta property=\"og:type\" content=\"article\" \/>\n<meta property=\"og:title\" content=\"El nuevo H145 de Airbus aterriza en el Aconcagua\" \/>\n<meta property=\"og:description\" content=\"Portal de noticias del Per\u00fa sobre el transporte a\u00e9reo, aviaci\u00f3n, turismo, hoteleria, actualidad.\" \/>\n<meta property=\"og:url\" content=\"https:\/\/aeronoticias.com.pe\/noticiero\/internacionales\/el-nuevo-h145-de-airbus-aterriza-en-el-aconcagua\/\" \/>\n<meta property=\"og:site_name\" content=\"Aeronoticias.com.pe\" \/>\n<meta property=\"article:publisher\" content=\"https:\/\/www.facebook.com\/Aeronoticias.com.pe\/\" \/>\n<meta property=\"article:published_time\" content=\"2019-09-26T15:00:32+00:00\" \/>\n<meta name=\"author\" content=\"Redacci\u00f3n Aeronoticias\" \/>\n<meta name=\"twitter:card\" content=\"summary_large_image\" \/>\n<meta name=\"twitter:creator\" content=\"@aeronoticias\" \/>\n<meta name=\"twitter:site\" content=\"@aeronoticias\" \/>\n<meta name=\"twitter:label1\" content=\"Escrito por\" \/>\n\t<meta name=\"twitter:data1\" content=\"Redacci\u00f3n Aeronoticias\" \/>\n\t<meta name=\"twitter:label2\" content=\"Tiempo de lectura\" \/>\n\t<meta name=\"twitter:data2\" content=\"3 minutos\" \/>\n<script type=\"application\/ld+json\" class=\"yoast-schema-graph\">{\"@context\":\"https:\/\/schema.org\",\"@graph\":[{\"@type\":\"WebPage\",\"@id\":\"https:\/\/aeronoticias.com.pe\/noticiero\/internacionales\/el-nuevo-h145-de-airbus-aterriza-en-el-aconcagua\/\",\"url\":\"https:\/\/aeronoticias.com.pe\/noticiero\/internacionales\/el-nuevo-h145-de-airbus-aterriza-en-el-aconcagua\/\",\"name\":\"El nuevo H145 de Airbus aterriza en el Aconcagua\",\"isPartOf\":{\"@id\":\"https:\/\/aeronoticias.com.pe\/noticiero\/#website\"},\"datePublished\":\"2019-09-26T15:00:32+00:00\",\"author\":{\"@id\":\"https:\/\/aeronoticias.com.pe\/noticiero\/#\/schema\/person\/fc1e5d578f4b62ba1cf7ac2bba1170a0\"},\"description\":\"Portal de noticias del Per\u00fa sobre el transporte a\u00e9reo, aviaci\u00f3n, turismo, hoteleria, actualidad.\",\"breadcrumb\":{\"@id\":\"https:\/\/aeronoticias.com.pe\/noticiero\/internacionales\/el-nuevo-h145-de-airbus-aterriza-en-el-aconcagua\/#breadcrumb\"},\"inLanguage\":\"es\",\"potentialAction\":[{\"@type\":\"ReadAction\",\"target\":[\"https:\/\/aeronoticias.com.pe\/noticiero\/internacionales\/el-nuevo-h145-de-airbus-aterriza-en-el-aconcagua\/\"]}]},{\"@type\":\"BreadcrumbList\",\"@id\":\"https:\/\/aeronoticias.com.pe\/noticiero\/internacionales\/el-nuevo-h145-de-airbus-aterriza-en-el-aconcagua\/#breadcrumb\",\"itemListElement\":[{\"@type\":\"ListItem\",\"position\":1,\"name\":\"Portada\",\"item\":\"https:\/\/aeronoticias.com.pe\/noticiero\/\"},{\"@type\":\"ListItem\",\"position\":2,\"name\":\"El nuevo H145 de Airbus aterriza en el Aconcagua\"}]},{\"@type\":\"WebSite\",\"@id\":\"https:\/\/aeronoticias.com.pe\/noticiero\/#website\",\"url\":\"https:\/\/aeronoticias.com.pe\/noticiero\/\",\"name\":\"Aeronoticias.com.pe\",\"description\":\"Noticias de tranporte aereo, turismo, hoteles, gastronomia, actualidad, internacional\",\"potentialAction\":[{\"@type\":\"SearchAction\",\"target\":{\"@type\":\"EntryPoint\",\"urlTemplate\":\"https:\/\/aeronoticias.com.pe\/noticiero\/?s={search_term_string}\"},\"query-input\":{\"@type\":\"PropertyValueSpecification\",\"valueRequired\":true,\"valueName\":\"search_term_string\"}}],\"inLanguage\":\"es\"},{\"@type\":\"Person\",\"@id\":\"https:\/\/aeronoticias.com.pe\/noticiero\/#\/schema\/person\/fc1e5d578f4b62ba1cf7ac2bba1170a0\",\"name\":\"Redacci\u00f3n Aeronoticias\",\"url\":\"https:\/\/aeronoticias.com.pe\/noticiero\/author\/piloto\/\"}]}<\/script>\n<!-- \/ Yoast SEO plugin. -->","yoast_head_json":{"title":"El nuevo H145 de Airbus aterriza en el Aconcagua","description":"Portal de noticias del Per\u00fa sobre el transporte a\u00e9reo, aviaci\u00f3n, turismo, hoteleria, actualidad.","robots":{"index":"index","follow":"follow","max-snippet":"max-snippet:-1","max-image-preview":"max-image-preview:large","max-video-preview":"max-video-preview:-1"},"canonical":"https:\/\/aeronoticias.com.pe\/noticiero\/internacionales\/el-nuevo-h145-de-airbus-aterriza-en-el-aconcagua\/","og_locale":"es_ES","og_type":"article","og_title":"El nuevo H145 de Airbus aterriza en el Aconcagua","og_description":"Portal de noticias del Per\u00fa sobre el transporte a\u00e9reo, aviaci\u00f3n, turismo, hoteleria, actualidad.","og_url":"https:\/\/aeronoticias.com.pe\/noticiero\/internacionales\/el-nuevo-h145-de-airbus-aterriza-en-el-aconcagua\/","og_site_name":"Aeronoticias.com.pe","article_publisher":"https:\/\/www.facebook.com\/Aeronoticias.com.pe\/","article_published_time":"2019-09-26T15:00:32+00:00","author":"Redacci\u00f3n Aeronoticias","twitter_card":"summary_large_image","twitter_creator":"@aeronoticias","twitter_site":"@aeronoticias","twitter_misc":{"Escrito por":"Redacci\u00f3n Aeronoticias","Tiempo de lectura":"3 minutos"},"schema":{"@context":"https:\/\/schema.org","@graph":[{"@type":"WebPage","@id":"https:\/\/aeronoticias.com.pe\/noticiero\/internacionales\/el-nuevo-h145-de-airbus-aterriza-en-el-aconcagua\/","url":"https:\/\/aeronoticias.com.pe\/noticiero\/internacionales\/el-nuevo-h145-de-airbus-aterriza-en-el-aconcagua\/","name":"El nuevo H145 de Airbus aterriza en el Aconcagua","isPartOf":{"@id":"https:\/\/aeronoticias.com.pe\/noticiero\/#website"},"datePublished":"2019-09-26T15:00:32+00:00","author":{"@id":"https:\/\/aeronoticias.com.pe\/noticiero\/#\/schema\/person\/fc1e5d578f4b62ba1cf7ac2bba1170a0"},"description":"Portal de noticias del Per\u00fa sobre el transporte a\u00e9reo, aviaci\u00f3n, turismo, hoteleria, actualidad.","breadcrumb":{"@id":"https:\/\/aeronoticias.com.pe\/noticiero\/internacionales\/el-nuevo-h145-de-airbus-aterriza-en-el-aconcagua\/#breadcrumb"},"inLanguage":"es","potentialAction":[{"@type":"ReadAction","target":["https:\/\/aeronoticias.com.pe\/noticiero\/internacionales\/el-nuevo-h145-de-airbus-aterriza-en-el-aconcagua\/"]}]},{"@type":"BreadcrumbList","@id":"https:\/\/aeronoticias.com.pe\/noticiero\/internacionales\/el-nuevo-h145-de-airbus-aterriza-en-el-aconcagua\/#breadcrumb","itemListElement":[{"@type":"ListItem","position":1,"name":"Portada","item":"https:\/\/aeronoticias.com.pe\/noticiero\/"},{"@type":"ListItem","position":2,"name":"El nuevo H145 de Airbus aterriza en el Aconcagua"}]},{"@type":"WebSite","@id":"https:\/\/aeronoticias.com.pe\/noticiero\/#website","url":"https:\/\/aeronoticias.com.pe\/noticiero\/","name":"Aeronoticias.com.pe","description":"Noticias de tranporte aereo, turismo, hoteles, gastronomia, actualidad, internacional","potentialAction":[{"@type":"SearchAction","target":{"@type":"EntryPoint","urlTemplate":"https:\/\/aeronoticias.com.pe\/noticiero\/?s={search_term_string}"},"query-input":{"@type":"PropertyValueSpecification","valueRequired":true,"valueName":"search_term_string"}}],"inLanguage":"es"},{"@type":"Person","@id":"https:\/\/aeronoticias.com.pe\/noticiero\/#\/schema\/person\/fc1e5d578f4b62ba1cf7ac2bba1170a0","name":"Redacci\u00f3n Aeronoticias","url":"https:\/\/aeronoticias.com.pe\/noticiero\/author\/piloto\/"}]}},"_links":{"self":[{"href":"https:\/\/aeronoticias.com.pe\/noticiero\/wp-json\/wp\/v2\/posts\/58868","targetHints":{"allow":["GET"]}}],"collection":[{"href":"https:\/\/aeronoticias.com.pe\/noticiero\/wp-json\/wp\/v2\/posts"}],"about":[{"href":"https:\/\/aeronoticias.com.pe\/noticiero\/wp-json\/wp\/v2\/types\/post"}],"author":[{"embeddable":true,"href":"https:\/\/aeronoticias.com.pe\/noticiero\/wp-json\/wp\/v2\/users\/1"}],"replies":[{"embeddable":true,"href":"https:\/\/aeronoticias.com.pe\/noticiero\/wp-json\/wp\/v2\/comments?post=58868"}],"version-history":[{"count":0,"href":"https:\/\/aeronoticias.com.pe\/noticiero\/wp-json\/wp\/v2\/posts\/58868\/revisions"}],"wp:attachment":[{"href":"https:\/\/aeronoticias.com.pe\/noticiero\/wp-json\/wp\/v2\/media?parent=58868"}],"wp:term":[{"taxonomy":"category","embeddable":true,"href":"https:\/\/aeronoticias.com.pe\/noticiero\/wp-json\/wp\/v2\/categories?post=58868"},{"taxonomy":"post_tag","embeddable":true,"href":"https:\/\/aeronoticias.com.pe\/noticiero\/wp-json\/wp\/v2\/tags?post=58868"}],"curies":[{"name":"wp","href":"https:\/\/api.w.org\/{rel}","templated":true}]}}