{"id":58869,"date":"2019-09-26T16:25:56","date_gmt":"2019-09-26T16:25:56","guid":{"rendered":"http:\/\/desarrollo.mcvicious.com\/aero2020\/2019\/09\/26\/alta-celebra-el-dia-mundial-del-turismo\/"},"modified":"2019-09-26T16:25:56","modified_gmt":"2019-09-26T16:25:56","slug":"alta-celebra-el-dia-mundial-del-turismo","status":"publish","type":"post","link":"https:\/\/aeronoticias.com.pe\/noticiero\/turismo\/13\/alta-celebra-el-dia-mundial-del-turismo\/","title":{"rendered":"ALTA celebra el D\u00eda Mundial del Turismo"},"content":{"rendered":"<p style=\"text-align: justify;\"><strong>(Aeronoticias) <\/strong><span style=\"text-align: justify;\">La Asociaci\u00f3n Latinoamericana y del Caribe de Transporte A\u00e9reo (ALTA) se une a la conmemoraci\u00f3n del D\u00eda Mundial del Turismo este 27 de septiembre, fecha establecida en 1979 por la Asamblea General de la Organizaci\u00f3n Mundial del Turismo para conmemorar uno de los sectores econ\u00f3micos m\u00e1s importantes y de mayor crecimiento en el mundo. <\/span><\/p>\n<p style=\"text-align: justify;\">De acuerdo con datos de la WTTC, la industria de viajes y turismo representa la sexta industria que m\u00e1s contribuye al PIB de Latinoam\u00e9rica y el Caribe con 398 mil millones de d\u00f3lares en 2018, equivalente al 9.3% del PIB total, superando industrias como banca y salud. \u201cCreemos fuertemente en el valor de la aviaci\u00f3n y el turismo como motores del desarrollo y la prosperidad de los pa\u00edses de nuestra regi\u00f3n. Desde ALTA queremos aprovechar esta fecha y reforzar, una vez m\u00e1s, nuestro mensaje a los Estados, a la industria y a las poblaciones servidas, sobre la importancia de desarrollar la industria de viajes y turismo como catalizador econ\u00f3mico, generador de empleos y de oportunidades para m\u00e1s lugares, incluso remotos, en la regi\u00f3n, siempre teniendo como pilar fundamental la protecci\u00f3n del medioambiente\u201d, coment\u00f3 Luis Felipe de Oliveira, Director Ejecutivo &amp; CEO de ALTA.<\/p>\n<p style=\"text-align: justify;\">En 2018, la industria de viajes y turismo gener\u00f3 cerca de 19 millones de empleos directos, indirectos e inducidos en la regi\u00f3n, de acuerdo con datos de la WTTC, gracias a la visita de m\u00e1s de 116 millones de turistas internacionales. Es importante destacar que los ingresos que generan los turistas que llegan a la regi\u00f3n por v\u00eda a\u00e9rea son mayores que el promedio de otros medios de transporte. Por ejemplo, en M\u00e9xico, que recibi\u00f3 cerca de 42 millones de turistas internacionales en 2018, los turistas que llegan por avi\u00f3n gastan 2.7 veces m\u00e1s que los turistas que llegan por otros medios de transporte.<\/p>\n<p style=\"text-align: justify;\">Del total de turistas que visitaron la regi\u00f3n, 51 millones de turistas (44% del total) vinieron de los Estados Unidos. \u201cLos americanos realizan en promedio 2 viajes per c\u00e1pita por a\u00f1o. En Latinoam\u00e9rica, en cambio, a\u00fan viajamos muy poco. Estamos dando pasos importantes para atraer turistas a la regi\u00f3n, pero tenemos que generar m\u00e1s oportunidades para que nuestra poblaci\u00f3n haga uso del transporte a\u00e9reo. Se estima que en los pr\u00f3ximos 10 a\u00f1os vamos a doblar el n\u00famero de pasajeros transportados en la regi\u00f3n y esperamos que cada vez m\u00e1s latinoamericanos puedan viajar, especialmente dentro de los maravillosos destinos de la regi\u00f3n\u201d, agreg\u00f3 de Oliveira.<\/p>\n<p style=\"text-align: justify;\">Competitividad: con miras al futuro<\/p>\n<p style=\"text-align: justify;\">Latinoam\u00e9rica y el Caribe cuenta con extensos recursos naturales y culturales que la hacen competitiva al momento de promover el turismo. De acuerdo con el m\u00e1s reciente Raking de Competitividad del Foro Econ\u00f3mico Mundial (WEF), seis pa\u00edses de la regi\u00f3n se encuentran en el top 20 del ranking de competitividad en recursos naturales: M\u00e9xico (1\u00b0), Brasil (2\u00b0), Costa Rica (8\u00b0), Per\u00fa (13\u00b0), Argentina (16\u00b0) y Colombia (19\u00b0).<\/p>\n<p style=\"text-align: justify;\">La naturaleza ha favorecido ampliamente nuestra regi\u00f3n; sin embargo, a\u00fan existen desaf\u00edos en t\u00e9rminos de tasas e impuestos, brechas de infraestructura, costos de operaci\u00f3n elevados, requerimientos de visas, entre otros, que dificultan el desarrollo del transporte a\u00e9reo.<\/p>\n<p style=\"text-align: justify;\"><span style=\"font-size: 12.16px;\">La demanda en la industria aerocomercial es altamente sensible a las variaciones de precio, especialmente para el pasajero de turismo. El turista cuenta con m\u00faltiples opciones de destino para elegir y la decisi\u00f3n se basa, en buena medida, en la variable precio. <\/span><\/p>\n<p style=\"text-align: justify;\">Es imperativo generar las condiciones apropiadas para hacer m\u00e1s eficientes las operaciones y los costos para trasladar esas reducciones al pasajero. Tenemos ejemplos altamente exitosos en la regi\u00f3n, como lo son Chile y Cartagena con la reducci\u00f3n de impuestos que ha generado un importante aumento en el tr\u00e1fico de pasajeros. El crecimiento del tr\u00e1fico a\u00e9reo genera mayor demanda de servicios de provisi\u00f3n de alimentos y bebidas, servicios de alojamiento y otros servicios tur\u00edsticos, que a su vez generan tributos, empleos y desarrollo econ\u00f3mico y social. Por cada empleo generado en la aviaci\u00f3n, cuatro empleos adicionales son generados. (M\u00e1s informaci\u00f3n aqu\u00ed)<\/p>\n<p style=\"text-align: justify;\">\u201cComo asociaci\u00f3n, continuamos trabajando de la mano con la industria y con los gobiernos para identificar oportunidades de optimizar costos, incrementar la competitividad de nuestros pa\u00edses, generar mayores oportunidades para los usuarios del transporte a\u00e9reo y apoyar el desarrollo econ\u00f3mico y social de la regi\u00f3n\u201d, puntualiz\u00f3 el ejecutivo.<\/p>\n<p style=\"text-align: justify;\">En los pr\u00f3ximos veinte a\u00f1os, la regi\u00f3n Latinoamericana recibir\u00e1 cerca de 900 aeronaves, para ello, debemos estar preparados con mejor infraestructura, espacios a\u00e9reos optimizados, tecnolog\u00edas y servicios eficientes. La regi\u00f3n ha venido mejorando sustancialmente en estos aspectos, pero todav\u00eda queda mucho camino por recorrer para capitalizar el potencial de una industria que crecer\u00e1 en promedio 3.1% anual en la pr\u00f3xima d\u00e9cada, por encima del crecimiento econ\u00f3mico que se estima ser\u00e1 del 2.5%.<\/p>\n<p style=\"text-align: justify;\">Sostenibilidad<\/p>\n<p style=\"text-align: justify;\">El turismo es una industria clave para el desarrollo de la regi\u00f3n y su crecimiento de manera responsable es vital para que sea sostenible en el tiempo. Por ello, ALTA celebra iniciativas con fuerte foco social y responsabilidad con el medioambiente. Organizaciones dedicadas a la promoci\u00f3n y desarrollo del turismo est\u00e1n realizando un trabajo importante y tambi\u00e9n lo est\u00e1 haciendo la industria a\u00e9rea. M\u00e1s informaci\u00f3n sobre las acciones de la aviaci\u00f3n con miras a reducir el impacto ambiental de sus operaciones est\u00e1n disponibles aqu\u00ed.<\/p>\n<p style=\"text-align: justify;\"><span style=\"font-size: 12.16px;\"> <\/span><\/p>\n<p style=\"text-align: justify;\"><span style=\"font-size: 12.16px;\">La aviaci\u00f3n y el turismo van de la mano para lograr de manera sustentable el desarrollo econ\u00f3mico y social de la regi\u00f3n.<\/span><\/p>\n<p style=\"text-align: justify;\"><span style=\"font-size: 12.16px;\"><img decoding=\"async\" src=\"images\/stories\/19\/09\/260919\/diamundialturismo27set.jpg\" border=\"0\" \/><br \/><\/span><\/p>\n<p style=\"text-align: justify;\">\u00a0<\/p>\n<p style=\"text-align: justify;\">\u00a0<\/p>\n","protected":false},"excerpt":{"rendered":"<p>(Aeronoticias) La Asociaci\u00f3n Latinoamericana y del Caribe de Transporte A\u00e9reo (ALTA) se une a la conmemoraci\u00f3n del D\u00eda Mundial del Turismo este 27 de septiembre, fecha establecida en 1979 por la Asamblea General de la Organizaci\u00f3n Mundial del Turismo para conmemorar uno de los sectores econ\u00f3micos m\u00e1s importantes y de mayor crecimiento en el mundo. [&hellip;]<\/p>\n","protected":false},"author":1,"featured_media":0,"comment_status":"open","ping_status":"open","sticky":false,"template":"","format":"standard","meta":{"tdm_status":"","tdm_grid_status":"","footnotes":""},"categories":[31],"tags":[],"class_list":{"0":"post-58869","1":"post","2":"type-post","3":"status-publish","4":"format-standard","6":"category-31"},"yoast_head":"<!-- This site is optimized with the Yoast SEO plugin v25.1 - https:\/\/yoast.com\/wordpress\/plugins\/seo\/ -->\n<title>ALTA celebra el D\u00eda Mundial del Turismo<\/title>\n<meta name=\"description\" content=\"Portal de noticias del Per\u00fa sobre el transporte a\u00e9reo, aviaci\u00f3n, turismo, hoteleria, actualidad.\" \/>\n<meta name=\"robots\" content=\"index, follow, max-snippet:-1, max-image-preview:large, max-video-preview:-1\" \/>\n<link rel=\"canonical\" href=\"https:\/\/aeronoticias.com.pe\/noticiero\/turismo\/13\/alta-celebra-el-dia-mundial-del-turismo\/\" \/>\n<meta property=\"og:locale\" content=\"es_ES\" \/>\n<meta property=\"og:type\" content=\"article\" \/>\n<meta property=\"og:title\" content=\"ALTA celebra el D\u00eda Mundial del Turismo\" \/>\n<meta property=\"og:description\" content=\"Portal de noticias del Per\u00fa sobre el transporte a\u00e9reo, aviaci\u00f3n, turismo, hoteleria, actualidad.\" \/>\n<meta property=\"og:url\" content=\"https:\/\/aeronoticias.com.pe\/noticiero\/turismo\/13\/alta-celebra-el-dia-mundial-del-turismo\/\" \/>\n<meta property=\"og:site_name\" content=\"Aeronoticias.com.pe\" \/>\n<meta property=\"article:publisher\" content=\"https:\/\/www.facebook.com\/Aeronoticias.com.pe\/\" \/>\n<meta property=\"article:published_time\" content=\"2019-09-26T16:25:56+00:00\" \/>\n<meta name=\"author\" content=\"Redacci\u00f3n Aeronoticias\" \/>\n<meta name=\"twitter:card\" content=\"summary_large_image\" \/>\n<meta name=\"twitter:creator\" content=\"@aeronoticias\" \/>\n<meta name=\"twitter:site\" content=\"@aeronoticias\" \/>\n<meta name=\"twitter:label1\" content=\"Escrito por\" \/>\n\t<meta name=\"twitter:data1\" content=\"Redacci\u00f3n Aeronoticias\" \/>\n\t<meta name=\"twitter:label2\" content=\"Tiempo de lectura\" \/>\n\t<meta name=\"twitter:data2\" content=\"5 minutos\" \/>\n<script type=\"application\/ld+json\" class=\"yoast-schema-graph\">{\"@context\":\"https:\/\/schema.org\",\"@graph\":[{\"@type\":\"WebPage\",\"@id\":\"https:\/\/aeronoticias.com.pe\/noticiero\/turismo\/13\/alta-celebra-el-dia-mundial-del-turismo\/\",\"url\":\"https:\/\/aeronoticias.com.pe\/noticiero\/turismo\/13\/alta-celebra-el-dia-mundial-del-turismo\/\",\"name\":\"ALTA celebra el D\u00eda Mundial del Turismo\",\"isPartOf\":{\"@id\":\"https:\/\/aeronoticias.com.pe\/noticiero\/#website\"},\"datePublished\":\"2019-09-26T16:25:56+00:00\",\"author\":{\"@id\":\"https:\/\/aeronoticias.com.pe\/noticiero\/#\/schema\/person\/fc1e5d578f4b62ba1cf7ac2bba1170a0\"},\"description\":\"Portal de noticias del Per\u00fa sobre el transporte a\u00e9reo, aviaci\u00f3n, turismo, hoteleria, actualidad.\",\"breadcrumb\":{\"@id\":\"https:\/\/aeronoticias.com.pe\/noticiero\/turismo\/13\/alta-celebra-el-dia-mundial-del-turismo\/#breadcrumb\"},\"inLanguage\":\"es\",\"potentialAction\":[{\"@type\":\"ReadAction\",\"target\":[\"https:\/\/aeronoticias.com.pe\/noticiero\/turismo\/13\/alta-celebra-el-dia-mundial-del-turismo\/\"]}]},{\"@type\":\"BreadcrumbList\",\"@id\":\"https:\/\/aeronoticias.com.pe\/noticiero\/turismo\/13\/alta-celebra-el-dia-mundial-del-turismo\/#breadcrumb\",\"itemListElement\":[{\"@type\":\"ListItem\",\"position\":1,\"name\":\"Portada\",\"item\":\"https:\/\/aeronoticias.com.pe\/noticiero\/\"},{\"@type\":\"ListItem\",\"position\":2,\"name\":\"ALTA celebra el D\u00eda Mundial del Turismo\"}]},{\"@type\":\"WebSite\",\"@id\":\"https:\/\/aeronoticias.com.pe\/noticiero\/#website\",\"url\":\"https:\/\/aeronoticias.com.pe\/noticiero\/\",\"name\":\"Aeronoticias.com.pe\",\"description\":\"Noticias de tranporte aereo, turismo, hoteles, gastronomia, actualidad, internacional\",\"potentialAction\":[{\"@type\":\"SearchAction\",\"target\":{\"@type\":\"EntryPoint\",\"urlTemplate\":\"https:\/\/aeronoticias.com.pe\/noticiero\/?s={search_term_string}\"},\"query-input\":{\"@type\":\"PropertyValueSpecification\",\"valueRequired\":true,\"valueName\":\"search_term_string\"}}],\"inLanguage\":\"es\"},{\"@type\":\"Person\",\"@id\":\"https:\/\/aeronoticias.com.pe\/noticiero\/#\/schema\/person\/fc1e5d578f4b62ba1cf7ac2bba1170a0\",\"name\":\"Redacci\u00f3n Aeronoticias\",\"url\":\"https:\/\/aeronoticias.com.pe\/noticiero\/author\/piloto\/\"}]}<\/script>\n<!-- \/ Yoast SEO plugin. -->","yoast_head_json":{"title":"ALTA celebra el D\u00eda Mundial del Turismo","description":"Portal de noticias del Per\u00fa sobre el transporte a\u00e9reo, aviaci\u00f3n, turismo, hoteleria, actualidad.","robots":{"index":"index","follow":"follow","max-snippet":"max-snippet:-1","max-image-preview":"max-image-preview:large","max-video-preview":"max-video-preview:-1"},"canonical":"https:\/\/aeronoticias.com.pe\/noticiero\/turismo\/13\/alta-celebra-el-dia-mundial-del-turismo\/","og_locale":"es_ES","og_type":"article","og_title":"ALTA celebra el D\u00eda Mundial del Turismo","og_description":"Portal de noticias del Per\u00fa sobre el transporte a\u00e9reo, aviaci\u00f3n, turismo, hoteleria, actualidad.","og_url":"https:\/\/aeronoticias.com.pe\/noticiero\/turismo\/13\/alta-celebra-el-dia-mundial-del-turismo\/","og_site_name":"Aeronoticias.com.pe","article_publisher":"https:\/\/www.facebook.com\/Aeronoticias.com.pe\/","article_published_time":"2019-09-26T16:25:56+00:00","author":"Redacci\u00f3n Aeronoticias","twitter_card":"summary_large_image","twitter_creator":"@aeronoticias","twitter_site":"@aeronoticias","twitter_misc":{"Escrito por":"Redacci\u00f3n Aeronoticias","Tiempo de lectura":"5 minutos"},"schema":{"@context":"https:\/\/schema.org","@graph":[{"@type":"WebPage","@id":"https:\/\/aeronoticias.com.pe\/noticiero\/turismo\/13\/alta-celebra-el-dia-mundial-del-turismo\/","url":"https:\/\/aeronoticias.com.pe\/noticiero\/turismo\/13\/alta-celebra-el-dia-mundial-del-turismo\/","name":"ALTA celebra el D\u00eda Mundial del Turismo","isPartOf":{"@id":"https:\/\/aeronoticias.com.pe\/noticiero\/#website"},"datePublished":"2019-09-26T16:25:56+00:00","author":{"@id":"https:\/\/aeronoticias.com.pe\/noticiero\/#\/schema\/person\/fc1e5d578f4b62ba1cf7ac2bba1170a0"},"description":"Portal de noticias del Per\u00fa sobre el transporte a\u00e9reo, aviaci\u00f3n, turismo, hoteleria, actualidad.","breadcrumb":{"@id":"https:\/\/aeronoticias.com.pe\/noticiero\/turismo\/13\/alta-celebra-el-dia-mundial-del-turismo\/#breadcrumb"},"inLanguage":"es","potentialAction":[{"@type":"ReadAction","target":["https:\/\/aeronoticias.com.pe\/noticiero\/turismo\/13\/alta-celebra-el-dia-mundial-del-turismo\/"]}]},{"@type":"BreadcrumbList","@id":"https:\/\/aeronoticias.com.pe\/noticiero\/turismo\/13\/alta-celebra-el-dia-mundial-del-turismo\/#breadcrumb","itemListElement":[{"@type":"ListItem","position":1,"name":"Portada","item":"https:\/\/aeronoticias.com.pe\/noticiero\/"},{"@type":"ListItem","position":2,"name":"ALTA celebra el D\u00eda Mundial del Turismo"}]},{"@type":"WebSite","@id":"https:\/\/aeronoticias.com.pe\/noticiero\/#website","url":"https:\/\/aeronoticias.com.pe\/noticiero\/","name":"Aeronoticias.com.pe","description":"Noticias de tranporte aereo, turismo, hoteles, gastronomia, actualidad, internacional","potentialAction":[{"@type":"SearchAction","target":{"@type":"EntryPoint","urlTemplate":"https:\/\/aeronoticias.com.pe\/noticiero\/?s={search_term_string}"},"query-input":{"@type":"PropertyValueSpecification","valueRequired":true,"valueName":"search_term_string"}}],"inLanguage":"es"},{"@type":"Person","@id":"https:\/\/aeronoticias.com.pe\/noticiero\/#\/schema\/person\/fc1e5d578f4b62ba1cf7ac2bba1170a0","name":"Redacci\u00f3n Aeronoticias","url":"https:\/\/aeronoticias.com.pe\/noticiero\/author\/piloto\/"}]}},"_links":{"self":[{"href":"https:\/\/aeronoticias.com.pe\/noticiero\/wp-json\/wp\/v2\/posts\/58869","targetHints":{"allow":["GET"]}}],"collection":[{"href":"https:\/\/aeronoticias.com.pe\/noticiero\/wp-json\/wp\/v2\/posts"}],"about":[{"href":"https:\/\/aeronoticias.com.pe\/noticiero\/wp-json\/wp\/v2\/types\/post"}],"author":[{"embeddable":true,"href":"https:\/\/aeronoticias.com.pe\/noticiero\/wp-json\/wp\/v2\/users\/1"}],"replies":[{"embeddable":true,"href":"https:\/\/aeronoticias.com.pe\/noticiero\/wp-json\/wp\/v2\/comments?post=58869"}],"version-history":[{"count":0,"href":"https:\/\/aeronoticias.com.pe\/noticiero\/wp-json\/wp\/v2\/posts\/58869\/revisions"}],"wp:attachment":[{"href":"https:\/\/aeronoticias.com.pe\/noticiero\/wp-json\/wp\/v2\/media?parent=58869"}],"wp:term":[{"taxonomy":"category","embeddable":true,"href":"https:\/\/aeronoticias.com.pe\/noticiero\/wp-json\/wp\/v2\/categories?post=58869"},{"taxonomy":"post_tag","embeddable":true,"href":"https:\/\/aeronoticias.com.pe\/noticiero\/wp-json\/wp\/v2\/tags?post=58869"}],"curies":[{"name":"wp","href":"https:\/\/api.w.org\/{rel}","templated":true}]}}