{"id":58870,"date":"2019-09-27T13:54:25","date_gmt":"2019-09-27T13:54:25","guid":{"rendered":"http:\/\/desarrollo.mcvicious.com\/aero2020\/2019\/09\/27\/en-nombre-de-la-constitucion-por-jefrey-buenaventura\/"},"modified":"2019-09-27T13:54:25","modified_gmt":"2019-09-27T13:54:25","slug":"en-nombre-de-la-constitucion-por-jefrey-buenaventura","status":"publish","type":"post","link":"https:\/\/aeronoticias.com.pe\/noticiero\/nacionales\/en-nombre-de-la-constitucion-por-jefrey-buenaventura\/","title":{"rendered":"En nombre de la Constituci\u00f3n, por Jefrey Buenaventura"},"content":{"rendered":"<p style=\"text-align: justify;\"><strong>(Aeronoticias).<\/strong>&#8211;\u00a0<span style=\"color: #454545; font-family: Helvetica; font-size: 12px; text-align: justify;\">Cabe la certeza de pensar de que la propuesta de adelanto de elecciones no ser\u00e1 la cura a los problemas de institucionalidad que tiene el pa\u00eds y, muy por el contrario, puede llegar a resultar peor que el mal que nos aqueja.<\/span><span style=\"color: #454545; font-family: Helvetica; font-size: 12px; text-align: justify;\"> <\/span><\/p>\n<p class=\"p1\" style=\"text-align: justify;\"><em><strong>Hablamos de partidos pol\u00edticos improvisados, armados a \u00faltima hora con aspirantes y aventureros en pol\u00edtica que solo aparecen en el cuadro de escena cuando se sancocha la posibilidad de ser electos en una suerte de selecci\u00f3n hacia lo que estamos acostumbrados a definir siempre: \u201cel mal menor\u201d.<\/strong><\/em><\/p>\n<p class=\"p1\" style=\"text-align: justify;\">El Congreso ha dado una rotunda respuesta al enviar al archivo la propuesta de adelanto de elecciones. Y es que sin ir a m\u00e1s, el predictamen resum\u00eda el resultado de votaci\u00f3n en el Pleno. A su turno, Pedro Olaechea, presidente del Congreso, expresaba las motivaciones de continuar trabajando en conjunto en la medida que yace su mano extendida al Ejecutivo.<\/p>\n<p class=\"p1\" style=\"text-align: justify;\">El impacto medi\u00e1tico hizo eco en los medios, sin lugar a dudas, pero el apabullamiento y presi\u00f3n no tuvo el efecto esperado. La marcha a la que convoc\u00f3 el Premier no tuvo las caracter\u00edsticas que debi\u00f3 tener una manifestaci\u00f3n que \u201crespalda\u201d al gobierno.<\/p>\n<p class=\"p1\" style=\"text-align: justify;\"><em><strong>El presidente Mart\u00edn Vizcarra se ha desinflado en las encuestas, las calles no responden a sus iniciativas mientras que la propuesta de adelanto de elecciones pierde fuerza d\u00eda a d\u00eda. En resumen se est\u00e1 quedando cada vez m\u00e1s solo.<\/strong><\/em><\/p>\n<p class=\"p1\" style=\"text-align: justify;\">Resultaba evidente que las medidas populistas aplicadas durante su gesti\u00f3n fueron efectivas pero a su vez de un encanto breve.<\/p>\n<p class=\"p1\" style=\"text-align: justify;\">La crisis vigente es el resultado de una actitud irresponsable e imprudente, pero sobre todo compartida, que se forj\u00f3 tras la asunci\u00f3n de PPK a la presidencia. La oposici\u00f3n mayoritaria del Congreso representado por Fuerza Popular tuvo graves errores en la forma y fondo. Por su parte, un gobierno sin bancada, d\u00e9bil por donde se le analice y con un mandatario carente de fuerza y actitud pol\u00edtica hicieron de la gobernabilidad un mamarracho.<\/p>\n<p class=\"p2\" style=\"text-align: justify;\"><em><strong><span style=\"font-size: 12.16px;\">Luego de la renuncia de PPK y la asunci\u00f3n de Vizcarra, las estructuras pol\u00edticas han montado verdaderos cambios con errores<\/span><span style=\"font-size: 12.16px;\"> <\/span><span style=\"font-size: 12.16px;\">dando a notar una supuesta homogenizaci\u00f3n pol\u00edtica, en donde los principales actores medi\u00e1ticos se alinean de tal manera que se deja entrever una agitaci\u00f3n en rechazo a las medidas constitucionales que pudiese ejecutar el Parlamento.<\/span><\/strong><\/em><\/p>\n<p class=\"p1\" style=\"text-align: justify;\">El papel de las izquierdas, al ser minor\u00eda, ha sido c\u00f3modamente ubicable en los espacios que menos le afectaban y desde donde pod\u00edan emitir un pronunciamiento basado en lo \u201cpol\u00edticamente correcto\u201d aunque no necesariamente realista. Esto a pesar de ser una gran ayuda para renovar su imagen no lo han sabido aprovechar.<\/p>\n<p class=\"p1\" style=\"text-align: justify;\">Por otro lado, los diversos gremios empresariales, responsables en gran medida del movimiento de la econom\u00eda y la inversi\u00f3n en el pa\u00eds, se han pronunciado a favor de la estabilidad pol\u00edtica sin alteraciones que ponga en riesgo el perfil democr\u00e1tico y la institucionalidad.<\/p>\n<p class=\"p1\" style=\"text-align: justify;\"><em><strong>La salida a esta crisis debe ser por la v\u00eda constitucional, democr\u00e1tica y en di\u00e1logo que refleje una buena voluntad por parte de todas las fuerzas pol\u00edticas representadas en el Congreso. Dicha medida significar\u00e1 el compromiso de una responsabilidad patri\u00f3tica basada en los plenos intereses del pa\u00eds y no en los subalternos como pretenden por ah\u00ed algunos carro\u00f1eros de la pol\u00edtica.<\/strong><\/em><span> <\/span><\/p>\n<p class=\"p2\" style=\"text-align: justify;\"><span style=\"font-size: 12.16px;\">Mart\u00edn Vizcarra puede pasar a la historia bajo una de dos figuras en nombre de la Constituci\u00f3n: el mandatario que cerr\u00f3 el Congreso ante la solicitud de voces agitadoras que buscan la inestabilidad del pa\u00eds o como el gobernante que alcanz\u00f3 finalmente una salida constitucional que evit\u00f3 la interrupci\u00f3n del mandato presidencial luego de tener tres per\u00edodos presidenciales completos, imperfectos pero democr\u00e1ticos en nuestra historia.<\/span><\/p>\n<p class=\"p1\" style=\"text-align: justify;\">&#8212;&#8212;&#8212;&#8212;&#8212;&#8212;&#8212;&#8212;&#8212;&#8212;&#8212;&#8212;&#8212;&#8212;&#8212;&#8212;&#8212;&#8211;<\/p>\n<p class=\"p1\" style=\"text-align: justify;\"><sup><em>Fotograf\u00eda referencial.<\/em><\/sup><\/p>\n<p class=\"p3\" style=\"text-align: justify;\"><img decoding=\"async\" src=\"images\/stories\/consti.jpg\" border=\"0\" \/><\/p>\n<p>p.p1 {margin: 0.0px 0.0px 0.0px 0.0px; text-align: justify; font: 12.0px Helvetica; color: #454545} p.p2 {margin: 0.0px 0.0px 0.0px 0.0px; text-align: justify; font: 12.0px Helvetica; color: #454545; min-height: 14.0px} p.p3 {margin: 0.0px 0.0px 0.0px 0.0px; font: 12.0px Helvetica; color: #454545; min-height: 14.0px}<\/p>\n","protected":false},"excerpt":{"rendered":"<p>(Aeronoticias).&#8211;\u00a0Cabe la certeza de pensar de que la propuesta de adelanto de elecciones no ser\u00e1 la cura a los problemas de institucionalidad que tiene el pa\u00eds y, muy por el contrario, puede llegar a resultar peor que el mal que nos aqueja. Hablamos de partidos pol\u00edticos improvisados, armados a \u00faltima hora con aspirantes y aventureros [&hellip;]<\/p>\n","protected":false},"author":1,"featured_media":0,"comment_status":"open","ping_status":"open","sticky":false,"template":"","format":"standard","meta":{"tdm_status":"","tdm_grid_status":"","footnotes":""},"categories":[38],"tags":[],"class_list":{"0":"post-58870","1":"post","2":"type-post","3":"status-publish","4":"format-standard","6":"category-nacionales"},"yoast_head":"<!-- This site is optimized with the Yoast SEO plugin v25.1 - https:\/\/yoast.com\/wordpress\/plugins\/seo\/ -->\n<title>En nombre de la Constituci\u00f3n, por Jefrey Buenaventura<\/title>\n<meta name=\"description\" content=\"Portal de noticias del Per\u00fa sobre el transporte a\u00e9reo, aviaci\u00f3n, turismo, hoteleria, actualidad.\" \/>\n<meta name=\"robots\" content=\"index, follow, max-snippet:-1, max-image-preview:large, max-video-preview:-1\" \/>\n<link rel=\"canonical\" href=\"https:\/\/aeronoticias.com.pe\/noticiero\/nacionales\/en-nombre-de-la-constitucion-por-jefrey-buenaventura\/\" \/>\n<meta property=\"og:locale\" content=\"es_ES\" \/>\n<meta property=\"og:type\" content=\"article\" \/>\n<meta property=\"og:title\" content=\"En nombre de la Constituci\u00f3n, por Jefrey Buenaventura\" \/>\n<meta property=\"og:description\" content=\"Portal de noticias del Per\u00fa sobre el transporte a\u00e9reo, aviaci\u00f3n, turismo, hoteleria, actualidad.\" \/>\n<meta property=\"og:url\" content=\"https:\/\/aeronoticias.com.pe\/noticiero\/nacionales\/en-nombre-de-la-constitucion-por-jefrey-buenaventura\/\" \/>\n<meta property=\"og:site_name\" content=\"Aeronoticias.com.pe\" \/>\n<meta property=\"article:publisher\" content=\"https:\/\/www.facebook.com\/Aeronoticias.com.pe\/\" \/>\n<meta property=\"article:published_time\" content=\"2019-09-27T13:54:25+00:00\" \/>\n<meta name=\"author\" content=\"Redacci\u00f3n Aeronoticias\" \/>\n<meta name=\"twitter:card\" content=\"summary_large_image\" \/>\n<meta name=\"twitter:creator\" content=\"@aeronoticias\" \/>\n<meta name=\"twitter:site\" content=\"@aeronoticias\" \/>\n<meta name=\"twitter:label1\" content=\"Escrito por\" \/>\n\t<meta name=\"twitter:data1\" content=\"Redacci\u00f3n Aeronoticias\" \/>\n\t<meta name=\"twitter:label2\" content=\"Tiempo de lectura\" \/>\n\t<meta name=\"twitter:data2\" content=\"3 minutos\" \/>\n<script type=\"application\/ld+json\" class=\"yoast-schema-graph\">{\"@context\":\"https:\/\/schema.org\",\"@graph\":[{\"@type\":\"WebPage\",\"@id\":\"https:\/\/aeronoticias.com.pe\/noticiero\/nacionales\/en-nombre-de-la-constitucion-por-jefrey-buenaventura\/\",\"url\":\"https:\/\/aeronoticias.com.pe\/noticiero\/nacionales\/en-nombre-de-la-constitucion-por-jefrey-buenaventura\/\",\"name\":\"En nombre de la Constituci\u00f3n, por Jefrey Buenaventura\",\"isPartOf\":{\"@id\":\"https:\/\/aeronoticias.com.pe\/noticiero\/#website\"},\"datePublished\":\"2019-09-27T13:54:25+00:00\",\"author\":{\"@id\":\"https:\/\/aeronoticias.com.pe\/noticiero\/#\/schema\/person\/fc1e5d578f4b62ba1cf7ac2bba1170a0\"},\"description\":\"Portal de noticias del Per\u00fa sobre el transporte a\u00e9reo, aviaci\u00f3n, turismo, hoteleria, actualidad.\",\"breadcrumb\":{\"@id\":\"https:\/\/aeronoticias.com.pe\/noticiero\/nacionales\/en-nombre-de-la-constitucion-por-jefrey-buenaventura\/#breadcrumb\"},\"inLanguage\":\"es\",\"potentialAction\":[{\"@type\":\"ReadAction\",\"target\":[\"https:\/\/aeronoticias.com.pe\/noticiero\/nacionales\/en-nombre-de-la-constitucion-por-jefrey-buenaventura\/\"]}]},{\"@type\":\"BreadcrumbList\",\"@id\":\"https:\/\/aeronoticias.com.pe\/noticiero\/nacionales\/en-nombre-de-la-constitucion-por-jefrey-buenaventura\/#breadcrumb\",\"itemListElement\":[{\"@type\":\"ListItem\",\"position\":1,\"name\":\"Portada\",\"item\":\"https:\/\/aeronoticias.com.pe\/noticiero\/\"},{\"@type\":\"ListItem\",\"position\":2,\"name\":\"En nombre de la Constituci\u00f3n, por Jefrey Buenaventura\"}]},{\"@type\":\"WebSite\",\"@id\":\"https:\/\/aeronoticias.com.pe\/noticiero\/#website\",\"url\":\"https:\/\/aeronoticias.com.pe\/noticiero\/\",\"name\":\"Aeronoticias.com.pe\",\"description\":\"Noticias de tranporte aereo, turismo, hoteles, gastronomia, actualidad, internacional\",\"potentialAction\":[{\"@type\":\"SearchAction\",\"target\":{\"@type\":\"EntryPoint\",\"urlTemplate\":\"https:\/\/aeronoticias.com.pe\/noticiero\/?s={search_term_string}\"},\"query-input\":{\"@type\":\"PropertyValueSpecification\",\"valueRequired\":true,\"valueName\":\"search_term_string\"}}],\"inLanguage\":\"es\"},{\"@type\":\"Person\",\"@id\":\"https:\/\/aeronoticias.com.pe\/noticiero\/#\/schema\/person\/fc1e5d578f4b62ba1cf7ac2bba1170a0\",\"name\":\"Redacci\u00f3n Aeronoticias\",\"url\":\"https:\/\/aeronoticias.com.pe\/noticiero\/author\/piloto\/\"}]}<\/script>\n<!-- \/ Yoast SEO plugin. -->","yoast_head_json":{"title":"En nombre de la Constituci\u00f3n, por Jefrey Buenaventura","description":"Portal de noticias del Per\u00fa sobre el transporte a\u00e9reo, aviaci\u00f3n, turismo, hoteleria, actualidad.","robots":{"index":"index","follow":"follow","max-snippet":"max-snippet:-1","max-image-preview":"max-image-preview:large","max-video-preview":"max-video-preview:-1"},"canonical":"https:\/\/aeronoticias.com.pe\/noticiero\/nacionales\/en-nombre-de-la-constitucion-por-jefrey-buenaventura\/","og_locale":"es_ES","og_type":"article","og_title":"En nombre de la Constituci\u00f3n, por Jefrey Buenaventura","og_description":"Portal de noticias del Per\u00fa sobre el transporte a\u00e9reo, aviaci\u00f3n, turismo, hoteleria, actualidad.","og_url":"https:\/\/aeronoticias.com.pe\/noticiero\/nacionales\/en-nombre-de-la-constitucion-por-jefrey-buenaventura\/","og_site_name":"Aeronoticias.com.pe","article_publisher":"https:\/\/www.facebook.com\/Aeronoticias.com.pe\/","article_published_time":"2019-09-27T13:54:25+00:00","author":"Redacci\u00f3n Aeronoticias","twitter_card":"summary_large_image","twitter_creator":"@aeronoticias","twitter_site":"@aeronoticias","twitter_misc":{"Escrito por":"Redacci\u00f3n Aeronoticias","Tiempo de lectura":"3 minutos"},"schema":{"@context":"https:\/\/schema.org","@graph":[{"@type":"WebPage","@id":"https:\/\/aeronoticias.com.pe\/noticiero\/nacionales\/en-nombre-de-la-constitucion-por-jefrey-buenaventura\/","url":"https:\/\/aeronoticias.com.pe\/noticiero\/nacionales\/en-nombre-de-la-constitucion-por-jefrey-buenaventura\/","name":"En nombre de la Constituci\u00f3n, por Jefrey Buenaventura","isPartOf":{"@id":"https:\/\/aeronoticias.com.pe\/noticiero\/#website"},"datePublished":"2019-09-27T13:54:25+00:00","author":{"@id":"https:\/\/aeronoticias.com.pe\/noticiero\/#\/schema\/person\/fc1e5d578f4b62ba1cf7ac2bba1170a0"},"description":"Portal de noticias del Per\u00fa sobre el transporte a\u00e9reo, aviaci\u00f3n, turismo, hoteleria, actualidad.","breadcrumb":{"@id":"https:\/\/aeronoticias.com.pe\/noticiero\/nacionales\/en-nombre-de-la-constitucion-por-jefrey-buenaventura\/#breadcrumb"},"inLanguage":"es","potentialAction":[{"@type":"ReadAction","target":["https:\/\/aeronoticias.com.pe\/noticiero\/nacionales\/en-nombre-de-la-constitucion-por-jefrey-buenaventura\/"]}]},{"@type":"BreadcrumbList","@id":"https:\/\/aeronoticias.com.pe\/noticiero\/nacionales\/en-nombre-de-la-constitucion-por-jefrey-buenaventura\/#breadcrumb","itemListElement":[{"@type":"ListItem","position":1,"name":"Portada","item":"https:\/\/aeronoticias.com.pe\/noticiero\/"},{"@type":"ListItem","position":2,"name":"En nombre de la Constituci\u00f3n, por Jefrey Buenaventura"}]},{"@type":"WebSite","@id":"https:\/\/aeronoticias.com.pe\/noticiero\/#website","url":"https:\/\/aeronoticias.com.pe\/noticiero\/","name":"Aeronoticias.com.pe","description":"Noticias de tranporte aereo, turismo, hoteles, gastronomia, actualidad, internacional","potentialAction":[{"@type":"SearchAction","target":{"@type":"EntryPoint","urlTemplate":"https:\/\/aeronoticias.com.pe\/noticiero\/?s={search_term_string}"},"query-input":{"@type":"PropertyValueSpecification","valueRequired":true,"valueName":"search_term_string"}}],"inLanguage":"es"},{"@type":"Person","@id":"https:\/\/aeronoticias.com.pe\/noticiero\/#\/schema\/person\/fc1e5d578f4b62ba1cf7ac2bba1170a0","name":"Redacci\u00f3n Aeronoticias","url":"https:\/\/aeronoticias.com.pe\/noticiero\/author\/piloto\/"}]}},"_links":{"self":[{"href":"https:\/\/aeronoticias.com.pe\/noticiero\/wp-json\/wp\/v2\/posts\/58870","targetHints":{"allow":["GET"]}}],"collection":[{"href":"https:\/\/aeronoticias.com.pe\/noticiero\/wp-json\/wp\/v2\/posts"}],"about":[{"href":"https:\/\/aeronoticias.com.pe\/noticiero\/wp-json\/wp\/v2\/types\/post"}],"author":[{"embeddable":true,"href":"https:\/\/aeronoticias.com.pe\/noticiero\/wp-json\/wp\/v2\/users\/1"}],"replies":[{"embeddable":true,"href":"https:\/\/aeronoticias.com.pe\/noticiero\/wp-json\/wp\/v2\/comments?post=58870"}],"version-history":[{"count":0,"href":"https:\/\/aeronoticias.com.pe\/noticiero\/wp-json\/wp\/v2\/posts\/58870\/revisions"}],"wp:attachment":[{"href":"https:\/\/aeronoticias.com.pe\/noticiero\/wp-json\/wp\/v2\/media?parent=58870"}],"wp:term":[{"taxonomy":"category","embeddable":true,"href":"https:\/\/aeronoticias.com.pe\/noticiero\/wp-json\/wp\/v2\/categories?post=58870"},{"taxonomy":"post_tag","embeddable":true,"href":"https:\/\/aeronoticias.com.pe\/noticiero\/wp-json\/wp\/v2\/tags?post=58870"}],"curies":[{"name":"wp","href":"https:\/\/api.w.org\/{rel}","templated":true}]}}