{"id":58908,"date":"2019-10-05T15:31:13","date_gmt":"2019-10-05T15:31:13","guid":{"rendered":"http:\/\/desarrollo.mcvicious.com\/aero2020\/2019\/10\/05\/latam-ofrece-solucion-a-pasajeros-afectados-por-cancelacion-de-vuelos-de-peruvian-airlines\/"},"modified":"2020-11-16T18:24:52","modified_gmt":"2020-11-16T23:24:52","slug":"latam-ofrece-solucion-a-pasajeros-afectados-por-cancelacion-de-vuelos-de-peruvian-airlines","status":"publish","type":"post","link":"https:\/\/aeronoticias.com.pe\/noticiero\/transporte-aereo\/internacional\/latam-ofrece-solucion-a-pasajeros-afectados-por-cancelacion-de-vuelos-de-peruvian-airlines\/","title":{"rendered":"Latam ofrece soluci\u00f3n a pasajeros afectados por cancelaci\u00f3n de vuelos de Peruvian Airlines"},"content":{"rendered":"\n<p class=\"p1\">La aerol\u00ednea <a href=\"https:\/\/diariocorreo.pe\/noticias\/latam\/\"><strong>Latam<\/strong><\/a> se pronunci\u00f3 a trav\u00e9s de un comunicado sobre la situaci\u00f3n que viven los pasajeros que fueron afectados por la cancelaci\u00f3n de los vuelos&nbsp;que salen desde Lima, en el <a href=\"https:\/\/diariocorreo.pe\/noticias\/aeropuerto-internacional-jorge-chavez\/\"><strong>aeropuerto internacional Jorge Ch\u00e1vez<\/strong><\/a>, por parte de <strong><a href=\"https:\/\/diariocorreo.pe\/noticias\/peruvian-airlines\/\">Peruvian Airlines<\/a><\/strong>.<\/p>\n\n\n\n<p class=\"p1\"><em>\u00abPonemos a disposici\u00f3n de todos los pasajeros afectados que cuenten con boletos a\u00e9reos para vuelos operados por Peruvian Airlines entre los d\u00edas 4 y 8 de octubre de 2019, <\/em><strong><em>la posibilidad de ser trasladados en nuestros vuelos<\/em><\/strong><em>\u00ab<\/em>, se lee en el pronunciamiento de la compa\u00f1\u00eda chilena.<\/p>\n\n\n\n<p class=\"p1\">Los usuarios afectados&nbsp;<strong>tendr\u00e1n la posibilidad de adquirir boletos a\u00e9reos a 50 d\u00f3lares por tramo<\/strong> como parte de la tarifa light.<\/p>\n\n\n\n<p class=\"p1\"><em>\u00abConforme a ello, los pasajeros afectados podr\u00e1n adquirir boletos a\u00e9reos a US$ 50 por tramo en nuestra tarifa light&nbsp;y sin cargos de emisi\u00f3n, para las mismas fechas y destinos, sujeto a disponibilidad de la capacidad de nuestros aviones. Esta protecci\u00f3n se dar\u00e1 a trav\u00e9s de nuestras oficinas comerciales de los aeropuertos\u00bb<\/em>, comunic\u00f3&nbsp;<strong>Latam<\/strong>.<\/p>\n\n\n\n<p class=\"p1\">Como se recuerda,&nbsp;<strong>Peruvian Airlines<\/strong> suspendi\u00f3 sus vuelos que salen desde Lima debido a que sus cuentas fueron embargadas por el&nbsp;Tribunal Fiscal de Aduanas.<\/p>\n\n\n\n<p class=\"p1\">Fuente: <span style=\"text-decoration: underline;\"><em><strong>Correo<\/strong><\/em><\/span>.<\/p>\n","protected":false},"excerpt":{"rendered":"<p>La aerol\u00ednea Latam se pronunci\u00f3 a trav\u00e9s de un comunicado sobre la situaci\u00f3n que viven los pasajeros que fueron afectados por la cancelaci\u00f3n de los vuelos&nbsp;que salen desde Lima, en el aeropuerto internacional Jorge Ch\u00e1vez, por parte de Peruvian Airlines. \u00abPonemos a disposici\u00f3n de todos los pasajeros afectados que cuenten con boletos a\u00e9reos para vuelos [&hellip;]<\/p>\n","protected":false},"author":1,"featured_media":65672,"comment_status":"open","ping_status":"open","sticky":false,"template":"","format":"standard","meta":{"tdm_status":"","tdm_grid_status":"","footnotes":""},"categories":[32,11],"tags":[102,252,866],"class_list":{"0":"post-58908","1":"post","2":"type-post","3":"status-publish","4":"format-standard","5":"has-post-thumbnail","7":"category-internacional","8":"category-transporte-aereo","9":"tag-latam","10":"tag-latam-airlines","11":"tag-peruvian-airlines"},"yoast_head":"<!-- This site is optimized with the Yoast SEO plugin v25.1 - https:\/\/yoast.com\/wordpress\/plugins\/seo\/ -->\n<title>Latam ofrece soluci\u00f3n a pasajeros afectados por cancelaci\u00f3n de vuelos de Peruvian Airlines<\/title>\n<meta name=\"description\" content=\"La aerol\u00ednea Latam se pronunci\u00f3 a trav\u00e9s de un comunicado sobre la situaci\u00f3n que viven los pasajeros que fueron afectados por la cancelaci\u00f3n de los vuelos que salen desde Lima, en el aeropuerto internacional Jorge Ch\u00e1vez, por parte de Peruvian Airlines.\" \/>\n<meta name=\"robots\" content=\"index, follow, max-snippet:-1, max-image-preview:large, max-video-preview:-1\" \/>\n<link rel=\"canonical\" href=\"https:\/\/aeronoticias.com.pe\/noticiero\/transporte-aereo\/internacional\/latam-ofrece-solucion-a-pasajeros-afectados-por-cancelacion-de-vuelos-de-peruvian-airlines\/\" \/>\n<meta property=\"og:locale\" content=\"es_ES\" \/>\n<meta property=\"og:type\" content=\"article\" \/>\n<meta property=\"og:title\" content=\"Latam ofrece soluci\u00f3n a pasajeros afectados por cancelaci\u00f3n de vuelos de Peruvian Airlines\" \/>\n<meta property=\"og:description\" content=\"La aerol\u00ednea Latam se pronunci\u00f3 a trav\u00e9s de un comunicado sobre la situaci\u00f3n que viven los pasajeros que fueron afectados por la cancelaci\u00f3n de los vuelos que salen desde Lima, en el aeropuerto internacional Jorge Ch\u00e1vez, por parte de Peruvian Airlines.\" \/>\n<meta property=\"og:url\" content=\"https:\/\/aeronoticias.com.pe\/noticiero\/transporte-aereo\/internacional\/latam-ofrece-solucion-a-pasajeros-afectados-por-cancelacion-de-vuelos-de-peruvian-airlines\/\" \/>\n<meta property=\"og:site_name\" content=\"Aeronoticias.com.pe\" \/>\n<meta property=\"article:publisher\" content=\"https:\/\/www.facebook.com\/Aeronoticias.com.pe\/\" \/>\n<meta property=\"article:published_time\" content=\"2019-10-05T15:31:13+00:00\" \/>\n<meta property=\"article:modified_time\" content=\"2020-11-16T23:24:52+00:00\" \/>\n<meta property=\"og:image\" content=\"https:\/\/aeronoticias.com.pe\/noticiero\/wp-content\/uploads\/2019\/10\/latam4.jpg\" \/>\n\t<meta property=\"og:image:width\" content=\"1883\" \/>\n\t<meta property=\"og:image:height\" content=\"1059\" \/>\n\t<meta property=\"og:image:type\" content=\"image\/jpeg\" \/>\n<meta name=\"author\" content=\"Redacci\u00f3n Aeronoticias\" \/>\n<meta name=\"twitter:card\" content=\"summary_large_image\" \/>\n<meta name=\"twitter:creator\" content=\"@aeronoticias\" \/>\n<meta name=\"twitter:site\" content=\"@aeronoticias\" \/>\n<meta name=\"twitter:label1\" content=\"Escrito por\" \/>\n\t<meta name=\"twitter:data1\" content=\"Redacci\u00f3n Aeronoticias\" \/>\n\t<meta name=\"twitter:label2\" content=\"Tiempo de lectura\" \/>\n\t<meta name=\"twitter:data2\" content=\"1 minuto\" \/>\n<script type=\"application\/ld+json\" class=\"yoast-schema-graph\">{\"@context\":\"https:\/\/schema.org\",\"@graph\":[{\"@type\":\"WebPage\",\"@id\":\"https:\/\/aeronoticias.com.pe\/noticiero\/transporte-aereo\/internacional\/latam-ofrece-solucion-a-pasajeros-afectados-por-cancelacion-de-vuelos-de-peruvian-airlines\/\",\"url\":\"https:\/\/aeronoticias.com.pe\/noticiero\/transporte-aereo\/internacional\/latam-ofrece-solucion-a-pasajeros-afectados-por-cancelacion-de-vuelos-de-peruvian-airlines\/\",\"name\":\"Latam ofrece soluci\u00f3n a pasajeros afectados por cancelaci\u00f3n de vuelos de Peruvian Airlines\",\"isPartOf\":{\"@id\":\"https:\/\/aeronoticias.com.pe\/noticiero\/#website\"},\"primaryImageOfPage\":{\"@id\":\"https:\/\/aeronoticias.com.pe\/noticiero\/transporte-aereo\/internacional\/latam-ofrece-solucion-a-pasajeros-afectados-por-cancelacion-de-vuelos-de-peruvian-airlines\/#primaryimage\"},\"image\":{\"@id\":\"https:\/\/aeronoticias.com.pe\/noticiero\/transporte-aereo\/internacional\/latam-ofrece-solucion-a-pasajeros-afectados-por-cancelacion-de-vuelos-de-peruvian-airlines\/#primaryimage\"},\"thumbnailUrl\":\"https:\/\/aeronoticias.com.pe\/noticiero\/wp-content\/uploads\/2019\/10\/latam4.jpg\",\"datePublished\":\"2019-10-05T15:31:13+00:00\",\"dateModified\":\"2020-11-16T23:24:52+00:00\",\"author\":{\"@id\":\"https:\/\/aeronoticias.com.pe\/noticiero\/#\/schema\/person\/fc1e5d578f4b62ba1cf7ac2bba1170a0\"},\"description\":\"La aerol\u00ednea Latam se pronunci\u00f3 a trav\u00e9s de un comunicado sobre la situaci\u00f3n que viven los pasajeros que fueron afectados por la cancelaci\u00f3n de los vuelos que salen desde Lima, en el aeropuerto internacional Jorge Ch\u00e1vez, por parte de Peruvian Airlines.\",\"breadcrumb\":{\"@id\":\"https:\/\/aeronoticias.com.pe\/noticiero\/transporte-aereo\/internacional\/latam-ofrece-solucion-a-pasajeros-afectados-por-cancelacion-de-vuelos-de-peruvian-airlines\/#breadcrumb\"},\"inLanguage\":\"es\",\"potentialAction\":[{\"@type\":\"ReadAction\",\"target\":[\"https:\/\/aeronoticias.com.pe\/noticiero\/transporte-aereo\/internacional\/latam-ofrece-solucion-a-pasajeros-afectados-por-cancelacion-de-vuelos-de-peruvian-airlines\/\"]}]},{\"@type\":\"ImageObject\",\"inLanguage\":\"es\",\"@id\":\"https:\/\/aeronoticias.com.pe\/noticiero\/transporte-aereo\/internacional\/latam-ofrece-solucion-a-pasajeros-afectados-por-cancelacion-de-vuelos-de-peruvian-airlines\/#primaryimage\",\"url\":\"https:\/\/aeronoticias.com.pe\/noticiero\/wp-content\/uploads\/2019\/10\/latam4.jpg\",\"contentUrl\":\"https:\/\/aeronoticias.com.pe\/noticiero\/wp-content\/uploads\/2019\/10\/latam4.jpg\",\"width\":1883,\"height\":1059},{\"@type\":\"BreadcrumbList\",\"@id\":\"https:\/\/aeronoticias.com.pe\/noticiero\/transporte-aereo\/internacional\/latam-ofrece-solucion-a-pasajeros-afectados-por-cancelacion-de-vuelos-de-peruvian-airlines\/#breadcrumb\",\"itemListElement\":[{\"@type\":\"ListItem\",\"position\":1,\"name\":\"Portada\",\"item\":\"https:\/\/aeronoticias.com.pe\/noticiero\/\"},{\"@type\":\"ListItem\",\"position\":2,\"name\":\"Latam ofrece soluci\u00f3n a pasajeros afectados por cancelaci\u00f3n de vuelos de Peruvian Airlines\"}]},{\"@type\":\"WebSite\",\"@id\":\"https:\/\/aeronoticias.com.pe\/noticiero\/#website\",\"url\":\"https:\/\/aeronoticias.com.pe\/noticiero\/\",\"name\":\"Aeronoticias.com.pe\",\"description\":\"Noticias de tranporte aereo, turismo, hoteles, gastronomia, actualidad, internacional\",\"potentialAction\":[{\"@type\":\"SearchAction\",\"target\":{\"@type\":\"EntryPoint\",\"urlTemplate\":\"https:\/\/aeronoticias.com.pe\/noticiero\/?s={search_term_string}\"},\"query-input\":{\"@type\":\"PropertyValueSpecification\",\"valueRequired\":true,\"valueName\":\"search_term_string\"}}],\"inLanguage\":\"es\"},{\"@type\":\"Person\",\"@id\":\"https:\/\/aeronoticias.com.pe\/noticiero\/#\/schema\/person\/fc1e5d578f4b62ba1cf7ac2bba1170a0\",\"name\":\"Redacci\u00f3n Aeronoticias\",\"url\":\"https:\/\/aeronoticias.com.pe\/noticiero\/author\/piloto\/\"}]}<\/script>\n<!-- \/ Yoast SEO plugin. -->","yoast_head_json":{"title":"Latam ofrece soluci\u00f3n a pasajeros afectados por cancelaci\u00f3n de vuelos de Peruvian Airlines","description":"La aerol\u00ednea Latam se pronunci\u00f3 a trav\u00e9s de un comunicado sobre la situaci\u00f3n que viven los pasajeros que fueron afectados por la cancelaci\u00f3n de los vuelos que salen desde Lima, en el aeropuerto internacional Jorge Ch\u00e1vez, por parte de Peruvian Airlines.","robots":{"index":"index","follow":"follow","max-snippet":"max-snippet:-1","max-image-preview":"max-image-preview:large","max-video-preview":"max-video-preview:-1"},"canonical":"https:\/\/aeronoticias.com.pe\/noticiero\/transporte-aereo\/internacional\/latam-ofrece-solucion-a-pasajeros-afectados-por-cancelacion-de-vuelos-de-peruvian-airlines\/","og_locale":"es_ES","og_type":"article","og_title":"Latam ofrece soluci\u00f3n a pasajeros afectados por cancelaci\u00f3n de vuelos de Peruvian Airlines","og_description":"La aerol\u00ednea Latam se pronunci\u00f3 a trav\u00e9s de un comunicado sobre la situaci\u00f3n que viven los pasajeros que fueron afectados por la cancelaci\u00f3n de los vuelos que salen desde Lima, en el aeropuerto internacional Jorge Ch\u00e1vez, por parte de Peruvian Airlines.","og_url":"https:\/\/aeronoticias.com.pe\/noticiero\/transporte-aereo\/internacional\/latam-ofrece-solucion-a-pasajeros-afectados-por-cancelacion-de-vuelos-de-peruvian-airlines\/","og_site_name":"Aeronoticias.com.pe","article_publisher":"https:\/\/www.facebook.com\/Aeronoticias.com.pe\/","article_published_time":"2019-10-05T15:31:13+00:00","article_modified_time":"2020-11-16T23:24:52+00:00","og_image":[{"width":1883,"height":1059,"url":"https:\/\/aeronoticias.com.pe\/noticiero\/wp-content\/uploads\/2019\/10\/latam4.jpg","type":"image\/jpeg"}],"author":"Redacci\u00f3n Aeronoticias","twitter_card":"summary_large_image","twitter_creator":"@aeronoticias","twitter_site":"@aeronoticias","twitter_misc":{"Escrito por":"Redacci\u00f3n Aeronoticias","Tiempo de lectura":"1 minuto"},"schema":{"@context":"https:\/\/schema.org","@graph":[{"@type":"WebPage","@id":"https:\/\/aeronoticias.com.pe\/noticiero\/transporte-aereo\/internacional\/latam-ofrece-solucion-a-pasajeros-afectados-por-cancelacion-de-vuelos-de-peruvian-airlines\/","url":"https:\/\/aeronoticias.com.pe\/noticiero\/transporte-aereo\/internacional\/latam-ofrece-solucion-a-pasajeros-afectados-por-cancelacion-de-vuelos-de-peruvian-airlines\/","name":"Latam ofrece soluci\u00f3n a pasajeros afectados por cancelaci\u00f3n de vuelos de Peruvian Airlines","isPartOf":{"@id":"https:\/\/aeronoticias.com.pe\/noticiero\/#website"},"primaryImageOfPage":{"@id":"https:\/\/aeronoticias.com.pe\/noticiero\/transporte-aereo\/internacional\/latam-ofrece-solucion-a-pasajeros-afectados-por-cancelacion-de-vuelos-de-peruvian-airlines\/#primaryimage"},"image":{"@id":"https:\/\/aeronoticias.com.pe\/noticiero\/transporte-aereo\/internacional\/latam-ofrece-solucion-a-pasajeros-afectados-por-cancelacion-de-vuelos-de-peruvian-airlines\/#primaryimage"},"thumbnailUrl":"https:\/\/aeronoticias.com.pe\/noticiero\/wp-content\/uploads\/2019\/10\/latam4.jpg","datePublished":"2019-10-05T15:31:13+00:00","dateModified":"2020-11-16T23:24:52+00:00","author":{"@id":"https:\/\/aeronoticias.com.pe\/noticiero\/#\/schema\/person\/fc1e5d578f4b62ba1cf7ac2bba1170a0"},"description":"La aerol\u00ednea Latam se pronunci\u00f3 a trav\u00e9s de un comunicado sobre la situaci\u00f3n que viven los pasajeros que fueron afectados por la cancelaci\u00f3n de los vuelos que salen desde Lima, en el aeropuerto internacional Jorge Ch\u00e1vez, por parte de Peruvian Airlines.","breadcrumb":{"@id":"https:\/\/aeronoticias.com.pe\/noticiero\/transporte-aereo\/internacional\/latam-ofrece-solucion-a-pasajeros-afectados-por-cancelacion-de-vuelos-de-peruvian-airlines\/#breadcrumb"},"inLanguage":"es","potentialAction":[{"@type":"ReadAction","target":["https:\/\/aeronoticias.com.pe\/noticiero\/transporte-aereo\/internacional\/latam-ofrece-solucion-a-pasajeros-afectados-por-cancelacion-de-vuelos-de-peruvian-airlines\/"]}]},{"@type":"ImageObject","inLanguage":"es","@id":"https:\/\/aeronoticias.com.pe\/noticiero\/transporte-aereo\/internacional\/latam-ofrece-solucion-a-pasajeros-afectados-por-cancelacion-de-vuelos-de-peruvian-airlines\/#primaryimage","url":"https:\/\/aeronoticias.com.pe\/noticiero\/wp-content\/uploads\/2019\/10\/latam4.jpg","contentUrl":"https:\/\/aeronoticias.com.pe\/noticiero\/wp-content\/uploads\/2019\/10\/latam4.jpg","width":1883,"height":1059},{"@type":"BreadcrumbList","@id":"https:\/\/aeronoticias.com.pe\/noticiero\/transporte-aereo\/internacional\/latam-ofrece-solucion-a-pasajeros-afectados-por-cancelacion-de-vuelos-de-peruvian-airlines\/#breadcrumb","itemListElement":[{"@type":"ListItem","position":1,"name":"Portada","item":"https:\/\/aeronoticias.com.pe\/noticiero\/"},{"@type":"ListItem","position":2,"name":"Latam ofrece soluci\u00f3n a pasajeros afectados por cancelaci\u00f3n de vuelos de Peruvian Airlines"}]},{"@type":"WebSite","@id":"https:\/\/aeronoticias.com.pe\/noticiero\/#website","url":"https:\/\/aeronoticias.com.pe\/noticiero\/","name":"Aeronoticias.com.pe","description":"Noticias de tranporte aereo, turismo, hoteles, gastronomia, actualidad, internacional","potentialAction":[{"@type":"SearchAction","target":{"@type":"EntryPoint","urlTemplate":"https:\/\/aeronoticias.com.pe\/noticiero\/?s={search_term_string}"},"query-input":{"@type":"PropertyValueSpecification","valueRequired":true,"valueName":"search_term_string"}}],"inLanguage":"es"},{"@type":"Person","@id":"https:\/\/aeronoticias.com.pe\/noticiero\/#\/schema\/person\/fc1e5d578f4b62ba1cf7ac2bba1170a0","name":"Redacci\u00f3n Aeronoticias","url":"https:\/\/aeronoticias.com.pe\/noticiero\/author\/piloto\/"}]}},"_links":{"self":[{"href":"https:\/\/aeronoticias.com.pe\/noticiero\/wp-json\/wp\/v2\/posts\/58908","targetHints":{"allow":["GET"]}}],"collection":[{"href":"https:\/\/aeronoticias.com.pe\/noticiero\/wp-json\/wp\/v2\/posts"}],"about":[{"href":"https:\/\/aeronoticias.com.pe\/noticiero\/wp-json\/wp\/v2\/types\/post"}],"author":[{"embeddable":true,"href":"https:\/\/aeronoticias.com.pe\/noticiero\/wp-json\/wp\/v2\/users\/1"}],"replies":[{"embeddable":true,"href":"https:\/\/aeronoticias.com.pe\/noticiero\/wp-json\/wp\/v2\/comments?post=58908"}],"version-history":[{"count":0,"href":"https:\/\/aeronoticias.com.pe\/noticiero\/wp-json\/wp\/v2\/posts\/58908\/revisions"}],"wp:featuredmedia":[{"embeddable":true,"href":"https:\/\/aeronoticias.com.pe\/noticiero\/wp-json\/wp\/v2\/media\/65672"}],"wp:attachment":[{"href":"https:\/\/aeronoticias.com.pe\/noticiero\/wp-json\/wp\/v2\/media?parent=58908"}],"wp:term":[{"taxonomy":"category","embeddable":true,"href":"https:\/\/aeronoticias.com.pe\/noticiero\/wp-json\/wp\/v2\/categories?post=58908"},{"taxonomy":"post_tag","embeddable":true,"href":"https:\/\/aeronoticias.com.pe\/noticiero\/wp-json\/wp\/v2\/tags?post=58908"}],"curies":[{"name":"wp","href":"https:\/\/api.w.org\/{rel}","templated":true}]}}