{"id":58910,"date":"2019-10-06T15:23:43","date_gmt":"2019-10-06T15:23:43","guid":{"rendered":"http:\/\/desarrollo.mcvicious.com\/aero2020\/2019\/10\/06\/construiran-aeropuerto-internacional-privado-en-pacasmayo\/"},"modified":"2019-10-06T15:23:43","modified_gmt":"2019-10-06T15:23:43","slug":"construiran-aeropuerto-internacional-privado-en-pacasmayo","status":"publish","type":"post","link":"https:\/\/aeronoticias.com.pe\/noticiero\/27\/construiran-aeropuerto-internacional-privado-en-pacasmayo\/","title":{"rendered":"Construir\u00e1n Aeropuerto Internacional privado en Pacasmayo"},"content":{"rendered":"<p style=\"text-align: justify;\"><strong>(Aeronoticias) <\/strong><span style=\"text-align: justify;\">Con la construcci\u00f3n de un Aeropuerto internacional privado en Pacasmayo, buscan que La Libertad ya no dependa del Aeropuerto internacional Jorge Ch\u00e1vez, ahorr\u00e1ndose el 90 % de las tasas aeroportuarias que cobra Lima Airport Partner (LAP).<\/span><\/p>\n<p style=\"text-align: justify;\"><span style=\"font-size: 12.16px;\">Juli\u00e1n Palac\u00edn, Expresidente de CORPAC, manifest\u00f3 que el 100% de la carga a\u00e9rea del norte del Per\u00fa saldr\u00eda por el aeropuerto de Pacasmayo sin sobre costos ni elevadas tarifas, adem\u00e1s de recibir las importaciones del norte y generar tres mil millones de d\u00f3lares en movimiento econ\u00f3mico para toda la regi\u00f3n.<\/span><\/p>\n<p style=\"text-align: justify;\"><span style=\"font-size: 12.16px;\">Se inform\u00f3 que se construir\u00eda una pista privada al servicio de los agroexportadores de Chavimochic de 3,240 metros de largo, que recibir\u00eda aeronaves Boeing 747 400 de carga de hasta 120 toneladas. El costo de la pista de aterrizaje de las calles de rodaje y dem\u00e1s instalaciones ser\u00eda de una inversi\u00f3n privada de hasta 35 millones de d\u00f3lares.<\/span><\/p>\n<p style=\"text-align: justify;\"><span style=\"font-size: 12.16px;\">Sobre el proyecto en construcci\u00f3n est\u00e1n esperando el pronunciamiento del Gobernador Regional, tambi\u00e9n le pidieron al Presidente Vizcarra que los estudios para el aeropuerto lo hagan la Direcci\u00f3n de Aeron\u00e1utica Civil y CORPAC. <\/span><\/p>\n<p style=\"text-align: justify;\"><span style=\"font-size: 12.16px;\">El especialista tambi\u00e9n se pronunci\u00f3 sobre la concesi\u00f3n del aeropuerto Carlos Mart\u00ednez de Pinillos, asegura que las condiciones est\u00e1n mal dadas porque las tarifas son alt\u00edsimas, hay una cl\u00e1usula monop\u00f3lica que impide al Estado autorizar un aeropuerto de uso p\u00fablico comercial a un nuevo aeropuerto dentro de un radio de los 150 kil\u00f3metros, sin embargo el aeropuerto de Pacasmayo es una viejo aeropuerto de hace m\u00e1s de 60 a\u00f1os y ser\u00e1 de uso privado, adem\u00e1s por la falta de infraestructura, es decir de resistencia de la pista para aeronaves de 120 toneladas en el Carlos Mart\u00ednez de Pinillos de Trujillo, se impide las exportaciones y el desarrollo econ\u00f3mico, en una concesi\u00f3n que ya van 13 a\u00f1os y no se ven resultados.<\/span><\/p>\n<p style=\"text-align: justify;\"><span style=\"font-size: 12.16px;\">Cabe agregar, que en sesi\u00f3n solemne, en la\u00a0<span style=\"white-space: pre;\"> <\/span>Municipalidad Provincial de Pacasmayo, el Alcalde Abogado C\u00e9sar Rodolfo Milla Mi\u00f1an, seg\u00fan Resoluci\u00f3n N\u00ba 200-2019-MDP, declar\u00f3 Hu\u00e9sped Ilustre y distinguido visitante al Se\u00f1or Juli\u00e1n Palacin Fern\u00e1ndez, por el esfuerzo de promover el proyecto del Aeropuerto Internacional Privado de Pacasmayo.<\/span><\/p>\n<p style=\"text-align: justify;\">Fuente: <a href=\"https:\/\/macronorte.pe\/2019\/10\/03\/construiran-aeropuerto-internacional-privado-en-pacasmayo\/\" target=\"_blank\" rel=\"noopener noreferrer\">https:\/\/macronorte.pe\/2019\/10\/03\/construiran-aeropuerto-internacional-privado-en-pacasmayo\/<\/a><\/p>\n<p style=\"text-align: justify;\"><img decoding=\"async\" src=\"images\/stories\/19\/10\/061019\/jpalacin-munipacasmayo.jpg\" border=\"0\" \/><\/p>\n","protected":false},"excerpt":{"rendered":"<p>(Aeronoticias) Con la construcci\u00f3n de un Aeropuerto internacional privado en Pacasmayo, buscan que La Libertad ya no dependa del Aeropuerto internacional Jorge Ch\u00e1vez, ahorr\u00e1ndose el 90 % de las tasas aeroportuarias que cobra Lima Airport Partner (LAP). Juli\u00e1n Palac\u00edn, Expresidente de CORPAC, manifest\u00f3 que el 100% de la carga a\u00e9rea del norte del Per\u00fa saldr\u00eda [&hellip;]<\/p>\n","protected":false},"author":1,"featured_media":0,"comment_status":"open","ping_status":"open","sticky":false,"template":"","format":"standard","meta":{"tdm_status":"","tdm_grid_status":"","footnotes":""},"categories":[35],"tags":[],"class_list":{"0":"post-58910","1":"post","2":"type-post","3":"status-publish","4":"format-standard","6":"category-35"},"yoast_head":"<!-- This site is optimized with the Yoast SEO plugin v25.1 - https:\/\/yoast.com\/wordpress\/plugins\/seo\/ -->\n<title>Construir\u00e1n Aeropuerto Internacional privado en Pacasmayo<\/title>\n<meta name=\"description\" content=\"Portal de noticias del Per\u00fa sobre el transporte a\u00e9reo, aviaci\u00f3n, turismo, hoteleria, actualidad.\" \/>\n<meta name=\"robots\" content=\"index, follow, max-snippet:-1, max-image-preview:large, max-video-preview:-1\" \/>\n<link rel=\"canonical\" href=\"https:\/\/aeronoticias.com.pe\/noticiero\/27\/construiran-aeropuerto-internacional-privado-en-pacasmayo\/\" \/>\n<meta property=\"og:locale\" content=\"es_ES\" \/>\n<meta property=\"og:type\" content=\"article\" \/>\n<meta property=\"og:title\" content=\"Construir\u00e1n Aeropuerto Internacional privado en Pacasmayo\" \/>\n<meta property=\"og:description\" content=\"Portal de noticias del Per\u00fa sobre el transporte a\u00e9reo, aviaci\u00f3n, turismo, hoteleria, actualidad.\" \/>\n<meta property=\"og:url\" content=\"https:\/\/aeronoticias.com.pe\/noticiero\/27\/construiran-aeropuerto-internacional-privado-en-pacasmayo\/\" \/>\n<meta property=\"og:site_name\" content=\"Aeronoticias.com.pe\" \/>\n<meta property=\"article:publisher\" content=\"https:\/\/www.facebook.com\/Aeronoticias.com.pe\/\" \/>\n<meta property=\"article:published_time\" content=\"2019-10-06T15:23:43+00:00\" \/>\n<meta name=\"author\" content=\"Redacci\u00f3n Aeronoticias\" \/>\n<meta name=\"twitter:card\" content=\"summary_large_image\" \/>\n<meta name=\"twitter:creator\" content=\"@aeronoticias\" \/>\n<meta name=\"twitter:site\" content=\"@aeronoticias\" \/>\n<meta name=\"twitter:label1\" content=\"Escrito por\" \/>\n\t<meta name=\"twitter:data1\" content=\"Redacci\u00f3n Aeronoticias\" \/>\n\t<meta name=\"twitter:label2\" content=\"Tiempo de lectura\" \/>\n\t<meta name=\"twitter:data2\" content=\"2 minutos\" \/>\n<script type=\"application\/ld+json\" class=\"yoast-schema-graph\">{\"@context\":\"https:\/\/schema.org\",\"@graph\":[{\"@type\":\"WebPage\",\"@id\":\"https:\/\/aeronoticias.com.pe\/noticiero\/27\/construiran-aeropuerto-internacional-privado-en-pacasmayo\/\",\"url\":\"https:\/\/aeronoticias.com.pe\/noticiero\/27\/construiran-aeropuerto-internacional-privado-en-pacasmayo\/\",\"name\":\"Construir\u00e1n Aeropuerto Internacional privado en Pacasmayo\",\"isPartOf\":{\"@id\":\"https:\/\/aeronoticias.com.pe\/noticiero\/#website\"},\"datePublished\":\"2019-10-06T15:23:43+00:00\",\"author\":{\"@id\":\"https:\/\/aeronoticias.com.pe\/noticiero\/#\/schema\/person\/fc1e5d578f4b62ba1cf7ac2bba1170a0\"},\"description\":\"Portal de noticias del Per\u00fa sobre el transporte a\u00e9reo, aviaci\u00f3n, turismo, hoteleria, actualidad.\",\"breadcrumb\":{\"@id\":\"https:\/\/aeronoticias.com.pe\/noticiero\/27\/construiran-aeropuerto-internacional-privado-en-pacasmayo\/#breadcrumb\"},\"inLanguage\":\"es\",\"potentialAction\":[{\"@type\":\"ReadAction\",\"target\":[\"https:\/\/aeronoticias.com.pe\/noticiero\/27\/construiran-aeropuerto-internacional-privado-en-pacasmayo\/\"]}]},{\"@type\":\"BreadcrumbList\",\"@id\":\"https:\/\/aeronoticias.com.pe\/noticiero\/27\/construiran-aeropuerto-internacional-privado-en-pacasmayo\/#breadcrumb\",\"itemListElement\":[{\"@type\":\"ListItem\",\"position\":1,\"name\":\"Portada\",\"item\":\"https:\/\/aeronoticias.com.pe\/noticiero\/\"},{\"@type\":\"ListItem\",\"position\":2,\"name\":\"Construir\u00e1n Aeropuerto Internacional privado en Pacasmayo\"}]},{\"@type\":\"WebSite\",\"@id\":\"https:\/\/aeronoticias.com.pe\/noticiero\/#website\",\"url\":\"https:\/\/aeronoticias.com.pe\/noticiero\/\",\"name\":\"Aeronoticias.com.pe\",\"description\":\"Noticias de tranporte aereo, turismo, hoteles, gastronomia, actualidad, internacional\",\"potentialAction\":[{\"@type\":\"SearchAction\",\"target\":{\"@type\":\"EntryPoint\",\"urlTemplate\":\"https:\/\/aeronoticias.com.pe\/noticiero\/?s={search_term_string}\"},\"query-input\":{\"@type\":\"PropertyValueSpecification\",\"valueRequired\":true,\"valueName\":\"search_term_string\"}}],\"inLanguage\":\"es\"},{\"@type\":\"Person\",\"@id\":\"https:\/\/aeronoticias.com.pe\/noticiero\/#\/schema\/person\/fc1e5d578f4b62ba1cf7ac2bba1170a0\",\"name\":\"Redacci\u00f3n Aeronoticias\",\"url\":\"https:\/\/aeronoticias.com.pe\/noticiero\/author\/piloto\/\"}]}<\/script>\n<!-- \/ Yoast SEO plugin. -->","yoast_head_json":{"title":"Construir\u00e1n Aeropuerto Internacional privado en Pacasmayo","description":"Portal de noticias del Per\u00fa sobre el transporte a\u00e9reo, aviaci\u00f3n, turismo, hoteleria, actualidad.","robots":{"index":"index","follow":"follow","max-snippet":"max-snippet:-1","max-image-preview":"max-image-preview:large","max-video-preview":"max-video-preview:-1"},"canonical":"https:\/\/aeronoticias.com.pe\/noticiero\/27\/construiran-aeropuerto-internacional-privado-en-pacasmayo\/","og_locale":"es_ES","og_type":"article","og_title":"Construir\u00e1n Aeropuerto Internacional privado en Pacasmayo","og_description":"Portal de noticias del Per\u00fa sobre el transporte a\u00e9reo, aviaci\u00f3n, turismo, hoteleria, actualidad.","og_url":"https:\/\/aeronoticias.com.pe\/noticiero\/27\/construiran-aeropuerto-internacional-privado-en-pacasmayo\/","og_site_name":"Aeronoticias.com.pe","article_publisher":"https:\/\/www.facebook.com\/Aeronoticias.com.pe\/","article_published_time":"2019-10-06T15:23:43+00:00","author":"Redacci\u00f3n Aeronoticias","twitter_card":"summary_large_image","twitter_creator":"@aeronoticias","twitter_site":"@aeronoticias","twitter_misc":{"Escrito por":"Redacci\u00f3n Aeronoticias","Tiempo de lectura":"2 minutos"},"schema":{"@context":"https:\/\/schema.org","@graph":[{"@type":"WebPage","@id":"https:\/\/aeronoticias.com.pe\/noticiero\/27\/construiran-aeropuerto-internacional-privado-en-pacasmayo\/","url":"https:\/\/aeronoticias.com.pe\/noticiero\/27\/construiran-aeropuerto-internacional-privado-en-pacasmayo\/","name":"Construir\u00e1n Aeropuerto Internacional privado en Pacasmayo","isPartOf":{"@id":"https:\/\/aeronoticias.com.pe\/noticiero\/#website"},"datePublished":"2019-10-06T15:23:43+00:00","author":{"@id":"https:\/\/aeronoticias.com.pe\/noticiero\/#\/schema\/person\/fc1e5d578f4b62ba1cf7ac2bba1170a0"},"description":"Portal de noticias del Per\u00fa sobre el transporte a\u00e9reo, aviaci\u00f3n, turismo, hoteleria, actualidad.","breadcrumb":{"@id":"https:\/\/aeronoticias.com.pe\/noticiero\/27\/construiran-aeropuerto-internacional-privado-en-pacasmayo\/#breadcrumb"},"inLanguage":"es","potentialAction":[{"@type":"ReadAction","target":["https:\/\/aeronoticias.com.pe\/noticiero\/27\/construiran-aeropuerto-internacional-privado-en-pacasmayo\/"]}]},{"@type":"BreadcrumbList","@id":"https:\/\/aeronoticias.com.pe\/noticiero\/27\/construiran-aeropuerto-internacional-privado-en-pacasmayo\/#breadcrumb","itemListElement":[{"@type":"ListItem","position":1,"name":"Portada","item":"https:\/\/aeronoticias.com.pe\/noticiero\/"},{"@type":"ListItem","position":2,"name":"Construir\u00e1n Aeropuerto Internacional privado en Pacasmayo"}]},{"@type":"WebSite","@id":"https:\/\/aeronoticias.com.pe\/noticiero\/#website","url":"https:\/\/aeronoticias.com.pe\/noticiero\/","name":"Aeronoticias.com.pe","description":"Noticias de tranporte aereo, turismo, hoteles, gastronomia, actualidad, internacional","potentialAction":[{"@type":"SearchAction","target":{"@type":"EntryPoint","urlTemplate":"https:\/\/aeronoticias.com.pe\/noticiero\/?s={search_term_string}"},"query-input":{"@type":"PropertyValueSpecification","valueRequired":true,"valueName":"search_term_string"}}],"inLanguage":"es"},{"@type":"Person","@id":"https:\/\/aeronoticias.com.pe\/noticiero\/#\/schema\/person\/fc1e5d578f4b62ba1cf7ac2bba1170a0","name":"Redacci\u00f3n Aeronoticias","url":"https:\/\/aeronoticias.com.pe\/noticiero\/author\/piloto\/"}]}},"_links":{"self":[{"href":"https:\/\/aeronoticias.com.pe\/noticiero\/wp-json\/wp\/v2\/posts\/58910","targetHints":{"allow":["GET"]}}],"collection":[{"href":"https:\/\/aeronoticias.com.pe\/noticiero\/wp-json\/wp\/v2\/posts"}],"about":[{"href":"https:\/\/aeronoticias.com.pe\/noticiero\/wp-json\/wp\/v2\/types\/post"}],"author":[{"embeddable":true,"href":"https:\/\/aeronoticias.com.pe\/noticiero\/wp-json\/wp\/v2\/users\/1"}],"replies":[{"embeddable":true,"href":"https:\/\/aeronoticias.com.pe\/noticiero\/wp-json\/wp\/v2\/comments?post=58910"}],"version-history":[{"count":0,"href":"https:\/\/aeronoticias.com.pe\/noticiero\/wp-json\/wp\/v2\/posts\/58910\/revisions"}],"wp:attachment":[{"href":"https:\/\/aeronoticias.com.pe\/noticiero\/wp-json\/wp\/v2\/media?parent=58910"}],"wp:term":[{"taxonomy":"category","embeddable":true,"href":"https:\/\/aeronoticias.com.pe\/noticiero\/wp-json\/wp\/v2\/categories?post=58910"},{"taxonomy":"post_tag","embeddable":true,"href":"https:\/\/aeronoticias.com.pe\/noticiero\/wp-json\/wp\/v2\/tags?post=58910"}],"curies":[{"name":"wp","href":"https:\/\/api.w.org\/{rel}","templated":true}]}}