{"id":58912,"date":"2019-10-06T15:54:48","date_gmt":"2019-10-06T15:54:48","guid":{"rendered":"http:\/\/desarrollo.mcvicious.com\/aero2020\/2019\/10\/06\/municipalidad-de-pacasmayo-declaro-huesped-ilustre-a-julian-palacin-fernandez\/"},"modified":"2019-10-06T15:54:48","modified_gmt":"2019-10-06T15:54:48","slug":"municipalidad-de-pacasmayo-declaro-huesped-ilustre-a-julian-palacin-fernandez","status":"publish","type":"post","link":"https:\/\/aeronoticias.com.pe\/noticiero\/politica\/municipalidad-de-pacasmayo-declaro-huesped-ilustre-a-julian-palacin-fernandez\/","title":{"rendered":"Municipalidad de Pacasmayo declar\u00f3 Hu\u00e9sped Ilustre a Juli\u00e1n Palacin Fern\u00e1ndez"},"content":{"rendered":"<p style=\"text-align: justify;\"><span style=\"font-size: 12.16px;\"><strong>(Aeronoticias) <\/strong>Con la participaci\u00f3n de m\u00e1s de 100 personalidades de Pacasmayo, San Pedro de Lloc y otros distritos, la Municipalidad de Pacasmayo en la Regi\u00f3n La Libertad a trav\u00e9s de su Alcalde Dr. CESAR RODOLFO MILLA MANAY llev\u00f3 a cabo el viernes 4 de octubre del 2019 una sesi\u00f3n solemne para homenajear al conferencista invitado Juli\u00e1n Palacin Fern\u00e1ndez, quien expuso el tema la \u201cAEROPUERTO INTERNACIONAL PRIVADO DE PACASMAYO\u201d al servicio de los 2,000 mil vuelos internacionales que necesitan los Agro Exportadores de Chavimochic para exportar m\u00e1s de 2 mil millones de d\u00f3lares anuales a los mercados internacionales desde el Aeropuerto Internacional de Pacasmayo, eliminando m\u00e1s de 100 millones de D\u00f3lares en los sobrecostos que hoy tiene que afrontar, el sector Agro Exportador de Chavimochic en La Libertad.<\/span><\/p>\n<p style=\"text-align: justify;\">El Proyecto de construir esta infraestructura aeroportuaria de naturaleza privada e internacional con el apoyo del sector p\u00fablico y privado, en el actual aer\u00f3dromo de Pacasmayo es autor\u00eda de Julian Palacin Fernandez, quien fue invitado hace 15 d\u00edas a dictar una Conferencia Magistral en Trujillo sobre la Geopol\u00edtica de los Aeropuertos del Norte del Per\u00fa, el 2do Aeropuerto Internacional Trujillo en la zona denominada El Tablazo VER CONFERENCIA y en este trabajo acad\u00e9mico el Jurista explico los problemas y soluciones del actual Aeropuerto de Trujillo, trat\u00f3 el tema del Aeropuerto de Chimbote y del Proyectado Aeropuerto Internacional en el Sector denominado El Tablazo; y por \u00faltimo se refiri\u00f3 al desarrollo del Aeropuerto Internacional Privado de Pacasmayo, cuyos Asociados ser\u00edan los Agro Exportadores de Chavimochic, que al explotar un Aeropuerto Privado, jur\u00eddicamente no tendr\u00edan el impedimento de la cl\u00e1usula contractual anticonstitucional de PROINVERSION del Contrato de Concesi\u00f3n del Aeropuerto de Trujillo que le impide al Estado autorizar un Aeropuerto de uso p\u00fablico dentro de los 150 km de los Aer\u00f3dromos Concesionados.<\/p>\n<p style=\"text-align: justify;\">Luego de la Conferencia el Alcalde de Pacasmayo, entreg\u00f3 al conferencista Juli\u00e1n Palacin Fern\u00e1ndez, la Resoluci\u00f3n del Alcald\u00eda N\u00ba 200-2019-MDP que lo declara Hu\u00e9sped Ilustre y Distinguido Visitante del Distrito de Pacasmayo, reconociendo sus m\u00e9ritos como Promotor del Proyecto del Aeropuerto Internacional privado de Pacasmayo.<\/p>\n<p style=\"text-align: justify;\"><img decoding=\"async\" src=\"images\/stories\/19\/10\/061019\/huesped ilustre pacasmayo.jpg\" border=\"0\" \/><\/p>\n","protected":false},"excerpt":{"rendered":"<p>(Aeronoticias) Con la participaci\u00f3n de m\u00e1s de 100 personalidades de Pacasmayo, San Pedro de Lloc y otros distritos, la Municipalidad de Pacasmayo en la Regi\u00f3n La Libertad a trav\u00e9s de su Alcalde Dr. CESAR RODOLFO MILLA MANAY llev\u00f3 a cabo el viernes 4 de octubre del 2019 una sesi\u00f3n solemne para homenajear al conferencista invitado [&hellip;]<\/p>\n","protected":false},"author":1,"featured_media":0,"comment_status":"open","ping_status":"open","sticky":false,"template":"","format":"standard","meta":{"tdm_status":"","tdm_grid_status":"","footnotes":""},"categories":[36],"tags":[],"class_list":{"0":"post-58912","1":"post","2":"type-post","3":"status-publish","4":"format-standard","6":"category-politica"},"yoast_head":"<!-- This site is optimized with the Yoast SEO plugin v25.1 - https:\/\/yoast.com\/wordpress\/plugins\/seo\/ -->\n<title>Municipalidad de Pacasmayo declar\u00f3 Hu\u00e9sped Ilustre a Juli\u00e1n Palacin Fern\u00e1ndez<\/title>\n<meta name=\"description\" content=\"Portal de noticias del Per\u00fa sobre el transporte a\u00e9reo, aviaci\u00f3n, turismo, hoteleria, actualidad.\" \/>\n<meta name=\"robots\" content=\"index, follow, max-snippet:-1, max-image-preview:large, max-video-preview:-1\" \/>\n<link rel=\"canonical\" href=\"https:\/\/aeronoticias.com.pe\/noticiero\/politica\/municipalidad-de-pacasmayo-declaro-huesped-ilustre-a-julian-palacin-fernandez\/\" \/>\n<meta property=\"og:locale\" content=\"es_ES\" \/>\n<meta property=\"og:type\" content=\"article\" \/>\n<meta property=\"og:title\" content=\"Municipalidad de Pacasmayo declar\u00f3 Hu\u00e9sped Ilustre a Juli\u00e1n Palacin Fern\u00e1ndez\" \/>\n<meta property=\"og:description\" content=\"Portal de noticias del Per\u00fa sobre el transporte a\u00e9reo, aviaci\u00f3n, turismo, hoteleria, actualidad.\" \/>\n<meta property=\"og:url\" content=\"https:\/\/aeronoticias.com.pe\/noticiero\/politica\/municipalidad-de-pacasmayo-declaro-huesped-ilustre-a-julian-palacin-fernandez\/\" \/>\n<meta property=\"og:site_name\" content=\"Aeronoticias.com.pe\" \/>\n<meta property=\"article:publisher\" content=\"https:\/\/www.facebook.com\/Aeronoticias.com.pe\/\" \/>\n<meta property=\"article:published_time\" content=\"2019-10-06T15:54:48+00:00\" \/>\n<meta name=\"author\" content=\"Redacci\u00f3n Aeronoticias\" \/>\n<meta name=\"twitter:card\" content=\"summary_large_image\" \/>\n<meta name=\"twitter:creator\" content=\"@aeronoticias\" \/>\n<meta name=\"twitter:site\" content=\"@aeronoticias\" \/>\n<meta name=\"twitter:label1\" content=\"Escrito por\" \/>\n\t<meta name=\"twitter:data1\" content=\"Redacci\u00f3n Aeronoticias\" \/>\n\t<meta name=\"twitter:label2\" content=\"Tiempo de lectura\" \/>\n\t<meta name=\"twitter:data2\" content=\"2 minutos\" \/>\n<script type=\"application\/ld+json\" class=\"yoast-schema-graph\">{\"@context\":\"https:\/\/schema.org\",\"@graph\":[{\"@type\":\"WebPage\",\"@id\":\"https:\/\/aeronoticias.com.pe\/noticiero\/politica\/municipalidad-de-pacasmayo-declaro-huesped-ilustre-a-julian-palacin-fernandez\/\",\"url\":\"https:\/\/aeronoticias.com.pe\/noticiero\/politica\/municipalidad-de-pacasmayo-declaro-huesped-ilustre-a-julian-palacin-fernandez\/\",\"name\":\"Municipalidad de Pacasmayo declar\u00f3 Hu\u00e9sped Ilustre a Juli\u00e1n Palacin Fern\u00e1ndez\",\"isPartOf\":{\"@id\":\"https:\/\/aeronoticias.com.pe\/noticiero\/#website\"},\"datePublished\":\"2019-10-06T15:54:48+00:00\",\"author\":{\"@id\":\"https:\/\/aeronoticias.com.pe\/noticiero\/#\/schema\/person\/fc1e5d578f4b62ba1cf7ac2bba1170a0\"},\"description\":\"Portal de noticias del Per\u00fa sobre el transporte a\u00e9reo, aviaci\u00f3n, turismo, hoteleria, actualidad.\",\"breadcrumb\":{\"@id\":\"https:\/\/aeronoticias.com.pe\/noticiero\/politica\/municipalidad-de-pacasmayo-declaro-huesped-ilustre-a-julian-palacin-fernandez\/#breadcrumb\"},\"inLanguage\":\"es\",\"potentialAction\":[{\"@type\":\"ReadAction\",\"target\":[\"https:\/\/aeronoticias.com.pe\/noticiero\/politica\/municipalidad-de-pacasmayo-declaro-huesped-ilustre-a-julian-palacin-fernandez\/\"]}]},{\"@type\":\"BreadcrumbList\",\"@id\":\"https:\/\/aeronoticias.com.pe\/noticiero\/politica\/municipalidad-de-pacasmayo-declaro-huesped-ilustre-a-julian-palacin-fernandez\/#breadcrumb\",\"itemListElement\":[{\"@type\":\"ListItem\",\"position\":1,\"name\":\"Portada\",\"item\":\"https:\/\/aeronoticias.com.pe\/noticiero\/\"},{\"@type\":\"ListItem\",\"position\":2,\"name\":\"Municipalidad de Pacasmayo declar\u00f3 Hu\u00e9sped Ilustre a Juli\u00e1n Palacin Fern\u00e1ndez\"}]},{\"@type\":\"WebSite\",\"@id\":\"https:\/\/aeronoticias.com.pe\/noticiero\/#website\",\"url\":\"https:\/\/aeronoticias.com.pe\/noticiero\/\",\"name\":\"Aeronoticias.com.pe\",\"description\":\"Noticias de tranporte aereo, turismo, hoteles, gastronomia, actualidad, internacional\",\"potentialAction\":[{\"@type\":\"SearchAction\",\"target\":{\"@type\":\"EntryPoint\",\"urlTemplate\":\"https:\/\/aeronoticias.com.pe\/noticiero\/?s={search_term_string}\"},\"query-input\":{\"@type\":\"PropertyValueSpecification\",\"valueRequired\":true,\"valueName\":\"search_term_string\"}}],\"inLanguage\":\"es\"},{\"@type\":\"Person\",\"@id\":\"https:\/\/aeronoticias.com.pe\/noticiero\/#\/schema\/person\/fc1e5d578f4b62ba1cf7ac2bba1170a0\",\"name\":\"Redacci\u00f3n Aeronoticias\",\"url\":\"https:\/\/aeronoticias.com.pe\/noticiero\/author\/piloto\/\"}]}<\/script>\n<!-- \/ Yoast SEO plugin. -->","yoast_head_json":{"title":"Municipalidad de Pacasmayo declar\u00f3 Hu\u00e9sped Ilustre a Juli\u00e1n Palacin Fern\u00e1ndez","description":"Portal de noticias del Per\u00fa sobre el transporte a\u00e9reo, aviaci\u00f3n, turismo, hoteleria, actualidad.","robots":{"index":"index","follow":"follow","max-snippet":"max-snippet:-1","max-image-preview":"max-image-preview:large","max-video-preview":"max-video-preview:-1"},"canonical":"https:\/\/aeronoticias.com.pe\/noticiero\/politica\/municipalidad-de-pacasmayo-declaro-huesped-ilustre-a-julian-palacin-fernandez\/","og_locale":"es_ES","og_type":"article","og_title":"Municipalidad de Pacasmayo declar\u00f3 Hu\u00e9sped Ilustre a Juli\u00e1n Palacin Fern\u00e1ndez","og_description":"Portal de noticias del Per\u00fa sobre el transporte a\u00e9reo, aviaci\u00f3n, turismo, hoteleria, actualidad.","og_url":"https:\/\/aeronoticias.com.pe\/noticiero\/politica\/municipalidad-de-pacasmayo-declaro-huesped-ilustre-a-julian-palacin-fernandez\/","og_site_name":"Aeronoticias.com.pe","article_publisher":"https:\/\/www.facebook.com\/Aeronoticias.com.pe\/","article_published_time":"2019-10-06T15:54:48+00:00","author":"Redacci\u00f3n Aeronoticias","twitter_card":"summary_large_image","twitter_creator":"@aeronoticias","twitter_site":"@aeronoticias","twitter_misc":{"Escrito por":"Redacci\u00f3n Aeronoticias","Tiempo de lectura":"2 minutos"},"schema":{"@context":"https:\/\/schema.org","@graph":[{"@type":"WebPage","@id":"https:\/\/aeronoticias.com.pe\/noticiero\/politica\/municipalidad-de-pacasmayo-declaro-huesped-ilustre-a-julian-palacin-fernandez\/","url":"https:\/\/aeronoticias.com.pe\/noticiero\/politica\/municipalidad-de-pacasmayo-declaro-huesped-ilustre-a-julian-palacin-fernandez\/","name":"Municipalidad de Pacasmayo declar\u00f3 Hu\u00e9sped Ilustre a Juli\u00e1n Palacin Fern\u00e1ndez","isPartOf":{"@id":"https:\/\/aeronoticias.com.pe\/noticiero\/#website"},"datePublished":"2019-10-06T15:54:48+00:00","author":{"@id":"https:\/\/aeronoticias.com.pe\/noticiero\/#\/schema\/person\/fc1e5d578f4b62ba1cf7ac2bba1170a0"},"description":"Portal de noticias del Per\u00fa sobre el transporte a\u00e9reo, aviaci\u00f3n, turismo, hoteleria, actualidad.","breadcrumb":{"@id":"https:\/\/aeronoticias.com.pe\/noticiero\/politica\/municipalidad-de-pacasmayo-declaro-huesped-ilustre-a-julian-palacin-fernandez\/#breadcrumb"},"inLanguage":"es","potentialAction":[{"@type":"ReadAction","target":["https:\/\/aeronoticias.com.pe\/noticiero\/politica\/municipalidad-de-pacasmayo-declaro-huesped-ilustre-a-julian-palacin-fernandez\/"]}]},{"@type":"BreadcrumbList","@id":"https:\/\/aeronoticias.com.pe\/noticiero\/politica\/municipalidad-de-pacasmayo-declaro-huesped-ilustre-a-julian-palacin-fernandez\/#breadcrumb","itemListElement":[{"@type":"ListItem","position":1,"name":"Portada","item":"https:\/\/aeronoticias.com.pe\/noticiero\/"},{"@type":"ListItem","position":2,"name":"Municipalidad de Pacasmayo declar\u00f3 Hu\u00e9sped Ilustre a Juli\u00e1n Palacin Fern\u00e1ndez"}]},{"@type":"WebSite","@id":"https:\/\/aeronoticias.com.pe\/noticiero\/#website","url":"https:\/\/aeronoticias.com.pe\/noticiero\/","name":"Aeronoticias.com.pe","description":"Noticias de tranporte aereo, turismo, hoteles, gastronomia, actualidad, internacional","potentialAction":[{"@type":"SearchAction","target":{"@type":"EntryPoint","urlTemplate":"https:\/\/aeronoticias.com.pe\/noticiero\/?s={search_term_string}"},"query-input":{"@type":"PropertyValueSpecification","valueRequired":true,"valueName":"search_term_string"}}],"inLanguage":"es"},{"@type":"Person","@id":"https:\/\/aeronoticias.com.pe\/noticiero\/#\/schema\/person\/fc1e5d578f4b62ba1cf7ac2bba1170a0","name":"Redacci\u00f3n Aeronoticias","url":"https:\/\/aeronoticias.com.pe\/noticiero\/author\/piloto\/"}]}},"_links":{"self":[{"href":"https:\/\/aeronoticias.com.pe\/noticiero\/wp-json\/wp\/v2\/posts\/58912","targetHints":{"allow":["GET"]}}],"collection":[{"href":"https:\/\/aeronoticias.com.pe\/noticiero\/wp-json\/wp\/v2\/posts"}],"about":[{"href":"https:\/\/aeronoticias.com.pe\/noticiero\/wp-json\/wp\/v2\/types\/post"}],"author":[{"embeddable":true,"href":"https:\/\/aeronoticias.com.pe\/noticiero\/wp-json\/wp\/v2\/users\/1"}],"replies":[{"embeddable":true,"href":"https:\/\/aeronoticias.com.pe\/noticiero\/wp-json\/wp\/v2\/comments?post=58912"}],"version-history":[{"count":0,"href":"https:\/\/aeronoticias.com.pe\/noticiero\/wp-json\/wp\/v2\/posts\/58912\/revisions"}],"wp:attachment":[{"href":"https:\/\/aeronoticias.com.pe\/noticiero\/wp-json\/wp\/v2\/media?parent=58912"}],"wp:term":[{"taxonomy":"category","embeddable":true,"href":"https:\/\/aeronoticias.com.pe\/noticiero\/wp-json\/wp\/v2\/categories?post=58912"},{"taxonomy":"post_tag","embeddable":true,"href":"https:\/\/aeronoticias.com.pe\/noticiero\/wp-json\/wp\/v2\/tags?post=58912"}],"curies":[{"name":"wp","href":"https:\/\/api.w.org\/{rel}","templated":true}]}}