{"id":58914,"date":"2019-10-07T17:04:31","date_gmt":"2019-10-07T17:04:31","guid":{"rendered":"http:\/\/desarrollo.mcvicious.com\/aero2020\/2019\/10\/07\/el-invento-que-cambiara-la-forma-de-llevar-las-maletas-en-la-cabina-del-avion\/"},"modified":"2019-10-07T17:04:31","modified_gmt":"2019-10-07T17:04:31","slug":"el-invento-que-cambiara-la-forma-de-llevar-las-maletas-en-la-cabina-del-avion","status":"publish","type":"post","link":"https:\/\/aeronoticias.com.pe\/noticiero\/nacionales\/el-invento-que-cambiara-la-forma-de-llevar-las-maletas-en-la-cabina-del-avion\/","title":{"rendered":"El invento que cambiar\u00e1 la forma de llevar las maletas en la cabina del avi\u00f3n"},"content":{"rendered":"<p style=\"text-align: justify;\"><strong>(Aeronoticias)<\/strong>.-\u00a0<span style=\"color: #454545; font-family: Helvetica; font-size: 12px;\">Entrar de los primeros en un avi\u00f3n es sin\u00f3nimo de elegir el mejor lugar para guardar el equipaje de mano. <\/span><\/p>\n<p style=\"text-align: justify;\"><span style=\"color: #454545; font-family: Helvetica; font-size: 12px;\">Y es que no siempre el espacio superior de almacenaje, que corresponde al asiento asignado, est\u00e1 disponible por la manera en que se guardan las maletas. <\/span><\/p>\n<p style=\"text-align: justify;\"><span style=\"color: #454545; font-family: Helvetica; font-size: 12px;\">Es por esto que las compa\u00f1\u00edas a\u00e9reas se han puesto manos a la obra para intentar dar una soluci\u00f3n al problema. La primera en presentar su \u00abinvento\u00bb ha sido Air France, que ha anunciado nuevos compartimentos de equipaje m\u00e1s grandes en los que las maletas se meten en posici\u00f3n lateral. Los nuevos cofres ser\u00e1n instalados en sus aviones Airbus A320 y A321 de corto y mediano recorrido de pasillo \u00fanico para su red nacional y europea.<\/span><\/p>\n<p class=\"p1\" style=\"text-align: justify;\">El sistema ECOS -Efficient Cabin Open Space- de Safran Cabin ofrece hasta un 60 por ciento m\u00e1s de capacidad de almacenamiento que los compartimentos de equipaje disponibles actualmente y est\u00e1n equipados con puertas de f\u00e1cil acceso que no invaden el pasillo de la cabina.<\/p>\n<p class=\"p1\" style=\"text-align: justify;\">\u00a0<\/p>\n<p class=\"p1\" style=\"text-align: justify;\"><strong>Facilita el desembarque<\/strong><\/p>\n<p class=\"p1\" style=\"text-align: justify;\">Robusto, ligero y f\u00e1cil de mantener, el sistema ECOS es simple y r\u00e1pido de instalar y no requiere modificaciones de la aeronave. Proporciona una experiencia de embarque m\u00e1s f\u00e1cil y fluida, lo que reduce en gran medida el tiempo dedicado a buscar espacio para equipaje a bordo o la necesidad de colocar ciertas bolsas en la bodega. Los tiempos de respuesta de las aeronaves tambi\u00e9n se reducir\u00e1n para mejorar la eficiencia y el rendimiento a tiempo.<\/p>\n<p class=\"p1\" style=\"text-align: justify;\">\u00a0<\/p>\n<p class=\"p1\" style=\"text-align: justify;\">En total, Air France planea equipar gradualmente sus 40 Airbus A320 y 11 A321 con 1.342 nuevos compartimentos de equipaje entre septiembre de 2020 y septiembre de 2022.<\/p>\n<p class=\"p1\" style=\"text-align: justify;\">Catherine Villar, Gerente de Experiencia del Cliente de la aerol\u00ednea asegura que \u00abAir France ser\u00e1 la primera compa\u00f1\u00eda en ofrecer estos innovadores ba\u00fales para equipaje.<\/p>\n<p class=\"p1\" style=\"text-align: justify;\">\u00a0<\/p>\n<p class=\"p1\" style=\"text-align: justify;\">Nos permitir\u00e1n satisfacer las altas expectativas de nuestros clientes que desean viajar solo con un equipaje de mano para ahorrar tiempo durante sus viajes. El abordaje ser\u00e1 m\u00e1s f\u00e1cil y r\u00e1pido, tanto para ellos como para nuestra tripulaci\u00f3n. Esto representa una ganancia significativa en t\u00e9rminos de comodidad y eficiencia operativa\u00bb, dice.<\/p>\n<p class=\"p3\" style=\"text-align: justify;\">\u00a0<\/p>\n<p class=\"p1\" style=\"text-align: justify;\">Por su parte, Norman Jordan, presidente de Safran Cabin, dijo que \u00abSafran Cabin se enorgullece de proporcionar a Air France el sistema de compartimiento de equipaje ECOS y apoyar a la compa\u00f1\u00eda en sus objetivos de mejorar la satisfacci\u00f3n del cliente\u00bb.<\/p>\n<p class=\"p1\" style=\"text-align: justify;\">\u00a0<\/p>\n<p class=\"p1\" style=\"text-align: justify;\">Fuente: <span style=\"text-decoration: underline;\"><em><strong>ABC<\/strong><\/em><\/span>.<\/p>\n<p class=\"p1\" style=\"text-align: justify;\">\u00a0<\/p>\n<p class=\"p1\" style=\"text-align: justify;\"><img decoding=\"async\" src=\"images\/stories\/eeuu.jpg\" border=\"0\" \/><\/p>\n<p> p.p1 {margin: 0.0px 0.0px 0.0px 0.0px; font: 12.0px Helvetica; color: #454545} p.p2 {margin: 0.0px 0.0px 0.0px 0.0px; text-align: center; font: 12.0px Helvetica; color: #454545; min-height: 14.0px} p.p3 {margin: 0.0px 0.0px 0.0px 0.0px; font: 12.0px Helvetica; color: #454545; min-height: 14.0px}<\/p>\n","protected":false},"excerpt":{"rendered":"<p>(Aeronoticias).-\u00a0Entrar de los primeros en un avi\u00f3n es sin\u00f3nimo de elegir el mejor lugar para guardar el equipaje de mano. Y es que no siempre el espacio superior de almacenaje, que corresponde al asiento asignado, est\u00e1 disponible por la manera en que se guardan las maletas. Es por esto que las compa\u00f1\u00edas a\u00e9reas se han [&hellip;]<\/p>\n","protected":false},"author":1,"featured_media":0,"comment_status":"open","ping_status":"open","sticky":false,"template":"","format":"standard","meta":{"tdm_status":"","tdm_grid_status":"","footnotes":""},"categories":[38],"tags":[],"class_list":{"0":"post-58914","1":"post","2":"type-post","3":"status-publish","4":"format-standard","6":"category-nacionales"},"yoast_head":"<!-- This site is optimized with the Yoast SEO plugin v25.1 - https:\/\/yoast.com\/wordpress\/plugins\/seo\/ -->\n<title>El invento que cambiar\u00e1 la forma de llevar las maletas en la cabina del avi\u00f3n<\/title>\n<meta name=\"description\" content=\"Portal de noticias del Per\u00fa sobre el transporte a\u00e9reo, aviaci\u00f3n, turismo, hoteleria, actualidad.\" \/>\n<meta name=\"robots\" content=\"index, follow, max-snippet:-1, max-image-preview:large, max-video-preview:-1\" \/>\n<link rel=\"canonical\" href=\"https:\/\/aeronoticias.com.pe\/noticiero\/nacionales\/el-invento-que-cambiara-la-forma-de-llevar-las-maletas-en-la-cabina-del-avion\/\" \/>\n<meta property=\"og:locale\" content=\"es_ES\" \/>\n<meta property=\"og:type\" content=\"article\" \/>\n<meta property=\"og:title\" content=\"El invento que cambiar\u00e1 la forma de llevar las maletas en la cabina del avi\u00f3n\" \/>\n<meta property=\"og:description\" content=\"Portal de noticias del Per\u00fa sobre el transporte a\u00e9reo, aviaci\u00f3n, turismo, hoteleria, actualidad.\" \/>\n<meta property=\"og:url\" content=\"https:\/\/aeronoticias.com.pe\/noticiero\/nacionales\/el-invento-que-cambiara-la-forma-de-llevar-las-maletas-en-la-cabina-del-avion\/\" \/>\n<meta property=\"og:site_name\" content=\"Aeronoticias.com.pe\" \/>\n<meta property=\"article:publisher\" content=\"https:\/\/www.facebook.com\/Aeronoticias.com.pe\/\" \/>\n<meta property=\"article:published_time\" content=\"2019-10-07T17:04:31+00:00\" \/>\n<meta name=\"author\" content=\"Redacci\u00f3n Aeronoticias\" \/>\n<meta name=\"twitter:card\" content=\"summary_large_image\" \/>\n<meta name=\"twitter:creator\" content=\"@aeronoticias\" \/>\n<meta name=\"twitter:site\" content=\"@aeronoticias\" \/>\n<meta name=\"twitter:label1\" content=\"Escrito por\" \/>\n\t<meta name=\"twitter:data1\" content=\"Redacci\u00f3n Aeronoticias\" \/>\n\t<meta name=\"twitter:label2\" content=\"Tiempo de lectura\" \/>\n\t<meta name=\"twitter:data2\" content=\"2 minutos\" \/>\n<script type=\"application\/ld+json\" class=\"yoast-schema-graph\">{\"@context\":\"https:\/\/schema.org\",\"@graph\":[{\"@type\":\"WebPage\",\"@id\":\"https:\/\/aeronoticias.com.pe\/noticiero\/nacionales\/el-invento-que-cambiara-la-forma-de-llevar-las-maletas-en-la-cabina-del-avion\/\",\"url\":\"https:\/\/aeronoticias.com.pe\/noticiero\/nacionales\/el-invento-que-cambiara-la-forma-de-llevar-las-maletas-en-la-cabina-del-avion\/\",\"name\":\"El invento que cambiar\u00e1 la forma de llevar las maletas en la cabina del avi\u00f3n\",\"isPartOf\":{\"@id\":\"https:\/\/aeronoticias.com.pe\/noticiero\/#website\"},\"datePublished\":\"2019-10-07T17:04:31+00:00\",\"author\":{\"@id\":\"https:\/\/aeronoticias.com.pe\/noticiero\/#\/schema\/person\/fc1e5d578f4b62ba1cf7ac2bba1170a0\"},\"description\":\"Portal de noticias del Per\u00fa sobre el transporte a\u00e9reo, aviaci\u00f3n, turismo, hoteleria, actualidad.\",\"breadcrumb\":{\"@id\":\"https:\/\/aeronoticias.com.pe\/noticiero\/nacionales\/el-invento-que-cambiara-la-forma-de-llevar-las-maletas-en-la-cabina-del-avion\/#breadcrumb\"},\"inLanguage\":\"es\",\"potentialAction\":[{\"@type\":\"ReadAction\",\"target\":[\"https:\/\/aeronoticias.com.pe\/noticiero\/nacionales\/el-invento-que-cambiara-la-forma-de-llevar-las-maletas-en-la-cabina-del-avion\/\"]}]},{\"@type\":\"BreadcrumbList\",\"@id\":\"https:\/\/aeronoticias.com.pe\/noticiero\/nacionales\/el-invento-que-cambiara-la-forma-de-llevar-las-maletas-en-la-cabina-del-avion\/#breadcrumb\",\"itemListElement\":[{\"@type\":\"ListItem\",\"position\":1,\"name\":\"Portada\",\"item\":\"https:\/\/aeronoticias.com.pe\/noticiero\/\"},{\"@type\":\"ListItem\",\"position\":2,\"name\":\"El invento que cambiar\u00e1 la forma de llevar las maletas en la cabina del avi\u00f3n\"}]},{\"@type\":\"WebSite\",\"@id\":\"https:\/\/aeronoticias.com.pe\/noticiero\/#website\",\"url\":\"https:\/\/aeronoticias.com.pe\/noticiero\/\",\"name\":\"Aeronoticias.com.pe\",\"description\":\"Noticias de tranporte aereo, turismo, hoteles, gastronomia, actualidad, internacional\",\"potentialAction\":[{\"@type\":\"SearchAction\",\"target\":{\"@type\":\"EntryPoint\",\"urlTemplate\":\"https:\/\/aeronoticias.com.pe\/noticiero\/?s={search_term_string}\"},\"query-input\":{\"@type\":\"PropertyValueSpecification\",\"valueRequired\":true,\"valueName\":\"search_term_string\"}}],\"inLanguage\":\"es\"},{\"@type\":\"Person\",\"@id\":\"https:\/\/aeronoticias.com.pe\/noticiero\/#\/schema\/person\/fc1e5d578f4b62ba1cf7ac2bba1170a0\",\"name\":\"Redacci\u00f3n Aeronoticias\",\"url\":\"https:\/\/aeronoticias.com.pe\/noticiero\/author\/piloto\/\"}]}<\/script>\n<!-- \/ Yoast SEO plugin. -->","yoast_head_json":{"title":"El invento que cambiar\u00e1 la forma de llevar las maletas en la cabina del avi\u00f3n","description":"Portal de noticias del Per\u00fa sobre el transporte a\u00e9reo, aviaci\u00f3n, turismo, hoteleria, actualidad.","robots":{"index":"index","follow":"follow","max-snippet":"max-snippet:-1","max-image-preview":"max-image-preview:large","max-video-preview":"max-video-preview:-1"},"canonical":"https:\/\/aeronoticias.com.pe\/noticiero\/nacionales\/el-invento-que-cambiara-la-forma-de-llevar-las-maletas-en-la-cabina-del-avion\/","og_locale":"es_ES","og_type":"article","og_title":"El invento que cambiar\u00e1 la forma de llevar las maletas en la cabina del avi\u00f3n","og_description":"Portal de noticias del Per\u00fa sobre el transporte a\u00e9reo, aviaci\u00f3n, turismo, hoteleria, actualidad.","og_url":"https:\/\/aeronoticias.com.pe\/noticiero\/nacionales\/el-invento-que-cambiara-la-forma-de-llevar-las-maletas-en-la-cabina-del-avion\/","og_site_name":"Aeronoticias.com.pe","article_publisher":"https:\/\/www.facebook.com\/Aeronoticias.com.pe\/","article_published_time":"2019-10-07T17:04:31+00:00","author":"Redacci\u00f3n Aeronoticias","twitter_card":"summary_large_image","twitter_creator":"@aeronoticias","twitter_site":"@aeronoticias","twitter_misc":{"Escrito por":"Redacci\u00f3n Aeronoticias","Tiempo de lectura":"2 minutos"},"schema":{"@context":"https:\/\/schema.org","@graph":[{"@type":"WebPage","@id":"https:\/\/aeronoticias.com.pe\/noticiero\/nacionales\/el-invento-que-cambiara-la-forma-de-llevar-las-maletas-en-la-cabina-del-avion\/","url":"https:\/\/aeronoticias.com.pe\/noticiero\/nacionales\/el-invento-que-cambiara-la-forma-de-llevar-las-maletas-en-la-cabina-del-avion\/","name":"El invento que cambiar\u00e1 la forma de llevar las maletas en la cabina del avi\u00f3n","isPartOf":{"@id":"https:\/\/aeronoticias.com.pe\/noticiero\/#website"},"datePublished":"2019-10-07T17:04:31+00:00","author":{"@id":"https:\/\/aeronoticias.com.pe\/noticiero\/#\/schema\/person\/fc1e5d578f4b62ba1cf7ac2bba1170a0"},"description":"Portal de noticias del Per\u00fa sobre el transporte a\u00e9reo, aviaci\u00f3n, turismo, hoteleria, actualidad.","breadcrumb":{"@id":"https:\/\/aeronoticias.com.pe\/noticiero\/nacionales\/el-invento-que-cambiara-la-forma-de-llevar-las-maletas-en-la-cabina-del-avion\/#breadcrumb"},"inLanguage":"es","potentialAction":[{"@type":"ReadAction","target":["https:\/\/aeronoticias.com.pe\/noticiero\/nacionales\/el-invento-que-cambiara-la-forma-de-llevar-las-maletas-en-la-cabina-del-avion\/"]}]},{"@type":"BreadcrumbList","@id":"https:\/\/aeronoticias.com.pe\/noticiero\/nacionales\/el-invento-que-cambiara-la-forma-de-llevar-las-maletas-en-la-cabina-del-avion\/#breadcrumb","itemListElement":[{"@type":"ListItem","position":1,"name":"Portada","item":"https:\/\/aeronoticias.com.pe\/noticiero\/"},{"@type":"ListItem","position":2,"name":"El invento que cambiar\u00e1 la forma de llevar las maletas en la cabina del avi\u00f3n"}]},{"@type":"WebSite","@id":"https:\/\/aeronoticias.com.pe\/noticiero\/#website","url":"https:\/\/aeronoticias.com.pe\/noticiero\/","name":"Aeronoticias.com.pe","description":"Noticias de tranporte aereo, turismo, hoteles, gastronomia, actualidad, internacional","potentialAction":[{"@type":"SearchAction","target":{"@type":"EntryPoint","urlTemplate":"https:\/\/aeronoticias.com.pe\/noticiero\/?s={search_term_string}"},"query-input":{"@type":"PropertyValueSpecification","valueRequired":true,"valueName":"search_term_string"}}],"inLanguage":"es"},{"@type":"Person","@id":"https:\/\/aeronoticias.com.pe\/noticiero\/#\/schema\/person\/fc1e5d578f4b62ba1cf7ac2bba1170a0","name":"Redacci\u00f3n Aeronoticias","url":"https:\/\/aeronoticias.com.pe\/noticiero\/author\/piloto\/"}]}},"_links":{"self":[{"href":"https:\/\/aeronoticias.com.pe\/noticiero\/wp-json\/wp\/v2\/posts\/58914","targetHints":{"allow":["GET"]}}],"collection":[{"href":"https:\/\/aeronoticias.com.pe\/noticiero\/wp-json\/wp\/v2\/posts"}],"about":[{"href":"https:\/\/aeronoticias.com.pe\/noticiero\/wp-json\/wp\/v2\/types\/post"}],"author":[{"embeddable":true,"href":"https:\/\/aeronoticias.com.pe\/noticiero\/wp-json\/wp\/v2\/users\/1"}],"replies":[{"embeddable":true,"href":"https:\/\/aeronoticias.com.pe\/noticiero\/wp-json\/wp\/v2\/comments?post=58914"}],"version-history":[{"count":0,"href":"https:\/\/aeronoticias.com.pe\/noticiero\/wp-json\/wp\/v2\/posts\/58914\/revisions"}],"wp:attachment":[{"href":"https:\/\/aeronoticias.com.pe\/noticiero\/wp-json\/wp\/v2\/media?parent=58914"}],"wp:term":[{"taxonomy":"category","embeddable":true,"href":"https:\/\/aeronoticias.com.pe\/noticiero\/wp-json\/wp\/v2\/categories?post=58914"},{"taxonomy":"post_tag","embeddable":true,"href":"https:\/\/aeronoticias.com.pe\/noticiero\/wp-json\/wp\/v2\/tags?post=58914"}],"curies":[{"name":"wp","href":"https:\/\/api.w.org\/{rel}","templated":true}]}}