{"id":58916,"date":"2019-10-07T17:38:04","date_gmt":"2019-10-07T17:38:04","guid":{"rendered":"http:\/\/desarrollo.mcvicious.com\/aero2020\/2019\/10\/07\/klm-y-microsoft-unen-sus-fuerzas-para-hacer-que-el-transporte-aereo-sea-mas-sostenible\/"},"modified":"2020-11-16T12:05:52","modified_gmt":"2020-11-16T17:05:52","slug":"klm-y-microsoft-unen-sus-fuerzas-para-hacer-que-el-transporte-aereo-sea-mas-sostenible","status":"publish","type":"post","link":"https:\/\/aeronoticias.com.pe\/noticiero\/transporte-aereo\/internacional\/klm-y-microsoft-unen-sus-fuerzas-para-hacer-que-el-transporte-aereo-sea-mas-sostenible\/","title":{"rendered":"KLM y Microsoft unen sus fuerzas para hacer que el transporte a\u00e9reo sea m\u00e1s sostenible"},"content":{"rendered":"\n<p class=\"p1\">La aerol\u00ednea KLM se ha aliado con Microsoft para explorar los viajes a\u00e9reos m\u00e1s sostenibles.<\/p>\n\n\n\n<p class=\"p1\">De este modo, Microsoft comprar\u00e1 una cantidad de combustible de aviaci\u00f3n sostenible (SAF) equivalente a todos los vuelos tomados por los empleados de la comp\u00f1a\u00eda entre EEUU y los Pa\u00edses Bajos, y viceversa, en KLM y Delta Air Lines.<\/p>\n\n\n\n<p class=\"p1\">\u201cAhora que Microsoft y KLM unen sus fuerzas, tenemos una oportunidad real para acelerar el desarrollo de viajes a\u00e9reos sostenibles. Desde 2009, KLM ha estado impulsando el desarrollo de un combustible de aviaci\u00f3n sostenible.<\/p>\n\n\n\n<p class=\"p1\">KLM cree que la producci\u00f3n a medio y largo plazo de este tipo de combustible es extremadamente importante para que la industria de las aerol\u00edneas logre sus objetivos de reducci\u00f3n de di\u00f3xido de carbono. Junto con socios como Microsoft podemos hacer esto realidad mucho antes\u201d, explica Boet Kreiken, EVP Customer Experience de KLM.<\/p>\n\n\n\n<p class=\"p1\">Adem\u00e1s, Microsoft y KLM tienen la intenci\u00f3n de explorar \u00e1reas de cooperaci\u00f3n que mejorar\u00edan a\u00fan m\u00e1s la sostenibilidad y reducir\u00edan las emisiones asociadas con los viajes a\u00e9reos. \u201cNuestro objetivo conjunto es proporcionar un plan que involucre a otras corporaciones para estimular la demanda de soluciones sostenibles de viajes a\u00e9reos y lograr ambiciones para abordar su huella de carbono dentro de su propia cadena de suministro\u201d, comenta Kreiken.<\/p>\n\n\n\n<p class=\"p1\">\u201cLos peque\u00f1os cambios pueden tener un gran impacto cuando se trata del cambio clim\u00e1tico, especialmente cuando esos cambios son realizados por grandes corporaciones globales. Desde 2012, los viajes de los empleados de Microsoft han sido neutrales en carbono.<\/p>\n\n\n\n<p class=\"p1\">Tambi\u00e9n hemos tomado medidas para fomentar el uso de herramientas de trabajo colaborativo, como los equipos, para reducir la necesidad de viajar. Hoy representa un cambio radical, en el que avanzamos m\u00e1s all\u00e1 del impacto de nuestros empleados, hacia el uso de nuestra influencia para impulsar cambios en toda la industria que reducen las emisiones de los viajes a\u00e9reos\u201d, explica Eric Bailey, director global de viajes de Microsoft.<\/p>\n\n\n\n<p class=\"p1\">Fuente: <span style=\"text-decoration: underline;\"><em><strong>Actualidad Aeroespacial<\/strong><\/em><\/span>.<\/p>\n","protected":false},"excerpt":{"rendered":"<p>La aerol\u00ednea KLM se ha aliado con Microsoft para explorar los viajes a\u00e9reos m\u00e1s sostenibles. De este modo, Microsoft comprar\u00e1 una cantidad de combustible de aviaci\u00f3n sostenible (SAF) equivalente a todos los vuelos tomados por los empleados de la comp\u00f1a\u00eda entre EEUU y los Pa\u00edses Bajos, y viceversa, en KLM y Delta Air Lines. \u201cAhora [&hellip;]<\/p>\n","protected":false},"author":1,"featured_media":65658,"comment_status":"open","ping_status":"open","sticky":false,"template":"","format":"standard","meta":{"tdm_status":"","tdm_grid_status":"","footnotes":""},"categories":[32,11],"tags":[183,864],"class_list":{"0":"post-58916","1":"post","2":"type-post","3":"status-publish","4":"format-standard","5":"has-post-thumbnail","7":"category-internacional","8":"category-transporte-aereo","9":"tag-klm","10":"tag-microsoft"},"yoast_head":"<!-- This site is optimized with the Yoast SEO plugin v25.1 - https:\/\/yoast.com\/wordpress\/plugins\/seo\/ -->\n<title>KLM y Microsoft unen sus fuerzas para hacer que el transporte a\u00e9reo sea m\u00e1s sostenible<\/title>\n<meta name=\"description\" content=\"\u201cAhora que Microsoft y KLM unen sus fuerzas, tenemos una oportunidad real para acelerar el desarrollo de viajes a\u00e9reos sostenibles. Desde 2009, KLM ha estado impulsando el desarrollo de un combustible de aviaci\u00f3n sostenible.\" \/>\n<meta name=\"robots\" content=\"index, follow, max-snippet:-1, max-image-preview:large, max-video-preview:-1\" \/>\n<link rel=\"canonical\" href=\"https:\/\/aeronoticias.com.pe\/noticiero\/transporte-aereo\/internacional\/klm-y-microsoft-unen-sus-fuerzas-para-hacer-que-el-transporte-aereo-sea-mas-sostenible\/\" \/>\n<meta property=\"og:locale\" content=\"es_ES\" \/>\n<meta property=\"og:type\" content=\"article\" \/>\n<meta property=\"og:title\" content=\"KLM y Microsoft unen sus fuerzas para hacer que el transporte a\u00e9reo sea m\u00e1s sostenible\" \/>\n<meta property=\"og:description\" content=\"\u201cAhora que Microsoft y KLM unen sus fuerzas, tenemos una oportunidad real para acelerar el desarrollo de viajes a\u00e9reos sostenibles. Desde 2009, KLM ha estado impulsando el desarrollo de un combustible de aviaci\u00f3n sostenible.\" \/>\n<meta property=\"og:url\" content=\"https:\/\/aeronoticias.com.pe\/noticiero\/transporte-aereo\/internacional\/klm-y-microsoft-unen-sus-fuerzas-para-hacer-que-el-transporte-aereo-sea-mas-sostenible\/\" \/>\n<meta property=\"og:site_name\" content=\"Aeronoticias.com.pe\" \/>\n<meta property=\"article:publisher\" content=\"https:\/\/www.facebook.com\/Aeronoticias.com.pe\/\" \/>\n<meta property=\"article:published_time\" content=\"2019-10-07T17:38:04+00:00\" \/>\n<meta property=\"article:modified_time\" content=\"2020-11-16T17:05:52+00:00\" \/>\n<meta property=\"og:image\" content=\"https:\/\/aeronoticias.com.pe\/noticiero\/wp-content\/uploads\/2019\/10\/KLM-y-Microsoft.jpg\" \/>\n\t<meta property=\"og:image:width\" content=\"1800\" \/>\n\t<meta property=\"og:image:height\" content=\"1200\" \/>\n\t<meta property=\"og:image:type\" content=\"image\/jpeg\" \/>\n<meta name=\"author\" content=\"Redacci\u00f3n Aeronoticias\" \/>\n<meta name=\"twitter:card\" content=\"summary_large_image\" \/>\n<meta name=\"twitter:creator\" content=\"@aeronoticias\" \/>\n<meta name=\"twitter:site\" content=\"@aeronoticias\" \/>\n<meta name=\"twitter:label1\" content=\"Escrito por\" \/>\n\t<meta name=\"twitter:data1\" content=\"Redacci\u00f3n Aeronoticias\" \/>\n\t<meta name=\"twitter:label2\" content=\"Tiempo de lectura\" \/>\n\t<meta name=\"twitter:data2\" content=\"2 minutos\" \/>\n<script type=\"application\/ld+json\" class=\"yoast-schema-graph\">{\"@context\":\"https:\/\/schema.org\",\"@graph\":[{\"@type\":\"WebPage\",\"@id\":\"https:\/\/aeronoticias.com.pe\/noticiero\/transporte-aereo\/internacional\/klm-y-microsoft-unen-sus-fuerzas-para-hacer-que-el-transporte-aereo-sea-mas-sostenible\/\",\"url\":\"https:\/\/aeronoticias.com.pe\/noticiero\/transporte-aereo\/internacional\/klm-y-microsoft-unen-sus-fuerzas-para-hacer-que-el-transporte-aereo-sea-mas-sostenible\/\",\"name\":\"KLM y Microsoft unen sus fuerzas para hacer que el transporte a\u00e9reo sea m\u00e1s sostenible\",\"isPartOf\":{\"@id\":\"https:\/\/aeronoticias.com.pe\/noticiero\/#website\"},\"primaryImageOfPage\":{\"@id\":\"https:\/\/aeronoticias.com.pe\/noticiero\/transporte-aereo\/internacional\/klm-y-microsoft-unen-sus-fuerzas-para-hacer-que-el-transporte-aereo-sea-mas-sostenible\/#primaryimage\"},\"image\":{\"@id\":\"https:\/\/aeronoticias.com.pe\/noticiero\/transporte-aereo\/internacional\/klm-y-microsoft-unen-sus-fuerzas-para-hacer-que-el-transporte-aereo-sea-mas-sostenible\/#primaryimage\"},\"thumbnailUrl\":\"https:\/\/aeronoticias.com.pe\/noticiero\/wp-content\/uploads\/2019\/10\/KLM-y-Microsoft.jpg\",\"datePublished\":\"2019-10-07T17:38:04+00:00\",\"dateModified\":\"2020-11-16T17:05:52+00:00\",\"author\":{\"@id\":\"https:\/\/aeronoticias.com.pe\/noticiero\/#\/schema\/person\/fc1e5d578f4b62ba1cf7ac2bba1170a0\"},\"description\":\"\u201cAhora que Microsoft y KLM unen sus fuerzas, tenemos una oportunidad real para acelerar el desarrollo de viajes a\u00e9reos sostenibles. Desde 2009, KLM ha estado impulsando el desarrollo de un combustible de aviaci\u00f3n sostenible.\",\"breadcrumb\":{\"@id\":\"https:\/\/aeronoticias.com.pe\/noticiero\/transporte-aereo\/internacional\/klm-y-microsoft-unen-sus-fuerzas-para-hacer-que-el-transporte-aereo-sea-mas-sostenible\/#breadcrumb\"},\"inLanguage\":\"es\",\"potentialAction\":[{\"@type\":\"ReadAction\",\"target\":[\"https:\/\/aeronoticias.com.pe\/noticiero\/transporte-aereo\/internacional\/klm-y-microsoft-unen-sus-fuerzas-para-hacer-que-el-transporte-aereo-sea-mas-sostenible\/\"]}]},{\"@type\":\"ImageObject\",\"inLanguage\":\"es\",\"@id\":\"https:\/\/aeronoticias.com.pe\/noticiero\/transporte-aereo\/internacional\/klm-y-microsoft-unen-sus-fuerzas-para-hacer-que-el-transporte-aereo-sea-mas-sostenible\/#primaryimage\",\"url\":\"https:\/\/aeronoticias.com.pe\/noticiero\/wp-content\/uploads\/2019\/10\/KLM-y-Microsoft.jpg\",\"contentUrl\":\"https:\/\/aeronoticias.com.pe\/noticiero\/wp-content\/uploads\/2019\/10\/KLM-y-Microsoft.jpg\",\"width\":1800,\"height\":1200},{\"@type\":\"BreadcrumbList\",\"@id\":\"https:\/\/aeronoticias.com.pe\/noticiero\/transporte-aereo\/internacional\/klm-y-microsoft-unen-sus-fuerzas-para-hacer-que-el-transporte-aereo-sea-mas-sostenible\/#breadcrumb\",\"itemListElement\":[{\"@type\":\"ListItem\",\"position\":1,\"name\":\"Portada\",\"item\":\"https:\/\/aeronoticias.com.pe\/noticiero\/\"},{\"@type\":\"ListItem\",\"position\":2,\"name\":\"KLM y Microsoft unen sus fuerzas para hacer que el transporte a\u00e9reo sea m\u00e1s sostenible\"}]},{\"@type\":\"WebSite\",\"@id\":\"https:\/\/aeronoticias.com.pe\/noticiero\/#website\",\"url\":\"https:\/\/aeronoticias.com.pe\/noticiero\/\",\"name\":\"Aeronoticias.com.pe\",\"description\":\"Noticias de tranporte aereo, turismo, hoteles, gastronomia, actualidad, internacional\",\"potentialAction\":[{\"@type\":\"SearchAction\",\"target\":{\"@type\":\"EntryPoint\",\"urlTemplate\":\"https:\/\/aeronoticias.com.pe\/noticiero\/?s={search_term_string}\"},\"query-input\":{\"@type\":\"PropertyValueSpecification\",\"valueRequired\":true,\"valueName\":\"search_term_string\"}}],\"inLanguage\":\"es\"},{\"@type\":\"Person\",\"@id\":\"https:\/\/aeronoticias.com.pe\/noticiero\/#\/schema\/person\/fc1e5d578f4b62ba1cf7ac2bba1170a0\",\"name\":\"Redacci\u00f3n Aeronoticias\",\"url\":\"https:\/\/aeronoticias.com.pe\/noticiero\/author\/piloto\/\"}]}<\/script>\n<!-- \/ Yoast SEO plugin. -->","yoast_head_json":{"title":"KLM y Microsoft unen sus fuerzas para hacer que el transporte a\u00e9reo sea m\u00e1s sostenible","description":"\u201cAhora que Microsoft y KLM unen sus fuerzas, tenemos una oportunidad real para acelerar el desarrollo de viajes a\u00e9reos sostenibles. Desde 2009, KLM ha estado impulsando el desarrollo de un combustible de aviaci\u00f3n sostenible.","robots":{"index":"index","follow":"follow","max-snippet":"max-snippet:-1","max-image-preview":"max-image-preview:large","max-video-preview":"max-video-preview:-1"},"canonical":"https:\/\/aeronoticias.com.pe\/noticiero\/transporte-aereo\/internacional\/klm-y-microsoft-unen-sus-fuerzas-para-hacer-que-el-transporte-aereo-sea-mas-sostenible\/","og_locale":"es_ES","og_type":"article","og_title":"KLM y Microsoft unen sus fuerzas para hacer que el transporte a\u00e9reo sea m\u00e1s sostenible","og_description":"\u201cAhora que Microsoft y KLM unen sus fuerzas, tenemos una oportunidad real para acelerar el desarrollo de viajes a\u00e9reos sostenibles. Desde 2009, KLM ha estado impulsando el desarrollo de un combustible de aviaci\u00f3n sostenible.","og_url":"https:\/\/aeronoticias.com.pe\/noticiero\/transporte-aereo\/internacional\/klm-y-microsoft-unen-sus-fuerzas-para-hacer-que-el-transporte-aereo-sea-mas-sostenible\/","og_site_name":"Aeronoticias.com.pe","article_publisher":"https:\/\/www.facebook.com\/Aeronoticias.com.pe\/","article_published_time":"2019-10-07T17:38:04+00:00","article_modified_time":"2020-11-16T17:05:52+00:00","og_image":[{"width":1800,"height":1200,"url":"https:\/\/aeronoticias.com.pe\/noticiero\/wp-content\/uploads\/2019\/10\/KLM-y-Microsoft.jpg","type":"image\/jpeg"}],"author":"Redacci\u00f3n Aeronoticias","twitter_card":"summary_large_image","twitter_creator":"@aeronoticias","twitter_site":"@aeronoticias","twitter_misc":{"Escrito por":"Redacci\u00f3n Aeronoticias","Tiempo de lectura":"2 minutos"},"schema":{"@context":"https:\/\/schema.org","@graph":[{"@type":"WebPage","@id":"https:\/\/aeronoticias.com.pe\/noticiero\/transporte-aereo\/internacional\/klm-y-microsoft-unen-sus-fuerzas-para-hacer-que-el-transporte-aereo-sea-mas-sostenible\/","url":"https:\/\/aeronoticias.com.pe\/noticiero\/transporte-aereo\/internacional\/klm-y-microsoft-unen-sus-fuerzas-para-hacer-que-el-transporte-aereo-sea-mas-sostenible\/","name":"KLM y Microsoft unen sus fuerzas para hacer que el transporte a\u00e9reo sea m\u00e1s sostenible","isPartOf":{"@id":"https:\/\/aeronoticias.com.pe\/noticiero\/#website"},"primaryImageOfPage":{"@id":"https:\/\/aeronoticias.com.pe\/noticiero\/transporte-aereo\/internacional\/klm-y-microsoft-unen-sus-fuerzas-para-hacer-que-el-transporte-aereo-sea-mas-sostenible\/#primaryimage"},"image":{"@id":"https:\/\/aeronoticias.com.pe\/noticiero\/transporte-aereo\/internacional\/klm-y-microsoft-unen-sus-fuerzas-para-hacer-que-el-transporte-aereo-sea-mas-sostenible\/#primaryimage"},"thumbnailUrl":"https:\/\/aeronoticias.com.pe\/noticiero\/wp-content\/uploads\/2019\/10\/KLM-y-Microsoft.jpg","datePublished":"2019-10-07T17:38:04+00:00","dateModified":"2020-11-16T17:05:52+00:00","author":{"@id":"https:\/\/aeronoticias.com.pe\/noticiero\/#\/schema\/person\/fc1e5d578f4b62ba1cf7ac2bba1170a0"},"description":"\u201cAhora que Microsoft y KLM unen sus fuerzas, tenemos una oportunidad real para acelerar el desarrollo de viajes a\u00e9reos sostenibles. Desde 2009, KLM ha estado impulsando el desarrollo de un combustible de aviaci\u00f3n sostenible.","breadcrumb":{"@id":"https:\/\/aeronoticias.com.pe\/noticiero\/transporte-aereo\/internacional\/klm-y-microsoft-unen-sus-fuerzas-para-hacer-que-el-transporte-aereo-sea-mas-sostenible\/#breadcrumb"},"inLanguage":"es","potentialAction":[{"@type":"ReadAction","target":["https:\/\/aeronoticias.com.pe\/noticiero\/transporte-aereo\/internacional\/klm-y-microsoft-unen-sus-fuerzas-para-hacer-que-el-transporte-aereo-sea-mas-sostenible\/"]}]},{"@type":"ImageObject","inLanguage":"es","@id":"https:\/\/aeronoticias.com.pe\/noticiero\/transporte-aereo\/internacional\/klm-y-microsoft-unen-sus-fuerzas-para-hacer-que-el-transporte-aereo-sea-mas-sostenible\/#primaryimage","url":"https:\/\/aeronoticias.com.pe\/noticiero\/wp-content\/uploads\/2019\/10\/KLM-y-Microsoft.jpg","contentUrl":"https:\/\/aeronoticias.com.pe\/noticiero\/wp-content\/uploads\/2019\/10\/KLM-y-Microsoft.jpg","width":1800,"height":1200},{"@type":"BreadcrumbList","@id":"https:\/\/aeronoticias.com.pe\/noticiero\/transporte-aereo\/internacional\/klm-y-microsoft-unen-sus-fuerzas-para-hacer-que-el-transporte-aereo-sea-mas-sostenible\/#breadcrumb","itemListElement":[{"@type":"ListItem","position":1,"name":"Portada","item":"https:\/\/aeronoticias.com.pe\/noticiero\/"},{"@type":"ListItem","position":2,"name":"KLM y Microsoft unen sus fuerzas para hacer que el transporte a\u00e9reo sea m\u00e1s sostenible"}]},{"@type":"WebSite","@id":"https:\/\/aeronoticias.com.pe\/noticiero\/#website","url":"https:\/\/aeronoticias.com.pe\/noticiero\/","name":"Aeronoticias.com.pe","description":"Noticias de tranporte aereo, turismo, hoteles, gastronomia, actualidad, internacional","potentialAction":[{"@type":"SearchAction","target":{"@type":"EntryPoint","urlTemplate":"https:\/\/aeronoticias.com.pe\/noticiero\/?s={search_term_string}"},"query-input":{"@type":"PropertyValueSpecification","valueRequired":true,"valueName":"search_term_string"}}],"inLanguage":"es"},{"@type":"Person","@id":"https:\/\/aeronoticias.com.pe\/noticiero\/#\/schema\/person\/fc1e5d578f4b62ba1cf7ac2bba1170a0","name":"Redacci\u00f3n Aeronoticias","url":"https:\/\/aeronoticias.com.pe\/noticiero\/author\/piloto\/"}]}},"_links":{"self":[{"href":"https:\/\/aeronoticias.com.pe\/noticiero\/wp-json\/wp\/v2\/posts\/58916","targetHints":{"allow":["GET"]}}],"collection":[{"href":"https:\/\/aeronoticias.com.pe\/noticiero\/wp-json\/wp\/v2\/posts"}],"about":[{"href":"https:\/\/aeronoticias.com.pe\/noticiero\/wp-json\/wp\/v2\/types\/post"}],"author":[{"embeddable":true,"href":"https:\/\/aeronoticias.com.pe\/noticiero\/wp-json\/wp\/v2\/users\/1"}],"replies":[{"embeddable":true,"href":"https:\/\/aeronoticias.com.pe\/noticiero\/wp-json\/wp\/v2\/comments?post=58916"}],"version-history":[{"count":0,"href":"https:\/\/aeronoticias.com.pe\/noticiero\/wp-json\/wp\/v2\/posts\/58916\/revisions"}],"wp:featuredmedia":[{"embeddable":true,"href":"https:\/\/aeronoticias.com.pe\/noticiero\/wp-json\/wp\/v2\/media\/65658"}],"wp:attachment":[{"href":"https:\/\/aeronoticias.com.pe\/noticiero\/wp-json\/wp\/v2\/media?parent=58916"}],"wp:term":[{"taxonomy":"category","embeddable":true,"href":"https:\/\/aeronoticias.com.pe\/noticiero\/wp-json\/wp\/v2\/categories?post=58916"},{"taxonomy":"post_tag","embeddable":true,"href":"https:\/\/aeronoticias.com.pe\/noticiero\/wp-json\/wp\/v2\/tags?post=58916"}],"curies":[{"name":"wp","href":"https:\/\/api.w.org\/{rel}","templated":true}]}}