{"id":58917,"date":"2019-10-08T17:02:25","date_gmt":"2019-10-08T17:02:25","guid":{"rendered":"http:\/\/desarrollo.mcvicious.com\/aero2020\/2019\/10\/08\/mexico-tribunal-permitiria-obra-del-aeropuerto-de-santa-lucia-pero-tambien-ordenaria-conservar-el-naim\/"},"modified":"2019-10-08T17:02:25","modified_gmt":"2019-10-08T17:02:25","slug":"mexico-tribunal-permitiria-obra-del-aeropuerto-de-santa-lucia-pero-tambien-ordenaria-conservar-el-naim","status":"publish","type":"post","link":"https:\/\/aeronoticias.com.pe\/noticiero\/internacionales\/mexico-tribunal-permitiria-obra-del-aeropuerto-de-santa-lucia-pero-tambien-ordenaria-conservar-el-naim\/","title":{"rendered":"M\u00e9xico: Tribunal permitir\u00eda obra del aeropuerto de Santa Luc\u00eda, pero tambi\u00e9n ordenar\u00eda conservar el NAIM"},"content":{"rendered":"<p style=\"text-align: justify;\"><strong>(Aeronoticias)<\/strong>.-\u00a0<span style=\"color: #454545; font-family: Helvetica; font-size: 12px;\">El tribunal que dar\u00e1 una resoluci\u00f3n definitiva sobre el proyecto del Aeropuerto Internacional de Santa Luc\u00eda (AISL) se perfila a permitir esa obra, pero adem\u00e1s ordenar\u00eda al gobierno de Andr\u00e9s Manuel L\u00f3pez Obrador (AMLO) rescatar lo que ya se construy\u00f3 en Texcoco para el proyecto del Nuevo Aeropuerto Internacional de M\u00e9xico (NAIM).<\/span><\/p>\n<p class=\"p1\" style=\"text-align: justify;\">\u201cSe concede la suspensi\u00f3n para que (las autoridades) se abstengan de destruir, eliminar, maltratar, hacer da\u00f1o, vender, sepultar con agua, desperdiciar, afectar de modo alguno, o de hacer inservible de forma alguna, la infraestructura existente dentro del pol\u00edgono del NAIM\u201d, dice la sentencia de la queja 322\/2019, determinada por el D\u00e9cimo Tribunal Colegiado Administrativo el pasado 30 de septiembre.<\/p>\n<p class=\"p1\" style=\"text-align: justify;\">\u00a0<\/p>\n<p class=\"p1\" style=\"text-align: justify;\">Asimismo, revoc\u00f3 una suspensi\u00f3n provisional contra el AISL, que se hab\u00eda otorgado por falta de estudios ambientales, indica el peri\u00f3dico Reforma en una publicaci\u00f3n.<\/p>\n<p class=\"p1\" style=\"text-align: justify;\">\u00a0<\/p>\n<p class=\"p1\" style=\"text-align: justify;\">El juez de Distrito Juan Carlos Guzm\u00e1n, que da tr\u00e1mite a m\u00e1s de 140 amparos contra el AISL, ha negado ya varias suspensiones definitivas para conservar lo construido en Texcoco bajo el argumento de que el proyecto \u201cya fue cancelado\u201d, pero sus sentencias no son finales y ser\u00e1n revisadas por el tribunal colegiado.<\/p>\n<p class=\"p1\" style=\"text-align: justify;\">\u00a0<\/p>\n<p class=\"p1\" style=\"text-align: justify;\">En cuanto a Santa Luc\u00eda, en la queja 322\/2019, la mayor\u00eda de magistrados rechaz\u00f3 suspender el proyecto porque la Secretar\u00eda de Medio Ambiente y Recursos Materiales (Semarnat) ya autoriz\u00f3 la Manifestaci\u00f3n de Impacto Ambiental (MIA).<\/p>\n<p class=\"p3\" style=\"text-align: justify;\">\u00a0<\/p>\n<p class=\"p1\" style=\"text-align: justify;\">Sin embargo, este mismo tribunal concedi\u00f3, el pasado 12 de junio, una suspensi\u00f3n a un piloto aviador que aleg\u00f3 la ausencia de estudios aeron\u00e1uticos y de seguridad para el AISL, por lo que a\u00fan est\u00e1 pendiente que se pronuncie sobre este argumento, dado que aparentemente el gobierno federal a\u00fan no cuenta con todos los estudios y certificaciones en materia aeron\u00e1utica.<\/p>\n<p class=\"p1\" style=\"text-align: justify;\">\u00a0<\/p>\n<p class=\"p1\" style=\"text-align: justify;\">Tampoco se ha pronunciado sobre el argumento reciente de la Sedena, de que el AISL es una instalaci\u00f3n estrat\u00e9gica de seguridad nacional.<\/p>\n<p class=\"p1\" style=\"text-align: justify;\">\u00a0<\/p>\n<p class=\"p1\" style=\"text-align: justify;\"><strong>Proyecto de un parque fotovoltaico<\/strong><\/p>\n<p class=\"p1\" style=\"text-align: justify;\">El gobierno de AMLO podr\u00eda construir un parque fotovoltaico para generar energ\u00eda solar en la zona donde se ubica el cancelado aeropuerto de Texcoco.<\/p>\n<p class=\"p1\" style=\"text-align: justify;\">\u00a0<\/p>\n<p class=\"p1\" style=\"text-align: justify;\">Seg\u00fan el peri\u00f3dico Reforma, la Comisi\u00f3n Nacional del Agua (Conagua) contratar\u00e1 el estudio de factibilidad t\u00e9cnica para desarrollar este proyecto en el Parque Ecol\u00f3gico Lago de Texcoco (PELT).<\/p>\n<p class=\"p1\" style=\"text-align: justify;\">\u00a0<\/p>\n<p class=\"p1\" style=\"text-align: justify;\">\u201cQue el PELT incorpore un proyecto fotovoltaico econ\u00f3micamente rentable, el cual podr\u00e1 definirse una vez que se cuente con par\u00e1metros como capacidad instalada, generaci\u00f3n media anual, costo de inversi\u00f3n, operaci\u00f3n y mantenimiento, flujo de ingresos y costo del financiamiento\u201d, explican las bases del concurso para contratar el estudio.<\/p>\n<p class=\"p2\" style=\"text-align: justify;\">\u00a0<\/p>\n<p class=\"p1\" style=\"text-align: justify;\">La convocatoria fue publicada el pasado 2 de octubre y cuatro empresas fueron invitadas al concurso. El contrato ser\u00e1 adjudicado el 18 de octubre pr\u00f3ximo.<\/p>\n<p class=\"p1\" style=\"text-align: justify;\">\u00a0<\/p>\n<p class=\"p1\" style=\"text-align: justify;\">Fuente: <span style=\"text-decoration: underline;\"><em><strong>Econom\u00eda Hoy<\/strong><\/em><\/span>.<\/p>\n<p class=\"p1\" style=\"text-align: justify;\">\u00a0<\/p>\n<p class=\"p1\" style=\"text-align: justify;\"><img decoding=\"async\" src=\"images\/stories\/a9.jpg\" border=\"0\" \/><\/p>\n<p> p.p1 {margin: 0.0px 0.0px 0.0px 0.0px; font: 12.0px Helvetica; color: #454545} p.p2 {margin: 0.0px 0.0px 0.0px 0.0px; text-align: center; font: 12.0px Helvetica; color: #454545; min-height: 14.0px} p.p3 {margin: 0.0px 0.0px 0.0px 0.0px; font: 12.0px Helvetica; color: #454545; min-height: 14.0px}<\/p>\n","protected":false},"excerpt":{"rendered":"<p>(Aeronoticias).-\u00a0El tribunal que dar\u00e1 una resoluci\u00f3n definitiva sobre el proyecto del Aeropuerto Internacional de Santa Luc\u00eda (AISL) se perfila a permitir esa obra, pero adem\u00e1s ordenar\u00eda al gobierno de Andr\u00e9s Manuel L\u00f3pez Obrador (AMLO) rescatar lo que ya se construy\u00f3 en Texcoco para el proyecto del Nuevo Aeropuerto Internacional de M\u00e9xico (NAIM). \u201cSe concede la [&hellip;]<\/p>\n","protected":false},"author":1,"featured_media":0,"comment_status":"open","ping_status":"open","sticky":false,"template":"","format":"standard","meta":{"tdm_status":"","tdm_grid_status":"","footnotes":""},"categories":[34],"tags":[],"class_list":{"0":"post-58917","1":"post","2":"type-post","3":"status-publish","4":"format-standard","6":"category-internacionales"},"yoast_head":"<!-- This site is optimized with the Yoast SEO plugin v25.1 - https:\/\/yoast.com\/wordpress\/plugins\/seo\/ -->\n<title>M\u00e9xico: Tribunal permitir\u00eda obra del aeropuerto de Santa Luc\u00eda, pero tambi\u00e9n ordenar\u00eda conservar el NAIM<\/title>\n<meta name=\"description\" content=\"Portal de noticias del Per\u00fa sobre el transporte a\u00e9reo, aviaci\u00f3n, turismo, hoteleria, actualidad.\" \/>\n<meta name=\"robots\" content=\"index, follow, max-snippet:-1, max-image-preview:large, max-video-preview:-1\" \/>\n<link rel=\"canonical\" href=\"https:\/\/aeronoticias.com.pe\/noticiero\/internacionales\/mexico-tribunal-permitiria-obra-del-aeropuerto-de-santa-lucia-pero-tambien-ordenaria-conservar-el-naim\/\" \/>\n<meta property=\"og:locale\" content=\"es_ES\" \/>\n<meta property=\"og:type\" content=\"article\" \/>\n<meta property=\"og:title\" content=\"M\u00e9xico: Tribunal permitir\u00eda obra del aeropuerto de Santa Luc\u00eda, pero tambi\u00e9n ordenar\u00eda conservar el NAIM\" \/>\n<meta property=\"og:description\" content=\"Portal de noticias del Per\u00fa sobre el transporte a\u00e9reo, aviaci\u00f3n, turismo, hoteleria, actualidad.\" \/>\n<meta property=\"og:url\" content=\"https:\/\/aeronoticias.com.pe\/noticiero\/internacionales\/mexico-tribunal-permitiria-obra-del-aeropuerto-de-santa-lucia-pero-tambien-ordenaria-conservar-el-naim\/\" \/>\n<meta property=\"og:site_name\" content=\"Aeronoticias.com.pe\" \/>\n<meta property=\"article:publisher\" content=\"https:\/\/www.facebook.com\/Aeronoticias.com.pe\/\" \/>\n<meta property=\"article:published_time\" content=\"2019-10-08T17:02:25+00:00\" \/>\n<meta name=\"author\" content=\"Redacci\u00f3n Aeronoticias\" \/>\n<meta name=\"twitter:card\" content=\"summary_large_image\" \/>\n<meta name=\"twitter:creator\" content=\"@aeronoticias\" \/>\n<meta name=\"twitter:site\" content=\"@aeronoticias\" \/>\n<meta name=\"twitter:label1\" content=\"Escrito por\" \/>\n\t<meta name=\"twitter:data1\" content=\"Redacci\u00f3n Aeronoticias\" \/>\n\t<meta name=\"twitter:label2\" content=\"Tiempo de lectura\" \/>\n\t<meta name=\"twitter:data2\" content=\"3 minutos\" \/>\n<script type=\"application\/ld+json\" class=\"yoast-schema-graph\">{\"@context\":\"https:\/\/schema.org\",\"@graph\":[{\"@type\":\"WebPage\",\"@id\":\"https:\/\/aeronoticias.com.pe\/noticiero\/internacionales\/mexico-tribunal-permitiria-obra-del-aeropuerto-de-santa-lucia-pero-tambien-ordenaria-conservar-el-naim\/\",\"url\":\"https:\/\/aeronoticias.com.pe\/noticiero\/internacionales\/mexico-tribunal-permitiria-obra-del-aeropuerto-de-santa-lucia-pero-tambien-ordenaria-conservar-el-naim\/\",\"name\":\"M\u00e9xico: Tribunal permitir\u00eda obra del aeropuerto de Santa Luc\u00eda, pero tambi\u00e9n ordenar\u00eda conservar el NAIM\",\"isPartOf\":{\"@id\":\"https:\/\/aeronoticias.com.pe\/noticiero\/#website\"},\"datePublished\":\"2019-10-08T17:02:25+00:00\",\"author\":{\"@id\":\"https:\/\/aeronoticias.com.pe\/noticiero\/#\/schema\/person\/fc1e5d578f4b62ba1cf7ac2bba1170a0\"},\"description\":\"Portal de noticias del Per\u00fa sobre el transporte a\u00e9reo, aviaci\u00f3n, turismo, hoteleria, actualidad.\",\"breadcrumb\":{\"@id\":\"https:\/\/aeronoticias.com.pe\/noticiero\/internacionales\/mexico-tribunal-permitiria-obra-del-aeropuerto-de-santa-lucia-pero-tambien-ordenaria-conservar-el-naim\/#breadcrumb\"},\"inLanguage\":\"es\",\"potentialAction\":[{\"@type\":\"ReadAction\",\"target\":[\"https:\/\/aeronoticias.com.pe\/noticiero\/internacionales\/mexico-tribunal-permitiria-obra-del-aeropuerto-de-santa-lucia-pero-tambien-ordenaria-conservar-el-naim\/\"]}]},{\"@type\":\"BreadcrumbList\",\"@id\":\"https:\/\/aeronoticias.com.pe\/noticiero\/internacionales\/mexico-tribunal-permitiria-obra-del-aeropuerto-de-santa-lucia-pero-tambien-ordenaria-conservar-el-naim\/#breadcrumb\",\"itemListElement\":[{\"@type\":\"ListItem\",\"position\":1,\"name\":\"Portada\",\"item\":\"https:\/\/aeronoticias.com.pe\/noticiero\/\"},{\"@type\":\"ListItem\",\"position\":2,\"name\":\"M\u00e9xico: Tribunal permitir\u00eda obra del aeropuerto de Santa Luc\u00eda, pero tambi\u00e9n ordenar\u00eda conservar el NAIM\"}]},{\"@type\":\"WebSite\",\"@id\":\"https:\/\/aeronoticias.com.pe\/noticiero\/#website\",\"url\":\"https:\/\/aeronoticias.com.pe\/noticiero\/\",\"name\":\"Aeronoticias.com.pe\",\"description\":\"Noticias de tranporte aereo, turismo, hoteles, gastronomia, actualidad, internacional\",\"potentialAction\":[{\"@type\":\"SearchAction\",\"target\":{\"@type\":\"EntryPoint\",\"urlTemplate\":\"https:\/\/aeronoticias.com.pe\/noticiero\/?s={search_term_string}\"},\"query-input\":{\"@type\":\"PropertyValueSpecification\",\"valueRequired\":true,\"valueName\":\"search_term_string\"}}],\"inLanguage\":\"es\"},{\"@type\":\"Person\",\"@id\":\"https:\/\/aeronoticias.com.pe\/noticiero\/#\/schema\/person\/fc1e5d578f4b62ba1cf7ac2bba1170a0\",\"name\":\"Redacci\u00f3n Aeronoticias\",\"url\":\"https:\/\/aeronoticias.com.pe\/noticiero\/author\/piloto\/\"}]}<\/script>\n<!-- \/ Yoast SEO plugin. -->","yoast_head_json":{"title":"M\u00e9xico: Tribunal permitir\u00eda obra del aeropuerto de Santa Luc\u00eda, pero tambi\u00e9n ordenar\u00eda conservar el NAIM","description":"Portal de noticias del Per\u00fa sobre el transporte a\u00e9reo, aviaci\u00f3n, turismo, hoteleria, actualidad.","robots":{"index":"index","follow":"follow","max-snippet":"max-snippet:-1","max-image-preview":"max-image-preview:large","max-video-preview":"max-video-preview:-1"},"canonical":"https:\/\/aeronoticias.com.pe\/noticiero\/internacionales\/mexico-tribunal-permitiria-obra-del-aeropuerto-de-santa-lucia-pero-tambien-ordenaria-conservar-el-naim\/","og_locale":"es_ES","og_type":"article","og_title":"M\u00e9xico: Tribunal permitir\u00eda obra del aeropuerto de Santa Luc\u00eda, pero tambi\u00e9n ordenar\u00eda conservar el NAIM","og_description":"Portal de noticias del Per\u00fa sobre el transporte a\u00e9reo, aviaci\u00f3n, turismo, hoteleria, actualidad.","og_url":"https:\/\/aeronoticias.com.pe\/noticiero\/internacionales\/mexico-tribunal-permitiria-obra-del-aeropuerto-de-santa-lucia-pero-tambien-ordenaria-conservar-el-naim\/","og_site_name":"Aeronoticias.com.pe","article_publisher":"https:\/\/www.facebook.com\/Aeronoticias.com.pe\/","article_published_time":"2019-10-08T17:02:25+00:00","author":"Redacci\u00f3n Aeronoticias","twitter_card":"summary_large_image","twitter_creator":"@aeronoticias","twitter_site":"@aeronoticias","twitter_misc":{"Escrito por":"Redacci\u00f3n Aeronoticias","Tiempo de lectura":"3 minutos"},"schema":{"@context":"https:\/\/schema.org","@graph":[{"@type":"WebPage","@id":"https:\/\/aeronoticias.com.pe\/noticiero\/internacionales\/mexico-tribunal-permitiria-obra-del-aeropuerto-de-santa-lucia-pero-tambien-ordenaria-conservar-el-naim\/","url":"https:\/\/aeronoticias.com.pe\/noticiero\/internacionales\/mexico-tribunal-permitiria-obra-del-aeropuerto-de-santa-lucia-pero-tambien-ordenaria-conservar-el-naim\/","name":"M\u00e9xico: Tribunal permitir\u00eda obra del aeropuerto de Santa Luc\u00eda, pero tambi\u00e9n ordenar\u00eda conservar el NAIM","isPartOf":{"@id":"https:\/\/aeronoticias.com.pe\/noticiero\/#website"},"datePublished":"2019-10-08T17:02:25+00:00","author":{"@id":"https:\/\/aeronoticias.com.pe\/noticiero\/#\/schema\/person\/fc1e5d578f4b62ba1cf7ac2bba1170a0"},"description":"Portal de noticias del Per\u00fa sobre el transporte a\u00e9reo, aviaci\u00f3n, turismo, hoteleria, actualidad.","breadcrumb":{"@id":"https:\/\/aeronoticias.com.pe\/noticiero\/internacionales\/mexico-tribunal-permitiria-obra-del-aeropuerto-de-santa-lucia-pero-tambien-ordenaria-conservar-el-naim\/#breadcrumb"},"inLanguage":"es","potentialAction":[{"@type":"ReadAction","target":["https:\/\/aeronoticias.com.pe\/noticiero\/internacionales\/mexico-tribunal-permitiria-obra-del-aeropuerto-de-santa-lucia-pero-tambien-ordenaria-conservar-el-naim\/"]}]},{"@type":"BreadcrumbList","@id":"https:\/\/aeronoticias.com.pe\/noticiero\/internacionales\/mexico-tribunal-permitiria-obra-del-aeropuerto-de-santa-lucia-pero-tambien-ordenaria-conservar-el-naim\/#breadcrumb","itemListElement":[{"@type":"ListItem","position":1,"name":"Portada","item":"https:\/\/aeronoticias.com.pe\/noticiero\/"},{"@type":"ListItem","position":2,"name":"M\u00e9xico: Tribunal permitir\u00eda obra del aeropuerto de Santa Luc\u00eda, pero tambi\u00e9n ordenar\u00eda conservar el NAIM"}]},{"@type":"WebSite","@id":"https:\/\/aeronoticias.com.pe\/noticiero\/#website","url":"https:\/\/aeronoticias.com.pe\/noticiero\/","name":"Aeronoticias.com.pe","description":"Noticias de tranporte aereo, turismo, hoteles, gastronomia, actualidad, internacional","potentialAction":[{"@type":"SearchAction","target":{"@type":"EntryPoint","urlTemplate":"https:\/\/aeronoticias.com.pe\/noticiero\/?s={search_term_string}"},"query-input":{"@type":"PropertyValueSpecification","valueRequired":true,"valueName":"search_term_string"}}],"inLanguage":"es"},{"@type":"Person","@id":"https:\/\/aeronoticias.com.pe\/noticiero\/#\/schema\/person\/fc1e5d578f4b62ba1cf7ac2bba1170a0","name":"Redacci\u00f3n Aeronoticias","url":"https:\/\/aeronoticias.com.pe\/noticiero\/author\/piloto\/"}]}},"_links":{"self":[{"href":"https:\/\/aeronoticias.com.pe\/noticiero\/wp-json\/wp\/v2\/posts\/58917","targetHints":{"allow":["GET"]}}],"collection":[{"href":"https:\/\/aeronoticias.com.pe\/noticiero\/wp-json\/wp\/v2\/posts"}],"about":[{"href":"https:\/\/aeronoticias.com.pe\/noticiero\/wp-json\/wp\/v2\/types\/post"}],"author":[{"embeddable":true,"href":"https:\/\/aeronoticias.com.pe\/noticiero\/wp-json\/wp\/v2\/users\/1"}],"replies":[{"embeddable":true,"href":"https:\/\/aeronoticias.com.pe\/noticiero\/wp-json\/wp\/v2\/comments?post=58917"}],"version-history":[{"count":0,"href":"https:\/\/aeronoticias.com.pe\/noticiero\/wp-json\/wp\/v2\/posts\/58917\/revisions"}],"wp:attachment":[{"href":"https:\/\/aeronoticias.com.pe\/noticiero\/wp-json\/wp\/v2\/media?parent=58917"}],"wp:term":[{"taxonomy":"category","embeddable":true,"href":"https:\/\/aeronoticias.com.pe\/noticiero\/wp-json\/wp\/v2\/categories?post=58917"},{"taxonomy":"post_tag","embeddable":true,"href":"https:\/\/aeronoticias.com.pe\/noticiero\/wp-json\/wp\/v2\/tags?post=58917"}],"curies":[{"name":"wp","href":"https:\/\/api.w.org\/{rel}","templated":true}]}}