{"id":58919,"date":"2019-10-08T21:53:56","date_gmt":"2019-10-08T21:53:56","guid":{"rendered":"http:\/\/desarrollo.mcvicious.com\/aero2020\/2019\/10\/08\/grupo-lufthansa-el-aeropuerto-el-dorado-es-de-primer-nivel-pero-es-urgente-su-ampliacion\/"},"modified":"2019-10-08T21:53:56","modified_gmt":"2019-10-08T21:53:56","slug":"grupo-lufthansa-el-aeropuerto-el-dorado-es-de-primer-nivel-pero-es-urgente-su-ampliacion","status":"publish","type":"post","link":"https:\/\/aeronoticias.com.pe\/noticiero\/internacionales\/grupo-lufthansa-el-aeropuerto-el-dorado-es-de-primer-nivel-pero-es-urgente-su-ampliacion\/","title":{"rendered":"Grupo Lufthansa: &#8216;El aeropuerto El Dorado es de primer nivel, pero es urgente su ampliaci\u00f3n&#8217;"},"content":{"rendered":"<p style=\"text-align: justify;\"><strong>(Aeronoticias)<\/strong>.-\u00a0<span style=\"color: #454545; font-family: Helvetica; font-size: 12px;\">Al principio del a\u00f1o, el<\/span><strong style=\"color: #454545; font-family: Helvetica; font-size: 12px;\"> <\/strong><span style=\"color: #454545; font-family: Helvetica; font-size: 12px;\">Grupo Lufthansa<\/span><strong style=\"color: #454545; font-family: Helvetica; font-size: 12px;\"> <\/strong><span style=\"color: #454545; font-family: Helvetica; font-size: 12px;\">dio a conocer que encarg\u00f3 40 aviones de \u00faltima generaci\u00f3n Boeing 787-9 y Airbus A350-900 de largo recorrido, de los cuales ya han recibido una gran parte, seg\u00fan Antonio Cuoco, director general para Colombia, Ecuador, Per\u00fa y Venezuela de la compa\u00f1\u00eda, quien adem\u00e1s asegur\u00f3 que \u201clas rutas de largo alcance, como la de Bogot\u00e1-Frankfurt, tendr\u00e1n un nuevo avi\u00f3n\u201d. <\/span><\/p>\n<p style=\"text-align: justify;\"><span style=\"color: #454545; font-family: Helvetica; font-size: 12px;\">La orden de dichas aeronaves tuvo un volumen de inversi\u00f3n de alrededor de US$12.000 millones.<\/span><\/p>\n<p class=\"p1\" style=\"text-align: justify;\">Adem\u00e1s de hablar sobre las renovaciones de parte de la flota de la aerol\u00ednea, Cuoco tambi\u00e9n rescat\u00f3 que \u201cEl Dorado es un aeropuerto de primer nivel, pero es urgente su ampliaci\u00f3n\u201d.<\/p>\n<p class=\"p1\" style=\"text-align: justify;\">\u00a0<\/p>\n<p class=\"p1\" style=\"text-align: justify;\"><strong>\u00bfQu\u00e9 le falta a Colombia para mejorar su competitividad a\u00e9rea?<\/strong><\/p>\n<p class=\"p1\" style=\"text-align: justify;\">El Dorado es un aeropuerto de primer nivel, pero es urgente la ampliaci\u00f3n. Se ha convertido en un hub para la regi\u00f3n, tanto para pasajeros como para carga. Es momento de crecer.<\/p>\n<p class=\"p1\" style=\"text-align: justify;\">\u00a0<\/p>\n<p class=\"p1\" style=\"text-align: justify;\"><strong>\u00bfC\u00f3mo ha visto el comportamiento del sector a\u00e9reo del pa\u00eds este a\u00f1o? \u00bfqu\u00e9 retos han enfrentado?<\/strong><\/p>\n<p class=\"p1\" style=\"text-align: justify;\">Es un sector que genera much\u00edsimos empleos en todo el mundo, no solo aqu\u00ed. Y en Colombia el mayor desaf\u00edo es la carga impositiva tan grande que tienen los tiquetes.<\/p>\n<p class=\"p1\" style=\"text-align: justify;\">\u00a0<\/p>\n<p class=\"p1\" style=\"text-align: justify;\"><strong>\u00bfC\u00f3mo le ha ido a la compa\u00f1\u00eda en lo corrido del a\u00f1o?<\/strong><\/p>\n<p class=\"p1\" style=\"text-align: justify;\">Ha sido un a\u00f1o exitoso para nosotros. El grupo a nivel global ha venido realizando ajustes en las diferentes aerol\u00edneas, nos hemos consolidado y seguimos creciendo en n\u00famero de pasajeros y rutas.<\/p>\n<p class=\"p2\" style=\"text-align: justify;\">\u00a0<\/p>\n<p class=\"p1\" style=\"text-align: justify;\"><strong>\u00bfCu\u00e1l es el balance de la aerol\u00ednea en cuanto a su operaci\u00f3n en Colombia en estos meses del a\u00f1o?<\/strong><\/p>\n<p class=\"p1\" style=\"text-align: justify;\">El a\u00f1o anterior transportamos como grupo m\u00e1s de 142 millones de pasajeros. este a\u00f1o vamos a superar esa cifra. En Colombia tenemos una operaci\u00f3n diaria que nos permite crecer cada a\u00f1o en ventas y viajeros.<\/p>\n<p class=\"p1\" style=\"text-align: justify;\">\u00a0<\/p>\n<p class=\"p1\" style=\"text-align: justify;\"><strong>\u00bfHan evaluado el ingreso de m\u00e1s rutas o aumentos de frecuencias para lo que queda del a\u00f1o o para 2020?<\/strong><\/p>\n<p class=\"p1\" style=\"text-align: justify;\">Tenemos a Bogot\u00e1 como centro de operaciones en Am\u00e9rica del Sur, con nuestro vuelo diario y seguiremos fortaleciendo la ruta. Desde el a\u00f1o anterior aumentamos la oferta de sillas con el avi\u00f3n y una clase m\u00e1s, pues somos los \u00fanicos con First Class en el pa\u00eds. Por ahora no vamos a aumentar rutas.<\/p>\n<p class=\"p1\" style=\"text-align: justify;\">\u00a0<\/p>\n<p class=\"p1\" style=\"text-align: justify;\"><strong>\u00bfC\u00f3mo se ha comportado la operaci\u00f3n de la compa\u00f1\u00eda en Colombia?<\/strong><\/p>\n<p class=\"p1\" style=\"text-align: justify;\">Muy bien. Bogot\u00e1 es centro de nuestra operaciones en la regi\u00f3n y ac\u00e1 recibimos no solamente los pasajeros que provienen de Colombia, sino que esta ruta se alimenta de viajeros de Ecuador, Per\u00fa y Venezuela. El pa\u00eds es fundamental para nuestro crecimiento regional.<\/p>\n<p class=\"p2\" style=\"text-align: justify;\">\u00a0<\/p>\n<p class=\"p1\" style=\"text-align: justify;\"><strong>\u00bfLlegar\u00e1 Lufthansa a otro mercado en lo que falta del a\u00f1o?<\/strong><\/p>\n<p class=\"p1\" style=\"text-align: justify;\">Siempre estamos evaluando nuevas rutas y destinos para mantener muy bien conectados a nuestros pasajeros. Dentro del grupo diversificamos la oferta, creciendo en rutas a nuevos destinos y conectando todos los continentes.<\/p>\n<p class=\"p1\" style=\"text-align: justify;\">\u00a0<\/p>\n<p class=\"p1\" style=\"text-align: justify;\"><strong>\u00bfC\u00f3mo van con la incorporaci\u00f3n de las nuevas aeronaves?, \u00bftraer\u00e1n alguna a Colombia?<\/strong><\/p>\n<p class=\"p1\" style=\"text-align: justify;\">Muy bien. Hemos venido recibiendo los aviones nuevos, cuyas entregas se terminan en 2022. Las rutas de largo alcance, como la de Bogot\u00e1-Frankfurt, tendr\u00e1n nuevo avi\u00f3n, aunque no podemos confirmar cu\u00e1ndo.<\/p>\n<p class=\"p1\" style=\"text-align: justify;\">\u00a0<\/p>\n<p class=\"p1\" style=\"text-align: justify;\"><strong>\u00bfC\u00f3mo es el perfil del pasajero de Lufthansa que proviene de Colombia y en general de la regi\u00f3n?<\/strong><\/p>\n<p class=\"p1\" style=\"text-align: justify;\">Es un viajero que aprecia los detalles, que valora el servicio y las innovaciones para sus viajes. Busca comodidad y aprecia toda la digitalizaci\u00f3n que hemos desarrollado para hacer m\u00e1s c\u00f3modos sus viajes. Lufthansa es una aerol\u00ednea que se adapta a todos los tipos de viajeros.<\/p>\n<p class=\"p2\" style=\"text-align: justify;\">\u00a0<\/p>\n<p class=\"p1\" style=\"text-align: justify;\"><strong>Las cifras a nivel mundial que respaldan al Grupo Lufthansa<\/strong><\/p>\n<p class=\"p1\" style=\"text-align: justify;\">El Grupo tiene aproximadamente 15.415 frecuencias semanales globalmente, con las que el a\u00f1o pasado logr\u00f3 transportar a 142 millones de pasajeros a 318 destinos.<\/p>\n<p class=\"p1\" style=\"text-align: justify;\">\u00a0<\/p>\n<p class=\"p1\" style=\"text-align: justify;\">A estas cifras se le suma que lograron m\u00e1s de un mill\u00f3n de vuelos a 103 pa\u00edses diferentes y los ingresos totales del Grupo durante el a\u00f1o pasado registraron un aumento de 6% respecto al a\u00f1o anterior. Estos resultados que ha alcanzado la compa\u00f1\u00eda han sido gracias a un equipo de 135.000 personas que est\u00e1n en los pa\u00edses donde el Grupo tiene operaci\u00f3n.<\/p>\n<p class=\"p1\" style=\"text-align: justify;\">\u00a0<\/p>\n<p class=\"p1\" style=\"text-align: justify;\">Fuente: <span style=\"text-decoration: underline;\"><em><strong>La Rep\u00fablica<\/strong><\/em><\/span>.<\/p>\n<p class=\"p1\" style=\"text-align: justify;\">\u00a0<\/p>\n<p class=\"p1\" style=\"text-align: justify;\"><img decoding=\"async\" src=\"images\/stories\/lufthansa11.jpg\" border=\"0\" \/><\/p>\n<p> p.p1 {margin: 0.0px 0.0px 0.0px 0.0px; font: 12.0px Helvetica; color: #454545} p.p2 {margin: 0.0px 0.0px 0.0px 0.0px; text-align: center; font: 12.0px Helvetica; color: #454545; min-height: 14.0px} p.p3 {margin: 0.0px 0.0px 0.0px 0.0px; font: 12.0px Helvetica; color: #454545; min-height: 14.0px}<\/p>\n","protected":false},"excerpt":{"rendered":"<p>(Aeronoticias).-\u00a0Al principio del a\u00f1o, el Grupo Lufthansa dio a conocer que encarg\u00f3 40 aviones de \u00faltima generaci\u00f3n Boeing 787-9 y Airbus A350-900 de largo recorrido, de los cuales ya han recibido una gran parte, seg\u00fan Antonio Cuoco, director general para Colombia, Ecuador, Per\u00fa y Venezuela de la compa\u00f1\u00eda, quien adem\u00e1s asegur\u00f3 que \u201clas rutas de [&hellip;]<\/p>\n","protected":false},"author":1,"featured_media":0,"comment_status":"open","ping_status":"open","sticky":false,"template":"","format":"standard","meta":{"tdm_status":"","tdm_grid_status":"","footnotes":""},"categories":[34],"tags":[],"class_list":{"0":"post-58919","1":"post","2":"type-post","3":"status-publish","4":"format-standard","6":"category-internacionales"},"yoast_head":"<!-- This site is optimized with the Yoast SEO plugin v25.1 - https:\/\/yoast.com\/wordpress\/plugins\/seo\/ -->\n<title>Grupo Lufthansa: &#039;El aeropuerto El Dorado es de primer nivel, pero es urgente su ampliaci\u00f3n&#039;<\/title>\n<meta name=\"description\" content=\"Portal de noticias del Per\u00fa sobre el transporte a\u00e9reo, aviaci\u00f3n, turismo, hoteleria, actualidad.\" \/>\n<meta name=\"robots\" content=\"index, follow, max-snippet:-1, max-image-preview:large, max-video-preview:-1\" \/>\n<link rel=\"canonical\" href=\"https:\/\/aeronoticias.com.pe\/noticiero\/internacionales\/grupo-lufthansa-el-aeropuerto-el-dorado-es-de-primer-nivel-pero-es-urgente-su-ampliacion\/\" \/>\n<meta property=\"og:locale\" content=\"es_ES\" \/>\n<meta property=\"og:type\" content=\"article\" \/>\n<meta property=\"og:title\" content=\"Grupo Lufthansa: &#039;El aeropuerto El Dorado es de primer nivel, pero es urgente su ampliaci\u00f3n&#039;\" \/>\n<meta property=\"og:description\" content=\"Portal de noticias del Per\u00fa sobre el transporte a\u00e9reo, aviaci\u00f3n, turismo, hoteleria, actualidad.\" \/>\n<meta property=\"og:url\" content=\"https:\/\/aeronoticias.com.pe\/noticiero\/internacionales\/grupo-lufthansa-el-aeropuerto-el-dorado-es-de-primer-nivel-pero-es-urgente-su-ampliacion\/\" \/>\n<meta property=\"og:site_name\" content=\"Aeronoticias.com.pe\" \/>\n<meta property=\"article:publisher\" content=\"https:\/\/www.facebook.com\/Aeronoticias.com.pe\/\" \/>\n<meta property=\"article:published_time\" content=\"2019-10-08T21:53:56+00:00\" \/>\n<meta name=\"author\" content=\"Redacci\u00f3n Aeronoticias\" \/>\n<meta name=\"twitter:card\" content=\"summary_large_image\" \/>\n<meta name=\"twitter:creator\" content=\"@aeronoticias\" \/>\n<meta name=\"twitter:site\" content=\"@aeronoticias\" \/>\n<meta name=\"twitter:label1\" content=\"Escrito por\" \/>\n\t<meta name=\"twitter:data1\" content=\"Redacci\u00f3n Aeronoticias\" \/>\n\t<meta name=\"twitter:label2\" content=\"Tiempo de lectura\" \/>\n\t<meta name=\"twitter:data2\" content=\"4 minutos\" \/>\n<script type=\"application\/ld+json\" class=\"yoast-schema-graph\">{\"@context\":\"https:\/\/schema.org\",\"@graph\":[{\"@type\":\"WebPage\",\"@id\":\"https:\/\/aeronoticias.com.pe\/noticiero\/internacionales\/grupo-lufthansa-el-aeropuerto-el-dorado-es-de-primer-nivel-pero-es-urgente-su-ampliacion\/\",\"url\":\"https:\/\/aeronoticias.com.pe\/noticiero\/internacionales\/grupo-lufthansa-el-aeropuerto-el-dorado-es-de-primer-nivel-pero-es-urgente-su-ampliacion\/\",\"name\":\"Grupo Lufthansa: 'El aeropuerto El Dorado es de primer nivel, pero es urgente su ampliaci\u00f3n'\",\"isPartOf\":{\"@id\":\"https:\/\/aeronoticias.com.pe\/noticiero\/#website\"},\"datePublished\":\"2019-10-08T21:53:56+00:00\",\"author\":{\"@id\":\"https:\/\/aeronoticias.com.pe\/noticiero\/#\/schema\/person\/fc1e5d578f4b62ba1cf7ac2bba1170a0\"},\"description\":\"Portal de noticias del Per\u00fa sobre el transporte a\u00e9reo, aviaci\u00f3n, turismo, hoteleria, actualidad.\",\"breadcrumb\":{\"@id\":\"https:\/\/aeronoticias.com.pe\/noticiero\/internacionales\/grupo-lufthansa-el-aeropuerto-el-dorado-es-de-primer-nivel-pero-es-urgente-su-ampliacion\/#breadcrumb\"},\"inLanguage\":\"es\",\"potentialAction\":[{\"@type\":\"ReadAction\",\"target\":[\"https:\/\/aeronoticias.com.pe\/noticiero\/internacionales\/grupo-lufthansa-el-aeropuerto-el-dorado-es-de-primer-nivel-pero-es-urgente-su-ampliacion\/\"]}]},{\"@type\":\"BreadcrumbList\",\"@id\":\"https:\/\/aeronoticias.com.pe\/noticiero\/internacionales\/grupo-lufthansa-el-aeropuerto-el-dorado-es-de-primer-nivel-pero-es-urgente-su-ampliacion\/#breadcrumb\",\"itemListElement\":[{\"@type\":\"ListItem\",\"position\":1,\"name\":\"Portada\",\"item\":\"https:\/\/aeronoticias.com.pe\/noticiero\/\"},{\"@type\":\"ListItem\",\"position\":2,\"name\":\"Grupo Lufthansa: &#8216;El aeropuerto El Dorado es de primer nivel, pero es urgente su ampliaci\u00f3n&#8217;\"}]},{\"@type\":\"WebSite\",\"@id\":\"https:\/\/aeronoticias.com.pe\/noticiero\/#website\",\"url\":\"https:\/\/aeronoticias.com.pe\/noticiero\/\",\"name\":\"Aeronoticias.com.pe\",\"description\":\"Noticias de tranporte aereo, turismo, hoteles, gastronomia, actualidad, internacional\",\"potentialAction\":[{\"@type\":\"SearchAction\",\"target\":{\"@type\":\"EntryPoint\",\"urlTemplate\":\"https:\/\/aeronoticias.com.pe\/noticiero\/?s={search_term_string}\"},\"query-input\":{\"@type\":\"PropertyValueSpecification\",\"valueRequired\":true,\"valueName\":\"search_term_string\"}}],\"inLanguage\":\"es\"},{\"@type\":\"Person\",\"@id\":\"https:\/\/aeronoticias.com.pe\/noticiero\/#\/schema\/person\/fc1e5d578f4b62ba1cf7ac2bba1170a0\",\"name\":\"Redacci\u00f3n Aeronoticias\",\"url\":\"https:\/\/aeronoticias.com.pe\/noticiero\/author\/piloto\/\"}]}<\/script>\n<!-- \/ Yoast SEO plugin. -->","yoast_head_json":{"title":"Grupo Lufthansa: 'El aeropuerto El Dorado es de primer nivel, pero es urgente su ampliaci\u00f3n'","description":"Portal de noticias del Per\u00fa sobre el transporte a\u00e9reo, aviaci\u00f3n, turismo, hoteleria, actualidad.","robots":{"index":"index","follow":"follow","max-snippet":"max-snippet:-1","max-image-preview":"max-image-preview:large","max-video-preview":"max-video-preview:-1"},"canonical":"https:\/\/aeronoticias.com.pe\/noticiero\/internacionales\/grupo-lufthansa-el-aeropuerto-el-dorado-es-de-primer-nivel-pero-es-urgente-su-ampliacion\/","og_locale":"es_ES","og_type":"article","og_title":"Grupo Lufthansa: 'El aeropuerto El Dorado es de primer nivel, pero es urgente su ampliaci\u00f3n'","og_description":"Portal de noticias del Per\u00fa sobre el transporte a\u00e9reo, aviaci\u00f3n, turismo, hoteleria, actualidad.","og_url":"https:\/\/aeronoticias.com.pe\/noticiero\/internacionales\/grupo-lufthansa-el-aeropuerto-el-dorado-es-de-primer-nivel-pero-es-urgente-su-ampliacion\/","og_site_name":"Aeronoticias.com.pe","article_publisher":"https:\/\/www.facebook.com\/Aeronoticias.com.pe\/","article_published_time":"2019-10-08T21:53:56+00:00","author":"Redacci\u00f3n Aeronoticias","twitter_card":"summary_large_image","twitter_creator":"@aeronoticias","twitter_site":"@aeronoticias","twitter_misc":{"Escrito por":"Redacci\u00f3n Aeronoticias","Tiempo de lectura":"4 minutos"},"schema":{"@context":"https:\/\/schema.org","@graph":[{"@type":"WebPage","@id":"https:\/\/aeronoticias.com.pe\/noticiero\/internacionales\/grupo-lufthansa-el-aeropuerto-el-dorado-es-de-primer-nivel-pero-es-urgente-su-ampliacion\/","url":"https:\/\/aeronoticias.com.pe\/noticiero\/internacionales\/grupo-lufthansa-el-aeropuerto-el-dorado-es-de-primer-nivel-pero-es-urgente-su-ampliacion\/","name":"Grupo Lufthansa: 'El aeropuerto El Dorado es de primer nivel, pero es urgente su ampliaci\u00f3n'","isPartOf":{"@id":"https:\/\/aeronoticias.com.pe\/noticiero\/#website"},"datePublished":"2019-10-08T21:53:56+00:00","author":{"@id":"https:\/\/aeronoticias.com.pe\/noticiero\/#\/schema\/person\/fc1e5d578f4b62ba1cf7ac2bba1170a0"},"description":"Portal de noticias del Per\u00fa sobre el transporte a\u00e9reo, aviaci\u00f3n, turismo, hoteleria, actualidad.","breadcrumb":{"@id":"https:\/\/aeronoticias.com.pe\/noticiero\/internacionales\/grupo-lufthansa-el-aeropuerto-el-dorado-es-de-primer-nivel-pero-es-urgente-su-ampliacion\/#breadcrumb"},"inLanguage":"es","potentialAction":[{"@type":"ReadAction","target":["https:\/\/aeronoticias.com.pe\/noticiero\/internacionales\/grupo-lufthansa-el-aeropuerto-el-dorado-es-de-primer-nivel-pero-es-urgente-su-ampliacion\/"]}]},{"@type":"BreadcrumbList","@id":"https:\/\/aeronoticias.com.pe\/noticiero\/internacionales\/grupo-lufthansa-el-aeropuerto-el-dorado-es-de-primer-nivel-pero-es-urgente-su-ampliacion\/#breadcrumb","itemListElement":[{"@type":"ListItem","position":1,"name":"Portada","item":"https:\/\/aeronoticias.com.pe\/noticiero\/"},{"@type":"ListItem","position":2,"name":"Grupo Lufthansa: &#8216;El aeropuerto El Dorado es de primer nivel, pero es urgente su ampliaci\u00f3n&#8217;"}]},{"@type":"WebSite","@id":"https:\/\/aeronoticias.com.pe\/noticiero\/#website","url":"https:\/\/aeronoticias.com.pe\/noticiero\/","name":"Aeronoticias.com.pe","description":"Noticias de tranporte aereo, turismo, hoteles, gastronomia, actualidad, internacional","potentialAction":[{"@type":"SearchAction","target":{"@type":"EntryPoint","urlTemplate":"https:\/\/aeronoticias.com.pe\/noticiero\/?s={search_term_string}"},"query-input":{"@type":"PropertyValueSpecification","valueRequired":true,"valueName":"search_term_string"}}],"inLanguage":"es"},{"@type":"Person","@id":"https:\/\/aeronoticias.com.pe\/noticiero\/#\/schema\/person\/fc1e5d578f4b62ba1cf7ac2bba1170a0","name":"Redacci\u00f3n Aeronoticias","url":"https:\/\/aeronoticias.com.pe\/noticiero\/author\/piloto\/"}]}},"_links":{"self":[{"href":"https:\/\/aeronoticias.com.pe\/noticiero\/wp-json\/wp\/v2\/posts\/58919","targetHints":{"allow":["GET"]}}],"collection":[{"href":"https:\/\/aeronoticias.com.pe\/noticiero\/wp-json\/wp\/v2\/posts"}],"about":[{"href":"https:\/\/aeronoticias.com.pe\/noticiero\/wp-json\/wp\/v2\/types\/post"}],"author":[{"embeddable":true,"href":"https:\/\/aeronoticias.com.pe\/noticiero\/wp-json\/wp\/v2\/users\/1"}],"replies":[{"embeddable":true,"href":"https:\/\/aeronoticias.com.pe\/noticiero\/wp-json\/wp\/v2\/comments?post=58919"}],"version-history":[{"count":0,"href":"https:\/\/aeronoticias.com.pe\/noticiero\/wp-json\/wp\/v2\/posts\/58919\/revisions"}],"wp:attachment":[{"href":"https:\/\/aeronoticias.com.pe\/noticiero\/wp-json\/wp\/v2\/media?parent=58919"}],"wp:term":[{"taxonomy":"category","embeddable":true,"href":"https:\/\/aeronoticias.com.pe\/noticiero\/wp-json\/wp\/v2\/categories?post=58919"},{"taxonomy":"post_tag","embeddable":true,"href":"https:\/\/aeronoticias.com.pe\/noticiero\/wp-json\/wp\/v2\/tags?post=58919"}],"curies":[{"name":"wp","href":"https:\/\/api.w.org\/{rel}","templated":true}]}}