{"id":58921,"date":"2019-10-09T14:58:34","date_gmt":"2019-10-09T14:58:34","guid":{"rendered":"http:\/\/desarrollo.mcvicious.com\/aero2020\/2019\/10\/09\/emplazan-a-cesar-acuna-a-que-apoye-el-aeropuerto-internacional-privado-de-pacasmayo\/"},"modified":"2019-10-09T14:58:34","modified_gmt":"2019-10-09T14:58:34","slug":"emplazan-a-cesar-acuna-a-que-apoye-el-aeropuerto-internacional-privado-de-pacasmayo","status":"publish","type":"post","link":"https:\/\/aeronoticias.com.pe\/noticiero\/nacionales\/emplazan-a-cesar-acuna-a-que-apoye-el-aeropuerto-internacional-privado-de-pacasmayo\/","title":{"rendered":"Emplazan a Cesar Acu\u00f1a a que apoye el Aeropuerto Internacional Privado de Pacasmayo"},"content":{"rendered":"<p style=\"text-align: justify;\"><span style=\"font-size: 12.16px;\"><strong>(Aeronoticias)<\/strong> La Regi\u00f3n La Libertad a trav\u00e9s del Vice Gobernador Ever Cadenillas Coronel tuvo una conversaci\u00f3n con uno de los Promotores del Proyecto del Aeropuerto Internacional de Pacasmayo, Pedro Urtecho Iba\u00f1ez y lo trat\u00f3 realmente mal, dijo que converse con la Directora de Transportes en un contexto en donde esta autoridad de La Libertad se habr\u00eda parcializado con el Monopolio Ilegal y Anticonstitucional de la Cl\u00e1usula de los 150 Km que firmara el Estado Peruano con Aeropuertos del Per\u00fa (ADP) en el a\u00f1o 2006 y que obliga al Per\u00fa durante 25 a\u00f1os a no autorizar ning\u00fan Aeropuerto P\u00fablico Comercial en La Libertad.<\/span><\/p>\n<p style=\"text-align: justify;\"><span style=\"font-size: 12.16px;\">Este funcionario p\u00fablico acu\u00f1ista se cerr\u00f3 en defensa de este Monopolio y en perjuicio de los derechos de los agricultores de Chavimochic, de Jequetepeque, San Pedro de Lloc y otras zonas aleda\u00f1as que reclaman la construcci\u00f3n de este Aeropuerto que ser\u00eda de uso privado y que no colisiona jur\u00eddicamente con la Concesi\u00f3n Monop\u00f3lica de 25 a\u00f1os de ADP.<\/span><\/p>\n<p style=\"text-align: justify;\"><span style=\"font-size: 12.16px;\">Al respecto, el Jurista Julian Palacin Fernandez, Ex Presidente\u00a0 de la Corporaci\u00f3n Peruana de Aeropuertos y Aviaci\u00f3n Comercial CORPAC, Ex Asesor en Derecho A\u00e9reo de los Ministros de Transportes, de Relaciones Exteriores y de Turismo \u2013expres\u00f3- que jur\u00eddicamente procede que la Direcci\u00f3n General de Aeron\u00e1utica Civil del MTC autorice el funcionamiento de un Aeropuerto Internacional de uso privado en Pacasmayo y que de hecho hoy, en esta infraestructura aeroportuaria aterrizan y despegan aeronaves, e inclusive se han aperturado conversaciones con una de las mejores Escuelas de Aviaci\u00f3n Civil del Per\u00fa para que inviertan m\u00e1s de 10 millones de D\u00f3lares y lleve su flota de 11 aeronaves, lo que significar\u00eda mudarse del Aeropuerto de Pisco;\u00a0 administrado por ADP al Aeropuerto de Pacasmayo.<\/span><\/p>\n<p style=\"text-align: justify;\"><span style=\"font-size: 12.16px;\">Lamentablemente \u2013dijo- Julian Palacin Fernandez, el desconocimiento acad\u00e9mico de algunas autoridades regionales de La Libertad en el tema Aeroportuario, relacionado con el fracaso de las concesiones monop\u00f3licas y los problemas que vive el Per\u00fa, inclusive en el Aeropuerto Internacional Jorge Ch\u00e1vez Ver: <a href=\"http:\/\/semanaeconomica.com\/article\/sectores-y-empresas\/conectividad\/372594-ampliacion-del-aeropuerto-jorge-chavez-nuevo-retraso\/?ref=ma-ara&amp;fbclid=IwAR3XkZG-mp3xYW3Pw1IvonI4uhlx0kd5GCmM0X44Pf2-QOCzv8JmIn1-dKU\" target=\"_blank\" rel=\"noopener noreferrer\">http:\/\/semanaeconomica.com\/article\/sectores-y-empresas\/conectividad\/372594-ampliacion-del-aeropuerto-jorge-chavez-nuevo-retraso\/?ref=ma-ara&amp;fbclid=IwAR3XkZG-mp3xYW3Pw1IvonI4uhlx0kd5GCmM0X44Pf2-QOCzv8JmIn1-dKU<\/a>, los lleva a afirmar sin conocimiento sobre estos temas; es por ello que emplazo p\u00fablicamente a Cesar Acu\u00f1a Peralta, L\u00edder del Partido Alianza para El Progreso para un Debate P\u00fablico sobre el Proyecto del Aeropuerto Internacional Privado de Pacasmayo, sino acepta el debate lo reh\u00faye o no se pronuncia le estar\u00e1 la espalda a 100 mil ciudadanos de La Libertad que esperan este Proyecto en Pacasmayo que ya hist\u00f3ricamente sufri\u00f3 el cambio del exitoso puerto de Pacasmayo a Salaverry, y ahora todo Pacasmayo est\u00e1 unido en este Proyecto.<\/span><\/p>\n<p style=\"text-align: justify;\"><span style=\"font-size: 12.16px;\">Los dirigentes pol\u00edticos de Alianza para el Progreso, desde el Gobierno Regional de La Libertad, liderados, por Ever Cadenillas Coronel su Vice Gobernador, no pueden defender un Monopolio Aeroportuario en la Libertad, que no cumpli\u00f3 en el 2008 con la ampliaci\u00f3n del Aeropuerto, La Libertad tiene derecho a desarrollar el Hub Internacional de carga y a partir del 2032 de Pasajeros en el Aeropuerto de Pacasmayo proyectado, no se le puede dar la espalda a la historia ya que estar\u00edan perjudicando a los ciudadanos de Pacasmayo, San Pedro de Lloc, Jequetepeque, San Jose, Guadalupe, Chep\u00e9n y a toda La Libertad, y al Norte del pa\u00eds incluyendo a Cajamarca, pues hoy los Agro Exportadores dependen del Aeropuerto Internacional Jorge Chavez de Lima, con los sobrecostos en el transporte terrestre y las altas tasas que cobra Lima Airport Partnets\u00a0 LAP <\/span><\/p>\n<p style=\"text-align: justify;\"><span style=\"font-size: 12.16px;\"> El Gobierno Regional de Jun\u00edn patri\u00f3ticamente est\u00e1 defendiendo su derecho a construir el Aeropuerto Internacional de Orcotuna y tiene el mismo problema de la cl\u00e1usula monop\u00f3lica que firmaron los Gobiernos de turno en la \u00e9poca en que Odebrecht reinaba en el Per\u00fa y es por ello que el pr\u00f3ximo Lunes 14 de Octubre a las 12:00 AM en PROINVERSION habr\u00e1 una reuni\u00f3n entre las autoridades del Gobierno Regional de Jun\u00edn PROINVERSION y el Consultor del Proyecto, Julian Palacin Fernandez, es decir, los gobiernos que defienden los derechos de sus pueblos luchan por destrabar el Monopolio Aeroportuario cumpliendo la Ley, pero parece que el Gobierno Regional de la Libertad, por lo menos con las declaraciones de Ever Cadenillas\u00a0 Coronel, su Vice Gobernador, est\u00e1 defendiendo los derechos de una empresa privada que luego de 15 a\u00f1os de concesi\u00f3n no ha desarrollado la Infraestructura Aeroportuaria que necesitan los Agro Exportadores para recibir aeronaves de 120 TN que son las que se requieren para la Agro Exportaci\u00f3n, adem\u00e1s de no haber solucionado el problema de la pista que s\u00f3lo se utiliza 2,400 de los 3,000 Mt, las ayudas a la navegaci\u00f3n y otros temas aeroportuarios que nos muestran que el Aeropuerto tiene la misma estructura que ten\u00eda cuando lo administraba CORPAC en el a\u00f1o 2006<\/span><\/p>\n<p style=\"text-align: justify;\"><span style=\"font-size: 12.16px;\">Conversamos con el Consultor del Aeropuerto Privado de Pacasmayo Julian Palacin Fernandez y expreso que emplaza p\u00fablicamente a Cesar Acu\u00f1a Peralta a un debate sobre el Aeropuerto Internacional Privado de Pacasmayo, el d\u00eda, la hora y en el canal de televisi\u00f3n de Trujillo o Lima que \u00e9l diga, porque el Pueblo Peruano tiene derecho a conocer a quienes defienden sus l\u00edderes y cu\u00e1l es la verdad, y en todo caso si Cesar Acu\u00f1a Peralta da la orden el Gobernador y el Vice Gobernador de la Libertad se tendr\u00e1n que poner la camiseta del pueblo Liberte\u00f1o en defensa de la Agro Exportaci\u00f3n y apoyar la Construcci\u00f3n del Aeropuerto Internacional de Pacasmayo.<\/span><\/p>\n<p style=\"text-align: justify;\"><span style=\"font-size: 12.16px;\">Por \u00faltimo el especialista dijo que la falta de visi\u00f3n geopol\u00edtica de los l\u00edderes del Per\u00fa desde el 2006 hasta la fecha origin\u00f3 que desarticularan el rol promotor del Estado en la construcci\u00f3n y administraci\u00f3n de Aeropuertos a trav\u00e9s del Ministerio de Transportes y la Corporaci\u00f3n Peruana de Aeropuertos de Aviaci\u00f3n Comercial CORPAC y hoy el Estado subvenciona a las empresas privadas que administran Aeropuertos con tasas aeroportuarias alt\u00edsimas que aumentan los pasajes a\u00e9reos, cre\u00e1ndoles sobrecostos a la carga de exportaci\u00f3n; en consecuencia, tenemos que fortalecer el r\u00e9gimen de libre competencia y cada Regi\u00f3n tendr\u00eda que tener un m\u00ednimo de dos Aeropuertos que compitan entre s\u00ed como es el caso de Alemania, pa\u00eds al que pertenece LAP el Concesionario del Aeropuerto Internacional Jorge Chavez, -dijo- adem\u00e1s que espera el debate o una reuni\u00f3n con Cesar Acu\u00f1a Peralta para que ponga en orden a estos funcionarios p\u00fablicos de La Libertad para que sintonicen con los derechos del pueblo Liberte\u00f1o y no con los intereses de los concesionarios privados que administran aeropuertos, nosotros \u2013dijo- vamos a escribir la historia de La Libertad defendiendo la construcci\u00f3n del Aeropuerto Internacional Privado de Pacasmayo, y jur\u00eddicamente nadie se puede oponer salvo los intereses de las empresas privadas que administran aeropuertos y a quienes el Estado les da v\u00eda contratos realmente cuestionados la subvenciones correspondientes.<\/span><\/p>\n<p style=\"text-align: justify;\"><span style=\"font-size: 12.16px;\"><img decoding=\"async\" src=\"images\/stories\/19\/10\/091019\/cacua-jpalacin.jpg\" border=\"0\" \/><br \/><\/span><\/p>\n<p>\u00a0<\/p>\n","protected":false},"excerpt":{"rendered":"<p>(Aeronoticias) La Regi\u00f3n La Libertad a trav\u00e9s del Vice Gobernador Ever Cadenillas Coronel tuvo una conversaci\u00f3n con uno de los Promotores del Proyecto del Aeropuerto Internacional de Pacasmayo, Pedro Urtecho Iba\u00f1ez y lo trat\u00f3 realmente mal, dijo que converse con la Directora de Transportes en un contexto en donde esta autoridad de La Libertad se [&hellip;]<\/p>\n","protected":false},"author":1,"featured_media":0,"comment_status":"open","ping_status":"open","sticky":false,"template":"","format":"standard","meta":{"tdm_status":"","tdm_grid_status":"","footnotes":""},"categories":[38],"tags":[],"class_list":{"0":"post-58921","1":"post","2":"type-post","3":"status-publish","4":"format-standard","6":"category-nacionales"},"yoast_head":"<!-- This site is optimized with the Yoast SEO plugin v25.1 - https:\/\/yoast.com\/wordpress\/plugins\/seo\/ -->\n<title>Emplazan a Cesar Acu\u00f1a a que apoye el Aeropuerto Internacional Privado de Pacasmayo<\/title>\n<meta name=\"description\" content=\"Portal de noticias del Per\u00fa sobre el transporte a\u00e9reo, aviaci\u00f3n, turismo, hoteleria, actualidad.\" \/>\n<meta name=\"robots\" content=\"index, follow, max-snippet:-1, max-image-preview:large, max-video-preview:-1\" \/>\n<link rel=\"canonical\" href=\"https:\/\/aeronoticias.com.pe\/noticiero\/nacionales\/emplazan-a-cesar-acuna-a-que-apoye-el-aeropuerto-internacional-privado-de-pacasmayo\/\" \/>\n<meta property=\"og:locale\" content=\"es_ES\" \/>\n<meta property=\"og:type\" content=\"article\" \/>\n<meta property=\"og:title\" content=\"Emplazan a Cesar Acu\u00f1a a que apoye el Aeropuerto Internacional Privado de Pacasmayo\" \/>\n<meta property=\"og:description\" content=\"Portal de noticias del Per\u00fa sobre el transporte a\u00e9reo, aviaci\u00f3n, turismo, hoteleria, actualidad.\" \/>\n<meta property=\"og:url\" content=\"https:\/\/aeronoticias.com.pe\/noticiero\/nacionales\/emplazan-a-cesar-acuna-a-que-apoye-el-aeropuerto-internacional-privado-de-pacasmayo\/\" \/>\n<meta property=\"og:site_name\" content=\"Aeronoticias.com.pe\" \/>\n<meta property=\"article:publisher\" content=\"https:\/\/www.facebook.com\/Aeronoticias.com.pe\/\" \/>\n<meta property=\"article:published_time\" content=\"2019-10-09T14:58:34+00:00\" \/>\n<meta name=\"author\" content=\"Redacci\u00f3n Aeronoticias\" \/>\n<meta name=\"twitter:card\" content=\"summary_large_image\" \/>\n<meta name=\"twitter:creator\" content=\"@aeronoticias\" \/>\n<meta name=\"twitter:site\" content=\"@aeronoticias\" \/>\n<meta name=\"twitter:label1\" content=\"Escrito por\" \/>\n\t<meta name=\"twitter:data1\" content=\"Redacci\u00f3n Aeronoticias\" \/>\n\t<meta name=\"twitter:label2\" content=\"Tiempo de lectura\" \/>\n\t<meta name=\"twitter:data2\" content=\"6 minutos\" \/>\n<script type=\"application\/ld+json\" class=\"yoast-schema-graph\">{\"@context\":\"https:\/\/schema.org\",\"@graph\":[{\"@type\":\"WebPage\",\"@id\":\"https:\/\/aeronoticias.com.pe\/noticiero\/nacionales\/emplazan-a-cesar-acuna-a-que-apoye-el-aeropuerto-internacional-privado-de-pacasmayo\/\",\"url\":\"https:\/\/aeronoticias.com.pe\/noticiero\/nacionales\/emplazan-a-cesar-acuna-a-que-apoye-el-aeropuerto-internacional-privado-de-pacasmayo\/\",\"name\":\"Emplazan a Cesar Acu\u00f1a a que apoye el Aeropuerto Internacional Privado de Pacasmayo\",\"isPartOf\":{\"@id\":\"https:\/\/aeronoticias.com.pe\/noticiero\/#website\"},\"datePublished\":\"2019-10-09T14:58:34+00:00\",\"author\":{\"@id\":\"https:\/\/aeronoticias.com.pe\/noticiero\/#\/schema\/person\/fc1e5d578f4b62ba1cf7ac2bba1170a0\"},\"description\":\"Portal de noticias del Per\u00fa sobre el transporte a\u00e9reo, aviaci\u00f3n, turismo, hoteleria, actualidad.\",\"breadcrumb\":{\"@id\":\"https:\/\/aeronoticias.com.pe\/noticiero\/nacionales\/emplazan-a-cesar-acuna-a-que-apoye-el-aeropuerto-internacional-privado-de-pacasmayo\/#breadcrumb\"},\"inLanguage\":\"es\",\"potentialAction\":[{\"@type\":\"ReadAction\",\"target\":[\"https:\/\/aeronoticias.com.pe\/noticiero\/nacionales\/emplazan-a-cesar-acuna-a-que-apoye-el-aeropuerto-internacional-privado-de-pacasmayo\/\"]}]},{\"@type\":\"BreadcrumbList\",\"@id\":\"https:\/\/aeronoticias.com.pe\/noticiero\/nacionales\/emplazan-a-cesar-acuna-a-que-apoye-el-aeropuerto-internacional-privado-de-pacasmayo\/#breadcrumb\",\"itemListElement\":[{\"@type\":\"ListItem\",\"position\":1,\"name\":\"Portada\",\"item\":\"https:\/\/aeronoticias.com.pe\/noticiero\/\"},{\"@type\":\"ListItem\",\"position\":2,\"name\":\"Emplazan a Cesar Acu\u00f1a a que apoye el Aeropuerto Internacional Privado de Pacasmayo\"}]},{\"@type\":\"WebSite\",\"@id\":\"https:\/\/aeronoticias.com.pe\/noticiero\/#website\",\"url\":\"https:\/\/aeronoticias.com.pe\/noticiero\/\",\"name\":\"Aeronoticias.com.pe\",\"description\":\"Noticias de tranporte aereo, turismo, hoteles, gastronomia, actualidad, internacional\",\"potentialAction\":[{\"@type\":\"SearchAction\",\"target\":{\"@type\":\"EntryPoint\",\"urlTemplate\":\"https:\/\/aeronoticias.com.pe\/noticiero\/?s={search_term_string}\"},\"query-input\":{\"@type\":\"PropertyValueSpecification\",\"valueRequired\":true,\"valueName\":\"search_term_string\"}}],\"inLanguage\":\"es\"},{\"@type\":\"Person\",\"@id\":\"https:\/\/aeronoticias.com.pe\/noticiero\/#\/schema\/person\/fc1e5d578f4b62ba1cf7ac2bba1170a0\",\"name\":\"Redacci\u00f3n Aeronoticias\",\"url\":\"https:\/\/aeronoticias.com.pe\/noticiero\/author\/piloto\/\"}]}<\/script>\n<!-- \/ Yoast SEO plugin. -->","yoast_head_json":{"title":"Emplazan a Cesar Acu\u00f1a a que apoye el Aeropuerto Internacional Privado de Pacasmayo","description":"Portal de noticias del Per\u00fa sobre el transporte a\u00e9reo, aviaci\u00f3n, turismo, hoteleria, actualidad.","robots":{"index":"index","follow":"follow","max-snippet":"max-snippet:-1","max-image-preview":"max-image-preview:large","max-video-preview":"max-video-preview:-1"},"canonical":"https:\/\/aeronoticias.com.pe\/noticiero\/nacionales\/emplazan-a-cesar-acuna-a-que-apoye-el-aeropuerto-internacional-privado-de-pacasmayo\/","og_locale":"es_ES","og_type":"article","og_title":"Emplazan a Cesar Acu\u00f1a a que apoye el Aeropuerto Internacional Privado de Pacasmayo","og_description":"Portal de noticias del Per\u00fa sobre el transporte a\u00e9reo, aviaci\u00f3n, turismo, hoteleria, actualidad.","og_url":"https:\/\/aeronoticias.com.pe\/noticiero\/nacionales\/emplazan-a-cesar-acuna-a-que-apoye-el-aeropuerto-internacional-privado-de-pacasmayo\/","og_site_name":"Aeronoticias.com.pe","article_publisher":"https:\/\/www.facebook.com\/Aeronoticias.com.pe\/","article_published_time":"2019-10-09T14:58:34+00:00","author":"Redacci\u00f3n Aeronoticias","twitter_card":"summary_large_image","twitter_creator":"@aeronoticias","twitter_site":"@aeronoticias","twitter_misc":{"Escrito por":"Redacci\u00f3n Aeronoticias","Tiempo de lectura":"6 minutos"},"schema":{"@context":"https:\/\/schema.org","@graph":[{"@type":"WebPage","@id":"https:\/\/aeronoticias.com.pe\/noticiero\/nacionales\/emplazan-a-cesar-acuna-a-que-apoye-el-aeropuerto-internacional-privado-de-pacasmayo\/","url":"https:\/\/aeronoticias.com.pe\/noticiero\/nacionales\/emplazan-a-cesar-acuna-a-que-apoye-el-aeropuerto-internacional-privado-de-pacasmayo\/","name":"Emplazan a Cesar Acu\u00f1a a que apoye el Aeropuerto Internacional Privado de Pacasmayo","isPartOf":{"@id":"https:\/\/aeronoticias.com.pe\/noticiero\/#website"},"datePublished":"2019-10-09T14:58:34+00:00","author":{"@id":"https:\/\/aeronoticias.com.pe\/noticiero\/#\/schema\/person\/fc1e5d578f4b62ba1cf7ac2bba1170a0"},"description":"Portal de noticias del Per\u00fa sobre el transporte a\u00e9reo, aviaci\u00f3n, turismo, hoteleria, actualidad.","breadcrumb":{"@id":"https:\/\/aeronoticias.com.pe\/noticiero\/nacionales\/emplazan-a-cesar-acuna-a-que-apoye-el-aeropuerto-internacional-privado-de-pacasmayo\/#breadcrumb"},"inLanguage":"es","potentialAction":[{"@type":"ReadAction","target":["https:\/\/aeronoticias.com.pe\/noticiero\/nacionales\/emplazan-a-cesar-acuna-a-que-apoye-el-aeropuerto-internacional-privado-de-pacasmayo\/"]}]},{"@type":"BreadcrumbList","@id":"https:\/\/aeronoticias.com.pe\/noticiero\/nacionales\/emplazan-a-cesar-acuna-a-que-apoye-el-aeropuerto-internacional-privado-de-pacasmayo\/#breadcrumb","itemListElement":[{"@type":"ListItem","position":1,"name":"Portada","item":"https:\/\/aeronoticias.com.pe\/noticiero\/"},{"@type":"ListItem","position":2,"name":"Emplazan a Cesar Acu\u00f1a a que apoye el Aeropuerto Internacional Privado de Pacasmayo"}]},{"@type":"WebSite","@id":"https:\/\/aeronoticias.com.pe\/noticiero\/#website","url":"https:\/\/aeronoticias.com.pe\/noticiero\/","name":"Aeronoticias.com.pe","description":"Noticias de tranporte aereo, turismo, hoteles, gastronomia, actualidad, internacional","potentialAction":[{"@type":"SearchAction","target":{"@type":"EntryPoint","urlTemplate":"https:\/\/aeronoticias.com.pe\/noticiero\/?s={search_term_string}"},"query-input":{"@type":"PropertyValueSpecification","valueRequired":true,"valueName":"search_term_string"}}],"inLanguage":"es"},{"@type":"Person","@id":"https:\/\/aeronoticias.com.pe\/noticiero\/#\/schema\/person\/fc1e5d578f4b62ba1cf7ac2bba1170a0","name":"Redacci\u00f3n Aeronoticias","url":"https:\/\/aeronoticias.com.pe\/noticiero\/author\/piloto\/"}]}},"_links":{"self":[{"href":"https:\/\/aeronoticias.com.pe\/noticiero\/wp-json\/wp\/v2\/posts\/58921","targetHints":{"allow":["GET"]}}],"collection":[{"href":"https:\/\/aeronoticias.com.pe\/noticiero\/wp-json\/wp\/v2\/posts"}],"about":[{"href":"https:\/\/aeronoticias.com.pe\/noticiero\/wp-json\/wp\/v2\/types\/post"}],"author":[{"embeddable":true,"href":"https:\/\/aeronoticias.com.pe\/noticiero\/wp-json\/wp\/v2\/users\/1"}],"replies":[{"embeddable":true,"href":"https:\/\/aeronoticias.com.pe\/noticiero\/wp-json\/wp\/v2\/comments?post=58921"}],"version-history":[{"count":0,"href":"https:\/\/aeronoticias.com.pe\/noticiero\/wp-json\/wp\/v2\/posts\/58921\/revisions"}],"wp:attachment":[{"href":"https:\/\/aeronoticias.com.pe\/noticiero\/wp-json\/wp\/v2\/media?parent=58921"}],"wp:term":[{"taxonomy":"category","embeddable":true,"href":"https:\/\/aeronoticias.com.pe\/noticiero\/wp-json\/wp\/v2\/categories?post=58921"},{"taxonomy":"post_tag","embeddable":true,"href":"https:\/\/aeronoticias.com.pe\/noticiero\/wp-json\/wp\/v2\/tags?post=58921"}],"curies":[{"name":"wp","href":"https:\/\/api.w.org\/{rel}","templated":true}]}}