{"id":59054,"date":"2019-11-20T19:00:00","date_gmt":"2019-11-20T19:00:00","guid":{"rendered":"http:\/\/desarrollo.mcvicious.com\/aero2020\/2019\/11\/20\/julian-palacin-con-peru-libre-congreso-investigara-por-que-companias-petroleras-con-polizas-de-seguros-no-indemnizan-a-las-comunidades-victimas-de-contaminacion\/"},"modified":"2019-11-20T19:00:00","modified_gmt":"2019-11-20T19:00:00","slug":"julian-palacin-con-peru-libre-congreso-investigara-por-que-companias-petroleras-con-polizas-de-seguros-no-indemnizan-a-las-comunidades-victimas-de-contaminacion","status":"publish","type":"post","link":"https:\/\/aeronoticias.com.pe\/noticiero\/economia\/julian-palacin-con-peru-libre-congreso-investigara-por-que-companias-petroleras-con-polizas-de-seguros-no-indemnizan-a-las-comunidades-victimas-de-contaminacion\/","title":{"rendered":"Julian Palacin: Con PERU LIBRE, Congreso investigar\u00e1 por qu\u00e9 compa\u00f1\u00edas petroleras con P\u00f3lizas de Seguros no indemnizan a las comunidades v\u00edctimas de contaminaci\u00f3n"},"content":{"rendered":"<p style=\"text-align: justify;\"><strong>(Aeronoticias) <\/strong>El candidato al Congreso de La Rep\u00fablica de Per\u00fa Libre por Lima con el N\u00b0 8, el Abogado Julian Palacin, -expres\u00f3- que de llegar al Congreso de la Rep\u00fablica impulsar\u00e1 una fiscalizaci\u00f3n para que empresas petroleras como Petro Per\u00fa informe todos los hechos de contaminaci\u00f3n originados en los \u00faltimos 10 a\u00f1os en perjuicio de diversas comunidades del pa\u00eds y la pregunta ser\u00e1 por que habiendo contratado P\u00f3lizas de Seguros y Reaseguros en el mercado internacional no habr\u00edan indemnizado con justicia a las comunidades v\u00edctimas de estos hechos il\u00edcitos.<\/p>\n<p style=\"text-align: justify;\"><span style=\"font-size: 12.16px;\">V\u00eda el Contrato de Seguros y Reaseguros, en este caso por citar un ejemplo, Petro Per\u00fa como asegurado traslada el riesgo de los da\u00f1os originados por la contaminaci\u00f3n ambiental a los aseguradores nacionales y a los reaseguradores internacionales quienes son sindicatos de Lloyd muy serios, ya que indemnizan por da\u00f1os de contaminaci\u00f3n en todo el mundo, salvo en el Per\u00fa claro est\u00e1 porque parece ser que las pr\u00e1cticas Odebrecht para no indemnizar a las comunidades originarias del Per\u00fa, v\u00edctimas del da\u00f1o ambiental no se ha puesto en pr\u00e1ctica hasta la fecha.\u00a0 En consecuencia, en PERU LIBRE y votando por el n\u00famero 8 para Congresista en Lima, impulsaremos no solo el Proyecto de Ley para el Registro de personas naturales y comunidades v\u00edctimas de la contaminaci\u00f3n y de da\u00f1os en general y el Registro de P\u00f3lizas de Seguros y Reaseguros, sino que adem\u00e1s abriremos una investigaci\u00f3n del Congreso para que se conozca por ejemplo en el caso de Petro Per\u00fa que en los \u00faltimos 10 a\u00f1os ha contratado P\u00f3lizas de Seguros y Reaseguros de cientos de millones de d\u00f3lares y ha causado da\u00f1o por contaminaci\u00f3n, claro est\u00e1 y preguntaremos si se ha indemnizado o no a las comunidades nativas, -dijo- Julian Palacin. <\/span><\/p>\n<p style=\"text-align: justify;\">Ser Congresista en el Per\u00fa, significa defender los derechos del pueblo y las grandes empresas mineras o petroleras que contaminan tienen contratada estas P\u00f3lizas de Seguros y Reaseguros para indemnizar a sus v\u00edctimas a trav\u00e9s de sus aseguradoras nacionales o las Reaseguradoras del mercado internacional y lamentablemente en muchos casos de contaminaci\u00f3n no lo han hecho porque los sucesivos Congresistas que se han elegido han ido a defender al Congreso de la Rep\u00fablica los derechos de las grandes multinacionales y no los derechos del Pueblo peruano, pero si ustedes me dan la confianza \u2013dijo- Julian Palacin, de elegirme Congresista votando por Per\u00fa Libre, el l\u00e1piz y el N\u00b0 8 por Lima, la historia en el Per\u00fa cambiar\u00e1, y los que no tienen voz y han sido olvidados tendr\u00e1n a trav\u00e9s de Julian Palacin, el gladiador de los derechos ambientales de las comunidades por la justicia de los m\u00e1s pobres del Per\u00fa.<\/p>\n<p style=\"text-align: justify;\"><img decoding=\"async\" src=\"images\/stories\/19\/11\/201119\/jpalacincongreso1.jpg\" border=\"0\" \/><\/p>\n","protected":false},"excerpt":{"rendered":"<p>(Aeronoticias) El candidato al Congreso de La Rep\u00fablica de Per\u00fa Libre por Lima con el N\u00b0 8, el Abogado Julian Palacin, -expres\u00f3- que de llegar al Congreso de la Rep\u00fablica impulsar\u00e1 una fiscalizaci\u00f3n para que empresas petroleras como Petro Per\u00fa informe todos los hechos de contaminaci\u00f3n originados en los \u00faltimos 10 a\u00f1os en perjuicio de [&hellip;]<\/p>\n","protected":false},"author":1,"featured_media":0,"comment_status":"open","ping_status":"open","sticky":false,"template":"","format":"standard","meta":{"tdm_status":"","tdm_grid_status":"","footnotes":""},"categories":[33],"tags":[],"class_list":{"0":"post-59054","1":"post","2":"type-post","3":"status-publish","4":"format-standard","6":"category-economia"},"yoast_head":"<!-- This site is optimized with the Yoast SEO plugin v25.1 - https:\/\/yoast.com\/wordpress\/plugins\/seo\/ -->\n<title>Julian Palacin: Con PERU LIBRE, Congreso investigar\u00e1 por qu\u00e9 compa\u00f1\u00edas petroleras con P\u00f3lizas de Seguros no indemnizan a las comunidades v\u00edctimas de contaminaci\u00f3n<\/title>\n<meta name=\"description\" content=\"Portal de noticias del Per\u00fa sobre el transporte a\u00e9reo, aviaci\u00f3n, turismo, hoteleria, actualidad.\" \/>\n<meta name=\"robots\" content=\"index, follow, max-snippet:-1, max-image-preview:large, max-video-preview:-1\" \/>\n<link rel=\"canonical\" href=\"https:\/\/aeronoticias.com.pe\/noticiero\/economia\/julian-palacin-con-peru-libre-congreso-investigara-por-que-companias-petroleras-con-polizas-de-seguros-no-indemnizan-a-las-comunidades-victimas-de-contaminacion\/\" \/>\n<meta property=\"og:locale\" content=\"es_ES\" \/>\n<meta property=\"og:type\" content=\"article\" \/>\n<meta property=\"og:title\" content=\"Julian Palacin: Con PERU LIBRE, Congreso investigar\u00e1 por qu\u00e9 compa\u00f1\u00edas petroleras con P\u00f3lizas de Seguros no indemnizan a las comunidades v\u00edctimas de contaminaci\u00f3n\" \/>\n<meta property=\"og:description\" content=\"Portal de noticias del Per\u00fa sobre el transporte a\u00e9reo, aviaci\u00f3n, turismo, hoteleria, actualidad.\" \/>\n<meta property=\"og:url\" content=\"https:\/\/aeronoticias.com.pe\/noticiero\/economia\/julian-palacin-con-peru-libre-congreso-investigara-por-que-companias-petroleras-con-polizas-de-seguros-no-indemnizan-a-las-comunidades-victimas-de-contaminacion\/\" \/>\n<meta property=\"og:site_name\" content=\"Aeronoticias.com.pe\" \/>\n<meta property=\"article:publisher\" content=\"https:\/\/www.facebook.com\/Aeronoticias.com.pe\/\" \/>\n<meta property=\"article:published_time\" content=\"2019-11-20T19:00:00+00:00\" \/>\n<meta name=\"author\" content=\"Redacci\u00f3n Aeronoticias\" \/>\n<meta name=\"twitter:card\" content=\"summary_large_image\" \/>\n<meta name=\"twitter:creator\" content=\"@aeronoticias\" \/>\n<meta name=\"twitter:site\" content=\"@aeronoticias\" \/>\n<meta name=\"twitter:label1\" content=\"Escrito por\" \/>\n\t<meta name=\"twitter:data1\" content=\"Redacci\u00f3n Aeronoticias\" \/>\n\t<meta name=\"twitter:label2\" content=\"Tiempo de lectura\" \/>\n\t<meta name=\"twitter:data2\" content=\"2 minutos\" \/>\n<script type=\"application\/ld+json\" class=\"yoast-schema-graph\">{\"@context\":\"https:\/\/schema.org\",\"@graph\":[{\"@type\":\"WebPage\",\"@id\":\"https:\/\/aeronoticias.com.pe\/noticiero\/economia\/julian-palacin-con-peru-libre-congreso-investigara-por-que-companias-petroleras-con-polizas-de-seguros-no-indemnizan-a-las-comunidades-victimas-de-contaminacion\/\",\"url\":\"https:\/\/aeronoticias.com.pe\/noticiero\/economia\/julian-palacin-con-peru-libre-congreso-investigara-por-que-companias-petroleras-con-polizas-de-seguros-no-indemnizan-a-las-comunidades-victimas-de-contaminacion\/\",\"name\":\"Julian Palacin: Con PERU LIBRE, Congreso investigar\u00e1 por qu\u00e9 compa\u00f1\u00edas petroleras con P\u00f3lizas de Seguros no indemnizan a las comunidades v\u00edctimas de contaminaci\u00f3n\",\"isPartOf\":{\"@id\":\"https:\/\/aeronoticias.com.pe\/noticiero\/#website\"},\"datePublished\":\"2019-11-20T19:00:00+00:00\",\"author\":{\"@id\":\"https:\/\/aeronoticias.com.pe\/noticiero\/#\/schema\/person\/fc1e5d578f4b62ba1cf7ac2bba1170a0\"},\"description\":\"Portal de noticias del Per\u00fa sobre el transporte a\u00e9reo, aviaci\u00f3n, turismo, hoteleria, actualidad.\",\"breadcrumb\":{\"@id\":\"https:\/\/aeronoticias.com.pe\/noticiero\/economia\/julian-palacin-con-peru-libre-congreso-investigara-por-que-companias-petroleras-con-polizas-de-seguros-no-indemnizan-a-las-comunidades-victimas-de-contaminacion\/#breadcrumb\"},\"inLanguage\":\"es\",\"potentialAction\":[{\"@type\":\"ReadAction\",\"target\":[\"https:\/\/aeronoticias.com.pe\/noticiero\/economia\/julian-palacin-con-peru-libre-congreso-investigara-por-que-companias-petroleras-con-polizas-de-seguros-no-indemnizan-a-las-comunidades-victimas-de-contaminacion\/\"]}]},{\"@type\":\"BreadcrumbList\",\"@id\":\"https:\/\/aeronoticias.com.pe\/noticiero\/economia\/julian-palacin-con-peru-libre-congreso-investigara-por-que-companias-petroleras-con-polizas-de-seguros-no-indemnizan-a-las-comunidades-victimas-de-contaminacion\/#breadcrumb\",\"itemListElement\":[{\"@type\":\"ListItem\",\"position\":1,\"name\":\"Portada\",\"item\":\"https:\/\/aeronoticias.com.pe\/noticiero\/\"},{\"@type\":\"ListItem\",\"position\":2,\"name\":\"Julian Palacin: Con PERU LIBRE, Congreso investigar\u00e1 por qu\u00e9 compa\u00f1\u00edas petroleras con P\u00f3lizas de Seguros no indemnizan a las comunidades v\u00edctimas de contaminaci\u00f3n\"}]},{\"@type\":\"WebSite\",\"@id\":\"https:\/\/aeronoticias.com.pe\/noticiero\/#website\",\"url\":\"https:\/\/aeronoticias.com.pe\/noticiero\/\",\"name\":\"Aeronoticias.com.pe\",\"description\":\"Noticias de tranporte aereo, turismo, hoteles, gastronomia, actualidad, internacional\",\"potentialAction\":[{\"@type\":\"SearchAction\",\"target\":{\"@type\":\"EntryPoint\",\"urlTemplate\":\"https:\/\/aeronoticias.com.pe\/noticiero\/?s={search_term_string}\"},\"query-input\":{\"@type\":\"PropertyValueSpecification\",\"valueRequired\":true,\"valueName\":\"search_term_string\"}}],\"inLanguage\":\"es\"},{\"@type\":\"Person\",\"@id\":\"https:\/\/aeronoticias.com.pe\/noticiero\/#\/schema\/person\/fc1e5d578f4b62ba1cf7ac2bba1170a0\",\"name\":\"Redacci\u00f3n Aeronoticias\",\"url\":\"https:\/\/aeronoticias.com.pe\/noticiero\/author\/piloto\/\"}]}<\/script>\n<!-- \/ Yoast SEO plugin. -->","yoast_head_json":{"title":"Julian Palacin: Con PERU LIBRE, Congreso investigar\u00e1 por qu\u00e9 compa\u00f1\u00edas petroleras con P\u00f3lizas de Seguros no indemnizan a las comunidades v\u00edctimas de contaminaci\u00f3n","description":"Portal de noticias del Per\u00fa sobre el transporte a\u00e9reo, aviaci\u00f3n, turismo, hoteleria, actualidad.","robots":{"index":"index","follow":"follow","max-snippet":"max-snippet:-1","max-image-preview":"max-image-preview:large","max-video-preview":"max-video-preview:-1"},"canonical":"https:\/\/aeronoticias.com.pe\/noticiero\/economia\/julian-palacin-con-peru-libre-congreso-investigara-por-que-companias-petroleras-con-polizas-de-seguros-no-indemnizan-a-las-comunidades-victimas-de-contaminacion\/","og_locale":"es_ES","og_type":"article","og_title":"Julian Palacin: Con PERU LIBRE, Congreso investigar\u00e1 por qu\u00e9 compa\u00f1\u00edas petroleras con P\u00f3lizas de Seguros no indemnizan a las comunidades v\u00edctimas de contaminaci\u00f3n","og_description":"Portal de noticias del Per\u00fa sobre el transporte a\u00e9reo, aviaci\u00f3n, turismo, hoteleria, actualidad.","og_url":"https:\/\/aeronoticias.com.pe\/noticiero\/economia\/julian-palacin-con-peru-libre-congreso-investigara-por-que-companias-petroleras-con-polizas-de-seguros-no-indemnizan-a-las-comunidades-victimas-de-contaminacion\/","og_site_name":"Aeronoticias.com.pe","article_publisher":"https:\/\/www.facebook.com\/Aeronoticias.com.pe\/","article_published_time":"2019-11-20T19:00:00+00:00","author":"Redacci\u00f3n Aeronoticias","twitter_card":"summary_large_image","twitter_creator":"@aeronoticias","twitter_site":"@aeronoticias","twitter_misc":{"Escrito por":"Redacci\u00f3n Aeronoticias","Tiempo de lectura":"2 minutos"},"schema":{"@context":"https:\/\/schema.org","@graph":[{"@type":"WebPage","@id":"https:\/\/aeronoticias.com.pe\/noticiero\/economia\/julian-palacin-con-peru-libre-congreso-investigara-por-que-companias-petroleras-con-polizas-de-seguros-no-indemnizan-a-las-comunidades-victimas-de-contaminacion\/","url":"https:\/\/aeronoticias.com.pe\/noticiero\/economia\/julian-palacin-con-peru-libre-congreso-investigara-por-que-companias-petroleras-con-polizas-de-seguros-no-indemnizan-a-las-comunidades-victimas-de-contaminacion\/","name":"Julian Palacin: Con PERU LIBRE, Congreso investigar\u00e1 por qu\u00e9 compa\u00f1\u00edas petroleras con P\u00f3lizas de Seguros no indemnizan a las comunidades v\u00edctimas de contaminaci\u00f3n","isPartOf":{"@id":"https:\/\/aeronoticias.com.pe\/noticiero\/#website"},"datePublished":"2019-11-20T19:00:00+00:00","author":{"@id":"https:\/\/aeronoticias.com.pe\/noticiero\/#\/schema\/person\/fc1e5d578f4b62ba1cf7ac2bba1170a0"},"description":"Portal de noticias del Per\u00fa sobre el transporte a\u00e9reo, aviaci\u00f3n, turismo, hoteleria, actualidad.","breadcrumb":{"@id":"https:\/\/aeronoticias.com.pe\/noticiero\/economia\/julian-palacin-con-peru-libre-congreso-investigara-por-que-companias-petroleras-con-polizas-de-seguros-no-indemnizan-a-las-comunidades-victimas-de-contaminacion\/#breadcrumb"},"inLanguage":"es","potentialAction":[{"@type":"ReadAction","target":["https:\/\/aeronoticias.com.pe\/noticiero\/economia\/julian-palacin-con-peru-libre-congreso-investigara-por-que-companias-petroleras-con-polizas-de-seguros-no-indemnizan-a-las-comunidades-victimas-de-contaminacion\/"]}]},{"@type":"BreadcrumbList","@id":"https:\/\/aeronoticias.com.pe\/noticiero\/economia\/julian-palacin-con-peru-libre-congreso-investigara-por-que-companias-petroleras-con-polizas-de-seguros-no-indemnizan-a-las-comunidades-victimas-de-contaminacion\/#breadcrumb","itemListElement":[{"@type":"ListItem","position":1,"name":"Portada","item":"https:\/\/aeronoticias.com.pe\/noticiero\/"},{"@type":"ListItem","position":2,"name":"Julian Palacin: Con PERU LIBRE, Congreso investigar\u00e1 por qu\u00e9 compa\u00f1\u00edas petroleras con P\u00f3lizas de Seguros no indemnizan a las comunidades v\u00edctimas de contaminaci\u00f3n"}]},{"@type":"WebSite","@id":"https:\/\/aeronoticias.com.pe\/noticiero\/#website","url":"https:\/\/aeronoticias.com.pe\/noticiero\/","name":"Aeronoticias.com.pe","description":"Noticias de tranporte aereo, turismo, hoteles, gastronomia, actualidad, internacional","potentialAction":[{"@type":"SearchAction","target":{"@type":"EntryPoint","urlTemplate":"https:\/\/aeronoticias.com.pe\/noticiero\/?s={search_term_string}"},"query-input":{"@type":"PropertyValueSpecification","valueRequired":true,"valueName":"search_term_string"}}],"inLanguage":"es"},{"@type":"Person","@id":"https:\/\/aeronoticias.com.pe\/noticiero\/#\/schema\/person\/fc1e5d578f4b62ba1cf7ac2bba1170a0","name":"Redacci\u00f3n Aeronoticias","url":"https:\/\/aeronoticias.com.pe\/noticiero\/author\/piloto\/"}]}},"_links":{"self":[{"href":"https:\/\/aeronoticias.com.pe\/noticiero\/wp-json\/wp\/v2\/posts\/59054","targetHints":{"allow":["GET"]}}],"collection":[{"href":"https:\/\/aeronoticias.com.pe\/noticiero\/wp-json\/wp\/v2\/posts"}],"about":[{"href":"https:\/\/aeronoticias.com.pe\/noticiero\/wp-json\/wp\/v2\/types\/post"}],"author":[{"embeddable":true,"href":"https:\/\/aeronoticias.com.pe\/noticiero\/wp-json\/wp\/v2\/users\/1"}],"replies":[{"embeddable":true,"href":"https:\/\/aeronoticias.com.pe\/noticiero\/wp-json\/wp\/v2\/comments?post=59054"}],"version-history":[{"count":0,"href":"https:\/\/aeronoticias.com.pe\/noticiero\/wp-json\/wp\/v2\/posts\/59054\/revisions"}],"wp:attachment":[{"href":"https:\/\/aeronoticias.com.pe\/noticiero\/wp-json\/wp\/v2\/media?parent=59054"}],"wp:term":[{"taxonomy":"category","embeddable":true,"href":"https:\/\/aeronoticias.com.pe\/noticiero\/wp-json\/wp\/v2\/categories?post=59054"},{"taxonomy":"post_tag","embeddable":true,"href":"https:\/\/aeronoticias.com.pe\/noticiero\/wp-json\/wp\/v2\/tags?post=59054"}],"curies":[{"name":"wp","href":"https:\/\/api.w.org\/{rel}","templated":true}]}}