{"id":59057,"date":"2019-11-20T18:08:30","date_gmt":"2019-11-20T18:08:30","guid":{"rendered":"http:\/\/desarrollo.mcvicious.com\/aero2020\/2019\/11\/20\/colombia-gca-airlines-la-nueva-aerolinea-que-alista-su-despegue-en-noviembre\/"},"modified":"2020-11-15T19:23:57","modified_gmt":"2020-11-16T00:23:57","slug":"colombia-gca-airlines-la-nueva-aerolinea-que-alista-su-despegue-en-noviembre","status":"publish","type":"post","link":"https:\/\/aeronoticias.com.pe\/noticiero\/transporte-aereo\/internacional\/colombia-gca-airlines-la-nueva-aerolinea-que-alista-su-despegue-en-noviembre\/","title":{"rendered":"Colombia: GCA Airlines, la nueva aerol\u00ednea que alista su despegue en noviembre"},"content":{"rendered":"\n<p class=\"p1\">Una nueva aerol\u00ednea colombiana se alista a despegar de los aeropuertos del pa\u00eds este mes.<\/p>\n\n\n\n<p class=\"p1\">Se trata de Gran Colombia de Aviaci\u00f3n Airlines (GCA Airlines), cuyo centro de operaciones est\u00e1 en Cali, y volar\u00e1, en principio entre la capital del Valle del Cauca y la ciudad de Cartagena.<\/p>\n\n\n\n<p class=\"p1\">A partir de ma\u00f1ana mi\u00e9rcoles la nueva aerol\u00ednea pone a disposici\u00f3n de los viajeros la venta de tiquetes a trav\u00e9s de sus canales GCAair.com y en la APP GCAair. Tambi\u00e9n estar\u00e1n disponibles en los puntos de venta de la aerol\u00ednea en distintas ciudades y aeropuertos donde opera, y en agencias de viajes en Colombia.<\/p>\n\n\n\n<p class=\"p1\">El primer vuelo ser\u00e1 operado el pr\u00f3ximo 29 de noviembre en la ruta Cali \u2013 Cartagena \u2013 Cali, pero en el corto y mediano plazos, la oferta tambi\u00e9n incluir\u00e1 conexi\u00f3n pr\u00e1ctica, f\u00e1cil y directa desde Cali hacia otros destinos clave en la costa norte y en el oriente del pa\u00eds.<\/p>\n\n\n\n<p class=\"p1\">Las rutas de la compa\u00f1\u00eda se cubrir\u00e1n en vuelos directos a bordo de Boeing B737-400, aviones con 144 sillas distribuidas en dos cabinas: Plus y Classic.<\/p>\n\n\n\n<p class=\"p1\">A mediano plazo GCA espera tener unas 150 frecuencias mensuales en vuelos directos desde Cali hacia las principales ciudades en el norte y oriente del pa\u00eds, todas en los horarios m\u00e1s convenientes para los distintos mercados.<\/p>\n\n\n\n<p class=\"p1\">Su principal due\u00f1o es Jorge \u00c1\u00f1ez Dagger, tambi\u00e9n propietario de la aerol\u00ednea venezolana Avior, la cual lleva operando m\u00e1s de 25 a\u00f1os en ese pa\u00eds.<\/p>\n\n\n\n<p class=\"p1\">\u201cAvior ha aportado experiencia, conocimiento y recursos para la constituci\u00f3n e inicio de operaciones de GCA Airlines\u201d, indic\u00f3 la compa\u00f1\u00eda sobre el rol que desempe\u00f1ar\u00e1 la empresa venezolana.<\/p>\n\n\n\n<p class=\"p1\">GCA Airlines espera posicionarse por un portafolio que ampl\u00eda las posibilidades de viaje a todo tipo de pasajeros y por la calidad de su oferta: cumplimiento, itinerarios, destinos y rutas, as\u00ed como por la amabilidad de su gente en tierra y a bordo, preparada para acompa\u00f1ar a los pasajeros en cada momento de su ciclo de viaje.<\/p>\n\n\n\n<p class=\"p1\">Adem\u00e1s del servicio de transporte a\u00e9reo de pasajeros, el portafolio de la aerol\u00ednea incluye el transporte de carga y correo, indicaron sus directivas.<\/p>\n\n\n\n<p class=\"p1\">Fuente: <span style=\"text-decoration: underline;\"><em><strong>El Tiempo<\/strong><\/em><\/span>.<\/p>\n","protected":false},"excerpt":{"rendered":"<p>Una nueva aerol\u00ednea colombiana se alista a despegar de los aeropuertos del pa\u00eds este mes. Se trata de Gran Colombia de Aviaci\u00f3n Airlines (GCA Airlines), cuyo centro de operaciones est\u00e1 en Cali, y volar\u00e1, en principio entre la capital del Valle del Cauca y la ciudad de Cartagena. A partir de ma\u00f1ana mi\u00e9rcoles la nueva [&hellip;]<\/p>\n","protected":false},"author":1,"featured_media":65507,"comment_status":"open","ping_status":"open","sticky":false,"template":"","format":"standard","meta":{"tdm_status":"","tdm_grid_status":"","footnotes":""},"categories":[32],"tags":[140,240],"class_list":{"0":"post-59057","1":"post","2":"type-post","3":"status-publish","4":"format-standard","5":"has-post-thumbnail","7":"category-internacional","8":"tag-colombia","9":"tag-gca-airlines"},"yoast_head":"<!-- This site is optimized with the Yoast SEO plugin v25.1 - https:\/\/yoast.com\/wordpress\/plugins\/seo\/ -->\n<title>Colombia: GCA Airlines, la nueva aerol\u00ednea que alista su despegue en noviembre<\/title>\n<meta name=\"description\" content=\"Portal de noticias del Per\u00fa sobre el transporte a\u00e9reo, aviaci\u00f3n, turismo, hoteleria, actualidad.\" \/>\n<meta name=\"robots\" content=\"index, follow, max-snippet:-1, max-image-preview:large, max-video-preview:-1\" \/>\n<link rel=\"canonical\" href=\"https:\/\/aeronoticias.com.pe\/noticiero\/transporte-aereo\/internacional\/colombia-gca-airlines-la-nueva-aerolinea-que-alista-su-despegue-en-noviembre\/\" \/>\n<meta property=\"og:locale\" content=\"es_ES\" \/>\n<meta property=\"og:type\" content=\"article\" \/>\n<meta property=\"og:title\" content=\"Colombia: GCA Airlines, la nueva aerol\u00ednea que alista su despegue en noviembre\" \/>\n<meta property=\"og:description\" content=\"Portal de noticias del Per\u00fa sobre el transporte a\u00e9reo, aviaci\u00f3n, turismo, hoteleria, actualidad.\" \/>\n<meta property=\"og:url\" content=\"https:\/\/aeronoticias.com.pe\/noticiero\/transporte-aereo\/internacional\/colombia-gca-airlines-la-nueva-aerolinea-que-alista-su-despegue-en-noviembre\/\" \/>\n<meta property=\"og:site_name\" content=\"Aeronoticias.com.pe\" \/>\n<meta property=\"article:publisher\" content=\"https:\/\/www.facebook.com\/Aeronoticias.com.pe\/\" \/>\n<meta property=\"article:published_time\" content=\"2019-11-20T18:08:30+00:00\" \/>\n<meta property=\"article:modified_time\" content=\"2020-11-16T00:23:57+00:00\" \/>\n<meta property=\"og:image\" content=\"https:\/\/aeronoticias.com.pe\/noticiero\/wp-content\/uploads\/2019\/11\/GCA-Airlines.jpg\" \/>\n\t<meta property=\"og:image:width\" content=\"1080\" \/>\n\t<meta property=\"og:image:height\" content=\"900\" \/>\n\t<meta property=\"og:image:type\" content=\"image\/jpeg\" \/>\n<meta name=\"author\" content=\"Redacci\u00f3n Aeronoticias\" \/>\n<meta name=\"twitter:card\" content=\"summary_large_image\" \/>\n<meta name=\"twitter:creator\" content=\"@aeronoticias\" \/>\n<meta name=\"twitter:site\" content=\"@aeronoticias\" \/>\n<meta name=\"twitter:label1\" content=\"Escrito por\" \/>\n\t<meta name=\"twitter:data1\" content=\"Redacci\u00f3n Aeronoticias\" \/>\n\t<meta name=\"twitter:label2\" content=\"Tiempo de lectura\" \/>\n\t<meta name=\"twitter:data2\" content=\"2 minutos\" \/>\n<script type=\"application\/ld+json\" class=\"yoast-schema-graph\">{\"@context\":\"https:\/\/schema.org\",\"@graph\":[{\"@type\":\"WebPage\",\"@id\":\"https:\/\/aeronoticias.com.pe\/noticiero\/transporte-aereo\/internacional\/colombia-gca-airlines-la-nueva-aerolinea-que-alista-su-despegue-en-noviembre\/\",\"url\":\"https:\/\/aeronoticias.com.pe\/noticiero\/transporte-aereo\/internacional\/colombia-gca-airlines-la-nueva-aerolinea-que-alista-su-despegue-en-noviembre\/\",\"name\":\"Colombia: GCA Airlines, la nueva aerol\u00ednea que alista su despegue en noviembre\",\"isPartOf\":{\"@id\":\"https:\/\/aeronoticias.com.pe\/noticiero\/#website\"},\"primaryImageOfPage\":{\"@id\":\"https:\/\/aeronoticias.com.pe\/noticiero\/transporte-aereo\/internacional\/colombia-gca-airlines-la-nueva-aerolinea-que-alista-su-despegue-en-noviembre\/#primaryimage\"},\"image\":{\"@id\":\"https:\/\/aeronoticias.com.pe\/noticiero\/transporte-aereo\/internacional\/colombia-gca-airlines-la-nueva-aerolinea-que-alista-su-despegue-en-noviembre\/#primaryimage\"},\"thumbnailUrl\":\"https:\/\/aeronoticias.com.pe\/noticiero\/wp-content\/uploads\/2019\/11\/GCA-Airlines.jpg\",\"datePublished\":\"2019-11-20T18:08:30+00:00\",\"dateModified\":\"2020-11-16T00:23:57+00:00\",\"author\":{\"@id\":\"https:\/\/aeronoticias.com.pe\/noticiero\/#\/schema\/person\/fc1e5d578f4b62ba1cf7ac2bba1170a0\"},\"description\":\"Portal de noticias del Per\u00fa sobre el transporte a\u00e9reo, aviaci\u00f3n, turismo, hoteleria, actualidad.\",\"breadcrumb\":{\"@id\":\"https:\/\/aeronoticias.com.pe\/noticiero\/transporte-aereo\/internacional\/colombia-gca-airlines-la-nueva-aerolinea-que-alista-su-despegue-en-noviembre\/#breadcrumb\"},\"inLanguage\":\"es\",\"potentialAction\":[{\"@type\":\"ReadAction\",\"target\":[\"https:\/\/aeronoticias.com.pe\/noticiero\/transporte-aereo\/internacional\/colombia-gca-airlines-la-nueva-aerolinea-que-alista-su-despegue-en-noviembre\/\"]}]},{\"@type\":\"ImageObject\",\"inLanguage\":\"es\",\"@id\":\"https:\/\/aeronoticias.com.pe\/noticiero\/transporte-aereo\/internacional\/colombia-gca-airlines-la-nueva-aerolinea-que-alista-su-despegue-en-noviembre\/#primaryimage\",\"url\":\"https:\/\/aeronoticias.com.pe\/noticiero\/wp-content\/uploads\/2019\/11\/GCA-Airlines.jpg\",\"contentUrl\":\"https:\/\/aeronoticias.com.pe\/noticiero\/wp-content\/uploads\/2019\/11\/GCA-Airlines.jpg\",\"width\":1080,\"height\":900},{\"@type\":\"BreadcrumbList\",\"@id\":\"https:\/\/aeronoticias.com.pe\/noticiero\/transporte-aereo\/internacional\/colombia-gca-airlines-la-nueva-aerolinea-que-alista-su-despegue-en-noviembre\/#breadcrumb\",\"itemListElement\":[{\"@type\":\"ListItem\",\"position\":1,\"name\":\"Portada\",\"item\":\"https:\/\/aeronoticias.com.pe\/noticiero\/\"},{\"@type\":\"ListItem\",\"position\":2,\"name\":\"Colombia: GCA Airlines, la nueva aerol\u00ednea que alista su despegue en noviembre\"}]},{\"@type\":\"WebSite\",\"@id\":\"https:\/\/aeronoticias.com.pe\/noticiero\/#website\",\"url\":\"https:\/\/aeronoticias.com.pe\/noticiero\/\",\"name\":\"Aeronoticias.com.pe\",\"description\":\"Noticias de tranporte aereo, turismo, hoteles, gastronomia, actualidad, internacional\",\"potentialAction\":[{\"@type\":\"SearchAction\",\"target\":{\"@type\":\"EntryPoint\",\"urlTemplate\":\"https:\/\/aeronoticias.com.pe\/noticiero\/?s={search_term_string}\"},\"query-input\":{\"@type\":\"PropertyValueSpecification\",\"valueRequired\":true,\"valueName\":\"search_term_string\"}}],\"inLanguage\":\"es\"},{\"@type\":\"Person\",\"@id\":\"https:\/\/aeronoticias.com.pe\/noticiero\/#\/schema\/person\/fc1e5d578f4b62ba1cf7ac2bba1170a0\",\"name\":\"Redacci\u00f3n Aeronoticias\",\"url\":\"https:\/\/aeronoticias.com.pe\/noticiero\/author\/piloto\/\"}]}<\/script>\n<!-- \/ Yoast SEO plugin. -->","yoast_head_json":{"title":"Colombia: GCA Airlines, la nueva aerol\u00ednea que alista su despegue en noviembre","description":"Portal de noticias del Per\u00fa sobre el transporte a\u00e9reo, aviaci\u00f3n, turismo, hoteleria, actualidad.","robots":{"index":"index","follow":"follow","max-snippet":"max-snippet:-1","max-image-preview":"max-image-preview:large","max-video-preview":"max-video-preview:-1"},"canonical":"https:\/\/aeronoticias.com.pe\/noticiero\/transporte-aereo\/internacional\/colombia-gca-airlines-la-nueva-aerolinea-que-alista-su-despegue-en-noviembre\/","og_locale":"es_ES","og_type":"article","og_title":"Colombia: GCA Airlines, la nueva aerol\u00ednea que alista su despegue en noviembre","og_description":"Portal de noticias del Per\u00fa sobre el transporte a\u00e9reo, aviaci\u00f3n, turismo, hoteleria, actualidad.","og_url":"https:\/\/aeronoticias.com.pe\/noticiero\/transporte-aereo\/internacional\/colombia-gca-airlines-la-nueva-aerolinea-que-alista-su-despegue-en-noviembre\/","og_site_name":"Aeronoticias.com.pe","article_publisher":"https:\/\/www.facebook.com\/Aeronoticias.com.pe\/","article_published_time":"2019-11-20T18:08:30+00:00","article_modified_time":"2020-11-16T00:23:57+00:00","og_image":[{"width":1080,"height":900,"url":"https:\/\/aeronoticias.com.pe\/noticiero\/wp-content\/uploads\/2019\/11\/GCA-Airlines.jpg","type":"image\/jpeg"}],"author":"Redacci\u00f3n Aeronoticias","twitter_card":"summary_large_image","twitter_creator":"@aeronoticias","twitter_site":"@aeronoticias","twitter_misc":{"Escrito por":"Redacci\u00f3n Aeronoticias","Tiempo de lectura":"2 minutos"},"schema":{"@context":"https:\/\/schema.org","@graph":[{"@type":"WebPage","@id":"https:\/\/aeronoticias.com.pe\/noticiero\/transporte-aereo\/internacional\/colombia-gca-airlines-la-nueva-aerolinea-que-alista-su-despegue-en-noviembre\/","url":"https:\/\/aeronoticias.com.pe\/noticiero\/transporte-aereo\/internacional\/colombia-gca-airlines-la-nueva-aerolinea-que-alista-su-despegue-en-noviembre\/","name":"Colombia: GCA Airlines, la nueva aerol\u00ednea que alista su despegue en noviembre","isPartOf":{"@id":"https:\/\/aeronoticias.com.pe\/noticiero\/#website"},"primaryImageOfPage":{"@id":"https:\/\/aeronoticias.com.pe\/noticiero\/transporte-aereo\/internacional\/colombia-gca-airlines-la-nueva-aerolinea-que-alista-su-despegue-en-noviembre\/#primaryimage"},"image":{"@id":"https:\/\/aeronoticias.com.pe\/noticiero\/transporte-aereo\/internacional\/colombia-gca-airlines-la-nueva-aerolinea-que-alista-su-despegue-en-noviembre\/#primaryimage"},"thumbnailUrl":"https:\/\/aeronoticias.com.pe\/noticiero\/wp-content\/uploads\/2019\/11\/GCA-Airlines.jpg","datePublished":"2019-11-20T18:08:30+00:00","dateModified":"2020-11-16T00:23:57+00:00","author":{"@id":"https:\/\/aeronoticias.com.pe\/noticiero\/#\/schema\/person\/fc1e5d578f4b62ba1cf7ac2bba1170a0"},"description":"Portal de noticias del Per\u00fa sobre el transporte a\u00e9reo, aviaci\u00f3n, turismo, hoteleria, actualidad.","breadcrumb":{"@id":"https:\/\/aeronoticias.com.pe\/noticiero\/transporte-aereo\/internacional\/colombia-gca-airlines-la-nueva-aerolinea-que-alista-su-despegue-en-noviembre\/#breadcrumb"},"inLanguage":"es","potentialAction":[{"@type":"ReadAction","target":["https:\/\/aeronoticias.com.pe\/noticiero\/transporte-aereo\/internacional\/colombia-gca-airlines-la-nueva-aerolinea-que-alista-su-despegue-en-noviembre\/"]}]},{"@type":"ImageObject","inLanguage":"es","@id":"https:\/\/aeronoticias.com.pe\/noticiero\/transporte-aereo\/internacional\/colombia-gca-airlines-la-nueva-aerolinea-que-alista-su-despegue-en-noviembre\/#primaryimage","url":"https:\/\/aeronoticias.com.pe\/noticiero\/wp-content\/uploads\/2019\/11\/GCA-Airlines.jpg","contentUrl":"https:\/\/aeronoticias.com.pe\/noticiero\/wp-content\/uploads\/2019\/11\/GCA-Airlines.jpg","width":1080,"height":900},{"@type":"BreadcrumbList","@id":"https:\/\/aeronoticias.com.pe\/noticiero\/transporte-aereo\/internacional\/colombia-gca-airlines-la-nueva-aerolinea-que-alista-su-despegue-en-noviembre\/#breadcrumb","itemListElement":[{"@type":"ListItem","position":1,"name":"Portada","item":"https:\/\/aeronoticias.com.pe\/noticiero\/"},{"@type":"ListItem","position":2,"name":"Colombia: GCA Airlines, la nueva aerol\u00ednea que alista su despegue en noviembre"}]},{"@type":"WebSite","@id":"https:\/\/aeronoticias.com.pe\/noticiero\/#website","url":"https:\/\/aeronoticias.com.pe\/noticiero\/","name":"Aeronoticias.com.pe","description":"Noticias de tranporte aereo, turismo, hoteles, gastronomia, actualidad, internacional","potentialAction":[{"@type":"SearchAction","target":{"@type":"EntryPoint","urlTemplate":"https:\/\/aeronoticias.com.pe\/noticiero\/?s={search_term_string}"},"query-input":{"@type":"PropertyValueSpecification","valueRequired":true,"valueName":"search_term_string"}}],"inLanguage":"es"},{"@type":"Person","@id":"https:\/\/aeronoticias.com.pe\/noticiero\/#\/schema\/person\/fc1e5d578f4b62ba1cf7ac2bba1170a0","name":"Redacci\u00f3n Aeronoticias","url":"https:\/\/aeronoticias.com.pe\/noticiero\/author\/piloto\/"}]}},"_links":{"self":[{"href":"https:\/\/aeronoticias.com.pe\/noticiero\/wp-json\/wp\/v2\/posts\/59057","targetHints":{"allow":["GET"]}}],"collection":[{"href":"https:\/\/aeronoticias.com.pe\/noticiero\/wp-json\/wp\/v2\/posts"}],"about":[{"href":"https:\/\/aeronoticias.com.pe\/noticiero\/wp-json\/wp\/v2\/types\/post"}],"author":[{"embeddable":true,"href":"https:\/\/aeronoticias.com.pe\/noticiero\/wp-json\/wp\/v2\/users\/1"}],"replies":[{"embeddable":true,"href":"https:\/\/aeronoticias.com.pe\/noticiero\/wp-json\/wp\/v2\/comments?post=59057"}],"version-history":[{"count":0,"href":"https:\/\/aeronoticias.com.pe\/noticiero\/wp-json\/wp\/v2\/posts\/59057\/revisions"}],"wp:featuredmedia":[{"embeddable":true,"href":"https:\/\/aeronoticias.com.pe\/noticiero\/wp-json\/wp\/v2\/media\/65507"}],"wp:attachment":[{"href":"https:\/\/aeronoticias.com.pe\/noticiero\/wp-json\/wp\/v2\/media?parent=59057"}],"wp:term":[{"taxonomy":"category","embeddable":true,"href":"https:\/\/aeronoticias.com.pe\/noticiero\/wp-json\/wp\/v2\/categories?post=59057"},{"taxonomy":"post_tag","embeddable":true,"href":"https:\/\/aeronoticias.com.pe\/noticiero\/wp-json\/wp\/v2\/tags?post=59057"}],"curies":[{"name":"wp","href":"https:\/\/api.w.org\/{rel}","templated":true}]}}