{"id":59060,"date":"2019-11-21T16:06:07","date_gmt":"2019-11-21T16:06:07","guid":{"rendered":"http:\/\/desarrollo.mcvicious.com\/aero2020\/2019\/11\/21\/airbus-considera-que-en-una-decada-podria-presentar-un-nuevo-modelo-de-avion-de-pasillo-unico\/"},"modified":"2020-11-15T19:20:22","modified_gmt":"2020-11-16T00:20:22","slug":"airbus-considera-que-en-una-decada-podria-presentar-un-nuevo-modelo-de-avion-de-pasillo-unico","status":"publish","type":"post","link":"https:\/\/aeronoticias.com.pe\/noticiero\/transporte-aereo\/internacional\/airbus-considera-que-en-una-decada-podria-presentar-un-nuevo-modelo-de-avion-de-pasillo-unico\/","title":{"rendered":"Airbus considera que en una d\u00e9cada podr\u00eda presentar un nuevo modelo de avi\u00f3n de pasillo \u00fanico"},"content":{"rendered":"\n<p class=\"p1\">En los altos mandos de Airbus vuelven a plantearse la idea de buscar un heredero al A320, el avi\u00f3n de pasillo \u00fanico m\u00e1s exitoso del fabricante europeo.<\/p>\n\n\n\n<p class=\"p1\">El consejero delegado de la compa\u00f1\u00eda, Guillaume Faury, dijo que los cambios en el modo de producci\u00f3n, el dise\u00f1o y las tecnolog\u00edas de motores deber\u00edan converger en el lanzamiento de un nuevo tipo de avi\u00f3n.<\/p>\n\n\n\n<p class=\"p1\">El ejecutivo indic\u00f3 que Airbus podr\u00eda lanzar un nuevo programa de fabricaci\u00f3n de un avi\u00f3n de pasillo \u00fanico \u201cen la segunda mitad de la d\u00e9cada que viene, y que entre en servicio en los primeros a\u00f1os del 2030\u201d, dijo en el Sal\u00f3n Aeron\u00e1utico de Dub\u00e1i, informa Flight Global.<\/p>\n\n\n\n<p class=\"p1\">\u201cEstamos en un punto donde vemos cambios muy importantes en la industria de la aviaci\u00f3n, y el primer impacto seguramente llegar\u00e1 en el sector de los aviones de fuselaje estrecho\u201d, precis\u00f3 Faury.<\/p>\n\n\n\n<p class=\"p1\">El modelo m\u00e1s exitoso de Airbus<\/p>\n\n\n\n<p class=\"p1\">El A320 vio la luz en 1984, y desde su lanzamiento, Airbus ha recibido casi 13.600 \u00f3rdenes de compra y ha entregado 7.526 unidades, tanto este modelo como otras variantes de pasillo \u00fanico.<\/p>\n\n\n\n<p class=\"p1\">El \u00faltimo modelo que Airbus ha fabricado desde cero hay sido el A350, que se ha convertido en el avi\u00f3n de doble pasillo estrella de los \u00faltimos a\u00f1os.<\/p>\n\n\n\n<p class=\"p1\">La clave est\u00e1 en la fabricaci\u00f3n<\/p>\n\n\n\n<p class=\"p1\">Una de las claves para pensar en un nuevo modelo es la automatizaci\u00f3n de la fabricaci\u00f3n y el montaje. \u201cVemos que la \u2018robotizaci\u00f3n\u2019 es cada vez mayor\u201d, describi\u00f3.<\/p>\n\n\n\n<p class=\"p1\">La sigla que impregnar\u00e1 al futuro de la fabricaci\u00f3n de aviones es DDMS, acr\u00f3nimo de dise\u00f1o, manufactura y servicios digitales; todos los procesos englobados en un misma red troncal.<\/p>\n\n\n\n<p class=\"p1\">Llega el avi\u00f3n Millennial<\/p>\n\n\n\n<p class=\"p1\">\u201cQueremos que el nuevo avi\u00f3n sea un nativo digital. O sea, el \u2018Millennial\u2019 de los aviones\u201d, compar\u00f3.<\/p>\n\n\n\n<p class=\"p1\">Uno de los puntos a resolver es la sostenibilidad de las aeronaves del futuro. El gran desaf\u00edo es la \u201cdescarbonizaci\u00f3n\u201d de los vuelos, dijo.<\/p>\n\n\n\n<p class=\"p1\">\u201cEstamos trabajando con muchas compa\u00f1\u00edas para preparar las tecnolog\u00edas de propulsi\u00f3n del futuro. Solo podremos llevar adelante el proyecto de un nuevo avi\u00f3n de pasillo \u00fanico cuando podamos poner en marcha estos avances\u201d, agreg\u00f3.<\/p>\n\n\n\n<p class=\"p1\">La idea no es nueva<\/p>\n\n\n\n<p class=\"p1\">Hace exactamente un a\u00f1o, en noviembre del 2018, Bloomberg revel\u00f3 que Airbus hab\u00eda lanzado una convocatoria para buscar ingenieros para desarrollar un nuevo modelo de avi\u00f3n de pasillo \u00fanico, adem\u00e1s de una versi\u00f3n Neo del A350.<\/p>\n\n\n\n<p class=\"p1\">Frente al entusiasmo que despert\u00f3 entre expertos y medios especializados, Airbus puso pa\u00f1os fr\u00edos a la convocatoria de personal especializado y record\u00f3 que un proyecto no siempre tiene garantizado de que llegue a buen puerto y se convierta en realidad. Sino, que lo diga el plan para crear una versi\u00f3n m\u00e1s grande del A380.<\/p>\n\n\n\n<p class=\"p1\">Fuente: <strong><span style=\"text-decoration: underline;\"><em>Cerosdobe<\/em><\/span>.<\/strong><\/p>\n","protected":false},"excerpt":{"rendered":"<p>En los altos mandos de Airbus vuelven a plantearse la idea de buscar un heredero al A320, el avi\u00f3n de pasillo \u00fanico m\u00e1s exitoso del fabricante europeo. El consejero delegado de la compa\u00f1\u00eda, Guillaume Faury, dijo que los cambios en el modo de producci\u00f3n, el dise\u00f1o y las tecnolog\u00edas de motores deber\u00edan converger en el [&hellip;]<\/p>\n","protected":false},"author":1,"featured_media":65502,"comment_status":"open","ping_status":"open","sticky":false,"template":"","format":"standard","meta":{"tdm_status":"","tdm_grid_status":"","footnotes":""},"categories":[32],"tags":[181,653],"class_list":{"0":"post-59060","1":"post","2":"type-post","3":"status-publish","4":"format-standard","5":"has-post-thumbnail","7":"category-internacional","8":"tag-airbus","9":"tag-airbus-a320"},"yoast_head":"<!-- This site is optimized with the Yoast SEO plugin v25.1 - https:\/\/yoast.com\/wordpress\/plugins\/seo\/ -->\n<title>Airbus considera que en una d\u00e9cada podr\u00eda presentar un nuevo modelo de avi\u00f3n de pasillo \u00fanico<\/title>\n<meta name=\"description\" content=\"Portal de noticias del Per\u00fa sobre el transporte a\u00e9reo, aviaci\u00f3n, turismo, hoteleria, actualidad.\" \/>\n<meta name=\"robots\" content=\"index, follow, max-snippet:-1, max-image-preview:large, max-video-preview:-1\" \/>\n<link rel=\"canonical\" href=\"https:\/\/aeronoticias.com.pe\/noticiero\/transporte-aereo\/internacional\/airbus-considera-que-en-una-decada-podria-presentar-un-nuevo-modelo-de-avion-de-pasillo-unico\/\" \/>\n<meta property=\"og:locale\" content=\"es_ES\" \/>\n<meta property=\"og:type\" content=\"article\" \/>\n<meta property=\"og:title\" content=\"Airbus considera que en una d\u00e9cada podr\u00eda presentar un nuevo modelo de avi\u00f3n de pasillo \u00fanico\" \/>\n<meta property=\"og:description\" content=\"Portal de noticias del Per\u00fa sobre el transporte a\u00e9reo, aviaci\u00f3n, turismo, hoteleria, actualidad.\" \/>\n<meta property=\"og:url\" content=\"https:\/\/aeronoticias.com.pe\/noticiero\/transporte-aereo\/internacional\/airbus-considera-que-en-una-decada-podria-presentar-un-nuevo-modelo-de-avion-de-pasillo-unico\/\" \/>\n<meta property=\"og:site_name\" content=\"Aeronoticias.com.pe\" \/>\n<meta property=\"article:publisher\" content=\"https:\/\/www.facebook.com\/Aeronoticias.com.pe\/\" \/>\n<meta property=\"article:published_time\" content=\"2019-11-21T16:06:07+00:00\" \/>\n<meta property=\"article:modified_time\" content=\"2020-11-16T00:20:22+00:00\" \/>\n<meta property=\"og:image\" content=\"https:\/\/aeronoticias.com.pe\/noticiero\/wp-content\/uploads\/2019\/11\/Airbus_A320-scaled.jpg\" \/>\n\t<meta property=\"og:image:width\" content=\"2560\" \/>\n\t<meta property=\"og:image:height\" content=\"1440\" \/>\n\t<meta property=\"og:image:type\" content=\"image\/jpeg\" \/>\n<meta name=\"author\" content=\"Redacci\u00f3n Aeronoticias\" \/>\n<meta name=\"twitter:card\" content=\"summary_large_image\" \/>\n<meta name=\"twitter:creator\" content=\"@aeronoticias\" \/>\n<meta name=\"twitter:site\" content=\"@aeronoticias\" \/>\n<meta name=\"twitter:label1\" content=\"Escrito por\" \/>\n\t<meta name=\"twitter:data1\" content=\"Redacci\u00f3n Aeronoticias\" \/>\n\t<meta name=\"twitter:label2\" content=\"Tiempo de lectura\" \/>\n\t<meta name=\"twitter:data2\" content=\"2 minutos\" \/>\n<script type=\"application\/ld+json\" class=\"yoast-schema-graph\">{\"@context\":\"https:\/\/schema.org\",\"@graph\":[{\"@type\":\"WebPage\",\"@id\":\"https:\/\/aeronoticias.com.pe\/noticiero\/transporte-aereo\/internacional\/airbus-considera-que-en-una-decada-podria-presentar-un-nuevo-modelo-de-avion-de-pasillo-unico\/\",\"url\":\"https:\/\/aeronoticias.com.pe\/noticiero\/transporte-aereo\/internacional\/airbus-considera-que-en-una-decada-podria-presentar-un-nuevo-modelo-de-avion-de-pasillo-unico\/\",\"name\":\"Airbus considera que en una d\u00e9cada podr\u00eda presentar un nuevo modelo de avi\u00f3n de pasillo \u00fanico\",\"isPartOf\":{\"@id\":\"https:\/\/aeronoticias.com.pe\/noticiero\/#website\"},\"primaryImageOfPage\":{\"@id\":\"https:\/\/aeronoticias.com.pe\/noticiero\/transporte-aereo\/internacional\/airbus-considera-que-en-una-decada-podria-presentar-un-nuevo-modelo-de-avion-de-pasillo-unico\/#primaryimage\"},\"image\":{\"@id\":\"https:\/\/aeronoticias.com.pe\/noticiero\/transporte-aereo\/internacional\/airbus-considera-que-en-una-decada-podria-presentar-un-nuevo-modelo-de-avion-de-pasillo-unico\/#primaryimage\"},\"thumbnailUrl\":\"https:\/\/aeronoticias.com.pe\/noticiero\/wp-content\/uploads\/2019\/11\/Airbus_A320-scaled.jpg\",\"datePublished\":\"2019-11-21T16:06:07+00:00\",\"dateModified\":\"2020-11-16T00:20:22+00:00\",\"author\":{\"@id\":\"https:\/\/aeronoticias.com.pe\/noticiero\/#\/schema\/person\/fc1e5d578f4b62ba1cf7ac2bba1170a0\"},\"description\":\"Portal de noticias del Per\u00fa sobre el transporte a\u00e9reo, aviaci\u00f3n, turismo, hoteleria, actualidad.\",\"breadcrumb\":{\"@id\":\"https:\/\/aeronoticias.com.pe\/noticiero\/transporte-aereo\/internacional\/airbus-considera-que-en-una-decada-podria-presentar-un-nuevo-modelo-de-avion-de-pasillo-unico\/#breadcrumb\"},\"inLanguage\":\"es\",\"potentialAction\":[{\"@type\":\"ReadAction\",\"target\":[\"https:\/\/aeronoticias.com.pe\/noticiero\/transporte-aereo\/internacional\/airbus-considera-que-en-una-decada-podria-presentar-un-nuevo-modelo-de-avion-de-pasillo-unico\/\"]}]},{\"@type\":\"ImageObject\",\"inLanguage\":\"es\",\"@id\":\"https:\/\/aeronoticias.com.pe\/noticiero\/transporte-aereo\/internacional\/airbus-considera-que-en-una-decada-podria-presentar-un-nuevo-modelo-de-avion-de-pasillo-unico\/#primaryimage\",\"url\":\"https:\/\/aeronoticias.com.pe\/noticiero\/wp-content\/uploads\/2019\/11\/Airbus_A320-scaled.jpg\",\"contentUrl\":\"https:\/\/aeronoticias.com.pe\/noticiero\/wp-content\/uploads\/2019\/11\/Airbus_A320-scaled.jpg\",\"width\":2560,\"height\":1440},{\"@type\":\"BreadcrumbList\",\"@id\":\"https:\/\/aeronoticias.com.pe\/noticiero\/transporte-aereo\/internacional\/airbus-considera-que-en-una-decada-podria-presentar-un-nuevo-modelo-de-avion-de-pasillo-unico\/#breadcrumb\",\"itemListElement\":[{\"@type\":\"ListItem\",\"position\":1,\"name\":\"Portada\",\"item\":\"https:\/\/aeronoticias.com.pe\/noticiero\/\"},{\"@type\":\"ListItem\",\"position\":2,\"name\":\"Airbus considera que en una d\u00e9cada podr\u00eda presentar un nuevo modelo de avi\u00f3n de pasillo \u00fanico\"}]},{\"@type\":\"WebSite\",\"@id\":\"https:\/\/aeronoticias.com.pe\/noticiero\/#website\",\"url\":\"https:\/\/aeronoticias.com.pe\/noticiero\/\",\"name\":\"Aeronoticias.com.pe\",\"description\":\"Noticias de tranporte aereo, turismo, hoteles, gastronomia, actualidad, internacional\",\"potentialAction\":[{\"@type\":\"SearchAction\",\"target\":{\"@type\":\"EntryPoint\",\"urlTemplate\":\"https:\/\/aeronoticias.com.pe\/noticiero\/?s={search_term_string}\"},\"query-input\":{\"@type\":\"PropertyValueSpecification\",\"valueRequired\":true,\"valueName\":\"search_term_string\"}}],\"inLanguage\":\"es\"},{\"@type\":\"Person\",\"@id\":\"https:\/\/aeronoticias.com.pe\/noticiero\/#\/schema\/person\/fc1e5d578f4b62ba1cf7ac2bba1170a0\",\"name\":\"Redacci\u00f3n Aeronoticias\",\"url\":\"https:\/\/aeronoticias.com.pe\/noticiero\/author\/piloto\/\"}]}<\/script>\n<!-- \/ Yoast SEO plugin. -->","yoast_head_json":{"title":"Airbus considera que en una d\u00e9cada podr\u00eda presentar un nuevo modelo de avi\u00f3n de pasillo \u00fanico","description":"Portal de noticias del Per\u00fa sobre el transporte a\u00e9reo, aviaci\u00f3n, turismo, hoteleria, actualidad.","robots":{"index":"index","follow":"follow","max-snippet":"max-snippet:-1","max-image-preview":"max-image-preview:large","max-video-preview":"max-video-preview:-1"},"canonical":"https:\/\/aeronoticias.com.pe\/noticiero\/transporte-aereo\/internacional\/airbus-considera-que-en-una-decada-podria-presentar-un-nuevo-modelo-de-avion-de-pasillo-unico\/","og_locale":"es_ES","og_type":"article","og_title":"Airbus considera que en una d\u00e9cada podr\u00eda presentar un nuevo modelo de avi\u00f3n de pasillo \u00fanico","og_description":"Portal de noticias del Per\u00fa sobre el transporte a\u00e9reo, aviaci\u00f3n, turismo, hoteleria, actualidad.","og_url":"https:\/\/aeronoticias.com.pe\/noticiero\/transporte-aereo\/internacional\/airbus-considera-que-en-una-decada-podria-presentar-un-nuevo-modelo-de-avion-de-pasillo-unico\/","og_site_name":"Aeronoticias.com.pe","article_publisher":"https:\/\/www.facebook.com\/Aeronoticias.com.pe\/","article_published_time":"2019-11-21T16:06:07+00:00","article_modified_time":"2020-11-16T00:20:22+00:00","og_image":[{"width":2560,"height":1440,"url":"https:\/\/aeronoticias.com.pe\/noticiero\/wp-content\/uploads\/2019\/11\/Airbus_A320-scaled.jpg","type":"image\/jpeg"}],"author":"Redacci\u00f3n Aeronoticias","twitter_card":"summary_large_image","twitter_creator":"@aeronoticias","twitter_site":"@aeronoticias","twitter_misc":{"Escrito por":"Redacci\u00f3n Aeronoticias","Tiempo de lectura":"2 minutos"},"schema":{"@context":"https:\/\/schema.org","@graph":[{"@type":"WebPage","@id":"https:\/\/aeronoticias.com.pe\/noticiero\/transporte-aereo\/internacional\/airbus-considera-que-en-una-decada-podria-presentar-un-nuevo-modelo-de-avion-de-pasillo-unico\/","url":"https:\/\/aeronoticias.com.pe\/noticiero\/transporte-aereo\/internacional\/airbus-considera-que-en-una-decada-podria-presentar-un-nuevo-modelo-de-avion-de-pasillo-unico\/","name":"Airbus considera que en una d\u00e9cada podr\u00eda presentar un nuevo modelo de avi\u00f3n de pasillo \u00fanico","isPartOf":{"@id":"https:\/\/aeronoticias.com.pe\/noticiero\/#website"},"primaryImageOfPage":{"@id":"https:\/\/aeronoticias.com.pe\/noticiero\/transporte-aereo\/internacional\/airbus-considera-que-en-una-decada-podria-presentar-un-nuevo-modelo-de-avion-de-pasillo-unico\/#primaryimage"},"image":{"@id":"https:\/\/aeronoticias.com.pe\/noticiero\/transporte-aereo\/internacional\/airbus-considera-que-en-una-decada-podria-presentar-un-nuevo-modelo-de-avion-de-pasillo-unico\/#primaryimage"},"thumbnailUrl":"https:\/\/aeronoticias.com.pe\/noticiero\/wp-content\/uploads\/2019\/11\/Airbus_A320-scaled.jpg","datePublished":"2019-11-21T16:06:07+00:00","dateModified":"2020-11-16T00:20:22+00:00","author":{"@id":"https:\/\/aeronoticias.com.pe\/noticiero\/#\/schema\/person\/fc1e5d578f4b62ba1cf7ac2bba1170a0"},"description":"Portal de noticias del Per\u00fa sobre el transporte a\u00e9reo, aviaci\u00f3n, turismo, hoteleria, actualidad.","breadcrumb":{"@id":"https:\/\/aeronoticias.com.pe\/noticiero\/transporte-aereo\/internacional\/airbus-considera-que-en-una-decada-podria-presentar-un-nuevo-modelo-de-avion-de-pasillo-unico\/#breadcrumb"},"inLanguage":"es","potentialAction":[{"@type":"ReadAction","target":["https:\/\/aeronoticias.com.pe\/noticiero\/transporte-aereo\/internacional\/airbus-considera-que-en-una-decada-podria-presentar-un-nuevo-modelo-de-avion-de-pasillo-unico\/"]}]},{"@type":"ImageObject","inLanguage":"es","@id":"https:\/\/aeronoticias.com.pe\/noticiero\/transporte-aereo\/internacional\/airbus-considera-que-en-una-decada-podria-presentar-un-nuevo-modelo-de-avion-de-pasillo-unico\/#primaryimage","url":"https:\/\/aeronoticias.com.pe\/noticiero\/wp-content\/uploads\/2019\/11\/Airbus_A320-scaled.jpg","contentUrl":"https:\/\/aeronoticias.com.pe\/noticiero\/wp-content\/uploads\/2019\/11\/Airbus_A320-scaled.jpg","width":2560,"height":1440},{"@type":"BreadcrumbList","@id":"https:\/\/aeronoticias.com.pe\/noticiero\/transporte-aereo\/internacional\/airbus-considera-que-en-una-decada-podria-presentar-un-nuevo-modelo-de-avion-de-pasillo-unico\/#breadcrumb","itemListElement":[{"@type":"ListItem","position":1,"name":"Portada","item":"https:\/\/aeronoticias.com.pe\/noticiero\/"},{"@type":"ListItem","position":2,"name":"Airbus considera que en una d\u00e9cada podr\u00eda presentar un nuevo modelo de avi\u00f3n de pasillo \u00fanico"}]},{"@type":"WebSite","@id":"https:\/\/aeronoticias.com.pe\/noticiero\/#website","url":"https:\/\/aeronoticias.com.pe\/noticiero\/","name":"Aeronoticias.com.pe","description":"Noticias de tranporte aereo, turismo, hoteles, gastronomia, actualidad, internacional","potentialAction":[{"@type":"SearchAction","target":{"@type":"EntryPoint","urlTemplate":"https:\/\/aeronoticias.com.pe\/noticiero\/?s={search_term_string}"},"query-input":{"@type":"PropertyValueSpecification","valueRequired":true,"valueName":"search_term_string"}}],"inLanguage":"es"},{"@type":"Person","@id":"https:\/\/aeronoticias.com.pe\/noticiero\/#\/schema\/person\/fc1e5d578f4b62ba1cf7ac2bba1170a0","name":"Redacci\u00f3n Aeronoticias","url":"https:\/\/aeronoticias.com.pe\/noticiero\/author\/piloto\/"}]}},"_links":{"self":[{"href":"https:\/\/aeronoticias.com.pe\/noticiero\/wp-json\/wp\/v2\/posts\/59060","targetHints":{"allow":["GET"]}}],"collection":[{"href":"https:\/\/aeronoticias.com.pe\/noticiero\/wp-json\/wp\/v2\/posts"}],"about":[{"href":"https:\/\/aeronoticias.com.pe\/noticiero\/wp-json\/wp\/v2\/types\/post"}],"author":[{"embeddable":true,"href":"https:\/\/aeronoticias.com.pe\/noticiero\/wp-json\/wp\/v2\/users\/1"}],"replies":[{"embeddable":true,"href":"https:\/\/aeronoticias.com.pe\/noticiero\/wp-json\/wp\/v2\/comments?post=59060"}],"version-history":[{"count":0,"href":"https:\/\/aeronoticias.com.pe\/noticiero\/wp-json\/wp\/v2\/posts\/59060\/revisions"}],"wp:featuredmedia":[{"embeddable":true,"href":"https:\/\/aeronoticias.com.pe\/noticiero\/wp-json\/wp\/v2\/media\/65502"}],"wp:attachment":[{"href":"https:\/\/aeronoticias.com.pe\/noticiero\/wp-json\/wp\/v2\/media?parent=59060"}],"wp:term":[{"taxonomy":"category","embeddable":true,"href":"https:\/\/aeronoticias.com.pe\/noticiero\/wp-json\/wp\/v2\/categories?post=59060"},{"taxonomy":"post_tag","embeddable":true,"href":"https:\/\/aeronoticias.com.pe\/noticiero\/wp-json\/wp\/v2\/tags?post=59060"}],"curies":[{"name":"wp","href":"https:\/\/api.w.org\/{rel}","templated":true}]}}