{"id":59062,"date":"2019-11-21T16:15:27","date_gmt":"2019-11-21T16:15:27","guid":{"rendered":"http:\/\/desarrollo.mcvicious.com\/aero2020\/2019\/11\/21\/aeromexico-pide-un-informe-al-piloto-que-defendio-el-naim-en-un-vuelo-de-amlo\/"},"modified":"2020-11-15T23:01:33","modified_gmt":"2020-11-16T04:01:33","slug":"aeromexico-pide-un-informe-al-piloto-que-defendio-el-naim-en-un-vuelo-de-amlo","status":"publish","type":"post","link":"https:\/\/aeronoticias.com.pe\/noticiero\/transporte-aereo\/internacional\/aeromexico-pide-un-informe-al-piloto-que-defendio-el-naim-en-un-vuelo-de-amlo\/","title":{"rendered":"Aerom\u00e9xico pide un informe al piloto que defendi\u00f3 el NAIM en un vuelo de AMLO"},"content":{"rendered":"\n<p class=\"p1\">Aerom\u00e9xico inform\u00f3 este mi\u00e9rcoles que pidi\u00f3 explicaciones a su piloto Rafael Bolio, quien el pasado 8 de noviembre, en un vuelo en el que viajaba el presidente Andr\u00e9s Manuel L\u00f3pez Obrador, defendi\u00f3 ante el mandatario el proyecto del Nuevo Aeropuerto Internacional de M\u00e9xico (NAIM), cancelado en 2018 por la administraci\u00f3n lopezobradorista.<\/p>\n\n\n\n<p class=\"p1\">Ese d\u00eda, antes de que despegara el avi\u00f3n con rumbo a M\u00e9rida, Yucat\u00e1n, Bolio habl\u00f3 desde la cabina y, seg\u00fan videos difundidos en redes sociales, dijo: \u201c(Damos) una bienvenida especial a nuestro se\u00f1or presidente, que nos acompa\u00f1a el d\u00eda de hoy.<\/p>\n\n\n\n<p class=\"p1\">Esperamos que se sienta a gusto, que disfrute el vuelo. Ojal\u00e1 lo podamos convencer de hacer el aeropuerto en Texcoco. Si no es posible, pues ni modo\u201d.<\/p>\n\n\n\n<p class=\"p1\">Las palabras de Bolio se viralizaron en los d\u00edas siguientes y generaron reacciones encontradas: algunas en defensa del piloto, otras en su contra.<\/p>\n\n\n\n<p class=\"p1\">Este mi\u00e9rcoles, la empresa inform\u00f3 que Bolio emiti\u00f3 \u201copiniones personales\u201d en ese vuelo y, por ello, le pidi\u00f3 un reporte.<\/p>\n\n\n\n<p class=\"p1\">\u201cEl capit\u00e1n desempe\u00f1a el d\u00eda de hoy sus labores con normalidad en la aerol\u00ednea. Se le solicit\u00f3 un informe detallado \u00fanico y exclusivamente como parte de los procedimientos establecidos en el reglamento interior de trabajo.<\/p>\n\n\n\n<p class=\"p1\">Aerom\u00e9xico reitera que es una empresa que se rige con base a un C\u00f3digo de Conducta y a los protocolos establecidos tanto por la autoridad regulatoria como por su normatividad interna\u201d, se\u00f1al\u00f3 en un comunicado de prensa.<\/p>\n\n\n\n<p class=\"p1\">Desde su campa\u00f1a presidencial y el arranque de su sexenio, el presidente L\u00f3pez Obrador se ha caracterizado por no utilizar aeronaves oficiales sino trasladarse en vuelos comerciales.<\/p>\n\n\n\n<p class=\"p1\">La cancelaci\u00f3n del NAIM, una obra iniciada en el sexenio de Enrique Pe\u00f1a Nieto (2012-2018), ha sido una de las decisiones m\u00e1s controvertidas de L\u00f3pez Obrador. El mandatario defiende la determinaci\u00f3n bajo los argumentos de que poner un alto al proyecto representar\u00e1 un ahorro para el pa\u00eds y de que ampliar la base a\u00e9rea de Santa Luc\u00eda es una alternativa mejor.<\/p>\n\n\n\n<p class=\"p1\">Fuente: <span style=\"text-decoration: underline;\"><em><strong>Expansi\u00f3n<\/strong><\/em><\/span>.<\/p>\n","protected":false},"excerpt":{"rendered":"<p>Aerom\u00e9xico inform\u00f3 este mi\u00e9rcoles que pidi\u00f3 explicaciones a su piloto Rafael Bolio, quien el pasado 8 de noviembre, en un vuelo en el que viajaba el presidente Andr\u00e9s Manuel L\u00f3pez Obrador, defendi\u00f3 ante el mandatario el proyecto del Nuevo Aeropuerto Internacional de M\u00e9xico (NAIM), cancelado en 2018 por la administraci\u00f3n lopezobradorista. Ese d\u00eda, antes de [&hellip;]<\/p>\n","protected":false},"author":1,"featured_media":65542,"comment_status":"open","ping_status":"open","sticky":false,"template":"","format":"standard","meta":{"tdm_status":"","tdm_grid_status":"","footnotes":""},"categories":[32,11],"tags":[224,842,841],"class_list":{"0":"post-59062","1":"post","2":"type-post","3":"status-publish","4":"format-standard","5":"has-post-thumbnail","7":"category-internacional","8":"category-transporte-aereo","9":"tag-aeromexico","10":"tag-amlo","11":"tag-naim"},"yoast_head":"<!-- This site is optimized with the Yoast SEO plugin v25.1 - https:\/\/yoast.com\/wordpress\/plugins\/seo\/ -->\n<title>Aerom\u00e9xico pide un informe al piloto que defendi\u00f3 el NAIM en un vuelo de AMLO<\/title>\n<meta name=\"description\" content=\"Portal de noticias del Per\u00fa sobre el transporte a\u00e9reo, aviaci\u00f3n, turismo, hoteleria, actualidad.\" \/>\n<meta name=\"robots\" content=\"index, follow, max-snippet:-1, max-image-preview:large, max-video-preview:-1\" \/>\n<link rel=\"canonical\" href=\"https:\/\/aeronoticias.com.pe\/noticiero\/transporte-aereo\/internacional\/aeromexico-pide-un-informe-al-piloto-que-defendio-el-naim-en-un-vuelo-de-amlo\/\" \/>\n<meta property=\"og:locale\" content=\"es_ES\" \/>\n<meta property=\"og:type\" content=\"article\" \/>\n<meta property=\"og:title\" content=\"Aerom\u00e9xico pide un informe al piloto que defendi\u00f3 el NAIM en un vuelo de AMLO\" \/>\n<meta property=\"og:description\" content=\"Portal de noticias del Per\u00fa sobre el transporte a\u00e9reo, aviaci\u00f3n, turismo, hoteleria, actualidad.\" \/>\n<meta property=\"og:url\" content=\"https:\/\/aeronoticias.com.pe\/noticiero\/transporte-aereo\/internacional\/aeromexico-pide-un-informe-al-piloto-que-defendio-el-naim-en-un-vuelo-de-amlo\/\" \/>\n<meta property=\"og:site_name\" content=\"Aeronoticias.com.pe\" \/>\n<meta property=\"article:publisher\" content=\"https:\/\/www.facebook.com\/Aeronoticias.com.pe\/\" \/>\n<meta property=\"article:published_time\" content=\"2019-11-21T16:15:27+00:00\" \/>\n<meta property=\"article:modified_time\" content=\"2020-11-16T04:01:33+00:00\" \/>\n<meta property=\"og:image\" content=\"https:\/\/aeronoticias.com.pe\/noticiero\/wp-content\/uploads\/2019\/11\/piloto.jpg\" \/>\n\t<meta property=\"og:image:width\" content=\"720\" \/>\n\t<meta property=\"og:image:height\" content=\"400\" \/>\n\t<meta property=\"og:image:type\" content=\"image\/jpeg\" \/>\n<meta name=\"author\" content=\"Redacci\u00f3n Aeronoticias\" \/>\n<meta name=\"twitter:card\" content=\"summary_large_image\" \/>\n<meta name=\"twitter:creator\" content=\"@aeronoticias\" \/>\n<meta name=\"twitter:site\" content=\"@aeronoticias\" \/>\n<meta name=\"twitter:label1\" content=\"Escrito por\" \/>\n\t<meta name=\"twitter:data1\" content=\"Redacci\u00f3n Aeronoticias\" \/>\n\t<meta name=\"twitter:label2\" content=\"Tiempo de lectura\" \/>\n\t<meta name=\"twitter:data2\" content=\"2 minutos\" \/>\n<script type=\"application\/ld+json\" class=\"yoast-schema-graph\">{\"@context\":\"https:\/\/schema.org\",\"@graph\":[{\"@type\":\"WebPage\",\"@id\":\"https:\/\/aeronoticias.com.pe\/noticiero\/transporte-aereo\/internacional\/aeromexico-pide-un-informe-al-piloto-que-defendio-el-naim-en-un-vuelo-de-amlo\/\",\"url\":\"https:\/\/aeronoticias.com.pe\/noticiero\/transporte-aereo\/internacional\/aeromexico-pide-un-informe-al-piloto-que-defendio-el-naim-en-un-vuelo-de-amlo\/\",\"name\":\"Aerom\u00e9xico pide un informe al piloto que defendi\u00f3 el NAIM en un vuelo de AMLO\",\"isPartOf\":{\"@id\":\"https:\/\/aeronoticias.com.pe\/noticiero\/#website\"},\"primaryImageOfPage\":{\"@id\":\"https:\/\/aeronoticias.com.pe\/noticiero\/transporte-aereo\/internacional\/aeromexico-pide-un-informe-al-piloto-que-defendio-el-naim-en-un-vuelo-de-amlo\/#primaryimage\"},\"image\":{\"@id\":\"https:\/\/aeronoticias.com.pe\/noticiero\/transporte-aereo\/internacional\/aeromexico-pide-un-informe-al-piloto-que-defendio-el-naim-en-un-vuelo-de-amlo\/#primaryimage\"},\"thumbnailUrl\":\"https:\/\/aeronoticias.com.pe\/noticiero\/wp-content\/uploads\/2019\/11\/piloto.jpg\",\"datePublished\":\"2019-11-21T16:15:27+00:00\",\"dateModified\":\"2020-11-16T04:01:33+00:00\",\"author\":{\"@id\":\"https:\/\/aeronoticias.com.pe\/noticiero\/#\/schema\/person\/fc1e5d578f4b62ba1cf7ac2bba1170a0\"},\"description\":\"Portal de noticias del Per\u00fa sobre el transporte a\u00e9reo, aviaci\u00f3n, turismo, hoteleria, actualidad.\",\"breadcrumb\":{\"@id\":\"https:\/\/aeronoticias.com.pe\/noticiero\/transporte-aereo\/internacional\/aeromexico-pide-un-informe-al-piloto-que-defendio-el-naim-en-un-vuelo-de-amlo\/#breadcrumb\"},\"inLanguage\":\"es\",\"potentialAction\":[{\"@type\":\"ReadAction\",\"target\":[\"https:\/\/aeronoticias.com.pe\/noticiero\/transporte-aereo\/internacional\/aeromexico-pide-un-informe-al-piloto-que-defendio-el-naim-en-un-vuelo-de-amlo\/\"]}]},{\"@type\":\"ImageObject\",\"inLanguage\":\"es\",\"@id\":\"https:\/\/aeronoticias.com.pe\/noticiero\/transporte-aereo\/internacional\/aeromexico-pide-un-informe-al-piloto-que-defendio-el-naim-en-un-vuelo-de-amlo\/#primaryimage\",\"url\":\"https:\/\/aeronoticias.com.pe\/noticiero\/wp-content\/uploads\/2019\/11\/piloto.jpg\",\"contentUrl\":\"https:\/\/aeronoticias.com.pe\/noticiero\/wp-content\/uploads\/2019\/11\/piloto.jpg\",\"width\":720,\"height\":400},{\"@type\":\"BreadcrumbList\",\"@id\":\"https:\/\/aeronoticias.com.pe\/noticiero\/transporte-aereo\/internacional\/aeromexico-pide-un-informe-al-piloto-que-defendio-el-naim-en-un-vuelo-de-amlo\/#breadcrumb\",\"itemListElement\":[{\"@type\":\"ListItem\",\"position\":1,\"name\":\"Portada\",\"item\":\"https:\/\/aeronoticias.com.pe\/noticiero\/\"},{\"@type\":\"ListItem\",\"position\":2,\"name\":\"Aerom\u00e9xico pide un informe al piloto que defendi\u00f3 el NAIM en un vuelo de AMLO\"}]},{\"@type\":\"WebSite\",\"@id\":\"https:\/\/aeronoticias.com.pe\/noticiero\/#website\",\"url\":\"https:\/\/aeronoticias.com.pe\/noticiero\/\",\"name\":\"Aeronoticias.com.pe\",\"description\":\"Noticias de tranporte aereo, turismo, hoteles, gastronomia, actualidad, internacional\",\"potentialAction\":[{\"@type\":\"SearchAction\",\"target\":{\"@type\":\"EntryPoint\",\"urlTemplate\":\"https:\/\/aeronoticias.com.pe\/noticiero\/?s={search_term_string}\"},\"query-input\":{\"@type\":\"PropertyValueSpecification\",\"valueRequired\":true,\"valueName\":\"search_term_string\"}}],\"inLanguage\":\"es\"},{\"@type\":\"Person\",\"@id\":\"https:\/\/aeronoticias.com.pe\/noticiero\/#\/schema\/person\/fc1e5d578f4b62ba1cf7ac2bba1170a0\",\"name\":\"Redacci\u00f3n Aeronoticias\",\"url\":\"https:\/\/aeronoticias.com.pe\/noticiero\/author\/piloto\/\"}]}<\/script>\n<!-- \/ Yoast SEO plugin. -->","yoast_head_json":{"title":"Aerom\u00e9xico pide un informe al piloto que defendi\u00f3 el NAIM en un vuelo de AMLO","description":"Portal de noticias del Per\u00fa sobre el transporte a\u00e9reo, aviaci\u00f3n, turismo, hoteleria, actualidad.","robots":{"index":"index","follow":"follow","max-snippet":"max-snippet:-1","max-image-preview":"max-image-preview:large","max-video-preview":"max-video-preview:-1"},"canonical":"https:\/\/aeronoticias.com.pe\/noticiero\/transporte-aereo\/internacional\/aeromexico-pide-un-informe-al-piloto-que-defendio-el-naim-en-un-vuelo-de-amlo\/","og_locale":"es_ES","og_type":"article","og_title":"Aerom\u00e9xico pide un informe al piloto que defendi\u00f3 el NAIM en un vuelo de AMLO","og_description":"Portal de noticias del Per\u00fa sobre el transporte a\u00e9reo, aviaci\u00f3n, turismo, hoteleria, actualidad.","og_url":"https:\/\/aeronoticias.com.pe\/noticiero\/transporte-aereo\/internacional\/aeromexico-pide-un-informe-al-piloto-que-defendio-el-naim-en-un-vuelo-de-amlo\/","og_site_name":"Aeronoticias.com.pe","article_publisher":"https:\/\/www.facebook.com\/Aeronoticias.com.pe\/","article_published_time":"2019-11-21T16:15:27+00:00","article_modified_time":"2020-11-16T04:01:33+00:00","og_image":[{"width":720,"height":400,"url":"https:\/\/aeronoticias.com.pe\/noticiero\/wp-content\/uploads\/2019\/11\/piloto.jpg","type":"image\/jpeg"}],"author":"Redacci\u00f3n Aeronoticias","twitter_card":"summary_large_image","twitter_creator":"@aeronoticias","twitter_site":"@aeronoticias","twitter_misc":{"Escrito por":"Redacci\u00f3n Aeronoticias","Tiempo de lectura":"2 minutos"},"schema":{"@context":"https:\/\/schema.org","@graph":[{"@type":"WebPage","@id":"https:\/\/aeronoticias.com.pe\/noticiero\/transporte-aereo\/internacional\/aeromexico-pide-un-informe-al-piloto-que-defendio-el-naim-en-un-vuelo-de-amlo\/","url":"https:\/\/aeronoticias.com.pe\/noticiero\/transporte-aereo\/internacional\/aeromexico-pide-un-informe-al-piloto-que-defendio-el-naim-en-un-vuelo-de-amlo\/","name":"Aerom\u00e9xico pide un informe al piloto que defendi\u00f3 el NAIM en un vuelo de AMLO","isPartOf":{"@id":"https:\/\/aeronoticias.com.pe\/noticiero\/#website"},"primaryImageOfPage":{"@id":"https:\/\/aeronoticias.com.pe\/noticiero\/transporte-aereo\/internacional\/aeromexico-pide-un-informe-al-piloto-que-defendio-el-naim-en-un-vuelo-de-amlo\/#primaryimage"},"image":{"@id":"https:\/\/aeronoticias.com.pe\/noticiero\/transporte-aereo\/internacional\/aeromexico-pide-un-informe-al-piloto-que-defendio-el-naim-en-un-vuelo-de-amlo\/#primaryimage"},"thumbnailUrl":"https:\/\/aeronoticias.com.pe\/noticiero\/wp-content\/uploads\/2019\/11\/piloto.jpg","datePublished":"2019-11-21T16:15:27+00:00","dateModified":"2020-11-16T04:01:33+00:00","author":{"@id":"https:\/\/aeronoticias.com.pe\/noticiero\/#\/schema\/person\/fc1e5d578f4b62ba1cf7ac2bba1170a0"},"description":"Portal de noticias del Per\u00fa sobre el transporte a\u00e9reo, aviaci\u00f3n, turismo, hoteleria, actualidad.","breadcrumb":{"@id":"https:\/\/aeronoticias.com.pe\/noticiero\/transporte-aereo\/internacional\/aeromexico-pide-un-informe-al-piloto-que-defendio-el-naim-en-un-vuelo-de-amlo\/#breadcrumb"},"inLanguage":"es","potentialAction":[{"@type":"ReadAction","target":["https:\/\/aeronoticias.com.pe\/noticiero\/transporte-aereo\/internacional\/aeromexico-pide-un-informe-al-piloto-que-defendio-el-naim-en-un-vuelo-de-amlo\/"]}]},{"@type":"ImageObject","inLanguage":"es","@id":"https:\/\/aeronoticias.com.pe\/noticiero\/transporte-aereo\/internacional\/aeromexico-pide-un-informe-al-piloto-que-defendio-el-naim-en-un-vuelo-de-amlo\/#primaryimage","url":"https:\/\/aeronoticias.com.pe\/noticiero\/wp-content\/uploads\/2019\/11\/piloto.jpg","contentUrl":"https:\/\/aeronoticias.com.pe\/noticiero\/wp-content\/uploads\/2019\/11\/piloto.jpg","width":720,"height":400},{"@type":"BreadcrumbList","@id":"https:\/\/aeronoticias.com.pe\/noticiero\/transporte-aereo\/internacional\/aeromexico-pide-un-informe-al-piloto-que-defendio-el-naim-en-un-vuelo-de-amlo\/#breadcrumb","itemListElement":[{"@type":"ListItem","position":1,"name":"Portada","item":"https:\/\/aeronoticias.com.pe\/noticiero\/"},{"@type":"ListItem","position":2,"name":"Aerom\u00e9xico pide un informe al piloto que defendi\u00f3 el NAIM en un vuelo de AMLO"}]},{"@type":"WebSite","@id":"https:\/\/aeronoticias.com.pe\/noticiero\/#website","url":"https:\/\/aeronoticias.com.pe\/noticiero\/","name":"Aeronoticias.com.pe","description":"Noticias de tranporte aereo, turismo, hoteles, gastronomia, actualidad, internacional","potentialAction":[{"@type":"SearchAction","target":{"@type":"EntryPoint","urlTemplate":"https:\/\/aeronoticias.com.pe\/noticiero\/?s={search_term_string}"},"query-input":{"@type":"PropertyValueSpecification","valueRequired":true,"valueName":"search_term_string"}}],"inLanguage":"es"},{"@type":"Person","@id":"https:\/\/aeronoticias.com.pe\/noticiero\/#\/schema\/person\/fc1e5d578f4b62ba1cf7ac2bba1170a0","name":"Redacci\u00f3n Aeronoticias","url":"https:\/\/aeronoticias.com.pe\/noticiero\/author\/piloto\/"}]}},"_links":{"self":[{"href":"https:\/\/aeronoticias.com.pe\/noticiero\/wp-json\/wp\/v2\/posts\/59062","targetHints":{"allow":["GET"]}}],"collection":[{"href":"https:\/\/aeronoticias.com.pe\/noticiero\/wp-json\/wp\/v2\/posts"}],"about":[{"href":"https:\/\/aeronoticias.com.pe\/noticiero\/wp-json\/wp\/v2\/types\/post"}],"author":[{"embeddable":true,"href":"https:\/\/aeronoticias.com.pe\/noticiero\/wp-json\/wp\/v2\/users\/1"}],"replies":[{"embeddable":true,"href":"https:\/\/aeronoticias.com.pe\/noticiero\/wp-json\/wp\/v2\/comments?post=59062"}],"version-history":[{"count":0,"href":"https:\/\/aeronoticias.com.pe\/noticiero\/wp-json\/wp\/v2\/posts\/59062\/revisions"}],"wp:featuredmedia":[{"embeddable":true,"href":"https:\/\/aeronoticias.com.pe\/noticiero\/wp-json\/wp\/v2\/media\/65542"}],"wp:attachment":[{"href":"https:\/\/aeronoticias.com.pe\/noticiero\/wp-json\/wp\/v2\/media?parent=59062"}],"wp:term":[{"taxonomy":"category","embeddable":true,"href":"https:\/\/aeronoticias.com.pe\/noticiero\/wp-json\/wp\/v2\/categories?post=59062"},{"taxonomy":"post_tag","embeddable":true,"href":"https:\/\/aeronoticias.com.pe\/noticiero\/wp-json\/wp\/v2\/tags?post=59062"}],"curies":[{"name":"wp","href":"https:\/\/api.w.org\/{rel}","templated":true}]}}