{"id":59064,"date":"2019-11-22T16:00:00","date_gmt":"2019-11-22T16:00:00","guid":{"rendered":"http:\/\/desarrollo.mcvicious.com\/aero2020\/2019\/11\/22\/con-peru-libre-se-creara-el-registro-de-victimas-de-accidentes-asegurados\/"},"modified":"2019-11-22T16:00:00","modified_gmt":"2019-11-22T16:00:00","slug":"con-peru-libre-se-creara-el-registro-de-victimas-de-accidentes-asegurados","status":"publish","type":"post","link":"https:\/\/aeronoticias.com.pe\/noticiero\/salud\/con-peru-libre-se-creara-el-registro-de-victimas-de-accidentes-asegurados\/","title":{"rendered":"Con PERU LIBRE se crear\u00e1 el Registro de v\u00edctimas de accidentes asegurados"},"content":{"rendered":"<p style=\"text-align: justify;\"><span style=\"font-size: 12.16px;\"><strong>(Aeronoticias)<\/strong> El candidato al Congreso de La Rep\u00fablica de Per\u00fa Libre por Lima con el N\u00b0 8, el Abogado Julian Palacin, -expres\u00f3- que de recibir el voto ciudadano del pueblo de Lima en las pr\u00f3ximas elecciones del 26 de Enero del 2020, impulsar\u00e1 el Proyecto de Ley para crear el Registro Nacional de v\u00edctimas de accidentes asegurados. <\/span><\/p>\n<p style=\"text-align: justify;\"><span style=\"font-size: 12.16px;\">A la fecha dijo el Congreso del 2011 puso en vigencia la Ley 29733 de Protecci\u00f3n de Datos Personales que en el fondo no defiende al ciudadano, lo que hace es proteger los intereses econ\u00f3micos de las grandes empresas responsables de accidentes que tienen P\u00f3lizas de Seguros y Reaseguros coberturadas para indemnizar a los herederos de sus v\u00edctimas en los accidentes laborales o por fallecimiento o da\u00f1os a terceros. <\/span><\/p>\n<p style=\"text-align: justify;\"><span style=\"font-size: 12.16px;\">M\u00e1s de 2 mil familias peruanas por a\u00f1o que pierden a sus padres o madres de familia en un accidente minero, petrolero, de gas, etc. se convierten en una estad\u00edstica en OSINERGMIN, por citar un ejemplo, y como son personas sin recursos econ\u00f3micos para financiar una defensa legal oportuna, nuca reclaman indemnizaci\u00f3n y pierden sus derechos para toda la vida, luego de 2 a\u00f1os del accidente por responsabilidad extracontractual y de acuerdo\u00a0 al C\u00f3digo Civil. <\/span><\/p>\n<p style=\"text-align: justify;\"><span style=\"font-size: 12.16px;\">Creo que en los \u00faltimos 20 a\u00f1os m\u00e1s de 40 mil afectados no han recibido indemnizaci\u00f3n porque no conocen sus derechos, nadie los ayuda, el Ministerio de Justicia los tiene abandonados y no obstante que muchas veces estos accidentes ha tenido cobertura de P\u00f3lizas de Seguros por no tener defensa legal han perdido su indemnizaci\u00f3n. <\/span><\/p>\n<p style=\"text-align: justify;\"><span style=\"font-size: 12.16px;\">Nosotros desde PERU LIBRE propondremos un proyecto de ley que cree el Registro de V\u00edctimas de accidentes de asegurados por P\u00f3lizas y se registrar\u00e1 a todos los Estudios Jur\u00eddicos y Abogados del pa\u00eds que quieran asumir las defensas de estas personas sin cobrarle honorarios ni gastos en sus reclamos y con pacto de cuota Litis, es decir, las personas sin recursos econ\u00f3micos tendr\u00e1n la posibilidad de que sus derechos no prescriban y logren una indemnizaci\u00f3n por la muerte de un familiar trabajando para estas grandes empresas o como terceros. <\/span><\/p>\n<p style=\"text-align: justify;\"><span style=\"font-size: 12.16px;\">En la actualidad la Ley de Protecci\u00f3n de Datos Personales en el fondo beneficia a estas grandes empresas que son responsables de accidentes y nunca pagan indemnizaciones, no obstante inclusive tener p\u00f3lizas de seguros y reaseguros con coberturas econ\u00f3micas importantes para pagar estos da\u00f1os, en un caso en donde el pueblo peruano pide justicia y nosotros desde Per\u00fa Libre marcando el N\u00b0 8 lucharemos por la defensa de los ciudadanos v\u00edctimas del abandono del Estado que inclusive ha dado Leyes como la 29733 que en el fondo violan sus derechos.<\/span><\/p>\n<p style=\"text-align: justify;\"><span style=\"font-size: 12.16px;\"><img decoding=\"async\" src=\"images\/stories\/19\/11\/221119\/jpalacin-congreso1.jpg\" border=\"0\" \/><br \/><\/span><\/p>\n<p style=\"text-align: justify;\"><span style=\"font-size: 12.16px;\"><br \/><\/span><\/p>\n<p style=\"text-align: justify;\"><span style=\"font-size: 12.16px;\"><br \/><\/span><\/p>\n","protected":false},"excerpt":{"rendered":"<p>(Aeronoticias) El candidato al Congreso de La Rep\u00fablica de Per\u00fa Libre por Lima con el N\u00b0 8, el Abogado Julian Palacin, -expres\u00f3- que de recibir el voto ciudadano del pueblo de Lima en las pr\u00f3ximas elecciones del 26 de Enero del 2020, impulsar\u00e1 el Proyecto de Ley para crear el Registro Nacional de v\u00edctimas de [&hellip;]<\/p>\n","protected":false},"author":1,"featured_media":0,"comment_status":"open","ping_status":"open","sticky":false,"template":"","format":"standard","meta":{"tdm_status":"","tdm_grid_status":"","footnotes":""},"categories":[37],"tags":[],"class_list":{"0":"post-59064","1":"post","2":"type-post","3":"status-publish","4":"format-standard","6":"category-salud"},"yoast_head":"<!-- This site is optimized with the Yoast SEO plugin v25.1 - https:\/\/yoast.com\/wordpress\/plugins\/seo\/ -->\n<title>Con PERU LIBRE se crear\u00e1 el Registro de v\u00edctimas de accidentes asegurados<\/title>\n<meta name=\"description\" content=\"Portal de noticias del Per\u00fa sobre el transporte a\u00e9reo, aviaci\u00f3n, turismo, hoteleria, actualidad.\" \/>\n<meta name=\"robots\" content=\"index, follow, max-snippet:-1, max-image-preview:large, max-video-preview:-1\" \/>\n<link rel=\"canonical\" href=\"https:\/\/aeronoticias.com.pe\/noticiero\/salud\/con-peru-libre-se-creara-el-registro-de-victimas-de-accidentes-asegurados\/\" \/>\n<meta property=\"og:locale\" content=\"es_ES\" \/>\n<meta property=\"og:type\" content=\"article\" \/>\n<meta property=\"og:title\" content=\"Con PERU LIBRE se crear\u00e1 el Registro de v\u00edctimas de accidentes asegurados\" \/>\n<meta property=\"og:description\" content=\"Portal de noticias del Per\u00fa sobre el transporte a\u00e9reo, aviaci\u00f3n, turismo, hoteleria, actualidad.\" \/>\n<meta property=\"og:url\" content=\"https:\/\/aeronoticias.com.pe\/noticiero\/salud\/con-peru-libre-se-creara-el-registro-de-victimas-de-accidentes-asegurados\/\" \/>\n<meta property=\"og:site_name\" content=\"Aeronoticias.com.pe\" \/>\n<meta property=\"article:publisher\" content=\"https:\/\/www.facebook.com\/Aeronoticias.com.pe\/\" \/>\n<meta property=\"article:published_time\" content=\"2019-11-22T16:00:00+00:00\" \/>\n<meta name=\"author\" content=\"Redacci\u00f3n Aeronoticias\" \/>\n<meta name=\"twitter:card\" content=\"summary_large_image\" \/>\n<meta name=\"twitter:creator\" content=\"@aeronoticias\" \/>\n<meta name=\"twitter:site\" content=\"@aeronoticias\" \/>\n<meta name=\"twitter:label1\" content=\"Escrito por\" \/>\n\t<meta name=\"twitter:data1\" content=\"Redacci\u00f3n Aeronoticias\" \/>\n\t<meta name=\"twitter:label2\" content=\"Tiempo de lectura\" \/>\n\t<meta name=\"twitter:data2\" content=\"2 minutos\" \/>\n<script type=\"application\/ld+json\" class=\"yoast-schema-graph\">{\"@context\":\"https:\/\/schema.org\",\"@graph\":[{\"@type\":\"WebPage\",\"@id\":\"https:\/\/aeronoticias.com.pe\/noticiero\/salud\/con-peru-libre-se-creara-el-registro-de-victimas-de-accidentes-asegurados\/\",\"url\":\"https:\/\/aeronoticias.com.pe\/noticiero\/salud\/con-peru-libre-se-creara-el-registro-de-victimas-de-accidentes-asegurados\/\",\"name\":\"Con PERU LIBRE se crear\u00e1 el Registro de v\u00edctimas de accidentes asegurados\",\"isPartOf\":{\"@id\":\"https:\/\/aeronoticias.com.pe\/noticiero\/#website\"},\"datePublished\":\"2019-11-22T16:00:00+00:00\",\"author\":{\"@id\":\"https:\/\/aeronoticias.com.pe\/noticiero\/#\/schema\/person\/fc1e5d578f4b62ba1cf7ac2bba1170a0\"},\"description\":\"Portal de noticias del Per\u00fa sobre el transporte a\u00e9reo, aviaci\u00f3n, turismo, hoteleria, actualidad.\",\"breadcrumb\":{\"@id\":\"https:\/\/aeronoticias.com.pe\/noticiero\/salud\/con-peru-libre-se-creara-el-registro-de-victimas-de-accidentes-asegurados\/#breadcrumb\"},\"inLanguage\":\"es\",\"potentialAction\":[{\"@type\":\"ReadAction\",\"target\":[\"https:\/\/aeronoticias.com.pe\/noticiero\/salud\/con-peru-libre-se-creara-el-registro-de-victimas-de-accidentes-asegurados\/\"]}]},{\"@type\":\"BreadcrumbList\",\"@id\":\"https:\/\/aeronoticias.com.pe\/noticiero\/salud\/con-peru-libre-se-creara-el-registro-de-victimas-de-accidentes-asegurados\/#breadcrumb\",\"itemListElement\":[{\"@type\":\"ListItem\",\"position\":1,\"name\":\"Portada\",\"item\":\"https:\/\/aeronoticias.com.pe\/noticiero\/\"},{\"@type\":\"ListItem\",\"position\":2,\"name\":\"Con PERU LIBRE se crear\u00e1 el Registro de v\u00edctimas de accidentes asegurados\"}]},{\"@type\":\"WebSite\",\"@id\":\"https:\/\/aeronoticias.com.pe\/noticiero\/#website\",\"url\":\"https:\/\/aeronoticias.com.pe\/noticiero\/\",\"name\":\"Aeronoticias.com.pe\",\"description\":\"Noticias de tranporte aereo, turismo, hoteles, gastronomia, actualidad, internacional\",\"potentialAction\":[{\"@type\":\"SearchAction\",\"target\":{\"@type\":\"EntryPoint\",\"urlTemplate\":\"https:\/\/aeronoticias.com.pe\/noticiero\/?s={search_term_string}\"},\"query-input\":{\"@type\":\"PropertyValueSpecification\",\"valueRequired\":true,\"valueName\":\"search_term_string\"}}],\"inLanguage\":\"es\"},{\"@type\":\"Person\",\"@id\":\"https:\/\/aeronoticias.com.pe\/noticiero\/#\/schema\/person\/fc1e5d578f4b62ba1cf7ac2bba1170a0\",\"name\":\"Redacci\u00f3n Aeronoticias\",\"url\":\"https:\/\/aeronoticias.com.pe\/noticiero\/author\/piloto\/\"}]}<\/script>\n<!-- \/ Yoast SEO plugin. -->","yoast_head_json":{"title":"Con PERU LIBRE se crear\u00e1 el Registro de v\u00edctimas de accidentes asegurados","description":"Portal de noticias del Per\u00fa sobre el transporte a\u00e9reo, aviaci\u00f3n, turismo, hoteleria, actualidad.","robots":{"index":"index","follow":"follow","max-snippet":"max-snippet:-1","max-image-preview":"max-image-preview:large","max-video-preview":"max-video-preview:-1"},"canonical":"https:\/\/aeronoticias.com.pe\/noticiero\/salud\/con-peru-libre-se-creara-el-registro-de-victimas-de-accidentes-asegurados\/","og_locale":"es_ES","og_type":"article","og_title":"Con PERU LIBRE se crear\u00e1 el Registro de v\u00edctimas de accidentes asegurados","og_description":"Portal de noticias del Per\u00fa sobre el transporte a\u00e9reo, aviaci\u00f3n, turismo, hoteleria, actualidad.","og_url":"https:\/\/aeronoticias.com.pe\/noticiero\/salud\/con-peru-libre-se-creara-el-registro-de-victimas-de-accidentes-asegurados\/","og_site_name":"Aeronoticias.com.pe","article_publisher":"https:\/\/www.facebook.com\/Aeronoticias.com.pe\/","article_published_time":"2019-11-22T16:00:00+00:00","author":"Redacci\u00f3n Aeronoticias","twitter_card":"summary_large_image","twitter_creator":"@aeronoticias","twitter_site":"@aeronoticias","twitter_misc":{"Escrito por":"Redacci\u00f3n Aeronoticias","Tiempo de lectura":"2 minutos"},"schema":{"@context":"https:\/\/schema.org","@graph":[{"@type":"WebPage","@id":"https:\/\/aeronoticias.com.pe\/noticiero\/salud\/con-peru-libre-se-creara-el-registro-de-victimas-de-accidentes-asegurados\/","url":"https:\/\/aeronoticias.com.pe\/noticiero\/salud\/con-peru-libre-se-creara-el-registro-de-victimas-de-accidentes-asegurados\/","name":"Con PERU LIBRE se crear\u00e1 el Registro de v\u00edctimas de accidentes asegurados","isPartOf":{"@id":"https:\/\/aeronoticias.com.pe\/noticiero\/#website"},"datePublished":"2019-11-22T16:00:00+00:00","author":{"@id":"https:\/\/aeronoticias.com.pe\/noticiero\/#\/schema\/person\/fc1e5d578f4b62ba1cf7ac2bba1170a0"},"description":"Portal de noticias del Per\u00fa sobre el transporte a\u00e9reo, aviaci\u00f3n, turismo, hoteleria, actualidad.","breadcrumb":{"@id":"https:\/\/aeronoticias.com.pe\/noticiero\/salud\/con-peru-libre-se-creara-el-registro-de-victimas-de-accidentes-asegurados\/#breadcrumb"},"inLanguage":"es","potentialAction":[{"@type":"ReadAction","target":["https:\/\/aeronoticias.com.pe\/noticiero\/salud\/con-peru-libre-se-creara-el-registro-de-victimas-de-accidentes-asegurados\/"]}]},{"@type":"BreadcrumbList","@id":"https:\/\/aeronoticias.com.pe\/noticiero\/salud\/con-peru-libre-se-creara-el-registro-de-victimas-de-accidentes-asegurados\/#breadcrumb","itemListElement":[{"@type":"ListItem","position":1,"name":"Portada","item":"https:\/\/aeronoticias.com.pe\/noticiero\/"},{"@type":"ListItem","position":2,"name":"Con PERU LIBRE se crear\u00e1 el Registro de v\u00edctimas de accidentes asegurados"}]},{"@type":"WebSite","@id":"https:\/\/aeronoticias.com.pe\/noticiero\/#website","url":"https:\/\/aeronoticias.com.pe\/noticiero\/","name":"Aeronoticias.com.pe","description":"Noticias de tranporte aereo, turismo, hoteles, gastronomia, actualidad, internacional","potentialAction":[{"@type":"SearchAction","target":{"@type":"EntryPoint","urlTemplate":"https:\/\/aeronoticias.com.pe\/noticiero\/?s={search_term_string}"},"query-input":{"@type":"PropertyValueSpecification","valueRequired":true,"valueName":"search_term_string"}}],"inLanguage":"es"},{"@type":"Person","@id":"https:\/\/aeronoticias.com.pe\/noticiero\/#\/schema\/person\/fc1e5d578f4b62ba1cf7ac2bba1170a0","name":"Redacci\u00f3n Aeronoticias","url":"https:\/\/aeronoticias.com.pe\/noticiero\/author\/piloto\/"}]}},"_links":{"self":[{"href":"https:\/\/aeronoticias.com.pe\/noticiero\/wp-json\/wp\/v2\/posts\/59064","targetHints":{"allow":["GET"]}}],"collection":[{"href":"https:\/\/aeronoticias.com.pe\/noticiero\/wp-json\/wp\/v2\/posts"}],"about":[{"href":"https:\/\/aeronoticias.com.pe\/noticiero\/wp-json\/wp\/v2\/types\/post"}],"author":[{"embeddable":true,"href":"https:\/\/aeronoticias.com.pe\/noticiero\/wp-json\/wp\/v2\/users\/1"}],"replies":[{"embeddable":true,"href":"https:\/\/aeronoticias.com.pe\/noticiero\/wp-json\/wp\/v2\/comments?post=59064"}],"version-history":[{"count":0,"href":"https:\/\/aeronoticias.com.pe\/noticiero\/wp-json\/wp\/v2\/posts\/59064\/revisions"}],"wp:attachment":[{"href":"https:\/\/aeronoticias.com.pe\/noticiero\/wp-json\/wp\/v2\/media?parent=59064"}],"wp:term":[{"taxonomy":"category","embeddable":true,"href":"https:\/\/aeronoticias.com.pe\/noticiero\/wp-json\/wp\/v2\/categories?post=59064"},{"taxonomy":"post_tag","embeddable":true,"href":"https:\/\/aeronoticias.com.pe\/noticiero\/wp-json\/wp\/v2\/tags?post=59064"}],"curies":[{"name":"wp","href":"https:\/\/api.w.org\/{rel}","templated":true}]}}