{"id":59065,"date":"2019-11-21T20:31:02","date_gmt":"2019-11-21T20:31:02","guid":{"rendered":"http:\/\/desarrollo.mcvicious.com\/aero2020\/2019\/11\/21\/entrevista-al-joven-analista-politico-carlos-gil-vargas\/"},"modified":"2019-11-21T20:31:02","modified_gmt":"2019-11-21T20:31:02","slug":"entrevista-al-joven-analista-politico-carlos-gil-vargas","status":"publish","type":"post","link":"https:\/\/aeronoticias.com.pe\/noticiero\/mundo\/mundo-mundo-2\/entrevista-al-joven-analista-politico-carlos-gil-vargas\/","title":{"rendered":"Entrevista al joven analista pol\u00edtico Carlos Gil Vargas"},"content":{"rendered":"<p style=\"text-align: justify;\"><span style=\"font-size: 12.16px;\"><strong>(Aeronoticias) <\/strong>J<\/span><span style=\"font-size: 12.16px;\">uan Cruz Casti\u00f1eiras entrevista a e<\/span>ntrevista al joven analista pol\u00edtico Carlos Gil Vargas.<\/p>\n<p style=\"text-align: justify;\"><span style=\"font-size: 12.16px;\"><strong>\u00bfQu\u00e9 nos puede decir de las elecciones que se llevar\u00e1n a cabo en el mes de enero? <\/strong> <\/span><\/p>\n<p style=\"text-align: justify;\"><span style=\"font-size: 12.16px;\">El tiempo\u00a0 para conocer a los candidatos\u00a0 y que estos den a conocerse\u00a0 es muy corto para\u00a0 estas\u00a0 elecciones extraordinarias al congreso y m\u00e1s a\u00fan\u00a0 para\u00a0 asumir el periodo congresal de 1 a\u00f1o y 5 meses que s\u00f3lo es complementario ,no existiera el tiempo oportuno para lograr desarrollar un trabajo eficiente sobre legislar, y es preocupante\u00a0 el desconocimiento de la poblaci\u00f3n ;\u00a0 y muchos ex congresistas que gritaban a viva voz la disoluci\u00f3n se van\u00a0 a la reelecci\u00f3n, \u00bfDoble moral? ,es mucho m\u00e1s deplorable todo esto queriendo velar aquellos por inter\u00e9s personal que por los inter\u00e9s de la poblaci\u00f3n que necesita ser bien representada en el transitorio cargo que que asuman los candidatos si fueran electos congresistas.\u00a0 \u00a0 \u00a0 <br \/> <\/span><\/p>\n<p><strong>\u00bfPor qu\u00e9 est\u00e1 a favor de la vida desde la concepci\u00f3n y se opone a la ideolog\u00eda de g\u00e9nero? <\/strong><\/p>\n<p>Por que la concepci\u00f3n es el punto de partida de la vida humana y de la protecci\u00f3n jur\u00eddica en su plena y total dimensi\u00f3n, por que si no\u00a0 considerar\u00edamos ni\u00a0 defendi\u00e9ramos el derecho a la vida desde la concepci\u00f3n no tendr\u00eda sentido los dem\u00e1s derechos que garantiza y protege nuestra Constituci\u00f3n, y los dem\u00e1s derechos consecuentes .<\/p>\n<p style=\"text-align: justify;\"><span style=\"font-size: 12.16px;\">Y sobre la ideolog\u00eda de g\u00e9nero, no podemos permitir que se busque imponer una ideolog\u00eda\u00a0 llamada de g\u00e9nero que contraviene a todos los principios y valores morales dentro de la sociedad,\u00a0 por lo cual se busca tergiversar lo que realmente son los derechos humanos buscando ,tratando de confundir y camuflar derechos con los caprichos humanos que es respetable como pr\u00e1cticas personales ,el cual no comparto ni compartimos un gran sector mayoritario de la sociedad ; por lo tanto existen ciertos grupos interesados en su aprobaci\u00f3n por lo que se ha logrado aprobar en otras pa\u00edses del mundo , pero existiendo intereses oscuros camuflados, que la \u00fanica finalidad no es la protecci\u00f3n de los derechos humanos de los miembros LGTB sino otros inter\u00e9s tal vez econ\u00f3mico presuntamente por ciertos grupos de poder. El respeto siempre ante todo a todas las personas sin importar color de piel , raza , idioma, sexo o ideolog\u00eda pol\u00edtica pero no podemos permitir que se busque imponer arbitrariamente y menos que se busque camuflar intereses queriendo corromper a una sociedad siendo los m\u00e1s perjudicados los ni\u00f1os . <\/span><\/p>\n<p style=\"text-align: justify;\"><strong>\u00bfHay renovaci\u00f3n en la pol\u00edtica nacional? <\/strong><\/p>\n<p style=\"text-align: justify;\">Estamos en un proceso de renovaci\u00f3n pol\u00edtica supuestamente, a media tinta,\u00a0 por que renovaci\u00f3n pol\u00edtica no solo es de rostros como lo he se\u00f1alado anteriormente en otros medios de comunicaci\u00f3n sino tambi\u00e9n renovaci\u00f3n moral y pol\u00edtica , que tengan calidad necesaria para asumir grandes retos que demanda la pol\u00edtica peruana, por\u00a0 lo que es mi recomendaci\u00f3n a los candidatos en estas elecciones al 2020 del pr\u00f3ximo a\u00f1o que no solo debemos llevarnos por nuestros conocimientos humanos y cient\u00edficos,\u00a0 sino tambi\u00e9n actuemos con sabidur\u00eda , para lograr cumplir una labor eficiente en el cargo que asuman los futuros congresistas a pesar que este tiempo ser\u00e1 muy corto casi un a\u00f1o y cinco meses pero siempre teniendo presente que hay que trabajar dando lo\u00a0 mejor de s\u00ed para un Per\u00fa mejor; y que investiguen bien a sus candidatos antes de elegir.<\/p>\n<p style=\"text-align: justify;\"><img decoding=\"async\" src=\"images\/stories\/19\/11\/211119\/carlosgil.jpg\" border=\"0\" \/><\/p>\n","protected":false},"excerpt":{"rendered":"<p>(Aeronoticias) Juan Cruz Casti\u00f1eiras entrevista a entrevista al joven analista pol\u00edtico Carlos Gil Vargas. \u00bfQu\u00e9 nos puede decir de las elecciones que se llevar\u00e1n a cabo en el mes de enero? El tiempo\u00a0 para conocer a los candidatos\u00a0 y que estos den a conocerse\u00a0 es muy corto para\u00a0 estas\u00a0 elecciones extraordinarias al congreso y m\u00e1s [&hellip;]<\/p>\n","protected":false},"author":1,"featured_media":0,"comment_status":"open","ping_status":"open","sticky":false,"template":"","format":"standard","meta":{"tdm_status":"","tdm_grid_status":"","footnotes":""},"categories":[65],"tags":[],"class_list":{"0":"post-59065","1":"post","2":"type-post","3":"status-publish","4":"format-standard","6":"category-mundo-mundo-2"},"yoast_head":"<!-- This site is optimized with the Yoast SEO plugin v25.1 - https:\/\/yoast.com\/wordpress\/plugins\/seo\/ -->\n<title>Entrevista al joven analista pol\u00edtico Carlos Gil Vargas<\/title>\n<meta name=\"description\" content=\"Portal de noticias del Per\u00fa sobre el transporte a\u00e9reo, aviaci\u00f3n, turismo, hoteleria, actualidad.\" \/>\n<meta name=\"robots\" content=\"index, follow, max-snippet:-1, max-image-preview:large, max-video-preview:-1\" \/>\n<link rel=\"canonical\" href=\"https:\/\/aeronoticias.com.pe\/noticiero\/mundo\/mundo-mundo-2\/entrevista-al-joven-analista-politico-carlos-gil-vargas\/\" \/>\n<meta property=\"og:locale\" content=\"es_ES\" \/>\n<meta property=\"og:type\" content=\"article\" \/>\n<meta property=\"og:title\" content=\"Entrevista al joven analista pol\u00edtico Carlos Gil Vargas\" \/>\n<meta property=\"og:description\" content=\"Portal de noticias del Per\u00fa sobre el transporte a\u00e9reo, aviaci\u00f3n, turismo, hoteleria, actualidad.\" \/>\n<meta property=\"og:url\" content=\"https:\/\/aeronoticias.com.pe\/noticiero\/mundo\/mundo-mundo-2\/entrevista-al-joven-analista-politico-carlos-gil-vargas\/\" \/>\n<meta property=\"og:site_name\" content=\"Aeronoticias.com.pe\" \/>\n<meta property=\"article:publisher\" content=\"https:\/\/www.facebook.com\/Aeronoticias.com.pe\/\" \/>\n<meta property=\"article:published_time\" content=\"2019-11-21T20:31:02+00:00\" \/>\n<meta name=\"author\" content=\"Redacci\u00f3n Aeronoticias\" \/>\n<meta name=\"twitter:card\" content=\"summary_large_image\" \/>\n<meta name=\"twitter:creator\" content=\"@aeronoticias\" \/>\n<meta name=\"twitter:site\" content=\"@aeronoticias\" \/>\n<meta name=\"twitter:label1\" content=\"Escrito por\" \/>\n\t<meta name=\"twitter:data1\" content=\"Redacci\u00f3n Aeronoticias\" \/>\n\t<meta name=\"twitter:label2\" content=\"Tiempo de lectura\" \/>\n\t<meta name=\"twitter:data2\" content=\"3 minutos\" \/>\n<script type=\"application\/ld+json\" class=\"yoast-schema-graph\">{\"@context\":\"https:\/\/schema.org\",\"@graph\":[{\"@type\":\"WebPage\",\"@id\":\"https:\/\/aeronoticias.com.pe\/noticiero\/mundo\/mundo-mundo-2\/entrevista-al-joven-analista-politico-carlos-gil-vargas\/\",\"url\":\"https:\/\/aeronoticias.com.pe\/noticiero\/mundo\/mundo-mundo-2\/entrevista-al-joven-analista-politico-carlos-gil-vargas\/\",\"name\":\"Entrevista al joven analista pol\u00edtico Carlos Gil Vargas\",\"isPartOf\":{\"@id\":\"https:\/\/aeronoticias.com.pe\/noticiero\/#website\"},\"datePublished\":\"2019-11-21T20:31:02+00:00\",\"author\":{\"@id\":\"https:\/\/aeronoticias.com.pe\/noticiero\/#\/schema\/person\/fc1e5d578f4b62ba1cf7ac2bba1170a0\"},\"description\":\"Portal de noticias del Per\u00fa sobre el transporte a\u00e9reo, aviaci\u00f3n, turismo, hoteleria, actualidad.\",\"breadcrumb\":{\"@id\":\"https:\/\/aeronoticias.com.pe\/noticiero\/mundo\/mundo-mundo-2\/entrevista-al-joven-analista-politico-carlos-gil-vargas\/#breadcrumb\"},\"inLanguage\":\"es\",\"potentialAction\":[{\"@type\":\"ReadAction\",\"target\":[\"https:\/\/aeronoticias.com.pe\/noticiero\/mundo\/mundo-mundo-2\/entrevista-al-joven-analista-politico-carlos-gil-vargas\/\"]}]},{\"@type\":\"BreadcrumbList\",\"@id\":\"https:\/\/aeronoticias.com.pe\/noticiero\/mundo\/mundo-mundo-2\/entrevista-al-joven-analista-politico-carlos-gil-vargas\/#breadcrumb\",\"itemListElement\":[{\"@type\":\"ListItem\",\"position\":1,\"name\":\"Portada\",\"item\":\"https:\/\/aeronoticias.com.pe\/noticiero\/\"},{\"@type\":\"ListItem\",\"position\":2,\"name\":\"Entrevista al joven analista pol\u00edtico Carlos Gil Vargas\"}]},{\"@type\":\"WebSite\",\"@id\":\"https:\/\/aeronoticias.com.pe\/noticiero\/#website\",\"url\":\"https:\/\/aeronoticias.com.pe\/noticiero\/\",\"name\":\"Aeronoticias.com.pe\",\"description\":\"Noticias de tranporte aereo, turismo, hoteles, gastronomia, actualidad, internacional\",\"potentialAction\":[{\"@type\":\"SearchAction\",\"target\":{\"@type\":\"EntryPoint\",\"urlTemplate\":\"https:\/\/aeronoticias.com.pe\/noticiero\/?s={search_term_string}\"},\"query-input\":{\"@type\":\"PropertyValueSpecification\",\"valueRequired\":true,\"valueName\":\"search_term_string\"}}],\"inLanguage\":\"es\"},{\"@type\":\"Person\",\"@id\":\"https:\/\/aeronoticias.com.pe\/noticiero\/#\/schema\/person\/fc1e5d578f4b62ba1cf7ac2bba1170a0\",\"name\":\"Redacci\u00f3n Aeronoticias\",\"url\":\"https:\/\/aeronoticias.com.pe\/noticiero\/author\/piloto\/\"}]}<\/script>\n<!-- \/ Yoast SEO plugin. -->","yoast_head_json":{"title":"Entrevista al joven analista pol\u00edtico Carlos Gil Vargas","description":"Portal de noticias del Per\u00fa sobre el transporte a\u00e9reo, aviaci\u00f3n, turismo, hoteleria, actualidad.","robots":{"index":"index","follow":"follow","max-snippet":"max-snippet:-1","max-image-preview":"max-image-preview:large","max-video-preview":"max-video-preview:-1"},"canonical":"https:\/\/aeronoticias.com.pe\/noticiero\/mundo\/mundo-mundo-2\/entrevista-al-joven-analista-politico-carlos-gil-vargas\/","og_locale":"es_ES","og_type":"article","og_title":"Entrevista al joven analista pol\u00edtico Carlos Gil Vargas","og_description":"Portal de noticias del Per\u00fa sobre el transporte a\u00e9reo, aviaci\u00f3n, turismo, hoteleria, actualidad.","og_url":"https:\/\/aeronoticias.com.pe\/noticiero\/mundo\/mundo-mundo-2\/entrevista-al-joven-analista-politico-carlos-gil-vargas\/","og_site_name":"Aeronoticias.com.pe","article_publisher":"https:\/\/www.facebook.com\/Aeronoticias.com.pe\/","article_published_time":"2019-11-21T20:31:02+00:00","author":"Redacci\u00f3n Aeronoticias","twitter_card":"summary_large_image","twitter_creator":"@aeronoticias","twitter_site":"@aeronoticias","twitter_misc":{"Escrito por":"Redacci\u00f3n Aeronoticias","Tiempo de lectura":"3 minutos"},"schema":{"@context":"https:\/\/schema.org","@graph":[{"@type":"WebPage","@id":"https:\/\/aeronoticias.com.pe\/noticiero\/mundo\/mundo-mundo-2\/entrevista-al-joven-analista-politico-carlos-gil-vargas\/","url":"https:\/\/aeronoticias.com.pe\/noticiero\/mundo\/mundo-mundo-2\/entrevista-al-joven-analista-politico-carlos-gil-vargas\/","name":"Entrevista al joven analista pol\u00edtico Carlos Gil Vargas","isPartOf":{"@id":"https:\/\/aeronoticias.com.pe\/noticiero\/#website"},"datePublished":"2019-11-21T20:31:02+00:00","author":{"@id":"https:\/\/aeronoticias.com.pe\/noticiero\/#\/schema\/person\/fc1e5d578f4b62ba1cf7ac2bba1170a0"},"description":"Portal de noticias del Per\u00fa sobre el transporte a\u00e9reo, aviaci\u00f3n, turismo, hoteleria, actualidad.","breadcrumb":{"@id":"https:\/\/aeronoticias.com.pe\/noticiero\/mundo\/mundo-mundo-2\/entrevista-al-joven-analista-politico-carlos-gil-vargas\/#breadcrumb"},"inLanguage":"es","potentialAction":[{"@type":"ReadAction","target":["https:\/\/aeronoticias.com.pe\/noticiero\/mundo\/mundo-mundo-2\/entrevista-al-joven-analista-politico-carlos-gil-vargas\/"]}]},{"@type":"BreadcrumbList","@id":"https:\/\/aeronoticias.com.pe\/noticiero\/mundo\/mundo-mundo-2\/entrevista-al-joven-analista-politico-carlos-gil-vargas\/#breadcrumb","itemListElement":[{"@type":"ListItem","position":1,"name":"Portada","item":"https:\/\/aeronoticias.com.pe\/noticiero\/"},{"@type":"ListItem","position":2,"name":"Entrevista al joven analista pol\u00edtico Carlos Gil Vargas"}]},{"@type":"WebSite","@id":"https:\/\/aeronoticias.com.pe\/noticiero\/#website","url":"https:\/\/aeronoticias.com.pe\/noticiero\/","name":"Aeronoticias.com.pe","description":"Noticias de tranporte aereo, turismo, hoteles, gastronomia, actualidad, internacional","potentialAction":[{"@type":"SearchAction","target":{"@type":"EntryPoint","urlTemplate":"https:\/\/aeronoticias.com.pe\/noticiero\/?s={search_term_string}"},"query-input":{"@type":"PropertyValueSpecification","valueRequired":true,"valueName":"search_term_string"}}],"inLanguage":"es"},{"@type":"Person","@id":"https:\/\/aeronoticias.com.pe\/noticiero\/#\/schema\/person\/fc1e5d578f4b62ba1cf7ac2bba1170a0","name":"Redacci\u00f3n Aeronoticias","url":"https:\/\/aeronoticias.com.pe\/noticiero\/author\/piloto\/"}]}},"_links":{"self":[{"href":"https:\/\/aeronoticias.com.pe\/noticiero\/wp-json\/wp\/v2\/posts\/59065","targetHints":{"allow":["GET"]}}],"collection":[{"href":"https:\/\/aeronoticias.com.pe\/noticiero\/wp-json\/wp\/v2\/posts"}],"about":[{"href":"https:\/\/aeronoticias.com.pe\/noticiero\/wp-json\/wp\/v2\/types\/post"}],"author":[{"embeddable":true,"href":"https:\/\/aeronoticias.com.pe\/noticiero\/wp-json\/wp\/v2\/users\/1"}],"replies":[{"embeddable":true,"href":"https:\/\/aeronoticias.com.pe\/noticiero\/wp-json\/wp\/v2\/comments?post=59065"}],"version-history":[{"count":0,"href":"https:\/\/aeronoticias.com.pe\/noticiero\/wp-json\/wp\/v2\/posts\/59065\/revisions"}],"wp:attachment":[{"href":"https:\/\/aeronoticias.com.pe\/noticiero\/wp-json\/wp\/v2\/media?parent=59065"}],"wp:term":[{"taxonomy":"category","embeddable":true,"href":"https:\/\/aeronoticias.com.pe\/noticiero\/wp-json\/wp\/v2\/categories?post=59065"},{"taxonomy":"post_tag","embeddable":true,"href":"https:\/\/aeronoticias.com.pe\/noticiero\/wp-json\/wp\/v2\/tags?post=59065"}],"curies":[{"name":"wp","href":"https:\/\/api.w.org\/{rel}","templated":true}]}}