{"id":59087,"date":"2019-11-29T15:11:35","date_gmt":"2019-11-29T15:11:35","guid":{"rendered":"http:\/\/desarrollo.mcvicious.com\/aero2020\/2019\/11\/29\/aeromexico-colabora-en-limpieza-de-playas-quintanarroenses\/"},"modified":"2019-11-29T15:11:35","modified_gmt":"2019-11-29T15:11:35","slug":"aeromexico-colabora-en-limpieza-de-playas-quintanarroenses","status":"publish","type":"post","link":"https:\/\/aeronoticias.com.pe\/noticiero\/internacionales\/aeromexico-colabora-en-limpieza-de-playas-quintanarroenses\/","title":{"rendered":"Aerom\u00e9xico colabora en limpieza de playas quintanarroenses"},"content":{"rendered":"<p style=\"text-align: justify;\"><strong>(Aeronoticias)<\/strong>.-\u00a0<span style=\"color: #454545; font-family: Helvetica; font-size: 12px;\">Aerom\u00e9xico realiz\u00f3 un trabajo de voluntariado en la playa <\/span><span style=\"color: #454545; font-family: Helvetica; font-size: 12px;\">Xcacel-Xcacelito, en Canc\u00fan<\/span><span style=\"color: #454545; font-family: Helvetica; font-size: 12px;\">, Quintana Roo, actividad que forma parte de las <\/span><span style=\"color: #454545; font-family: Helvetica; font-size: 12px;\">acciones prosustentables de su programa Vuela Verde.<\/span><\/p>\n<p class=\"p1\" style=\"text-align: justify;\">De acuerdo con la aerol\u00ednea, este acto se realiz\u00f3 por primera vez en una playa mexicana\u00a0<strong>limpiando 146 kilogramos de micropl\u00e1sticos <\/strong>(en colaboraci\u00f3n con Reforestamos M\u00e9xico y City Express Canc\u00fan); al igual que sus otras actividades, buscan impulsar distintas iniciativas orientadas a proteger el medio ambiente y compensar el impacto sobre el mismo.<\/p>\n<p class=\"p1\" style=\"text-align: justify;\">\u201cEn<strong> 2050 podr\u00eda haber m\u00e1s pl\u00e1stico que peces en los mares<\/strong> y el 99% de las aves marinas podr\u00edan haber ingerido estos residuos, de acuerdo con los c\u00e1lculos de la Organizaci\u00f3n de las Naciones Unidas (ONU)\u201d, explic\u00f3 la aerol\u00ednea en un comunicado.<\/p>\n<p class=\"p1\" style=\"text-align: justify;\"><span style=\"font-size: 12.16px;\">Por otro lado, la l\u00ednea a\u00e9rea nacional inform\u00f3 que anualmente llevan a cabo actividades de reforestaci\u00f3n en el Nevado de Toluca: en junio pasado, los voluntarios reforestaron una hect\u00e1rea con mil \u00e1rboles, equivalente a <\/span><strong style=\"font-size: 12.16px;\">eliminar 30 mil toneladas de CO2, aproximadamente.<\/strong><\/p>\n<p class=\"p1\" style=\"text-align: justify;\"><span style=\"font-size: 12.16px;\">Aerom\u00e9xico se une a diferentes transportistas que buscan minimizar las emisiones de carbono. Tal es el caso de <\/span><strong style=\"font-size: 12.16px;\">United Airlines<\/strong><span style=\"font-size: 12.16px;\">, que comprometi\u00f3 <\/span><strong style=\"font-size: 12.16px;\">40 millones de d\u00f3lares<\/strong><span style=\"font-size: 12.16px;\"> para acelerar el <\/span><strong style=\"font-size: 12.16px;\">desarrollo de combustible sostenible<\/strong><span style=\"font-size: 12.16px;\">; o <\/span><strong style=\"font-size: 12.16px;\">KLM<\/strong><span style=\"font-size: 12.16px;\">, que anunci\u00f3 que<\/span><strong style=\"font-size: 12.16px;\"> reciclar\u00e1 botellas de PET <\/strong><span style=\"font-size: 12.16px;\">(tereftalato de polietileno) acumuladas en el Aeropuerto Internacional Schiphol, \u00c1msterdam.<\/span><\/p>\n<p class=\"p1\" style=\"text-align: justify;\">En cuanto a los centros, recientemente el\u00a0<strong>Aeropuerto Internacional de Dallas Fort Worth (DFW) inici\u00f3 la primera fase para eliminar el uso de popotes de pl\u00e1stico<\/strong> en todas sus terminales.<\/p>\n<p class=\"p1\" style=\"text-align: justify;\">Fuente: <span style=\"text-decoration: underline;\"><em><strong>A21<\/strong><\/em><\/span>.<\/p>\n<p class=\"p1\" style=\"text-align: justify;\"><img decoding=\"async\" src=\"images\/stories\/aeromexaaa1111.jpg\" border=\"0\" \/><\/p>\n","protected":false},"excerpt":{"rendered":"<p>(Aeronoticias).-\u00a0Aerom\u00e9xico realiz\u00f3 un trabajo de voluntariado en la playa Xcacel-Xcacelito, en Canc\u00fan, Quintana Roo, actividad que forma parte de las acciones prosustentables de su programa Vuela Verde. De acuerdo con la aerol\u00ednea, este acto se realiz\u00f3 por primera vez en una playa mexicana\u00a0limpiando 146 kilogramos de micropl\u00e1sticos (en colaboraci\u00f3n con Reforestamos M\u00e9xico y City Express [&hellip;]<\/p>\n","protected":false},"author":1,"featured_media":0,"comment_status":"open","ping_status":"open","sticky":false,"template":"","format":"standard","meta":{"tdm_status":"","tdm_grid_status":"","footnotes":""},"categories":[34],"tags":[],"class_list":{"0":"post-59087","1":"post","2":"type-post","3":"status-publish","4":"format-standard","6":"category-internacionales"},"yoast_head":"<!-- This site is optimized with the Yoast SEO plugin v25.1 - https:\/\/yoast.com\/wordpress\/plugins\/seo\/ -->\n<title>Aerom\u00e9xico colabora en limpieza de playas quintanarroenses<\/title>\n<meta name=\"description\" content=\"Portal de noticias del Per\u00fa sobre el transporte a\u00e9reo, aviaci\u00f3n, turismo, hoteleria, actualidad.\" \/>\n<meta name=\"robots\" content=\"index, follow, max-snippet:-1, max-image-preview:large, max-video-preview:-1\" \/>\n<link rel=\"canonical\" href=\"https:\/\/aeronoticias.com.pe\/noticiero\/internacionales\/aeromexico-colabora-en-limpieza-de-playas-quintanarroenses\/\" \/>\n<meta property=\"og:locale\" content=\"es_ES\" \/>\n<meta property=\"og:type\" content=\"article\" \/>\n<meta property=\"og:title\" content=\"Aerom\u00e9xico colabora en limpieza de playas quintanarroenses\" \/>\n<meta property=\"og:description\" content=\"Portal de noticias del Per\u00fa sobre el transporte a\u00e9reo, aviaci\u00f3n, turismo, hoteleria, actualidad.\" \/>\n<meta property=\"og:url\" content=\"https:\/\/aeronoticias.com.pe\/noticiero\/internacionales\/aeromexico-colabora-en-limpieza-de-playas-quintanarroenses\/\" \/>\n<meta property=\"og:site_name\" content=\"Aeronoticias.com.pe\" \/>\n<meta property=\"article:publisher\" content=\"https:\/\/www.facebook.com\/Aeronoticias.com.pe\/\" \/>\n<meta property=\"article:published_time\" content=\"2019-11-29T15:11:35+00:00\" \/>\n<meta name=\"author\" content=\"Redacci\u00f3n Aeronoticias\" \/>\n<meta name=\"twitter:card\" content=\"summary_large_image\" \/>\n<meta name=\"twitter:creator\" content=\"@aeronoticias\" \/>\n<meta name=\"twitter:site\" content=\"@aeronoticias\" \/>\n<meta name=\"twitter:label1\" content=\"Escrito por\" \/>\n\t<meta name=\"twitter:data1\" content=\"Redacci\u00f3n Aeronoticias\" \/>\n\t<meta name=\"twitter:label2\" content=\"Tiempo de lectura\" \/>\n\t<meta name=\"twitter:data2\" content=\"1 minuto\" \/>\n<script type=\"application\/ld+json\" class=\"yoast-schema-graph\">{\"@context\":\"https:\/\/schema.org\",\"@graph\":[{\"@type\":\"WebPage\",\"@id\":\"https:\/\/aeronoticias.com.pe\/noticiero\/internacionales\/aeromexico-colabora-en-limpieza-de-playas-quintanarroenses\/\",\"url\":\"https:\/\/aeronoticias.com.pe\/noticiero\/internacionales\/aeromexico-colabora-en-limpieza-de-playas-quintanarroenses\/\",\"name\":\"Aerom\u00e9xico colabora en limpieza de playas quintanarroenses\",\"isPartOf\":{\"@id\":\"https:\/\/aeronoticias.com.pe\/noticiero\/#website\"},\"datePublished\":\"2019-11-29T15:11:35+00:00\",\"author\":{\"@id\":\"https:\/\/aeronoticias.com.pe\/noticiero\/#\/schema\/person\/fc1e5d578f4b62ba1cf7ac2bba1170a0\"},\"description\":\"Portal de noticias del Per\u00fa sobre el transporte a\u00e9reo, aviaci\u00f3n, turismo, hoteleria, actualidad.\",\"breadcrumb\":{\"@id\":\"https:\/\/aeronoticias.com.pe\/noticiero\/internacionales\/aeromexico-colabora-en-limpieza-de-playas-quintanarroenses\/#breadcrumb\"},\"inLanguage\":\"es\",\"potentialAction\":[{\"@type\":\"ReadAction\",\"target\":[\"https:\/\/aeronoticias.com.pe\/noticiero\/internacionales\/aeromexico-colabora-en-limpieza-de-playas-quintanarroenses\/\"]}]},{\"@type\":\"BreadcrumbList\",\"@id\":\"https:\/\/aeronoticias.com.pe\/noticiero\/internacionales\/aeromexico-colabora-en-limpieza-de-playas-quintanarroenses\/#breadcrumb\",\"itemListElement\":[{\"@type\":\"ListItem\",\"position\":1,\"name\":\"Portada\",\"item\":\"https:\/\/aeronoticias.com.pe\/noticiero\/\"},{\"@type\":\"ListItem\",\"position\":2,\"name\":\"Aerom\u00e9xico colabora en limpieza de playas quintanarroenses\"}]},{\"@type\":\"WebSite\",\"@id\":\"https:\/\/aeronoticias.com.pe\/noticiero\/#website\",\"url\":\"https:\/\/aeronoticias.com.pe\/noticiero\/\",\"name\":\"Aeronoticias.com.pe\",\"description\":\"Noticias de tranporte aereo, turismo, hoteles, gastronomia, actualidad, internacional\",\"potentialAction\":[{\"@type\":\"SearchAction\",\"target\":{\"@type\":\"EntryPoint\",\"urlTemplate\":\"https:\/\/aeronoticias.com.pe\/noticiero\/?s={search_term_string}\"},\"query-input\":{\"@type\":\"PropertyValueSpecification\",\"valueRequired\":true,\"valueName\":\"search_term_string\"}}],\"inLanguage\":\"es\"},{\"@type\":\"Person\",\"@id\":\"https:\/\/aeronoticias.com.pe\/noticiero\/#\/schema\/person\/fc1e5d578f4b62ba1cf7ac2bba1170a0\",\"name\":\"Redacci\u00f3n Aeronoticias\",\"url\":\"https:\/\/aeronoticias.com.pe\/noticiero\/author\/piloto\/\"}]}<\/script>\n<!-- \/ Yoast SEO plugin. -->","yoast_head_json":{"title":"Aerom\u00e9xico colabora en limpieza de playas quintanarroenses","description":"Portal de noticias del Per\u00fa sobre el transporte a\u00e9reo, aviaci\u00f3n, turismo, hoteleria, actualidad.","robots":{"index":"index","follow":"follow","max-snippet":"max-snippet:-1","max-image-preview":"max-image-preview:large","max-video-preview":"max-video-preview:-1"},"canonical":"https:\/\/aeronoticias.com.pe\/noticiero\/internacionales\/aeromexico-colabora-en-limpieza-de-playas-quintanarroenses\/","og_locale":"es_ES","og_type":"article","og_title":"Aerom\u00e9xico colabora en limpieza de playas quintanarroenses","og_description":"Portal de noticias del Per\u00fa sobre el transporte a\u00e9reo, aviaci\u00f3n, turismo, hoteleria, actualidad.","og_url":"https:\/\/aeronoticias.com.pe\/noticiero\/internacionales\/aeromexico-colabora-en-limpieza-de-playas-quintanarroenses\/","og_site_name":"Aeronoticias.com.pe","article_publisher":"https:\/\/www.facebook.com\/Aeronoticias.com.pe\/","article_published_time":"2019-11-29T15:11:35+00:00","author":"Redacci\u00f3n Aeronoticias","twitter_card":"summary_large_image","twitter_creator":"@aeronoticias","twitter_site":"@aeronoticias","twitter_misc":{"Escrito por":"Redacci\u00f3n Aeronoticias","Tiempo de lectura":"1 minuto"},"schema":{"@context":"https:\/\/schema.org","@graph":[{"@type":"WebPage","@id":"https:\/\/aeronoticias.com.pe\/noticiero\/internacionales\/aeromexico-colabora-en-limpieza-de-playas-quintanarroenses\/","url":"https:\/\/aeronoticias.com.pe\/noticiero\/internacionales\/aeromexico-colabora-en-limpieza-de-playas-quintanarroenses\/","name":"Aerom\u00e9xico colabora en limpieza de playas quintanarroenses","isPartOf":{"@id":"https:\/\/aeronoticias.com.pe\/noticiero\/#website"},"datePublished":"2019-11-29T15:11:35+00:00","author":{"@id":"https:\/\/aeronoticias.com.pe\/noticiero\/#\/schema\/person\/fc1e5d578f4b62ba1cf7ac2bba1170a0"},"description":"Portal de noticias del Per\u00fa sobre el transporte a\u00e9reo, aviaci\u00f3n, turismo, hoteleria, actualidad.","breadcrumb":{"@id":"https:\/\/aeronoticias.com.pe\/noticiero\/internacionales\/aeromexico-colabora-en-limpieza-de-playas-quintanarroenses\/#breadcrumb"},"inLanguage":"es","potentialAction":[{"@type":"ReadAction","target":["https:\/\/aeronoticias.com.pe\/noticiero\/internacionales\/aeromexico-colabora-en-limpieza-de-playas-quintanarroenses\/"]}]},{"@type":"BreadcrumbList","@id":"https:\/\/aeronoticias.com.pe\/noticiero\/internacionales\/aeromexico-colabora-en-limpieza-de-playas-quintanarroenses\/#breadcrumb","itemListElement":[{"@type":"ListItem","position":1,"name":"Portada","item":"https:\/\/aeronoticias.com.pe\/noticiero\/"},{"@type":"ListItem","position":2,"name":"Aerom\u00e9xico colabora en limpieza de playas quintanarroenses"}]},{"@type":"WebSite","@id":"https:\/\/aeronoticias.com.pe\/noticiero\/#website","url":"https:\/\/aeronoticias.com.pe\/noticiero\/","name":"Aeronoticias.com.pe","description":"Noticias de tranporte aereo, turismo, hoteles, gastronomia, actualidad, internacional","potentialAction":[{"@type":"SearchAction","target":{"@type":"EntryPoint","urlTemplate":"https:\/\/aeronoticias.com.pe\/noticiero\/?s={search_term_string}"},"query-input":{"@type":"PropertyValueSpecification","valueRequired":true,"valueName":"search_term_string"}}],"inLanguage":"es"},{"@type":"Person","@id":"https:\/\/aeronoticias.com.pe\/noticiero\/#\/schema\/person\/fc1e5d578f4b62ba1cf7ac2bba1170a0","name":"Redacci\u00f3n Aeronoticias","url":"https:\/\/aeronoticias.com.pe\/noticiero\/author\/piloto\/"}]}},"_links":{"self":[{"href":"https:\/\/aeronoticias.com.pe\/noticiero\/wp-json\/wp\/v2\/posts\/59087","targetHints":{"allow":["GET"]}}],"collection":[{"href":"https:\/\/aeronoticias.com.pe\/noticiero\/wp-json\/wp\/v2\/posts"}],"about":[{"href":"https:\/\/aeronoticias.com.pe\/noticiero\/wp-json\/wp\/v2\/types\/post"}],"author":[{"embeddable":true,"href":"https:\/\/aeronoticias.com.pe\/noticiero\/wp-json\/wp\/v2\/users\/1"}],"replies":[{"embeddable":true,"href":"https:\/\/aeronoticias.com.pe\/noticiero\/wp-json\/wp\/v2\/comments?post=59087"}],"version-history":[{"count":0,"href":"https:\/\/aeronoticias.com.pe\/noticiero\/wp-json\/wp\/v2\/posts\/59087\/revisions"}],"wp:attachment":[{"href":"https:\/\/aeronoticias.com.pe\/noticiero\/wp-json\/wp\/v2\/media?parent=59087"}],"wp:term":[{"taxonomy":"category","embeddable":true,"href":"https:\/\/aeronoticias.com.pe\/noticiero\/wp-json\/wp\/v2\/categories?post=59087"},{"taxonomy":"post_tag","embeddable":true,"href":"https:\/\/aeronoticias.com.pe\/noticiero\/wp-json\/wp\/v2\/tags?post=59087"}],"curies":[{"name":"wp","href":"https:\/\/api.w.org\/{rel}","templated":true}]}}