{"id":59199,"date":"2020-01-09T16:59:59","date_gmt":"2020-01-09T16:59:59","guid":{"rendered":"http:\/\/desarrollo.mcvicious.com\/aero2020\/2020\/01\/09\/descubre-al-gigante-aereo-que-nacio-de-la-fusion-de-british-airways-e-iberia-en-2011\/"},"modified":"2020-11-13T00:04:38","modified_gmt":"2020-11-13T05:04:38","slug":"descubre-al-gigante-aereo-que-nacio-de-la-fusion-de-british-airways-e-iberia-en-2011","status":"publish","type":"post","link":"https:\/\/aeronoticias.com.pe\/noticiero\/transporte-aereo\/internacional\/descubre-al-gigante-aereo-que-nacio-de-la-fusion-de-british-airways-e-iberia-en-2011\/","title":{"rendered":"Descubre al gigante a\u00e9reo que naci\u00f3 de la fusi\u00f3n de British Airways e Iberia en 2011"},"content":{"rendered":"\n<p class=\"p1\">International Airlines Group (IAG) ha anunciado este jueves un importante cambio de fichas en su c\u00fapula antes de que se ejecute el Brexit (salida del Reino Unido de la Uni\u00f3n Europea) el pr\u00f3ximo 31 de enero.<\/p>\n\n\n\n<p class=\"p1\">El actual consejero delegado, Willie Walsh, ha decidido retirarse, y dejar\u00e1 su puesto como consejero y m\u00e1ximo ejecutivo del holding el pr\u00f3ximo 26 de marzo; un cargo que ocupar\u00e1 el actual responsable de Iberia, el espa\u00f1ol Luis Gallego.<\/p>\n\n\n\n<p class=\"p1\">IAG se convirti\u00f3 en la sexta compa\u00f1\u00eda a\u00e9rea del mundo tras la fusi\u00f3n de British Airways y la espa\u00f1ola Iberia el 21 de enero de 2011. Despu\u00e9s de una d\u00e9cada como socios estrat\u00e9gicos y como miembros de la alianza global Oneworld, Iberia y British se fusionaron en enero de 2011 tras dos a\u00f1os de negociaciones.<\/p>\n\n\n\n<p class=\"p1\">A lo largo de los \u00faltimos a\u00f1os, el \u00abholding\u00bb ha incorporado tambi\u00e9n a Vueling y Aer Lingus y actualmente cuenta con con una flota de 466 aviones y transporta a cerca de 77,3 millones de pasajeros al a\u00f1o. Los accionistas relevantes de IAG son: Qatar Airways (9,9%), Standard Life Investment Ltd (6%) y Europacific Growth Fund (5,2%).<\/p>\n\n\n\n<p class=\"p1\">En 2018, IAG gan\u00f3 2.897 millones de euros, lo que supuso un incremento del 44,2% respecto a 2017. Los ingresos en 2017 ascendieron a la cifra de 24.406 millones de euros, un aumento del 6,7%. No obstante, el grupo a\u00e9reo ha revisado a la baja sus perspectivas de negocio para 2019 por el impacto de la huega de pilotos llevada a cabo en septiembre en British Airways. As\u00ed, IAG prev\u00e9 que su beneficio caiga en 215 millones de euros a cierre del ejercicio del a\u00f1o pasado.<\/p>\n\n\n\n<p class=\"p1\">El anuncio de la salida de Walsh se da a las puertas de que se produzca el Brexit a finales de enero y pocos meses despu\u00e9s de que el grupo anunciara la compra de Air Europa, operaci\u00f3n valorada en unos 1.000 millones de euros y que est\u00e1 previsto que se cierre en la segunda mitad del presente ejercicio.<\/p>\n\n\n\n<p class=\"p1\">Est\u00e1 previsto que la compra se cierre en la segunda mitad de 2020, una vez obtenidas las preceptivas autorizaciones por parte de la autoridades de competencia, entre otros requisitos.<\/p>\n\n\n\n<p class=\"p3\">Fuente: <span style=\"text-decoration: underline;\"><em><strong>ABC<\/strong><\/em><\/span>.<\/p>\n","protected":false},"excerpt":{"rendered":"<p>International Airlines Group (IAG) ha anunciado este jueves un importante cambio de fichas en su c\u00fapula antes de que se ejecute el Brexit (salida del Reino Unido de la Uni\u00f3n Europea) el pr\u00f3ximo 31 de enero. El actual consejero delegado, Willie Walsh, ha decidido retirarse, y dejar\u00e1 su puesto como consejero y m\u00e1ximo ejecutivo del [&hellip;]<\/p>\n","protected":false},"author":1,"featured_media":65156,"comment_status":"open","ping_status":"open","sticky":false,"template":"","format":"standard","meta":{"tdm_status":"","tdm_grid_status":"","footnotes":""},"categories":[32],"tags":[215,446,232,268,748],"class_list":{"0":"post-59199","1":"post","2":"type-post","3":"status-publish","4":"format-standard","5":"has-post-thumbnail","7":"category-internacional","8":"tag-british-airways","9":"tag-grupo-iag","10":"tag-iag","11":"tag-iberia","12":"tag-international-airlines-group"},"yoast_head":"<!-- This site is optimized with the Yoast SEO plugin v25.1 - https:\/\/yoast.com\/wordpress\/plugins\/seo\/ -->\n<title>Descubre al gigante a\u00e9reo que naci\u00f3 de la fusi\u00f3n de British Airways e Iberia en 2011<\/title>\n<meta name=\"description\" content=\"International Airlines Group (IAG) ha anunciado este jueves un importante cambio de fichas en su c\u00fapula antes de que se ejecute el Brexit (salida del Reino Unido de la Uni\u00f3n Europea) el pr\u00f3ximo 31 de enero.\" \/>\n<meta name=\"robots\" content=\"index, follow, max-snippet:-1, max-image-preview:large, max-video-preview:-1\" \/>\n<link rel=\"canonical\" href=\"https:\/\/aeronoticias.com.pe\/noticiero\/transporte-aereo\/internacional\/descubre-al-gigante-aereo-que-nacio-de-la-fusion-de-british-airways-e-iberia-en-2011\/\" \/>\n<meta property=\"og:locale\" content=\"es_ES\" \/>\n<meta property=\"og:type\" content=\"article\" \/>\n<meta property=\"og:title\" content=\"Descubre al gigante a\u00e9reo que naci\u00f3 de la fusi\u00f3n de British Airways e Iberia en 2011\" \/>\n<meta property=\"og:description\" content=\"International Airlines Group (IAG) ha anunciado este jueves un importante cambio de fichas en su c\u00fapula antes de que se ejecute el Brexit (salida del Reino Unido de la Uni\u00f3n Europea) el pr\u00f3ximo 31 de enero.\" \/>\n<meta property=\"og:url\" content=\"https:\/\/aeronoticias.com.pe\/noticiero\/transporte-aereo\/internacional\/descubre-al-gigante-aereo-que-nacio-de-la-fusion-de-british-airways-e-iberia-en-2011\/\" \/>\n<meta property=\"og:site_name\" content=\"Aeronoticias.com.pe\" \/>\n<meta property=\"article:publisher\" content=\"https:\/\/www.facebook.com\/Aeronoticias.com.pe\/\" \/>\n<meta property=\"article:published_time\" content=\"2020-01-09T16:59:59+00:00\" \/>\n<meta property=\"article:modified_time\" content=\"2020-11-13T05:04:38+00:00\" \/>\n<meta property=\"og:image\" content=\"https:\/\/aeronoticias.com.pe\/noticiero\/wp-content\/uploads\/2020\/01\/Iberia_British.jpg\" \/>\n\t<meta property=\"og:image:width\" content=\"1024\" \/>\n\t<meta property=\"og:image:height\" content=\"683\" \/>\n\t<meta property=\"og:image:type\" content=\"image\/jpeg\" \/>\n<meta name=\"author\" content=\"Redacci\u00f3n Aeronoticias\" \/>\n<meta name=\"twitter:card\" content=\"summary_large_image\" \/>\n<meta name=\"twitter:creator\" content=\"@aeronoticias\" \/>\n<meta name=\"twitter:site\" content=\"@aeronoticias\" \/>\n<meta name=\"twitter:label1\" content=\"Escrito por\" \/>\n\t<meta name=\"twitter:data1\" content=\"Redacci\u00f3n Aeronoticias\" \/>\n\t<meta name=\"twitter:label2\" content=\"Tiempo de lectura\" \/>\n\t<meta name=\"twitter:data2\" content=\"2 minutos\" \/>\n<script type=\"application\/ld+json\" class=\"yoast-schema-graph\">{\"@context\":\"https:\/\/schema.org\",\"@graph\":[{\"@type\":\"WebPage\",\"@id\":\"https:\/\/aeronoticias.com.pe\/noticiero\/transporte-aereo\/internacional\/descubre-al-gigante-aereo-que-nacio-de-la-fusion-de-british-airways-e-iberia-en-2011\/\",\"url\":\"https:\/\/aeronoticias.com.pe\/noticiero\/transporte-aereo\/internacional\/descubre-al-gigante-aereo-que-nacio-de-la-fusion-de-british-airways-e-iberia-en-2011\/\",\"name\":\"Descubre al gigante a\u00e9reo que naci\u00f3 de la fusi\u00f3n de British Airways e Iberia en 2011\",\"isPartOf\":{\"@id\":\"https:\/\/aeronoticias.com.pe\/noticiero\/#website\"},\"primaryImageOfPage\":{\"@id\":\"https:\/\/aeronoticias.com.pe\/noticiero\/transporte-aereo\/internacional\/descubre-al-gigante-aereo-que-nacio-de-la-fusion-de-british-airways-e-iberia-en-2011\/#primaryimage\"},\"image\":{\"@id\":\"https:\/\/aeronoticias.com.pe\/noticiero\/transporte-aereo\/internacional\/descubre-al-gigante-aereo-que-nacio-de-la-fusion-de-british-airways-e-iberia-en-2011\/#primaryimage\"},\"thumbnailUrl\":\"https:\/\/aeronoticias.com.pe\/noticiero\/wp-content\/uploads\/2020\/01\/Iberia_British.jpg\",\"datePublished\":\"2020-01-09T16:59:59+00:00\",\"dateModified\":\"2020-11-13T05:04:38+00:00\",\"author\":{\"@id\":\"https:\/\/aeronoticias.com.pe\/noticiero\/#\/schema\/person\/fc1e5d578f4b62ba1cf7ac2bba1170a0\"},\"description\":\"International Airlines Group (IAG) ha anunciado este jueves un importante cambio de fichas en su c\u00fapula antes de que se ejecute el Brexit (salida del Reino Unido de la Uni\u00f3n Europea) el pr\u00f3ximo 31 de enero.\",\"breadcrumb\":{\"@id\":\"https:\/\/aeronoticias.com.pe\/noticiero\/transporte-aereo\/internacional\/descubre-al-gigante-aereo-que-nacio-de-la-fusion-de-british-airways-e-iberia-en-2011\/#breadcrumb\"},\"inLanguage\":\"es\",\"potentialAction\":[{\"@type\":\"ReadAction\",\"target\":[\"https:\/\/aeronoticias.com.pe\/noticiero\/transporte-aereo\/internacional\/descubre-al-gigante-aereo-que-nacio-de-la-fusion-de-british-airways-e-iberia-en-2011\/\"]}]},{\"@type\":\"ImageObject\",\"inLanguage\":\"es\",\"@id\":\"https:\/\/aeronoticias.com.pe\/noticiero\/transporte-aereo\/internacional\/descubre-al-gigante-aereo-que-nacio-de-la-fusion-de-british-airways-e-iberia-en-2011\/#primaryimage\",\"url\":\"https:\/\/aeronoticias.com.pe\/noticiero\/wp-content\/uploads\/2020\/01\/Iberia_British.jpg\",\"contentUrl\":\"https:\/\/aeronoticias.com.pe\/noticiero\/wp-content\/uploads\/2020\/01\/Iberia_British.jpg\",\"width\":1024,\"height\":683},{\"@type\":\"BreadcrumbList\",\"@id\":\"https:\/\/aeronoticias.com.pe\/noticiero\/transporte-aereo\/internacional\/descubre-al-gigante-aereo-que-nacio-de-la-fusion-de-british-airways-e-iberia-en-2011\/#breadcrumb\",\"itemListElement\":[{\"@type\":\"ListItem\",\"position\":1,\"name\":\"Portada\",\"item\":\"https:\/\/aeronoticias.com.pe\/noticiero\/\"},{\"@type\":\"ListItem\",\"position\":2,\"name\":\"Descubre al gigante a\u00e9reo que naci\u00f3 de la fusi\u00f3n de British Airways e Iberia en 2011\"}]},{\"@type\":\"WebSite\",\"@id\":\"https:\/\/aeronoticias.com.pe\/noticiero\/#website\",\"url\":\"https:\/\/aeronoticias.com.pe\/noticiero\/\",\"name\":\"Aeronoticias.com.pe\",\"description\":\"Noticias de tranporte aereo, turismo, hoteles, gastronomia, actualidad, internacional\",\"potentialAction\":[{\"@type\":\"SearchAction\",\"target\":{\"@type\":\"EntryPoint\",\"urlTemplate\":\"https:\/\/aeronoticias.com.pe\/noticiero\/?s={search_term_string}\"},\"query-input\":{\"@type\":\"PropertyValueSpecification\",\"valueRequired\":true,\"valueName\":\"search_term_string\"}}],\"inLanguage\":\"es\"},{\"@type\":\"Person\",\"@id\":\"https:\/\/aeronoticias.com.pe\/noticiero\/#\/schema\/person\/fc1e5d578f4b62ba1cf7ac2bba1170a0\",\"name\":\"Redacci\u00f3n Aeronoticias\",\"url\":\"https:\/\/aeronoticias.com.pe\/noticiero\/author\/piloto\/\"}]}<\/script>\n<!-- \/ Yoast SEO plugin. -->","yoast_head_json":{"title":"Descubre al gigante a\u00e9reo que naci\u00f3 de la fusi\u00f3n de British Airways e Iberia en 2011","description":"International Airlines Group (IAG) ha anunciado este jueves un importante cambio de fichas en su c\u00fapula antes de que se ejecute el Brexit (salida del Reino Unido de la Uni\u00f3n Europea) el pr\u00f3ximo 31 de enero.","robots":{"index":"index","follow":"follow","max-snippet":"max-snippet:-1","max-image-preview":"max-image-preview:large","max-video-preview":"max-video-preview:-1"},"canonical":"https:\/\/aeronoticias.com.pe\/noticiero\/transporte-aereo\/internacional\/descubre-al-gigante-aereo-que-nacio-de-la-fusion-de-british-airways-e-iberia-en-2011\/","og_locale":"es_ES","og_type":"article","og_title":"Descubre al gigante a\u00e9reo que naci\u00f3 de la fusi\u00f3n de British Airways e Iberia en 2011","og_description":"International Airlines Group (IAG) ha anunciado este jueves un importante cambio de fichas en su c\u00fapula antes de que se ejecute el Brexit (salida del Reino Unido de la Uni\u00f3n Europea) el pr\u00f3ximo 31 de enero.","og_url":"https:\/\/aeronoticias.com.pe\/noticiero\/transporte-aereo\/internacional\/descubre-al-gigante-aereo-que-nacio-de-la-fusion-de-british-airways-e-iberia-en-2011\/","og_site_name":"Aeronoticias.com.pe","article_publisher":"https:\/\/www.facebook.com\/Aeronoticias.com.pe\/","article_published_time":"2020-01-09T16:59:59+00:00","article_modified_time":"2020-11-13T05:04:38+00:00","og_image":[{"width":1024,"height":683,"url":"https:\/\/aeronoticias.com.pe\/noticiero\/wp-content\/uploads\/2020\/01\/Iberia_British.jpg","type":"image\/jpeg"}],"author":"Redacci\u00f3n Aeronoticias","twitter_card":"summary_large_image","twitter_creator":"@aeronoticias","twitter_site":"@aeronoticias","twitter_misc":{"Escrito por":"Redacci\u00f3n Aeronoticias","Tiempo de lectura":"2 minutos"},"schema":{"@context":"https:\/\/schema.org","@graph":[{"@type":"WebPage","@id":"https:\/\/aeronoticias.com.pe\/noticiero\/transporte-aereo\/internacional\/descubre-al-gigante-aereo-que-nacio-de-la-fusion-de-british-airways-e-iberia-en-2011\/","url":"https:\/\/aeronoticias.com.pe\/noticiero\/transporte-aereo\/internacional\/descubre-al-gigante-aereo-que-nacio-de-la-fusion-de-british-airways-e-iberia-en-2011\/","name":"Descubre al gigante a\u00e9reo que naci\u00f3 de la fusi\u00f3n de British Airways e Iberia en 2011","isPartOf":{"@id":"https:\/\/aeronoticias.com.pe\/noticiero\/#website"},"primaryImageOfPage":{"@id":"https:\/\/aeronoticias.com.pe\/noticiero\/transporte-aereo\/internacional\/descubre-al-gigante-aereo-que-nacio-de-la-fusion-de-british-airways-e-iberia-en-2011\/#primaryimage"},"image":{"@id":"https:\/\/aeronoticias.com.pe\/noticiero\/transporte-aereo\/internacional\/descubre-al-gigante-aereo-que-nacio-de-la-fusion-de-british-airways-e-iberia-en-2011\/#primaryimage"},"thumbnailUrl":"https:\/\/aeronoticias.com.pe\/noticiero\/wp-content\/uploads\/2020\/01\/Iberia_British.jpg","datePublished":"2020-01-09T16:59:59+00:00","dateModified":"2020-11-13T05:04:38+00:00","author":{"@id":"https:\/\/aeronoticias.com.pe\/noticiero\/#\/schema\/person\/fc1e5d578f4b62ba1cf7ac2bba1170a0"},"description":"International Airlines Group (IAG) ha anunciado este jueves un importante cambio de fichas en su c\u00fapula antes de que se ejecute el Brexit (salida del Reino Unido de la Uni\u00f3n Europea) el pr\u00f3ximo 31 de enero.","breadcrumb":{"@id":"https:\/\/aeronoticias.com.pe\/noticiero\/transporte-aereo\/internacional\/descubre-al-gigante-aereo-que-nacio-de-la-fusion-de-british-airways-e-iberia-en-2011\/#breadcrumb"},"inLanguage":"es","potentialAction":[{"@type":"ReadAction","target":["https:\/\/aeronoticias.com.pe\/noticiero\/transporte-aereo\/internacional\/descubre-al-gigante-aereo-que-nacio-de-la-fusion-de-british-airways-e-iberia-en-2011\/"]}]},{"@type":"ImageObject","inLanguage":"es","@id":"https:\/\/aeronoticias.com.pe\/noticiero\/transporte-aereo\/internacional\/descubre-al-gigante-aereo-que-nacio-de-la-fusion-de-british-airways-e-iberia-en-2011\/#primaryimage","url":"https:\/\/aeronoticias.com.pe\/noticiero\/wp-content\/uploads\/2020\/01\/Iberia_British.jpg","contentUrl":"https:\/\/aeronoticias.com.pe\/noticiero\/wp-content\/uploads\/2020\/01\/Iberia_British.jpg","width":1024,"height":683},{"@type":"BreadcrumbList","@id":"https:\/\/aeronoticias.com.pe\/noticiero\/transporte-aereo\/internacional\/descubre-al-gigante-aereo-que-nacio-de-la-fusion-de-british-airways-e-iberia-en-2011\/#breadcrumb","itemListElement":[{"@type":"ListItem","position":1,"name":"Portada","item":"https:\/\/aeronoticias.com.pe\/noticiero\/"},{"@type":"ListItem","position":2,"name":"Descubre al gigante a\u00e9reo que naci\u00f3 de la fusi\u00f3n de British Airways e Iberia en 2011"}]},{"@type":"WebSite","@id":"https:\/\/aeronoticias.com.pe\/noticiero\/#website","url":"https:\/\/aeronoticias.com.pe\/noticiero\/","name":"Aeronoticias.com.pe","description":"Noticias de tranporte aereo, turismo, hoteles, gastronomia, actualidad, internacional","potentialAction":[{"@type":"SearchAction","target":{"@type":"EntryPoint","urlTemplate":"https:\/\/aeronoticias.com.pe\/noticiero\/?s={search_term_string}"},"query-input":{"@type":"PropertyValueSpecification","valueRequired":true,"valueName":"search_term_string"}}],"inLanguage":"es"},{"@type":"Person","@id":"https:\/\/aeronoticias.com.pe\/noticiero\/#\/schema\/person\/fc1e5d578f4b62ba1cf7ac2bba1170a0","name":"Redacci\u00f3n Aeronoticias","url":"https:\/\/aeronoticias.com.pe\/noticiero\/author\/piloto\/"}]}},"_links":{"self":[{"href":"https:\/\/aeronoticias.com.pe\/noticiero\/wp-json\/wp\/v2\/posts\/59199","targetHints":{"allow":["GET"]}}],"collection":[{"href":"https:\/\/aeronoticias.com.pe\/noticiero\/wp-json\/wp\/v2\/posts"}],"about":[{"href":"https:\/\/aeronoticias.com.pe\/noticiero\/wp-json\/wp\/v2\/types\/post"}],"author":[{"embeddable":true,"href":"https:\/\/aeronoticias.com.pe\/noticiero\/wp-json\/wp\/v2\/users\/1"}],"replies":[{"embeddable":true,"href":"https:\/\/aeronoticias.com.pe\/noticiero\/wp-json\/wp\/v2\/comments?post=59199"}],"version-history":[{"count":0,"href":"https:\/\/aeronoticias.com.pe\/noticiero\/wp-json\/wp\/v2\/posts\/59199\/revisions"}],"wp:featuredmedia":[{"embeddable":true,"href":"https:\/\/aeronoticias.com.pe\/noticiero\/wp-json\/wp\/v2\/media\/65156"}],"wp:attachment":[{"href":"https:\/\/aeronoticias.com.pe\/noticiero\/wp-json\/wp\/v2\/media?parent=59199"}],"wp:term":[{"taxonomy":"category","embeddable":true,"href":"https:\/\/aeronoticias.com.pe\/noticiero\/wp-json\/wp\/v2\/categories?post=59199"},{"taxonomy":"post_tag","embeddable":true,"href":"https:\/\/aeronoticias.com.pe\/noticiero\/wp-json\/wp\/v2\/tags?post=59199"}],"curies":[{"name":"wp","href":"https:\/\/api.w.org\/{rel}","templated":true}]}}