{"id":59282,"date":"2020-02-01T15:12:42","date_gmt":"2020-02-01T15:12:42","guid":{"rendered":"http:\/\/desarrollo.mcvicious.com\/aero2020\/2020\/02\/01\/un-avion-de-iran-air-se-sale-de-la-pista-al-aterrizar-en-el-aeropuerto-de-kermanshah\/"},"modified":"2020-11-11T00:08:02","modified_gmt":"2020-11-11T05:08:02","slug":"un-avion-de-iran-air-se-sale-de-la-pista-al-aterrizar-en-el-aeropuerto-de-kermanshah","status":"publish","type":"post","link":"https:\/\/aeronoticias.com.pe\/noticiero\/transporte-aereo\/internacional\/un-avion-de-iran-air-se-sale-de-la-pista-al-aterrizar-en-el-aeropuerto-de-kermanshah\/","title":{"rendered":"Un avi\u00f3n de Iran Air se sale de la pista al aterrizar en el aeropuerto de Kermanshah"},"content":{"rendered":"\n<p>La aeronave termin\u00f3 en medio de un campo cubierto de nieve. Ninguno de los 102 pasajeros ni miembros de la tripulaci\u00f3n resultaron heridos, seg\u00fan confirm\u00f3 Tasnim News.<\/p>\n\n\n\n<p class=\"p1\">Inicialmente se inform\u00f3 que el incidente fue causado por un fallo en el tren de aterrizaje. No obstante, la agencia Khabaronline News luego ha especificado que al avi\u00f3n se sali\u00f3 de la pista debido a una fuerte nevada, y no por causas t\u00e9cnicas.<\/p>\n\n\n\n<p class=\"p1\">Este es el segundo avi\u00f3n que se sale de la pista en Ir\u00e1n en menos de una semana. Un hecho similar tuvo lugar en la ciudad portuaria de Mahshahr, en el suroeste del pa\u00eds, el pasado 27 de enero.<\/p>\n\n\n\n<p class=\"p1\">Un avi\u00f3n de la aerol\u00ednea iran\u00ed Caspian Airlines se sali\u00f3 de la pista cuando realizaba su aterrizaje. El canal iran\u00ed Khabar, inform\u00f3 que el incidente ocurri\u00f3 despu\u00e9s de que explotara una de sus neum\u00e1ticos durante el aterrizaje.<\/p>\n\n\n\n<p class=\"p2\">Fuente: <span style=\"text-decoration: underline;\"><em><strong>RT<\/strong><\/em><\/span>.<\/p>\n","protected":false},"excerpt":{"rendered":"<p>La aeronave termin\u00f3 en medio de un campo cubierto de nieve. Ninguno de los 102 pasajeros ni miembros de la tripulaci\u00f3n resultaron heridos, seg\u00fan confirm\u00f3 Tasnim News. Inicialmente se inform\u00f3 que el incidente fue causado por un fallo en el tren de aterrizaje. No obstante, la agencia Khabaronline News luego ha especificado que al avi\u00f3n [&hellip;]<\/p>\n","protected":false},"author":1,"featured_media":64953,"comment_status":"open","ping_status":"open","sticky":false,"template":"","format":"standard","meta":{"tdm_status":"","tdm_grid_status":"","footnotes":""},"categories":[32,11],"tags":[645,644],"class_list":{"0":"post-59282","1":"post","2":"type-post","3":"status-publish","4":"format-standard","5":"has-post-thumbnail","7":"category-internacional","8":"category-transporte-aereo","9":"tag-aeropuerto-de-kermanshah","10":"tag-iran-air"},"yoast_head":"<!-- This site is optimized with the Yoast SEO plugin v25.1 - https:\/\/yoast.com\/wordpress\/plugins\/seo\/ -->\n<title>Un avi\u00f3n de Iran Air se sale de la pista al aterrizar en el aeropuerto de Kermanshah<\/title>\n<meta name=\"description\" content=\"La aeronave termin\u00f3 en medio de un campo cubierto de nieve. Ninguno de los 102 pasajeros ni miembros de la tripulaci\u00f3n resultaron heridos, seg\u00fan confirm\u00f3 Tasnim News.\" \/>\n<meta name=\"robots\" content=\"index, follow, max-snippet:-1, max-image-preview:large, max-video-preview:-1\" \/>\n<link rel=\"canonical\" href=\"https:\/\/aeronoticias.com.pe\/noticiero\/transporte-aereo\/internacional\/un-avion-de-iran-air-se-sale-de-la-pista-al-aterrizar-en-el-aeropuerto-de-kermanshah\/\" \/>\n<meta property=\"og:locale\" content=\"es_ES\" \/>\n<meta property=\"og:type\" content=\"article\" \/>\n<meta property=\"og:title\" content=\"Un avi\u00f3n de Iran Air se sale de la pista al aterrizar en el aeropuerto de Kermanshah\" \/>\n<meta property=\"og:description\" content=\"La aeronave termin\u00f3 en medio de un campo cubierto de nieve. Ninguno de los 102 pasajeros ni miembros de la tripulaci\u00f3n resultaron heridos, seg\u00fan confirm\u00f3 Tasnim News.\" \/>\n<meta property=\"og:url\" content=\"https:\/\/aeronoticias.com.pe\/noticiero\/transporte-aereo\/internacional\/un-avion-de-iran-air-se-sale-de-la-pista-al-aterrizar-en-el-aeropuerto-de-kermanshah\/\" \/>\n<meta property=\"og:site_name\" content=\"Aeronoticias.com.pe\" \/>\n<meta property=\"article:publisher\" content=\"https:\/\/www.facebook.com\/Aeronoticias.com.pe\/\" \/>\n<meta property=\"article:published_time\" content=\"2020-02-01T15:12:42+00:00\" \/>\n<meta property=\"article:modified_time\" content=\"2020-11-11T05:08:02+00:00\" \/>\n<meta property=\"og:image\" content=\"https:\/\/aeronoticias.com.pe\/noticiero\/wp-content\/uploads\/2020\/02\/Kermanshah.jpg\" \/>\n\t<meta property=\"og:image:width\" content=\"800\" \/>\n\t<meta property=\"og:image:height\" content=\"400\" \/>\n\t<meta property=\"og:image:type\" content=\"image\/jpeg\" \/>\n<meta name=\"author\" content=\"Redacci\u00f3n Aeronoticias\" \/>\n<meta name=\"twitter:card\" content=\"summary_large_image\" \/>\n<meta name=\"twitter:creator\" content=\"@aeronoticias\" \/>\n<meta name=\"twitter:site\" content=\"@aeronoticias\" \/>\n<meta name=\"twitter:label1\" content=\"Escrito por\" \/>\n\t<meta name=\"twitter:data1\" content=\"Redacci\u00f3n Aeronoticias\" \/>\n\t<meta name=\"twitter:label2\" content=\"Tiempo de lectura\" \/>\n\t<meta name=\"twitter:data2\" content=\"1 minuto\" \/>\n<script type=\"application\/ld+json\" class=\"yoast-schema-graph\">{\"@context\":\"https:\/\/schema.org\",\"@graph\":[{\"@type\":\"WebPage\",\"@id\":\"https:\/\/aeronoticias.com.pe\/noticiero\/transporte-aereo\/internacional\/un-avion-de-iran-air-se-sale-de-la-pista-al-aterrizar-en-el-aeropuerto-de-kermanshah\/\",\"url\":\"https:\/\/aeronoticias.com.pe\/noticiero\/transporte-aereo\/internacional\/un-avion-de-iran-air-se-sale-de-la-pista-al-aterrizar-en-el-aeropuerto-de-kermanshah\/\",\"name\":\"Un avi\u00f3n de Iran Air se sale de la pista al aterrizar en el aeropuerto de Kermanshah\",\"isPartOf\":{\"@id\":\"https:\/\/aeronoticias.com.pe\/noticiero\/#website\"},\"primaryImageOfPage\":{\"@id\":\"https:\/\/aeronoticias.com.pe\/noticiero\/transporte-aereo\/internacional\/un-avion-de-iran-air-se-sale-de-la-pista-al-aterrizar-en-el-aeropuerto-de-kermanshah\/#primaryimage\"},\"image\":{\"@id\":\"https:\/\/aeronoticias.com.pe\/noticiero\/transporte-aereo\/internacional\/un-avion-de-iran-air-se-sale-de-la-pista-al-aterrizar-en-el-aeropuerto-de-kermanshah\/#primaryimage\"},\"thumbnailUrl\":\"https:\/\/aeronoticias.com.pe\/noticiero\/wp-content\/uploads\/2020\/02\/Kermanshah.jpg\",\"datePublished\":\"2020-02-01T15:12:42+00:00\",\"dateModified\":\"2020-11-11T05:08:02+00:00\",\"author\":{\"@id\":\"https:\/\/aeronoticias.com.pe\/noticiero\/#\/schema\/person\/fc1e5d578f4b62ba1cf7ac2bba1170a0\"},\"description\":\"La aeronave termin\u00f3 en medio de un campo cubierto de nieve. Ninguno de los 102 pasajeros ni miembros de la tripulaci\u00f3n resultaron heridos, seg\u00fan confirm\u00f3 Tasnim News.\",\"breadcrumb\":{\"@id\":\"https:\/\/aeronoticias.com.pe\/noticiero\/transporte-aereo\/internacional\/un-avion-de-iran-air-se-sale-de-la-pista-al-aterrizar-en-el-aeropuerto-de-kermanshah\/#breadcrumb\"},\"inLanguage\":\"es\",\"potentialAction\":[{\"@type\":\"ReadAction\",\"target\":[\"https:\/\/aeronoticias.com.pe\/noticiero\/transporte-aereo\/internacional\/un-avion-de-iran-air-se-sale-de-la-pista-al-aterrizar-en-el-aeropuerto-de-kermanshah\/\"]}]},{\"@type\":\"ImageObject\",\"inLanguage\":\"es\",\"@id\":\"https:\/\/aeronoticias.com.pe\/noticiero\/transporte-aereo\/internacional\/un-avion-de-iran-air-se-sale-de-la-pista-al-aterrizar-en-el-aeropuerto-de-kermanshah\/#primaryimage\",\"url\":\"https:\/\/aeronoticias.com.pe\/noticiero\/wp-content\/uploads\/2020\/02\/Kermanshah.jpg\",\"contentUrl\":\"https:\/\/aeronoticias.com.pe\/noticiero\/wp-content\/uploads\/2020\/02\/Kermanshah.jpg\",\"width\":800,\"height\":400},{\"@type\":\"BreadcrumbList\",\"@id\":\"https:\/\/aeronoticias.com.pe\/noticiero\/transporte-aereo\/internacional\/un-avion-de-iran-air-se-sale-de-la-pista-al-aterrizar-en-el-aeropuerto-de-kermanshah\/#breadcrumb\",\"itemListElement\":[{\"@type\":\"ListItem\",\"position\":1,\"name\":\"Portada\",\"item\":\"https:\/\/aeronoticias.com.pe\/noticiero\/\"},{\"@type\":\"ListItem\",\"position\":2,\"name\":\"Un avi\u00f3n de Iran Air se sale de la pista al aterrizar en el aeropuerto de Kermanshah\"}]},{\"@type\":\"WebSite\",\"@id\":\"https:\/\/aeronoticias.com.pe\/noticiero\/#website\",\"url\":\"https:\/\/aeronoticias.com.pe\/noticiero\/\",\"name\":\"Aeronoticias.com.pe\",\"description\":\"Noticias de tranporte aereo, turismo, hoteles, gastronomia, actualidad, internacional\",\"potentialAction\":[{\"@type\":\"SearchAction\",\"target\":{\"@type\":\"EntryPoint\",\"urlTemplate\":\"https:\/\/aeronoticias.com.pe\/noticiero\/?s={search_term_string}\"},\"query-input\":{\"@type\":\"PropertyValueSpecification\",\"valueRequired\":true,\"valueName\":\"search_term_string\"}}],\"inLanguage\":\"es\"},{\"@type\":\"Person\",\"@id\":\"https:\/\/aeronoticias.com.pe\/noticiero\/#\/schema\/person\/fc1e5d578f4b62ba1cf7ac2bba1170a0\",\"name\":\"Redacci\u00f3n Aeronoticias\",\"url\":\"https:\/\/aeronoticias.com.pe\/noticiero\/author\/piloto\/\"}]}<\/script>\n<!-- \/ Yoast SEO plugin. -->","yoast_head_json":{"title":"Un avi\u00f3n de Iran Air se sale de la pista al aterrizar en el aeropuerto de Kermanshah","description":"La aeronave termin\u00f3 en medio de un campo cubierto de nieve. Ninguno de los 102 pasajeros ni miembros de la tripulaci\u00f3n resultaron heridos, seg\u00fan confirm\u00f3 Tasnim News.","robots":{"index":"index","follow":"follow","max-snippet":"max-snippet:-1","max-image-preview":"max-image-preview:large","max-video-preview":"max-video-preview:-1"},"canonical":"https:\/\/aeronoticias.com.pe\/noticiero\/transporte-aereo\/internacional\/un-avion-de-iran-air-se-sale-de-la-pista-al-aterrizar-en-el-aeropuerto-de-kermanshah\/","og_locale":"es_ES","og_type":"article","og_title":"Un avi\u00f3n de Iran Air se sale de la pista al aterrizar en el aeropuerto de Kermanshah","og_description":"La aeronave termin\u00f3 en medio de un campo cubierto de nieve. Ninguno de los 102 pasajeros ni miembros de la tripulaci\u00f3n resultaron heridos, seg\u00fan confirm\u00f3 Tasnim News.","og_url":"https:\/\/aeronoticias.com.pe\/noticiero\/transporte-aereo\/internacional\/un-avion-de-iran-air-se-sale-de-la-pista-al-aterrizar-en-el-aeropuerto-de-kermanshah\/","og_site_name":"Aeronoticias.com.pe","article_publisher":"https:\/\/www.facebook.com\/Aeronoticias.com.pe\/","article_published_time":"2020-02-01T15:12:42+00:00","article_modified_time":"2020-11-11T05:08:02+00:00","og_image":[{"width":800,"height":400,"url":"https:\/\/aeronoticias.com.pe\/noticiero\/wp-content\/uploads\/2020\/02\/Kermanshah.jpg","type":"image\/jpeg"}],"author":"Redacci\u00f3n Aeronoticias","twitter_card":"summary_large_image","twitter_creator":"@aeronoticias","twitter_site":"@aeronoticias","twitter_misc":{"Escrito por":"Redacci\u00f3n Aeronoticias","Tiempo de lectura":"1 minuto"},"schema":{"@context":"https:\/\/schema.org","@graph":[{"@type":"WebPage","@id":"https:\/\/aeronoticias.com.pe\/noticiero\/transporte-aereo\/internacional\/un-avion-de-iran-air-se-sale-de-la-pista-al-aterrizar-en-el-aeropuerto-de-kermanshah\/","url":"https:\/\/aeronoticias.com.pe\/noticiero\/transporte-aereo\/internacional\/un-avion-de-iran-air-se-sale-de-la-pista-al-aterrizar-en-el-aeropuerto-de-kermanshah\/","name":"Un avi\u00f3n de Iran Air se sale de la pista al aterrizar en el aeropuerto de Kermanshah","isPartOf":{"@id":"https:\/\/aeronoticias.com.pe\/noticiero\/#website"},"primaryImageOfPage":{"@id":"https:\/\/aeronoticias.com.pe\/noticiero\/transporte-aereo\/internacional\/un-avion-de-iran-air-se-sale-de-la-pista-al-aterrizar-en-el-aeropuerto-de-kermanshah\/#primaryimage"},"image":{"@id":"https:\/\/aeronoticias.com.pe\/noticiero\/transporte-aereo\/internacional\/un-avion-de-iran-air-se-sale-de-la-pista-al-aterrizar-en-el-aeropuerto-de-kermanshah\/#primaryimage"},"thumbnailUrl":"https:\/\/aeronoticias.com.pe\/noticiero\/wp-content\/uploads\/2020\/02\/Kermanshah.jpg","datePublished":"2020-02-01T15:12:42+00:00","dateModified":"2020-11-11T05:08:02+00:00","author":{"@id":"https:\/\/aeronoticias.com.pe\/noticiero\/#\/schema\/person\/fc1e5d578f4b62ba1cf7ac2bba1170a0"},"description":"La aeronave termin\u00f3 en medio de un campo cubierto de nieve. Ninguno de los 102 pasajeros ni miembros de la tripulaci\u00f3n resultaron heridos, seg\u00fan confirm\u00f3 Tasnim News.","breadcrumb":{"@id":"https:\/\/aeronoticias.com.pe\/noticiero\/transporte-aereo\/internacional\/un-avion-de-iran-air-se-sale-de-la-pista-al-aterrizar-en-el-aeropuerto-de-kermanshah\/#breadcrumb"},"inLanguage":"es","potentialAction":[{"@type":"ReadAction","target":["https:\/\/aeronoticias.com.pe\/noticiero\/transporte-aereo\/internacional\/un-avion-de-iran-air-se-sale-de-la-pista-al-aterrizar-en-el-aeropuerto-de-kermanshah\/"]}]},{"@type":"ImageObject","inLanguage":"es","@id":"https:\/\/aeronoticias.com.pe\/noticiero\/transporte-aereo\/internacional\/un-avion-de-iran-air-se-sale-de-la-pista-al-aterrizar-en-el-aeropuerto-de-kermanshah\/#primaryimage","url":"https:\/\/aeronoticias.com.pe\/noticiero\/wp-content\/uploads\/2020\/02\/Kermanshah.jpg","contentUrl":"https:\/\/aeronoticias.com.pe\/noticiero\/wp-content\/uploads\/2020\/02\/Kermanshah.jpg","width":800,"height":400},{"@type":"BreadcrumbList","@id":"https:\/\/aeronoticias.com.pe\/noticiero\/transporte-aereo\/internacional\/un-avion-de-iran-air-se-sale-de-la-pista-al-aterrizar-en-el-aeropuerto-de-kermanshah\/#breadcrumb","itemListElement":[{"@type":"ListItem","position":1,"name":"Portada","item":"https:\/\/aeronoticias.com.pe\/noticiero\/"},{"@type":"ListItem","position":2,"name":"Un avi\u00f3n de Iran Air se sale de la pista al aterrizar en el aeropuerto de Kermanshah"}]},{"@type":"WebSite","@id":"https:\/\/aeronoticias.com.pe\/noticiero\/#website","url":"https:\/\/aeronoticias.com.pe\/noticiero\/","name":"Aeronoticias.com.pe","description":"Noticias de tranporte aereo, turismo, hoteles, gastronomia, actualidad, internacional","potentialAction":[{"@type":"SearchAction","target":{"@type":"EntryPoint","urlTemplate":"https:\/\/aeronoticias.com.pe\/noticiero\/?s={search_term_string}"},"query-input":{"@type":"PropertyValueSpecification","valueRequired":true,"valueName":"search_term_string"}}],"inLanguage":"es"},{"@type":"Person","@id":"https:\/\/aeronoticias.com.pe\/noticiero\/#\/schema\/person\/fc1e5d578f4b62ba1cf7ac2bba1170a0","name":"Redacci\u00f3n Aeronoticias","url":"https:\/\/aeronoticias.com.pe\/noticiero\/author\/piloto\/"}]}},"_links":{"self":[{"href":"https:\/\/aeronoticias.com.pe\/noticiero\/wp-json\/wp\/v2\/posts\/59282","targetHints":{"allow":["GET"]}}],"collection":[{"href":"https:\/\/aeronoticias.com.pe\/noticiero\/wp-json\/wp\/v2\/posts"}],"about":[{"href":"https:\/\/aeronoticias.com.pe\/noticiero\/wp-json\/wp\/v2\/types\/post"}],"author":[{"embeddable":true,"href":"https:\/\/aeronoticias.com.pe\/noticiero\/wp-json\/wp\/v2\/users\/1"}],"replies":[{"embeddable":true,"href":"https:\/\/aeronoticias.com.pe\/noticiero\/wp-json\/wp\/v2\/comments?post=59282"}],"version-history":[{"count":0,"href":"https:\/\/aeronoticias.com.pe\/noticiero\/wp-json\/wp\/v2\/posts\/59282\/revisions"}],"wp:featuredmedia":[{"embeddable":true,"href":"https:\/\/aeronoticias.com.pe\/noticiero\/wp-json\/wp\/v2\/media\/64953"}],"wp:attachment":[{"href":"https:\/\/aeronoticias.com.pe\/noticiero\/wp-json\/wp\/v2\/media?parent=59282"}],"wp:term":[{"taxonomy":"category","embeddable":true,"href":"https:\/\/aeronoticias.com.pe\/noticiero\/wp-json\/wp\/v2\/categories?post=59282"},{"taxonomy":"post_tag","embeddable":true,"href":"https:\/\/aeronoticias.com.pe\/noticiero\/wp-json\/wp\/v2\/tags?post=59282"}],"curies":[{"name":"wp","href":"https:\/\/api.w.org\/{rel}","templated":true}]}}