{"id":59283,"date":"2020-02-01T15:16:40","date_gmt":"2020-02-01T15:16:40","guid":{"rendered":"http:\/\/desarrollo.mcvicious.com\/aero2020\/2020\/02\/01\/jetblue-duplicara-sus-vuelos-entre-cartagena-y-new-york-a-partir-de-junio\/"},"modified":"2020-11-11T00:03:26","modified_gmt":"2020-11-11T05:03:26","slug":"jetblue-duplicara-sus-vuelos-entre-cartagena-y-new-york-a-partir-de-junio","status":"publish","type":"post","link":"https:\/\/aeronoticias.com.pe\/noticiero\/transporte-aereo\/internacional\/jetblue-duplicara-sus-vuelos-entre-cartagena-y-new-york-a-partir-de-junio\/","title":{"rendered":"JetBlue duplicar\u00e1 sus vuelos entre Cartagena y New York a partir de junio"},"content":{"rendered":"\n<p>La conectividad de Cartagena ha tenido un gran inicio de a\u00f1o, ya que adem\u00e1s de los anuncios de las nuevas rutas a Madrid operada por Plus Ultra y Mompox operada por EasyFly, se le suma el aumento de frecuencias de la ruta directa a New York, operada por la aerol\u00ednea estadounidense JetBlue.<\/p>\n\n\n\n<p class=\"p1\">A partir del 23 de junio, los d\u00edas martes, viernes y domingo, la aerol\u00ednea tendr\u00e1 dos frecuencias de esta ruta, la cual sale desde el Aeropuerto Internacional Rafael N\u00fa\u00f1ez a las 2:33 pm, y llega a New York a las 8:35 pm y la otra, saliendo de Cartagena a las 11:57 pm y llegando al aeropuerto JFK a las 5:59 am.<\/p>\n\n\n\n<p class=\"p1\">Seg\u00fan las cifras oficiales entregadas por la Sociedad Aeroportuaria de la Costa S.A. \u2013 SACSA, administrador del Aeropuerto Internacional Rafael N\u00fa\u00f1ez de Cartagena, en el 2019 se movilizaron 5\u2019773.774 pasajeros, un 5,6% m\u00e1s que en el 2018, a\u00f1o en el 5\u2019463.872 viajeros pasaron por este aer\u00f3dromo.<\/p>\n\n\n\n<p class=\"p1\">JetBlue inici\u00f3 sus operaciones en Cartagena en el a\u00f1o 2012. Hoy cuenta con 2 rutas internacionales directas: una con Fort Lauderdale y la otra con New York, ambas bajo el modelo de bajo costo, que le permite a sus pasajeros viajar a precios c\u00f3modos y con la posibilidad de solo acceder a los servicios que necesiten de acuerdo a sus posibilidades de pago.<\/p>\n\n\n\n<p class=\"p1\">Fuente: <span style=\"text-decoration: underline;\"><em><strong>El Universal<\/strong><\/em><\/span>.<\/p>\n","protected":false},"excerpt":{"rendered":"<p>La conectividad de Cartagena ha tenido un gran inicio de a\u00f1o, ya que adem\u00e1s de los anuncios de las nuevas rutas a Madrid operada por Plus Ultra y Mompox operada por EasyFly, se le suma el aumento de frecuencias de la ruta directa a New York, operada por la aerol\u00ednea estadounidense JetBlue. A partir del [&hellip;]<\/p>\n","protected":false},"author":1,"featured_media":64949,"comment_status":"open","ping_status":"open","sticky":false,"template":"","format":"standard","meta":{"tdm_status":"","tdm_grid_status":"","footnotes":""},"categories":[32,11],"tags":[642,212,643],"class_list":{"0":"post-59283","1":"post","2":"type-post","3":"status-publish","4":"format-standard","5":"has-post-thumbnail","7":"category-internacional","8":"category-transporte-aereo","9":"tag-cartagena","10":"tag-jetblue","11":"tag-new-york"},"yoast_head":"<!-- This site is optimized with the Yoast SEO plugin v25.1 - https:\/\/yoast.com\/wordpress\/plugins\/seo\/ -->\n<title>JetBlue duplicar\u00e1 sus vuelos entre Cartagena y New York a partir de junio<\/title>\n<meta name=\"description\" content=\"La conectividad de Cartagena ha tenido un gran inicio de a\u00f1o, ya que adem\u00e1s de los anuncios de las nuevas rutas a Madrid operada por Plus Ultra y Mompox operada por EasyFly\" \/>\n<meta name=\"robots\" content=\"index, follow, max-snippet:-1, max-image-preview:large, max-video-preview:-1\" \/>\n<link rel=\"canonical\" href=\"https:\/\/aeronoticias.com.pe\/noticiero\/transporte-aereo\/internacional\/jetblue-duplicara-sus-vuelos-entre-cartagena-y-new-york-a-partir-de-junio\/\" \/>\n<meta property=\"og:locale\" content=\"es_ES\" \/>\n<meta property=\"og:type\" content=\"article\" \/>\n<meta property=\"og:title\" content=\"JetBlue duplicar\u00e1 sus vuelos entre Cartagena y New York a partir de junio\" \/>\n<meta property=\"og:description\" content=\"La conectividad de Cartagena ha tenido un gran inicio de a\u00f1o, ya que adem\u00e1s de los anuncios de las nuevas rutas a Madrid operada por Plus Ultra y Mompox operada por EasyFly\" \/>\n<meta property=\"og:url\" content=\"https:\/\/aeronoticias.com.pe\/noticiero\/transporte-aereo\/internacional\/jetblue-duplicara-sus-vuelos-entre-cartagena-y-new-york-a-partir-de-junio\/\" \/>\n<meta property=\"og:site_name\" content=\"Aeronoticias.com.pe\" \/>\n<meta property=\"article:publisher\" content=\"https:\/\/www.facebook.com\/Aeronoticias.com.pe\/\" \/>\n<meta property=\"article:published_time\" content=\"2020-02-01T15:16:40+00:00\" \/>\n<meta property=\"article:modified_time\" content=\"2020-11-11T05:03:26+00:00\" \/>\n<meta property=\"og:image\" content=\"https:\/\/aeronoticias.com.pe\/noticiero\/wp-content\/uploads\/2020\/02\/jetblue.jpg\" \/>\n\t<meta property=\"og:image:width\" content=\"960\" \/>\n\t<meta property=\"og:image:height\" content=\"720\" \/>\n\t<meta property=\"og:image:type\" content=\"image\/jpeg\" \/>\n<meta name=\"author\" content=\"Redacci\u00f3n Aeronoticias\" \/>\n<meta name=\"twitter:card\" content=\"summary_large_image\" \/>\n<meta name=\"twitter:creator\" content=\"@aeronoticias\" \/>\n<meta name=\"twitter:site\" content=\"@aeronoticias\" \/>\n<meta name=\"twitter:label1\" content=\"Escrito por\" \/>\n\t<meta name=\"twitter:data1\" content=\"Redacci\u00f3n Aeronoticias\" \/>\n\t<meta name=\"twitter:label2\" content=\"Tiempo de lectura\" \/>\n\t<meta name=\"twitter:data2\" content=\"1 minuto\" \/>\n<script type=\"application\/ld+json\" class=\"yoast-schema-graph\">{\"@context\":\"https:\/\/schema.org\",\"@graph\":[{\"@type\":\"WebPage\",\"@id\":\"https:\/\/aeronoticias.com.pe\/noticiero\/transporte-aereo\/internacional\/jetblue-duplicara-sus-vuelos-entre-cartagena-y-new-york-a-partir-de-junio\/\",\"url\":\"https:\/\/aeronoticias.com.pe\/noticiero\/transporte-aereo\/internacional\/jetblue-duplicara-sus-vuelos-entre-cartagena-y-new-york-a-partir-de-junio\/\",\"name\":\"JetBlue duplicar\u00e1 sus vuelos entre Cartagena y New York a partir de junio\",\"isPartOf\":{\"@id\":\"https:\/\/aeronoticias.com.pe\/noticiero\/#website\"},\"primaryImageOfPage\":{\"@id\":\"https:\/\/aeronoticias.com.pe\/noticiero\/transporte-aereo\/internacional\/jetblue-duplicara-sus-vuelos-entre-cartagena-y-new-york-a-partir-de-junio\/#primaryimage\"},\"image\":{\"@id\":\"https:\/\/aeronoticias.com.pe\/noticiero\/transporte-aereo\/internacional\/jetblue-duplicara-sus-vuelos-entre-cartagena-y-new-york-a-partir-de-junio\/#primaryimage\"},\"thumbnailUrl\":\"https:\/\/aeronoticias.com.pe\/noticiero\/wp-content\/uploads\/2020\/02\/jetblue.jpg\",\"datePublished\":\"2020-02-01T15:16:40+00:00\",\"dateModified\":\"2020-11-11T05:03:26+00:00\",\"author\":{\"@id\":\"https:\/\/aeronoticias.com.pe\/noticiero\/#\/schema\/person\/fc1e5d578f4b62ba1cf7ac2bba1170a0\"},\"description\":\"La conectividad de Cartagena ha tenido un gran inicio de a\u00f1o, ya que adem\u00e1s de los anuncios de las nuevas rutas a Madrid operada por Plus Ultra y Mompox operada por EasyFly\",\"breadcrumb\":{\"@id\":\"https:\/\/aeronoticias.com.pe\/noticiero\/transporte-aereo\/internacional\/jetblue-duplicara-sus-vuelos-entre-cartagena-y-new-york-a-partir-de-junio\/#breadcrumb\"},\"inLanguage\":\"es\",\"potentialAction\":[{\"@type\":\"ReadAction\",\"target\":[\"https:\/\/aeronoticias.com.pe\/noticiero\/transporte-aereo\/internacional\/jetblue-duplicara-sus-vuelos-entre-cartagena-y-new-york-a-partir-de-junio\/\"]}]},{\"@type\":\"ImageObject\",\"inLanguage\":\"es\",\"@id\":\"https:\/\/aeronoticias.com.pe\/noticiero\/transporte-aereo\/internacional\/jetblue-duplicara-sus-vuelos-entre-cartagena-y-new-york-a-partir-de-junio\/#primaryimage\",\"url\":\"https:\/\/aeronoticias.com.pe\/noticiero\/wp-content\/uploads\/2020\/02\/jetblue.jpg\",\"contentUrl\":\"https:\/\/aeronoticias.com.pe\/noticiero\/wp-content\/uploads\/2020\/02\/jetblue.jpg\",\"width\":960,\"height\":720},{\"@type\":\"BreadcrumbList\",\"@id\":\"https:\/\/aeronoticias.com.pe\/noticiero\/transporte-aereo\/internacional\/jetblue-duplicara-sus-vuelos-entre-cartagena-y-new-york-a-partir-de-junio\/#breadcrumb\",\"itemListElement\":[{\"@type\":\"ListItem\",\"position\":1,\"name\":\"Portada\",\"item\":\"https:\/\/aeronoticias.com.pe\/noticiero\/\"},{\"@type\":\"ListItem\",\"position\":2,\"name\":\"JetBlue duplicar\u00e1 sus vuelos entre Cartagena y New York a partir de junio\"}]},{\"@type\":\"WebSite\",\"@id\":\"https:\/\/aeronoticias.com.pe\/noticiero\/#website\",\"url\":\"https:\/\/aeronoticias.com.pe\/noticiero\/\",\"name\":\"Aeronoticias.com.pe\",\"description\":\"Noticias de tranporte aereo, turismo, hoteles, gastronomia, actualidad, internacional\",\"potentialAction\":[{\"@type\":\"SearchAction\",\"target\":{\"@type\":\"EntryPoint\",\"urlTemplate\":\"https:\/\/aeronoticias.com.pe\/noticiero\/?s={search_term_string}\"},\"query-input\":{\"@type\":\"PropertyValueSpecification\",\"valueRequired\":true,\"valueName\":\"search_term_string\"}}],\"inLanguage\":\"es\"},{\"@type\":\"Person\",\"@id\":\"https:\/\/aeronoticias.com.pe\/noticiero\/#\/schema\/person\/fc1e5d578f4b62ba1cf7ac2bba1170a0\",\"name\":\"Redacci\u00f3n Aeronoticias\",\"url\":\"https:\/\/aeronoticias.com.pe\/noticiero\/author\/piloto\/\"}]}<\/script>\n<!-- \/ Yoast SEO plugin. -->","yoast_head_json":{"title":"JetBlue duplicar\u00e1 sus vuelos entre Cartagena y New York a partir de junio","description":"La conectividad de Cartagena ha tenido un gran inicio de a\u00f1o, ya que adem\u00e1s de los anuncios de las nuevas rutas a Madrid operada por Plus Ultra y Mompox operada por EasyFly","robots":{"index":"index","follow":"follow","max-snippet":"max-snippet:-1","max-image-preview":"max-image-preview:large","max-video-preview":"max-video-preview:-1"},"canonical":"https:\/\/aeronoticias.com.pe\/noticiero\/transporte-aereo\/internacional\/jetblue-duplicara-sus-vuelos-entre-cartagena-y-new-york-a-partir-de-junio\/","og_locale":"es_ES","og_type":"article","og_title":"JetBlue duplicar\u00e1 sus vuelos entre Cartagena y New York a partir de junio","og_description":"La conectividad de Cartagena ha tenido un gran inicio de a\u00f1o, ya que adem\u00e1s de los anuncios de las nuevas rutas a Madrid operada por Plus Ultra y Mompox operada por EasyFly","og_url":"https:\/\/aeronoticias.com.pe\/noticiero\/transporte-aereo\/internacional\/jetblue-duplicara-sus-vuelos-entre-cartagena-y-new-york-a-partir-de-junio\/","og_site_name":"Aeronoticias.com.pe","article_publisher":"https:\/\/www.facebook.com\/Aeronoticias.com.pe\/","article_published_time":"2020-02-01T15:16:40+00:00","article_modified_time":"2020-11-11T05:03:26+00:00","og_image":[{"width":960,"height":720,"url":"https:\/\/aeronoticias.com.pe\/noticiero\/wp-content\/uploads\/2020\/02\/jetblue.jpg","type":"image\/jpeg"}],"author":"Redacci\u00f3n Aeronoticias","twitter_card":"summary_large_image","twitter_creator":"@aeronoticias","twitter_site":"@aeronoticias","twitter_misc":{"Escrito por":"Redacci\u00f3n Aeronoticias","Tiempo de lectura":"1 minuto"},"schema":{"@context":"https:\/\/schema.org","@graph":[{"@type":"WebPage","@id":"https:\/\/aeronoticias.com.pe\/noticiero\/transporte-aereo\/internacional\/jetblue-duplicara-sus-vuelos-entre-cartagena-y-new-york-a-partir-de-junio\/","url":"https:\/\/aeronoticias.com.pe\/noticiero\/transporte-aereo\/internacional\/jetblue-duplicara-sus-vuelos-entre-cartagena-y-new-york-a-partir-de-junio\/","name":"JetBlue duplicar\u00e1 sus vuelos entre Cartagena y New York a partir de junio","isPartOf":{"@id":"https:\/\/aeronoticias.com.pe\/noticiero\/#website"},"primaryImageOfPage":{"@id":"https:\/\/aeronoticias.com.pe\/noticiero\/transporte-aereo\/internacional\/jetblue-duplicara-sus-vuelos-entre-cartagena-y-new-york-a-partir-de-junio\/#primaryimage"},"image":{"@id":"https:\/\/aeronoticias.com.pe\/noticiero\/transporte-aereo\/internacional\/jetblue-duplicara-sus-vuelos-entre-cartagena-y-new-york-a-partir-de-junio\/#primaryimage"},"thumbnailUrl":"https:\/\/aeronoticias.com.pe\/noticiero\/wp-content\/uploads\/2020\/02\/jetblue.jpg","datePublished":"2020-02-01T15:16:40+00:00","dateModified":"2020-11-11T05:03:26+00:00","author":{"@id":"https:\/\/aeronoticias.com.pe\/noticiero\/#\/schema\/person\/fc1e5d578f4b62ba1cf7ac2bba1170a0"},"description":"La conectividad de Cartagena ha tenido un gran inicio de a\u00f1o, ya que adem\u00e1s de los anuncios de las nuevas rutas a Madrid operada por Plus Ultra y Mompox operada por EasyFly","breadcrumb":{"@id":"https:\/\/aeronoticias.com.pe\/noticiero\/transporte-aereo\/internacional\/jetblue-duplicara-sus-vuelos-entre-cartagena-y-new-york-a-partir-de-junio\/#breadcrumb"},"inLanguage":"es","potentialAction":[{"@type":"ReadAction","target":["https:\/\/aeronoticias.com.pe\/noticiero\/transporte-aereo\/internacional\/jetblue-duplicara-sus-vuelos-entre-cartagena-y-new-york-a-partir-de-junio\/"]}]},{"@type":"ImageObject","inLanguage":"es","@id":"https:\/\/aeronoticias.com.pe\/noticiero\/transporte-aereo\/internacional\/jetblue-duplicara-sus-vuelos-entre-cartagena-y-new-york-a-partir-de-junio\/#primaryimage","url":"https:\/\/aeronoticias.com.pe\/noticiero\/wp-content\/uploads\/2020\/02\/jetblue.jpg","contentUrl":"https:\/\/aeronoticias.com.pe\/noticiero\/wp-content\/uploads\/2020\/02\/jetblue.jpg","width":960,"height":720},{"@type":"BreadcrumbList","@id":"https:\/\/aeronoticias.com.pe\/noticiero\/transporte-aereo\/internacional\/jetblue-duplicara-sus-vuelos-entre-cartagena-y-new-york-a-partir-de-junio\/#breadcrumb","itemListElement":[{"@type":"ListItem","position":1,"name":"Portada","item":"https:\/\/aeronoticias.com.pe\/noticiero\/"},{"@type":"ListItem","position":2,"name":"JetBlue duplicar\u00e1 sus vuelos entre Cartagena y New York a partir de junio"}]},{"@type":"WebSite","@id":"https:\/\/aeronoticias.com.pe\/noticiero\/#website","url":"https:\/\/aeronoticias.com.pe\/noticiero\/","name":"Aeronoticias.com.pe","description":"Noticias de tranporte aereo, turismo, hoteles, gastronomia, actualidad, internacional","potentialAction":[{"@type":"SearchAction","target":{"@type":"EntryPoint","urlTemplate":"https:\/\/aeronoticias.com.pe\/noticiero\/?s={search_term_string}"},"query-input":{"@type":"PropertyValueSpecification","valueRequired":true,"valueName":"search_term_string"}}],"inLanguage":"es"},{"@type":"Person","@id":"https:\/\/aeronoticias.com.pe\/noticiero\/#\/schema\/person\/fc1e5d578f4b62ba1cf7ac2bba1170a0","name":"Redacci\u00f3n Aeronoticias","url":"https:\/\/aeronoticias.com.pe\/noticiero\/author\/piloto\/"}]}},"_links":{"self":[{"href":"https:\/\/aeronoticias.com.pe\/noticiero\/wp-json\/wp\/v2\/posts\/59283","targetHints":{"allow":["GET"]}}],"collection":[{"href":"https:\/\/aeronoticias.com.pe\/noticiero\/wp-json\/wp\/v2\/posts"}],"about":[{"href":"https:\/\/aeronoticias.com.pe\/noticiero\/wp-json\/wp\/v2\/types\/post"}],"author":[{"embeddable":true,"href":"https:\/\/aeronoticias.com.pe\/noticiero\/wp-json\/wp\/v2\/users\/1"}],"replies":[{"embeddable":true,"href":"https:\/\/aeronoticias.com.pe\/noticiero\/wp-json\/wp\/v2\/comments?post=59283"}],"version-history":[{"count":0,"href":"https:\/\/aeronoticias.com.pe\/noticiero\/wp-json\/wp\/v2\/posts\/59283\/revisions"}],"wp:featuredmedia":[{"embeddable":true,"href":"https:\/\/aeronoticias.com.pe\/noticiero\/wp-json\/wp\/v2\/media\/64949"}],"wp:attachment":[{"href":"https:\/\/aeronoticias.com.pe\/noticiero\/wp-json\/wp\/v2\/media?parent=59283"}],"wp:term":[{"taxonomy":"category","embeddable":true,"href":"https:\/\/aeronoticias.com.pe\/noticiero\/wp-json\/wp\/v2\/categories?post=59283"},{"taxonomy":"post_tag","embeddable":true,"href":"https:\/\/aeronoticias.com.pe\/noticiero\/wp-json\/wp\/v2\/tags?post=59283"}],"curies":[{"name":"wp","href":"https:\/\/api.w.org\/{rel}","templated":true}]}}