{"id":59287,"date":"2020-02-03T15:01:09","date_gmt":"2020-02-03T15:01:09","guid":{"rendered":"http:\/\/desarrollo.mcvicious.com\/aero2020\/2020\/02\/03\/eeuu-reabre-el-parque-donde-se-reunen-familias-migrantes-a-traves-del-muro\/"},"modified":"2020-02-03T15:01:09","modified_gmt":"2020-02-03T15:01:09","slug":"eeuu-reabre-el-parque-donde-se-reunen-familias-migrantes-a-traves-del-muro","status":"publish","type":"post","link":"https:\/\/aeronoticias.com.pe\/noticiero\/politica\/eeuu-reabre-el-parque-donde-se-reunen-familias-migrantes-a-traves-del-muro\/","title":{"rendered":"EE.UU. reabre el parque donde se re\u00fanen familias migrantes a trav\u00e9s del muro"},"content":{"rendered":"<p style=\"margin: 0px; font-stretch: normal; font-size: 12px; line-height: normal; font-family: &quot;Helvetica Neue&quot;; color: #454545;\">(Aeronoticias).- La Patrulla Fronteriza de EE.UU. reabri\u00f3 al p\u00fablico este domingo el Parque de la Amistad en San Diego (California), que permaneci\u00f3 cerrado durante casi dos meses durante los cuales no pudieron reunirse las familias migrantes a ambos lados del muro fronterizo tal y como era tradici\u00f3n.<\/p>\n<p>\u00a0<\/p>\n<p style=\"margin: 0px; font-stretch: normal; font-size: 12px; line-height: normal; font-family: &quot;Helvetica Neue&quot;; color: #454545;\">Robert Vivar, del grupo de Amigos del Parque de la Amistad, dijo a Efe que la Patrulla Fronteriza inform\u00f3 en un memor\u00e1ndum el s\u00e1bado por la tarde de que, puesto que se hab\u00eda reabierto un sendero que conduce al parque, ellos tambi\u00e9n reabr\u00edan la puerta del per\u00edmetro del parque.<\/p>\n<p style=\"margin: 0px; font-stretch: normal; font-size: 12px; line-height: normal; font-family: &quot;Helvetica Neue&quot;; color: #454545;\">\u00a0<\/p>\n<p style=\"margin: 0px; font-stretch: normal; font-size: 12px; line-height: normal; font-family: &quot;Helvetica Neue&quot;; color: #454545;\"><img decoding=\"async\" src=\"images\/stories\/00049797124_303.jpg\" border=\"0\" \/><\/p>\n","protected":false},"excerpt":{"rendered":"<p>(Aeronoticias).- La Patrulla Fronteriza de EE.UU. reabri\u00f3 al p\u00fablico este domingo el Parque de la Amistad en San Diego (California), que permaneci\u00f3 cerrado durante casi dos meses durante los cuales no pudieron reunirse las familias migrantes a ambos lados del muro fronterizo tal y como era tradici\u00f3n. \u00a0 Robert Vivar, del grupo de Amigos del [&hellip;]<\/p>\n","protected":false},"author":1,"featured_media":0,"comment_status":"open","ping_status":"open","sticky":false,"template":"","format":"standard","meta":{"tdm_status":"","tdm_grid_status":"","footnotes":""},"categories":[36],"tags":[],"class_list":{"0":"post-59287","1":"post","2":"type-post","3":"status-publish","4":"format-standard","6":"category-politica"},"yoast_head":"<!-- This site is optimized with the Yoast SEO plugin v25.1 - https:\/\/yoast.com\/wordpress\/plugins\/seo\/ -->\n<title>EE.UU. reabre el parque donde se re\u00fanen familias migrantes a trav\u00e9s del muro<\/title>\n<meta name=\"description\" content=\"Portal de noticias del Per\u00fa sobre el transporte a\u00e9reo, aviaci\u00f3n, turismo, hoteleria, actualidad.\" \/>\n<meta name=\"robots\" content=\"index, follow, max-snippet:-1, max-image-preview:large, max-video-preview:-1\" \/>\n<link rel=\"canonical\" href=\"https:\/\/aeronoticias.com.pe\/noticiero\/politica\/eeuu-reabre-el-parque-donde-se-reunen-familias-migrantes-a-traves-del-muro\/\" \/>\n<meta property=\"og:locale\" content=\"es_ES\" \/>\n<meta property=\"og:type\" content=\"article\" \/>\n<meta property=\"og:title\" content=\"EE.UU. reabre el parque donde se re\u00fanen familias migrantes a trav\u00e9s del muro\" \/>\n<meta property=\"og:description\" content=\"Portal de noticias del Per\u00fa sobre el transporte a\u00e9reo, aviaci\u00f3n, turismo, hoteleria, actualidad.\" \/>\n<meta property=\"og:url\" content=\"https:\/\/aeronoticias.com.pe\/noticiero\/politica\/eeuu-reabre-el-parque-donde-se-reunen-familias-migrantes-a-traves-del-muro\/\" \/>\n<meta property=\"og:site_name\" content=\"Aeronoticias.com.pe\" \/>\n<meta property=\"article:publisher\" content=\"https:\/\/www.facebook.com\/Aeronoticias.com.pe\/\" \/>\n<meta property=\"article:published_time\" content=\"2020-02-03T15:01:09+00:00\" \/>\n<meta name=\"author\" content=\"Redacci\u00f3n Aeronoticias\" \/>\n<meta name=\"twitter:card\" content=\"summary_large_image\" \/>\n<meta name=\"twitter:creator\" content=\"@aeronoticias\" \/>\n<meta name=\"twitter:site\" content=\"@aeronoticias\" \/>\n<meta name=\"twitter:label1\" content=\"Escrito por\" \/>\n\t<meta name=\"twitter:data1\" content=\"Redacci\u00f3n Aeronoticias\" \/>\n\t<meta name=\"twitter:label2\" content=\"Tiempo de lectura\" \/>\n\t<meta name=\"twitter:data2\" content=\"1 minuto\" \/>\n<script type=\"application\/ld+json\" class=\"yoast-schema-graph\">{\"@context\":\"https:\/\/schema.org\",\"@graph\":[{\"@type\":\"WebPage\",\"@id\":\"https:\/\/aeronoticias.com.pe\/noticiero\/politica\/eeuu-reabre-el-parque-donde-se-reunen-familias-migrantes-a-traves-del-muro\/\",\"url\":\"https:\/\/aeronoticias.com.pe\/noticiero\/politica\/eeuu-reabre-el-parque-donde-se-reunen-familias-migrantes-a-traves-del-muro\/\",\"name\":\"EE.UU. reabre el parque donde se re\u00fanen familias migrantes a trav\u00e9s del muro\",\"isPartOf\":{\"@id\":\"https:\/\/aeronoticias.com.pe\/noticiero\/#website\"},\"datePublished\":\"2020-02-03T15:01:09+00:00\",\"author\":{\"@id\":\"https:\/\/aeronoticias.com.pe\/noticiero\/#\/schema\/person\/fc1e5d578f4b62ba1cf7ac2bba1170a0\"},\"description\":\"Portal de noticias del Per\u00fa sobre el transporte a\u00e9reo, aviaci\u00f3n, turismo, hoteleria, actualidad.\",\"breadcrumb\":{\"@id\":\"https:\/\/aeronoticias.com.pe\/noticiero\/politica\/eeuu-reabre-el-parque-donde-se-reunen-familias-migrantes-a-traves-del-muro\/#breadcrumb\"},\"inLanguage\":\"es\",\"potentialAction\":[{\"@type\":\"ReadAction\",\"target\":[\"https:\/\/aeronoticias.com.pe\/noticiero\/politica\/eeuu-reabre-el-parque-donde-se-reunen-familias-migrantes-a-traves-del-muro\/\"]}]},{\"@type\":\"BreadcrumbList\",\"@id\":\"https:\/\/aeronoticias.com.pe\/noticiero\/politica\/eeuu-reabre-el-parque-donde-se-reunen-familias-migrantes-a-traves-del-muro\/#breadcrumb\",\"itemListElement\":[{\"@type\":\"ListItem\",\"position\":1,\"name\":\"Portada\",\"item\":\"https:\/\/aeronoticias.com.pe\/noticiero\/\"},{\"@type\":\"ListItem\",\"position\":2,\"name\":\"EE.UU. reabre el parque donde se re\u00fanen familias migrantes a trav\u00e9s del muro\"}]},{\"@type\":\"WebSite\",\"@id\":\"https:\/\/aeronoticias.com.pe\/noticiero\/#website\",\"url\":\"https:\/\/aeronoticias.com.pe\/noticiero\/\",\"name\":\"Aeronoticias.com.pe\",\"description\":\"Noticias de tranporte aereo, turismo, hoteles, gastronomia, actualidad, internacional\",\"potentialAction\":[{\"@type\":\"SearchAction\",\"target\":{\"@type\":\"EntryPoint\",\"urlTemplate\":\"https:\/\/aeronoticias.com.pe\/noticiero\/?s={search_term_string}\"},\"query-input\":{\"@type\":\"PropertyValueSpecification\",\"valueRequired\":true,\"valueName\":\"search_term_string\"}}],\"inLanguage\":\"es\"},{\"@type\":\"Person\",\"@id\":\"https:\/\/aeronoticias.com.pe\/noticiero\/#\/schema\/person\/fc1e5d578f4b62ba1cf7ac2bba1170a0\",\"name\":\"Redacci\u00f3n Aeronoticias\",\"url\":\"https:\/\/aeronoticias.com.pe\/noticiero\/author\/piloto\/\"}]}<\/script>\n<!-- \/ Yoast SEO plugin. -->","yoast_head_json":{"title":"EE.UU. reabre el parque donde se re\u00fanen familias migrantes a trav\u00e9s del muro","description":"Portal de noticias del Per\u00fa sobre el transporte a\u00e9reo, aviaci\u00f3n, turismo, hoteleria, actualidad.","robots":{"index":"index","follow":"follow","max-snippet":"max-snippet:-1","max-image-preview":"max-image-preview:large","max-video-preview":"max-video-preview:-1"},"canonical":"https:\/\/aeronoticias.com.pe\/noticiero\/politica\/eeuu-reabre-el-parque-donde-se-reunen-familias-migrantes-a-traves-del-muro\/","og_locale":"es_ES","og_type":"article","og_title":"EE.UU. reabre el parque donde se re\u00fanen familias migrantes a trav\u00e9s del muro","og_description":"Portal de noticias del Per\u00fa sobre el transporte a\u00e9reo, aviaci\u00f3n, turismo, hoteleria, actualidad.","og_url":"https:\/\/aeronoticias.com.pe\/noticiero\/politica\/eeuu-reabre-el-parque-donde-se-reunen-familias-migrantes-a-traves-del-muro\/","og_site_name":"Aeronoticias.com.pe","article_publisher":"https:\/\/www.facebook.com\/Aeronoticias.com.pe\/","article_published_time":"2020-02-03T15:01:09+00:00","author":"Redacci\u00f3n Aeronoticias","twitter_card":"summary_large_image","twitter_creator":"@aeronoticias","twitter_site":"@aeronoticias","twitter_misc":{"Escrito por":"Redacci\u00f3n Aeronoticias","Tiempo de lectura":"1 minuto"},"schema":{"@context":"https:\/\/schema.org","@graph":[{"@type":"WebPage","@id":"https:\/\/aeronoticias.com.pe\/noticiero\/politica\/eeuu-reabre-el-parque-donde-se-reunen-familias-migrantes-a-traves-del-muro\/","url":"https:\/\/aeronoticias.com.pe\/noticiero\/politica\/eeuu-reabre-el-parque-donde-se-reunen-familias-migrantes-a-traves-del-muro\/","name":"EE.UU. reabre el parque donde se re\u00fanen familias migrantes a trav\u00e9s del muro","isPartOf":{"@id":"https:\/\/aeronoticias.com.pe\/noticiero\/#website"},"datePublished":"2020-02-03T15:01:09+00:00","author":{"@id":"https:\/\/aeronoticias.com.pe\/noticiero\/#\/schema\/person\/fc1e5d578f4b62ba1cf7ac2bba1170a0"},"description":"Portal de noticias del Per\u00fa sobre el transporte a\u00e9reo, aviaci\u00f3n, turismo, hoteleria, actualidad.","breadcrumb":{"@id":"https:\/\/aeronoticias.com.pe\/noticiero\/politica\/eeuu-reabre-el-parque-donde-se-reunen-familias-migrantes-a-traves-del-muro\/#breadcrumb"},"inLanguage":"es","potentialAction":[{"@type":"ReadAction","target":["https:\/\/aeronoticias.com.pe\/noticiero\/politica\/eeuu-reabre-el-parque-donde-se-reunen-familias-migrantes-a-traves-del-muro\/"]}]},{"@type":"BreadcrumbList","@id":"https:\/\/aeronoticias.com.pe\/noticiero\/politica\/eeuu-reabre-el-parque-donde-se-reunen-familias-migrantes-a-traves-del-muro\/#breadcrumb","itemListElement":[{"@type":"ListItem","position":1,"name":"Portada","item":"https:\/\/aeronoticias.com.pe\/noticiero\/"},{"@type":"ListItem","position":2,"name":"EE.UU. reabre el parque donde se re\u00fanen familias migrantes a trav\u00e9s del muro"}]},{"@type":"WebSite","@id":"https:\/\/aeronoticias.com.pe\/noticiero\/#website","url":"https:\/\/aeronoticias.com.pe\/noticiero\/","name":"Aeronoticias.com.pe","description":"Noticias de tranporte aereo, turismo, hoteles, gastronomia, actualidad, internacional","potentialAction":[{"@type":"SearchAction","target":{"@type":"EntryPoint","urlTemplate":"https:\/\/aeronoticias.com.pe\/noticiero\/?s={search_term_string}"},"query-input":{"@type":"PropertyValueSpecification","valueRequired":true,"valueName":"search_term_string"}}],"inLanguage":"es"},{"@type":"Person","@id":"https:\/\/aeronoticias.com.pe\/noticiero\/#\/schema\/person\/fc1e5d578f4b62ba1cf7ac2bba1170a0","name":"Redacci\u00f3n Aeronoticias","url":"https:\/\/aeronoticias.com.pe\/noticiero\/author\/piloto\/"}]}},"_links":{"self":[{"href":"https:\/\/aeronoticias.com.pe\/noticiero\/wp-json\/wp\/v2\/posts\/59287","targetHints":{"allow":["GET"]}}],"collection":[{"href":"https:\/\/aeronoticias.com.pe\/noticiero\/wp-json\/wp\/v2\/posts"}],"about":[{"href":"https:\/\/aeronoticias.com.pe\/noticiero\/wp-json\/wp\/v2\/types\/post"}],"author":[{"embeddable":true,"href":"https:\/\/aeronoticias.com.pe\/noticiero\/wp-json\/wp\/v2\/users\/1"}],"replies":[{"embeddable":true,"href":"https:\/\/aeronoticias.com.pe\/noticiero\/wp-json\/wp\/v2\/comments?post=59287"}],"version-history":[{"count":0,"href":"https:\/\/aeronoticias.com.pe\/noticiero\/wp-json\/wp\/v2\/posts\/59287\/revisions"}],"wp:attachment":[{"href":"https:\/\/aeronoticias.com.pe\/noticiero\/wp-json\/wp\/v2\/media?parent=59287"}],"wp:term":[{"taxonomy":"category","embeddable":true,"href":"https:\/\/aeronoticias.com.pe\/noticiero\/wp-json\/wp\/v2\/categories?post=59287"},{"taxonomy":"post_tag","embeddable":true,"href":"https:\/\/aeronoticias.com.pe\/noticiero\/wp-json\/wp\/v2\/tags?post=59287"}],"curies":[{"name":"wp","href":"https:\/\/api.w.org\/{rel}","templated":true}]}}