{"id":59288,"date":"2020-02-03T15:14:26","date_gmt":"2020-02-03T15:14:26","guid":{"rendered":"http:\/\/desarrollo.mcvicious.com\/aero2020\/2020\/02\/03\/cristina-fernandez-acusa-al-fisco-de-operar-en-la-qclandestinidadq-contra-ella\/"},"modified":"2020-02-03T15:14:26","modified_gmt":"2020-02-03T15:14:26","slug":"cristina-fernandez-acusa-al-fisco-de-operar-en-la-qclandestinidadq-contra-ella","status":"publish","type":"post","link":"https:\/\/aeronoticias.com.pe\/noticiero\/internacionales\/cristina-fernandez-acusa-al-fisco-de-operar-en-la-qclandestinidadq-contra-ella\/","title":{"rendered":"Cristina Fern\u00e1ndez acusa al Fisco de operar en la \u00abclandestinidad\u00bb contra ella"},"content":{"rendered":"<p style=\"margin: 0px; font-stretch: normal; font-size: 12px; line-height: normal; font-family: &quot;Helvetica Neue&quot;; color: #454545;\">La vicepresidenta de Argentina, Cristina Fern\u00e1ndez, que fue jefa de Estado entre 2007 y 2015, asever\u00f3 este lunes que funcionarios del Fisco \u00aboperaron en la clandestinidad\u00bb junto con la Justicia para \u00abarmar un juicio de ejecuci\u00f3n fiscal\u00bb contra ella durante el anterior Gobierno, que encabezaba el conservador Mauricio Macri (2015-2019).<\/p>\n<p style=\"margin: 0px; font-stretch: normal; font-size: 12px; line-height: normal; font-family: &quot;Helvetica Neue&quot;; color: #454545; min-height: 14px;\">\u00a0<\/p>\n<p style=\"margin: 0px; font-stretch: normal; font-size: 12px; line-height: normal; font-family: &quot;Helvetica Neue&quot;; color: #454545; min-height: 14px;\">\u00abPara los que a\u00fan no se enteraron que a partir de que Mauricio Macri lleg\u00f3 al Gobierno, el 10 diciembre del 2015, se armaron verdaderos grupos de tareas desde las distintas agencias del Poder Ejecutivo Nacional que articularon una feroz e in\u00e9dita campa\u00f1a de persecuci\u00f3n contra mi persona y mi familia\u2026\u00bb, expresa la l\u00edder del peronismo kirchnerista en un texto difundido en sus redes sociales.<\/p>\n<p style=\"margin: 0px; font-stretch: normal; font-size: 12px; line-height: normal; font-family: &quot;Helvetica Neue&quot;; color: #454545;\">\u00a0<\/p>\n<p style=\"margin: 0px; font-stretch: normal; font-size: 12px; line-height: normal; font-family: &quot;Helvetica Neue&quot;; color: #454545;\"><img decoding=\"async\" src=\"images\/stories\/1543400449373-scaled.jpg\" border=\"0\" \/><\/p>\n","protected":false},"excerpt":{"rendered":"<p>La vicepresidenta de Argentina, Cristina Fern\u00e1ndez, que fue jefa de Estado entre 2007 y 2015, asever\u00f3 este lunes que funcionarios del Fisco \u00aboperaron en la clandestinidad\u00bb junto con la Justicia para \u00abarmar un juicio de ejecuci\u00f3n fiscal\u00bb contra ella durante el anterior Gobierno, que encabezaba el conservador Mauricio Macri (2015-2019). \u00a0 \u00abPara los que a\u00fan [&hellip;]<\/p>\n","protected":false},"author":1,"featured_media":0,"comment_status":"open","ping_status":"open","sticky":false,"template":"","format":"standard","meta":{"tdm_status":"","tdm_grid_status":"","footnotes":""},"categories":[34],"tags":[],"class_list":{"0":"post-59288","1":"post","2":"type-post","3":"status-publish","4":"format-standard","6":"category-internacionales"},"yoast_head":"<!-- This site is optimized with the Yoast SEO plugin v25.1 - https:\/\/yoast.com\/wordpress\/plugins\/seo\/ -->\n<title>Cristina Fern\u00e1ndez acusa al Fisco de operar en la &quot;clandestinidad&quot; contra ella<\/title>\n<meta name=\"description\" content=\"Portal de noticias del Per\u00fa sobre el transporte a\u00e9reo, aviaci\u00f3n, turismo, hoteleria, actualidad.\" \/>\n<meta name=\"robots\" content=\"index, follow, max-snippet:-1, max-image-preview:large, max-video-preview:-1\" \/>\n<link rel=\"canonical\" href=\"https:\/\/aeronoticias.com.pe\/noticiero\/internacionales\/cristina-fernandez-acusa-al-fisco-de-operar-en-la-qclandestinidadq-contra-ella\/\" \/>\n<meta property=\"og:locale\" content=\"es_ES\" \/>\n<meta property=\"og:type\" content=\"article\" \/>\n<meta property=\"og:title\" content=\"Cristina Fern\u00e1ndez acusa al Fisco de operar en la &quot;clandestinidad&quot; contra ella\" \/>\n<meta property=\"og:description\" content=\"Portal de noticias del Per\u00fa sobre el transporte a\u00e9reo, aviaci\u00f3n, turismo, hoteleria, actualidad.\" \/>\n<meta property=\"og:url\" content=\"https:\/\/aeronoticias.com.pe\/noticiero\/internacionales\/cristina-fernandez-acusa-al-fisco-de-operar-en-la-qclandestinidadq-contra-ella\/\" \/>\n<meta property=\"og:site_name\" content=\"Aeronoticias.com.pe\" \/>\n<meta property=\"article:publisher\" content=\"https:\/\/www.facebook.com\/Aeronoticias.com.pe\/\" \/>\n<meta property=\"article:published_time\" content=\"2020-02-03T15:14:26+00:00\" \/>\n<meta name=\"author\" content=\"Redacci\u00f3n Aeronoticias\" \/>\n<meta name=\"twitter:card\" content=\"summary_large_image\" \/>\n<meta name=\"twitter:creator\" content=\"@aeronoticias\" \/>\n<meta name=\"twitter:site\" content=\"@aeronoticias\" \/>\n<meta name=\"twitter:label1\" content=\"Escrito por\" \/>\n\t<meta name=\"twitter:data1\" content=\"Redacci\u00f3n Aeronoticias\" \/>\n\t<meta name=\"twitter:label2\" content=\"Tiempo de lectura\" \/>\n\t<meta name=\"twitter:data2\" content=\"1 minuto\" \/>\n<script type=\"application\/ld+json\" class=\"yoast-schema-graph\">{\"@context\":\"https:\/\/schema.org\",\"@graph\":[{\"@type\":\"WebPage\",\"@id\":\"https:\/\/aeronoticias.com.pe\/noticiero\/internacionales\/cristina-fernandez-acusa-al-fisco-de-operar-en-la-qclandestinidadq-contra-ella\/\",\"url\":\"https:\/\/aeronoticias.com.pe\/noticiero\/internacionales\/cristina-fernandez-acusa-al-fisco-de-operar-en-la-qclandestinidadq-contra-ella\/\",\"name\":\"Cristina Fern\u00e1ndez acusa al Fisco de operar en la \\\"clandestinidad\\\" contra ella\",\"isPartOf\":{\"@id\":\"https:\/\/aeronoticias.com.pe\/noticiero\/#website\"},\"datePublished\":\"2020-02-03T15:14:26+00:00\",\"author\":{\"@id\":\"https:\/\/aeronoticias.com.pe\/noticiero\/#\/schema\/person\/fc1e5d578f4b62ba1cf7ac2bba1170a0\"},\"description\":\"Portal de noticias del Per\u00fa sobre el transporte a\u00e9reo, aviaci\u00f3n, turismo, hoteleria, actualidad.\",\"breadcrumb\":{\"@id\":\"https:\/\/aeronoticias.com.pe\/noticiero\/internacionales\/cristina-fernandez-acusa-al-fisco-de-operar-en-la-qclandestinidadq-contra-ella\/#breadcrumb\"},\"inLanguage\":\"es\",\"potentialAction\":[{\"@type\":\"ReadAction\",\"target\":[\"https:\/\/aeronoticias.com.pe\/noticiero\/internacionales\/cristina-fernandez-acusa-al-fisco-de-operar-en-la-qclandestinidadq-contra-ella\/\"]}]},{\"@type\":\"BreadcrumbList\",\"@id\":\"https:\/\/aeronoticias.com.pe\/noticiero\/internacionales\/cristina-fernandez-acusa-al-fisco-de-operar-en-la-qclandestinidadq-contra-ella\/#breadcrumb\",\"itemListElement\":[{\"@type\":\"ListItem\",\"position\":1,\"name\":\"Portada\",\"item\":\"https:\/\/aeronoticias.com.pe\/noticiero\/\"},{\"@type\":\"ListItem\",\"position\":2,\"name\":\"Cristina Fern\u00e1ndez acusa al Fisco de operar en la \u00abclandestinidad\u00bb contra ella\"}]},{\"@type\":\"WebSite\",\"@id\":\"https:\/\/aeronoticias.com.pe\/noticiero\/#website\",\"url\":\"https:\/\/aeronoticias.com.pe\/noticiero\/\",\"name\":\"Aeronoticias.com.pe\",\"description\":\"Noticias de tranporte aereo, turismo, hoteles, gastronomia, actualidad, internacional\",\"potentialAction\":[{\"@type\":\"SearchAction\",\"target\":{\"@type\":\"EntryPoint\",\"urlTemplate\":\"https:\/\/aeronoticias.com.pe\/noticiero\/?s={search_term_string}\"},\"query-input\":{\"@type\":\"PropertyValueSpecification\",\"valueRequired\":true,\"valueName\":\"search_term_string\"}}],\"inLanguage\":\"es\"},{\"@type\":\"Person\",\"@id\":\"https:\/\/aeronoticias.com.pe\/noticiero\/#\/schema\/person\/fc1e5d578f4b62ba1cf7ac2bba1170a0\",\"name\":\"Redacci\u00f3n Aeronoticias\",\"url\":\"https:\/\/aeronoticias.com.pe\/noticiero\/author\/piloto\/\"}]}<\/script>\n<!-- \/ Yoast SEO plugin. -->","yoast_head_json":{"title":"Cristina Fern\u00e1ndez acusa al Fisco de operar en la \"clandestinidad\" contra ella","description":"Portal de noticias del Per\u00fa sobre el transporte a\u00e9reo, aviaci\u00f3n, turismo, hoteleria, actualidad.","robots":{"index":"index","follow":"follow","max-snippet":"max-snippet:-1","max-image-preview":"max-image-preview:large","max-video-preview":"max-video-preview:-1"},"canonical":"https:\/\/aeronoticias.com.pe\/noticiero\/internacionales\/cristina-fernandez-acusa-al-fisco-de-operar-en-la-qclandestinidadq-contra-ella\/","og_locale":"es_ES","og_type":"article","og_title":"Cristina Fern\u00e1ndez acusa al Fisco de operar en la \"clandestinidad\" contra ella","og_description":"Portal de noticias del Per\u00fa sobre el transporte a\u00e9reo, aviaci\u00f3n, turismo, hoteleria, actualidad.","og_url":"https:\/\/aeronoticias.com.pe\/noticiero\/internacionales\/cristina-fernandez-acusa-al-fisco-de-operar-en-la-qclandestinidadq-contra-ella\/","og_site_name":"Aeronoticias.com.pe","article_publisher":"https:\/\/www.facebook.com\/Aeronoticias.com.pe\/","article_published_time":"2020-02-03T15:14:26+00:00","author":"Redacci\u00f3n Aeronoticias","twitter_card":"summary_large_image","twitter_creator":"@aeronoticias","twitter_site":"@aeronoticias","twitter_misc":{"Escrito por":"Redacci\u00f3n Aeronoticias","Tiempo de lectura":"1 minuto"},"schema":{"@context":"https:\/\/schema.org","@graph":[{"@type":"WebPage","@id":"https:\/\/aeronoticias.com.pe\/noticiero\/internacionales\/cristina-fernandez-acusa-al-fisco-de-operar-en-la-qclandestinidadq-contra-ella\/","url":"https:\/\/aeronoticias.com.pe\/noticiero\/internacionales\/cristina-fernandez-acusa-al-fisco-de-operar-en-la-qclandestinidadq-contra-ella\/","name":"Cristina Fern\u00e1ndez acusa al Fisco de operar en la \"clandestinidad\" contra ella","isPartOf":{"@id":"https:\/\/aeronoticias.com.pe\/noticiero\/#website"},"datePublished":"2020-02-03T15:14:26+00:00","author":{"@id":"https:\/\/aeronoticias.com.pe\/noticiero\/#\/schema\/person\/fc1e5d578f4b62ba1cf7ac2bba1170a0"},"description":"Portal de noticias del Per\u00fa sobre el transporte a\u00e9reo, aviaci\u00f3n, turismo, hoteleria, actualidad.","breadcrumb":{"@id":"https:\/\/aeronoticias.com.pe\/noticiero\/internacionales\/cristina-fernandez-acusa-al-fisco-de-operar-en-la-qclandestinidadq-contra-ella\/#breadcrumb"},"inLanguage":"es","potentialAction":[{"@type":"ReadAction","target":["https:\/\/aeronoticias.com.pe\/noticiero\/internacionales\/cristina-fernandez-acusa-al-fisco-de-operar-en-la-qclandestinidadq-contra-ella\/"]}]},{"@type":"BreadcrumbList","@id":"https:\/\/aeronoticias.com.pe\/noticiero\/internacionales\/cristina-fernandez-acusa-al-fisco-de-operar-en-la-qclandestinidadq-contra-ella\/#breadcrumb","itemListElement":[{"@type":"ListItem","position":1,"name":"Portada","item":"https:\/\/aeronoticias.com.pe\/noticiero\/"},{"@type":"ListItem","position":2,"name":"Cristina Fern\u00e1ndez acusa al Fisco de operar en la \u00abclandestinidad\u00bb contra ella"}]},{"@type":"WebSite","@id":"https:\/\/aeronoticias.com.pe\/noticiero\/#website","url":"https:\/\/aeronoticias.com.pe\/noticiero\/","name":"Aeronoticias.com.pe","description":"Noticias de tranporte aereo, turismo, hoteles, gastronomia, actualidad, internacional","potentialAction":[{"@type":"SearchAction","target":{"@type":"EntryPoint","urlTemplate":"https:\/\/aeronoticias.com.pe\/noticiero\/?s={search_term_string}"},"query-input":{"@type":"PropertyValueSpecification","valueRequired":true,"valueName":"search_term_string"}}],"inLanguage":"es"},{"@type":"Person","@id":"https:\/\/aeronoticias.com.pe\/noticiero\/#\/schema\/person\/fc1e5d578f4b62ba1cf7ac2bba1170a0","name":"Redacci\u00f3n Aeronoticias","url":"https:\/\/aeronoticias.com.pe\/noticiero\/author\/piloto\/"}]}},"_links":{"self":[{"href":"https:\/\/aeronoticias.com.pe\/noticiero\/wp-json\/wp\/v2\/posts\/59288","targetHints":{"allow":["GET"]}}],"collection":[{"href":"https:\/\/aeronoticias.com.pe\/noticiero\/wp-json\/wp\/v2\/posts"}],"about":[{"href":"https:\/\/aeronoticias.com.pe\/noticiero\/wp-json\/wp\/v2\/types\/post"}],"author":[{"embeddable":true,"href":"https:\/\/aeronoticias.com.pe\/noticiero\/wp-json\/wp\/v2\/users\/1"}],"replies":[{"embeddable":true,"href":"https:\/\/aeronoticias.com.pe\/noticiero\/wp-json\/wp\/v2\/comments?post=59288"}],"version-history":[{"count":0,"href":"https:\/\/aeronoticias.com.pe\/noticiero\/wp-json\/wp\/v2\/posts\/59288\/revisions"}],"wp:attachment":[{"href":"https:\/\/aeronoticias.com.pe\/noticiero\/wp-json\/wp\/v2\/media?parent=59288"}],"wp:term":[{"taxonomy":"category","embeddable":true,"href":"https:\/\/aeronoticias.com.pe\/noticiero\/wp-json\/wp\/v2\/categories?post=59288"},{"taxonomy":"post_tag","embeddable":true,"href":"https:\/\/aeronoticias.com.pe\/noticiero\/wp-json\/wp\/v2\/tags?post=59288"}],"curies":[{"name":"wp","href":"https:\/\/api.w.org\/{rel}","templated":true}]}}