{"id":59339,"date":"2020-02-07T20:38:11","date_gmt":"2020-02-07T20:38:11","guid":{"rendered":"http:\/\/desarrollo.mcvicious.com\/aero2020\/2020\/02\/07\/conoce-como-manejar-una-moto-de-manera-comoda-y-segura-este-verano\/"},"modified":"2020-02-07T20:38:11","modified_gmt":"2020-02-07T20:38:11","slug":"conoce-como-manejar-una-moto-de-manera-comoda-y-segura-este-verano","status":"publish","type":"post","link":"https:\/\/aeronoticias.com.pe\/noticiero\/mundo\/mundo-mundo-2\/conoce-como-manejar-una-moto-de-manera-comoda-y-segura-este-verano\/","title":{"rendered":"Conoce c\u00f3mo manejar una moto de manera c\u00f3moda y segura este verano"},"content":{"rendered":"<p style=\"text-align: justify;\"><strong>(Aeronoticias<\/strong>).-\u00a0<span style=\"color: #454545; font-family: Helvetica; font-size: 12px; text-align: justify;\">El verano lleg\u00f3 y con ello la interrogante de los moteros de qu\u00e9 vestimenta usar para sentirse c\u00f3modos y protegidos al manejar en d\u00edas calurosos, sobre todo en ciudades de la selva y el norte, que llegan a superar los 30 grados de temperatura, lo que hace que algunos opten por viajar con ropa m\u00e1s ligera y sin la protecci\u00f3n adecuada, exponi\u00e9ndose a\u00fan m\u00e1s a accidentes fatales o lesiones graves.<\/span><\/p>\n<p class=\"p1\" style=\"text-align: justify;\">Las quemaduras por abrasi\u00f3n, raspaduras y heridas leves, son las lesiones m\u00e1s habituales en verano, ya que la piel est\u00e1 expuesta sin protecci\u00f3n, afectando las piernas, pies, pero tambi\u00e9n los brazos y manos. Seg\u00fan Dante Nu\u00f1ez, especialista en accesorios de Protuner, es posible tener un viaje placentero y seguro pese a las altas temperaturas, por lo que recomend\u00f3 reemplazar los pantalones cortos, camisas y sandalias por indumentarias que ofrezcan protecci\u00f3n.<\/p>\n<p class=\"p1\" style=\"text-align: justify;\">Nu\u00f1ez, nos da a conocer los accesorios e indumentarias necesarias para manejar moto en d\u00edas soleados:<\/p>\n<p class=\"p1\" style=\"text-align: justify;\"><strong style=\"font-size: 12.16px;\">Casco:<\/strong><span style=\"font-size: 12.16px;\"> Es el accesorio m\u00e1s importante del motero, para verano es recomendable usar uno con protecci\u00f3n UV, de f\u00e1cil liberaci\u00f3n y con ventilaci\u00f3n ACS, que permite que todo el flujo de aire sea conducido de la parte frontal a la posterior, expulsando hacia afuera el calor y humedad.<\/span><\/p>\n<p class=\"p2\" style=\"text-align: justify;\"><strong>Guantes:<\/strong> Estos protegen tus manos y mu\u00f1ecas contra raspaduras, lesiones y ca\u00eddas. Para d\u00edas calurosos, es mejor elegir aquellos que tienen un perforado que favorece la ventilaci\u00f3n. Estos deben ser 100% transpirables.<\/p>\n<p class=\"p1\" style=\"text-align: justify;\"><strong>Casaca:<\/strong> Existen modelos para verano hechas en poli\u00e9ster y con tejido transpirable, lo que permite que el aire ingresa al cuerpo de motociclista cuando la moto avanza. En algunos casos, las casacas son para dos estaciones y vienen con un forro interno, el cual puede ser desmontado para que en el trayecto se pueda ir m\u00e1s fresco.<\/p>\n<p class=\"p1\" style=\"text-align: justify;\"><strong>Calzado:<\/strong> En cuanto al calzado, algunos est\u00e1n hechos de material 100% transpirable, lo cual permite mayor ventilaci\u00f3n al momento del desplazamiento. Es preferible usar zapatillas o zapatos, pues manejar con sandalias puede provocar el deslizamiento del pie por sudoraci\u00f3n.<\/p>\n<p class=\"p1\" style=\"text-align: justify;\"><span style=\"font-size: 12.16px;\">Por su parte, Joel Jim\u00e9nez, gerente de Protuner, l\u00ednea de accesorios de Crosland Automotriz, dijo que es necesario preparar la moto para las temperaturas elevadas, sobre todo si se va a realizar un viaje en pleno verano, ya que esta puede sufrir un enfriamiento deficiente en el motor lo que originar\u00eda sobrecalentamiento, asimismo, coment\u00f3 que es importante que los moteros usen ropa que proteja a su piel del sol, y que a la vez tenga aberturas de ventilaci\u00f3n suficiente para conservar una temperatura corporal soportable.<\/span><\/p>\n<p class=\"p1\" style=\"text-align: justify;\">La comodidad no debe ir en contra de la seguridad, existen marcas de vestimentas con protecci\u00f3n certificada como Seventy Degrees y Shaft, adecuadas para usar en climas calurosos.<span> <\/span>Lo ideal es siempre estar preparados para el accidente, la ropa de seguridad y el casco son para el motociclista,<span> <\/span>como el airbag y cintur\u00f3n de seguridad<span> <\/span>para el pasajero de autom\u00f3vil.<\/p>\n<p class=\"p1\"><strong><em><sup>-Fin-<\/sup><\/em><\/strong><\/p>\n<p class=\"p1\"><em><sup>Protuner, representante de marcas internacionales como HJC de Corea, MT de Espa\u00f1a y Shaft de Colombia. Especialista en la venta de accesorios para motos y motociclistas.<\/sup><\/em><\/p>\n<p class=\"p1\"><em><img decoding=\"async\" src=\"images\/stories\/imagen 2.jpg\" border=\"0\" \/><br \/><\/em><\/p>\n","protected":false},"excerpt":{"rendered":"<p>(Aeronoticias).-\u00a0El verano lleg\u00f3 y con ello la interrogante de los moteros de qu\u00e9 vestimenta usar para sentirse c\u00f3modos y protegidos al manejar en d\u00edas calurosos, sobre todo en ciudades de la selva y el norte, que llegan a superar los 30 grados de temperatura, lo que hace que algunos opten por viajar con ropa m\u00e1s [&hellip;]<\/p>\n","protected":false},"author":1,"featured_media":0,"comment_status":"open","ping_status":"open","sticky":false,"template":"","format":"standard","meta":{"tdm_status":"","tdm_grid_status":"","footnotes":""},"categories":[65],"tags":[],"class_list":{"0":"post-59339","1":"post","2":"type-post","3":"status-publish","4":"format-standard","6":"category-mundo-mundo-2"},"yoast_head":"<!-- This site is optimized with the Yoast SEO plugin v25.1 - https:\/\/yoast.com\/wordpress\/plugins\/seo\/ -->\n<title>Conoce c\u00f3mo manejar una moto de manera c\u00f3moda y segura este verano<\/title>\n<meta name=\"description\" content=\"Portal de noticias del Per\u00fa sobre el transporte a\u00e9reo, aviaci\u00f3n, turismo, hoteleria, actualidad.\" \/>\n<meta name=\"robots\" content=\"index, follow, max-snippet:-1, max-image-preview:large, max-video-preview:-1\" \/>\n<link rel=\"canonical\" href=\"https:\/\/aeronoticias.com.pe\/noticiero\/mundo\/mundo-mundo-2\/conoce-como-manejar-una-moto-de-manera-comoda-y-segura-este-verano\/\" \/>\n<meta property=\"og:locale\" content=\"es_ES\" \/>\n<meta property=\"og:type\" content=\"article\" \/>\n<meta property=\"og:title\" content=\"Conoce c\u00f3mo manejar una moto de manera c\u00f3moda y segura este verano\" \/>\n<meta property=\"og:description\" content=\"Portal de noticias del Per\u00fa sobre el transporte a\u00e9reo, aviaci\u00f3n, turismo, hoteleria, actualidad.\" \/>\n<meta property=\"og:url\" content=\"https:\/\/aeronoticias.com.pe\/noticiero\/mundo\/mundo-mundo-2\/conoce-como-manejar-una-moto-de-manera-comoda-y-segura-este-verano\/\" \/>\n<meta property=\"og:site_name\" content=\"Aeronoticias.com.pe\" \/>\n<meta property=\"article:publisher\" content=\"https:\/\/www.facebook.com\/Aeronoticias.com.pe\/\" \/>\n<meta property=\"article:published_time\" content=\"2020-02-07T20:38:11+00:00\" \/>\n<meta name=\"author\" content=\"Redacci\u00f3n Aeronoticias\" \/>\n<meta name=\"twitter:card\" content=\"summary_large_image\" \/>\n<meta name=\"twitter:creator\" content=\"@aeronoticias\" \/>\n<meta name=\"twitter:site\" content=\"@aeronoticias\" \/>\n<meta name=\"twitter:label1\" content=\"Escrito por\" \/>\n\t<meta name=\"twitter:data1\" content=\"Redacci\u00f3n Aeronoticias\" \/>\n\t<meta name=\"twitter:label2\" content=\"Tiempo de lectura\" \/>\n\t<meta name=\"twitter:data2\" content=\"3 minutos\" \/>\n<script type=\"application\/ld+json\" class=\"yoast-schema-graph\">{\"@context\":\"https:\/\/schema.org\",\"@graph\":[{\"@type\":\"WebPage\",\"@id\":\"https:\/\/aeronoticias.com.pe\/noticiero\/mundo\/mundo-mundo-2\/conoce-como-manejar-una-moto-de-manera-comoda-y-segura-este-verano\/\",\"url\":\"https:\/\/aeronoticias.com.pe\/noticiero\/mundo\/mundo-mundo-2\/conoce-como-manejar-una-moto-de-manera-comoda-y-segura-este-verano\/\",\"name\":\"Conoce c\u00f3mo manejar una moto de manera c\u00f3moda y segura este verano\",\"isPartOf\":{\"@id\":\"https:\/\/aeronoticias.com.pe\/noticiero\/#website\"},\"datePublished\":\"2020-02-07T20:38:11+00:00\",\"author\":{\"@id\":\"https:\/\/aeronoticias.com.pe\/noticiero\/#\/schema\/person\/fc1e5d578f4b62ba1cf7ac2bba1170a0\"},\"description\":\"Portal de noticias del Per\u00fa sobre el transporte a\u00e9reo, aviaci\u00f3n, turismo, hoteleria, actualidad.\",\"breadcrumb\":{\"@id\":\"https:\/\/aeronoticias.com.pe\/noticiero\/mundo\/mundo-mundo-2\/conoce-como-manejar-una-moto-de-manera-comoda-y-segura-este-verano\/#breadcrumb\"},\"inLanguage\":\"es\",\"potentialAction\":[{\"@type\":\"ReadAction\",\"target\":[\"https:\/\/aeronoticias.com.pe\/noticiero\/mundo\/mundo-mundo-2\/conoce-como-manejar-una-moto-de-manera-comoda-y-segura-este-verano\/\"]}]},{\"@type\":\"BreadcrumbList\",\"@id\":\"https:\/\/aeronoticias.com.pe\/noticiero\/mundo\/mundo-mundo-2\/conoce-como-manejar-una-moto-de-manera-comoda-y-segura-este-verano\/#breadcrumb\",\"itemListElement\":[{\"@type\":\"ListItem\",\"position\":1,\"name\":\"Portada\",\"item\":\"https:\/\/aeronoticias.com.pe\/noticiero\/\"},{\"@type\":\"ListItem\",\"position\":2,\"name\":\"Conoce c\u00f3mo manejar una moto de manera c\u00f3moda y segura este verano\"}]},{\"@type\":\"WebSite\",\"@id\":\"https:\/\/aeronoticias.com.pe\/noticiero\/#website\",\"url\":\"https:\/\/aeronoticias.com.pe\/noticiero\/\",\"name\":\"Aeronoticias.com.pe\",\"description\":\"Noticias de tranporte aereo, turismo, hoteles, gastronomia, actualidad, internacional\",\"potentialAction\":[{\"@type\":\"SearchAction\",\"target\":{\"@type\":\"EntryPoint\",\"urlTemplate\":\"https:\/\/aeronoticias.com.pe\/noticiero\/?s={search_term_string}\"},\"query-input\":{\"@type\":\"PropertyValueSpecification\",\"valueRequired\":true,\"valueName\":\"search_term_string\"}}],\"inLanguage\":\"es\"},{\"@type\":\"Person\",\"@id\":\"https:\/\/aeronoticias.com.pe\/noticiero\/#\/schema\/person\/fc1e5d578f4b62ba1cf7ac2bba1170a0\",\"name\":\"Redacci\u00f3n Aeronoticias\",\"url\":\"https:\/\/aeronoticias.com.pe\/noticiero\/author\/piloto\/\"}]}<\/script>\n<!-- \/ Yoast SEO plugin. -->","yoast_head_json":{"title":"Conoce c\u00f3mo manejar una moto de manera c\u00f3moda y segura este verano","description":"Portal de noticias del Per\u00fa sobre el transporte a\u00e9reo, aviaci\u00f3n, turismo, hoteleria, actualidad.","robots":{"index":"index","follow":"follow","max-snippet":"max-snippet:-1","max-image-preview":"max-image-preview:large","max-video-preview":"max-video-preview:-1"},"canonical":"https:\/\/aeronoticias.com.pe\/noticiero\/mundo\/mundo-mundo-2\/conoce-como-manejar-una-moto-de-manera-comoda-y-segura-este-verano\/","og_locale":"es_ES","og_type":"article","og_title":"Conoce c\u00f3mo manejar una moto de manera c\u00f3moda y segura este verano","og_description":"Portal de noticias del Per\u00fa sobre el transporte a\u00e9reo, aviaci\u00f3n, turismo, hoteleria, actualidad.","og_url":"https:\/\/aeronoticias.com.pe\/noticiero\/mundo\/mundo-mundo-2\/conoce-como-manejar-una-moto-de-manera-comoda-y-segura-este-verano\/","og_site_name":"Aeronoticias.com.pe","article_publisher":"https:\/\/www.facebook.com\/Aeronoticias.com.pe\/","article_published_time":"2020-02-07T20:38:11+00:00","author":"Redacci\u00f3n Aeronoticias","twitter_card":"summary_large_image","twitter_creator":"@aeronoticias","twitter_site":"@aeronoticias","twitter_misc":{"Escrito por":"Redacci\u00f3n Aeronoticias","Tiempo de lectura":"3 minutos"},"schema":{"@context":"https:\/\/schema.org","@graph":[{"@type":"WebPage","@id":"https:\/\/aeronoticias.com.pe\/noticiero\/mundo\/mundo-mundo-2\/conoce-como-manejar-una-moto-de-manera-comoda-y-segura-este-verano\/","url":"https:\/\/aeronoticias.com.pe\/noticiero\/mundo\/mundo-mundo-2\/conoce-como-manejar-una-moto-de-manera-comoda-y-segura-este-verano\/","name":"Conoce c\u00f3mo manejar una moto de manera c\u00f3moda y segura este verano","isPartOf":{"@id":"https:\/\/aeronoticias.com.pe\/noticiero\/#website"},"datePublished":"2020-02-07T20:38:11+00:00","author":{"@id":"https:\/\/aeronoticias.com.pe\/noticiero\/#\/schema\/person\/fc1e5d578f4b62ba1cf7ac2bba1170a0"},"description":"Portal de noticias del Per\u00fa sobre el transporte a\u00e9reo, aviaci\u00f3n, turismo, hoteleria, actualidad.","breadcrumb":{"@id":"https:\/\/aeronoticias.com.pe\/noticiero\/mundo\/mundo-mundo-2\/conoce-como-manejar-una-moto-de-manera-comoda-y-segura-este-verano\/#breadcrumb"},"inLanguage":"es","potentialAction":[{"@type":"ReadAction","target":["https:\/\/aeronoticias.com.pe\/noticiero\/mundo\/mundo-mundo-2\/conoce-como-manejar-una-moto-de-manera-comoda-y-segura-este-verano\/"]}]},{"@type":"BreadcrumbList","@id":"https:\/\/aeronoticias.com.pe\/noticiero\/mundo\/mundo-mundo-2\/conoce-como-manejar-una-moto-de-manera-comoda-y-segura-este-verano\/#breadcrumb","itemListElement":[{"@type":"ListItem","position":1,"name":"Portada","item":"https:\/\/aeronoticias.com.pe\/noticiero\/"},{"@type":"ListItem","position":2,"name":"Conoce c\u00f3mo manejar una moto de manera c\u00f3moda y segura este verano"}]},{"@type":"WebSite","@id":"https:\/\/aeronoticias.com.pe\/noticiero\/#website","url":"https:\/\/aeronoticias.com.pe\/noticiero\/","name":"Aeronoticias.com.pe","description":"Noticias de tranporte aereo, turismo, hoteles, gastronomia, actualidad, internacional","potentialAction":[{"@type":"SearchAction","target":{"@type":"EntryPoint","urlTemplate":"https:\/\/aeronoticias.com.pe\/noticiero\/?s={search_term_string}"},"query-input":{"@type":"PropertyValueSpecification","valueRequired":true,"valueName":"search_term_string"}}],"inLanguage":"es"},{"@type":"Person","@id":"https:\/\/aeronoticias.com.pe\/noticiero\/#\/schema\/person\/fc1e5d578f4b62ba1cf7ac2bba1170a0","name":"Redacci\u00f3n Aeronoticias","url":"https:\/\/aeronoticias.com.pe\/noticiero\/author\/piloto\/"}]}},"_links":{"self":[{"href":"https:\/\/aeronoticias.com.pe\/noticiero\/wp-json\/wp\/v2\/posts\/59339","targetHints":{"allow":["GET"]}}],"collection":[{"href":"https:\/\/aeronoticias.com.pe\/noticiero\/wp-json\/wp\/v2\/posts"}],"about":[{"href":"https:\/\/aeronoticias.com.pe\/noticiero\/wp-json\/wp\/v2\/types\/post"}],"author":[{"embeddable":true,"href":"https:\/\/aeronoticias.com.pe\/noticiero\/wp-json\/wp\/v2\/users\/1"}],"replies":[{"embeddable":true,"href":"https:\/\/aeronoticias.com.pe\/noticiero\/wp-json\/wp\/v2\/comments?post=59339"}],"version-history":[{"count":0,"href":"https:\/\/aeronoticias.com.pe\/noticiero\/wp-json\/wp\/v2\/posts\/59339\/revisions"}],"wp:attachment":[{"href":"https:\/\/aeronoticias.com.pe\/noticiero\/wp-json\/wp\/v2\/media?parent=59339"}],"wp:term":[{"taxonomy":"category","embeddable":true,"href":"https:\/\/aeronoticias.com.pe\/noticiero\/wp-json\/wp\/v2\/categories?post=59339"},{"taxonomy":"post_tag","embeddable":true,"href":"https:\/\/aeronoticias.com.pe\/noticiero\/wp-json\/wp\/v2\/tags?post=59339"}],"curies":[{"name":"wp","href":"https:\/\/api.w.org\/{rel}","templated":true}]}}