{"id":59340,"date":"2020-02-10T13:15:54","date_gmt":"2020-02-10T13:15:54","guid":{"rendered":"http:\/\/desarrollo.mcvicious.com\/aero2020\/2020\/02\/10\/airbus-en-conversaciones-para-comprar-la-participacion-de-bombardier-en-el-programa-a220\/"},"modified":"2020-11-10T23:44:02","modified_gmt":"2020-11-11T04:44:02","slug":"airbus-en-conversaciones-para-comprar-la-participacion-de-bombardier-en-el-programa-a220","status":"publish","type":"post","link":"https:\/\/aeronoticias.com.pe\/noticiero\/transporte-aereo\/internacional\/airbus-en-conversaciones-para-comprar-la-participacion-de-bombardier-en-el-programa-a220\/","title":{"rendered":"Airbus en conversaciones para comprar la participaci\u00f3n de Bombardier en el programa A220"},"content":{"rendered":"\n<p class=\"p1\">Airbus est\u00e1 negociando la compra de la participaci\u00f3n de Bombardier en el programa de aviones A220, seg\u00fan indicaron personas familiarizadas con el tema.<\/p>\n\n\n\n<p class=\"p1\">Las negociaciones entre las compa\u00f1\u00edas est\u00e1n en una etapa avanzada, dijeron estas personas que pidieron mantener el anonimato. El acuerdo podr\u00eda anunciarse esta pr\u00f3xima semana.<\/p>\n\n\n\n<p class=\"p1\">Bombardier invirti\u00f3 m\u00e1s de 6.000 millones de d\u00f3lares en el desarrollo del A220 antes de ceder finalmente el control del programa a Airbus en 2018 mientras luchaba por vender el avi\u00f3n de pasillo \u00fanico. El fabricante canadiense est\u00e1 obligado a pagar hasta 350 millones de d\u00f3lares hasta el 2021 para financiar los d\u00e9ficits de efectivo del programa de aviones, seg\u00fan los t\u00e9rminos de su acuerdo de asociaci\u00f3n.<\/p>\n\n\n\n<p class=\"p1\">Un portavoz de Airbus se neg\u00f3 a hacer comentarios.<\/p>\n\n\n\n<p class=\"p1\">Las negociaciones fueron reportadas por el Wall Street Journal y causaron que las acciones de Bombardier subieran hasta un 4.5% el viernes, revirtiendo las p\u00e9rdidas anteriores.<\/p>\n\n\n\n<p class=\"p1\">Fuente: <span style=\"text-decoration: underline;\"><em><strong>Bloomberg<\/strong><\/em><\/span>.<\/p>\n","protected":false},"excerpt":{"rendered":"<p>Airbus est\u00e1 negociando la compra de la participaci\u00f3n de Bombardier en el programa de aviones A220, seg\u00fan indicaron personas familiarizadas con el tema. Las negociaciones entre las compa\u00f1\u00edas est\u00e1n en una etapa avanzada, dijeron estas personas que pidieron mantener el anonimato. El acuerdo podr\u00eda anunciarse esta pr\u00f3xima semana. Bombardier invirti\u00f3 m\u00e1s de 6.000 millones de [&hellip;]<\/p>\n","protected":false},"author":1,"featured_media":64926,"comment_status":"open","ping_status":"open","sticky":false,"template":"","format":"standard","meta":{"tdm_status":"","tdm_grid_status":"","footnotes":""},"categories":[32],"tags":[622,181,617,185],"class_list":{"0":"post-59340","1":"post","2":"type-post","3":"status-publish","4":"format-standard","5":"has-post-thumbnail","7":"category-internacional","8":"tag-a220","9":"tag-airbus","10":"tag-bombardier","11":"tag-vuelos-internacionales"},"yoast_head":"<!-- This site is optimized with the Yoast SEO plugin v25.1 - https:\/\/yoast.com\/wordpress\/plugins\/seo\/ -->\n<title>Airbus en conversaciones para comprar la participaci\u00f3n de Bombardier en el programa A220<\/title>\n<meta name=\"description\" content=\"Airbus est\u00e1 negociando la compra de la participaci\u00f3n de Bombardier en el programa de aviones A220, seg\u00fan indicaron personas familiarizadas con el tema.\" \/>\n<meta name=\"robots\" content=\"index, follow, max-snippet:-1, max-image-preview:large, max-video-preview:-1\" \/>\n<link rel=\"canonical\" href=\"https:\/\/aeronoticias.com.pe\/noticiero\/transporte-aereo\/internacional\/airbus-en-conversaciones-para-comprar-la-participacion-de-bombardier-en-el-programa-a220\/\" \/>\n<meta property=\"og:locale\" content=\"es_ES\" \/>\n<meta property=\"og:type\" content=\"article\" \/>\n<meta property=\"og:title\" content=\"Airbus en conversaciones para comprar la participaci\u00f3n de Bombardier en el programa A220\" \/>\n<meta property=\"og:description\" content=\"Airbus est\u00e1 negociando la compra de la participaci\u00f3n de Bombardier en el programa de aviones A220, seg\u00fan indicaron personas familiarizadas con el tema.\" \/>\n<meta property=\"og:url\" content=\"https:\/\/aeronoticias.com.pe\/noticiero\/transporte-aereo\/internacional\/airbus-en-conversaciones-para-comprar-la-participacion-de-bombardier-en-el-programa-a220\/\" \/>\n<meta property=\"og:site_name\" content=\"Aeronoticias.com.pe\" \/>\n<meta property=\"article:publisher\" content=\"https:\/\/www.facebook.com\/Aeronoticias.com.pe\/\" \/>\n<meta property=\"article:published_time\" content=\"2020-02-10T13:15:54+00:00\" \/>\n<meta property=\"article:modified_time\" content=\"2020-11-11T04:44:02+00:00\" \/>\n<meta property=\"og:image\" content=\"https:\/\/aeronoticias.com.pe\/noticiero\/wp-content\/uploads\/2020\/02\/Bombardier.jpg\" \/>\n\t<meta property=\"og:image:width\" content=\"2121\" \/>\n\t<meta property=\"og:image:height\" content=\"1414\" \/>\n\t<meta property=\"og:image:type\" content=\"image\/jpeg\" \/>\n<meta name=\"author\" content=\"Redacci\u00f3n Aeronoticias\" \/>\n<meta name=\"twitter:card\" content=\"summary_large_image\" \/>\n<meta name=\"twitter:creator\" content=\"@aeronoticias\" \/>\n<meta name=\"twitter:site\" content=\"@aeronoticias\" \/>\n<meta name=\"twitter:label1\" content=\"Escrito por\" \/>\n\t<meta name=\"twitter:data1\" content=\"Redacci\u00f3n Aeronoticias\" \/>\n\t<meta name=\"twitter:label2\" content=\"Tiempo de lectura\" \/>\n\t<meta name=\"twitter:data2\" content=\"1 minuto\" \/>\n<script type=\"application\/ld+json\" class=\"yoast-schema-graph\">{\"@context\":\"https:\/\/schema.org\",\"@graph\":[{\"@type\":\"WebPage\",\"@id\":\"https:\/\/aeronoticias.com.pe\/noticiero\/transporte-aereo\/internacional\/airbus-en-conversaciones-para-comprar-la-participacion-de-bombardier-en-el-programa-a220\/\",\"url\":\"https:\/\/aeronoticias.com.pe\/noticiero\/transporte-aereo\/internacional\/airbus-en-conversaciones-para-comprar-la-participacion-de-bombardier-en-el-programa-a220\/\",\"name\":\"Airbus en conversaciones para comprar la participaci\u00f3n de Bombardier en el programa A220\",\"isPartOf\":{\"@id\":\"https:\/\/aeronoticias.com.pe\/noticiero\/#website\"},\"primaryImageOfPage\":{\"@id\":\"https:\/\/aeronoticias.com.pe\/noticiero\/transporte-aereo\/internacional\/airbus-en-conversaciones-para-comprar-la-participacion-de-bombardier-en-el-programa-a220\/#primaryimage\"},\"image\":{\"@id\":\"https:\/\/aeronoticias.com.pe\/noticiero\/transporte-aereo\/internacional\/airbus-en-conversaciones-para-comprar-la-participacion-de-bombardier-en-el-programa-a220\/#primaryimage\"},\"thumbnailUrl\":\"https:\/\/aeronoticias.com.pe\/noticiero\/wp-content\/uploads\/2020\/02\/Bombardier.jpg\",\"datePublished\":\"2020-02-10T13:15:54+00:00\",\"dateModified\":\"2020-11-11T04:44:02+00:00\",\"author\":{\"@id\":\"https:\/\/aeronoticias.com.pe\/noticiero\/#\/schema\/person\/fc1e5d578f4b62ba1cf7ac2bba1170a0\"},\"description\":\"Airbus est\u00e1 negociando la compra de la participaci\u00f3n de Bombardier en el programa de aviones A220, seg\u00fan indicaron personas familiarizadas con el tema.\",\"breadcrumb\":{\"@id\":\"https:\/\/aeronoticias.com.pe\/noticiero\/transporte-aereo\/internacional\/airbus-en-conversaciones-para-comprar-la-participacion-de-bombardier-en-el-programa-a220\/#breadcrumb\"},\"inLanguage\":\"es\",\"potentialAction\":[{\"@type\":\"ReadAction\",\"target\":[\"https:\/\/aeronoticias.com.pe\/noticiero\/transporte-aereo\/internacional\/airbus-en-conversaciones-para-comprar-la-participacion-de-bombardier-en-el-programa-a220\/\"]}]},{\"@type\":\"ImageObject\",\"inLanguage\":\"es\",\"@id\":\"https:\/\/aeronoticias.com.pe\/noticiero\/transporte-aereo\/internacional\/airbus-en-conversaciones-para-comprar-la-participacion-de-bombardier-en-el-programa-a220\/#primaryimage\",\"url\":\"https:\/\/aeronoticias.com.pe\/noticiero\/wp-content\/uploads\/2020\/02\/Bombardier.jpg\",\"contentUrl\":\"https:\/\/aeronoticias.com.pe\/noticiero\/wp-content\/uploads\/2020\/02\/Bombardier.jpg\",\"width\":2121,\"height\":1414},{\"@type\":\"BreadcrumbList\",\"@id\":\"https:\/\/aeronoticias.com.pe\/noticiero\/transporte-aereo\/internacional\/airbus-en-conversaciones-para-comprar-la-participacion-de-bombardier-en-el-programa-a220\/#breadcrumb\",\"itemListElement\":[{\"@type\":\"ListItem\",\"position\":1,\"name\":\"Portada\",\"item\":\"https:\/\/aeronoticias.com.pe\/noticiero\/\"},{\"@type\":\"ListItem\",\"position\":2,\"name\":\"Airbus en conversaciones para comprar la participaci\u00f3n de Bombardier en el programa A220\"}]},{\"@type\":\"WebSite\",\"@id\":\"https:\/\/aeronoticias.com.pe\/noticiero\/#website\",\"url\":\"https:\/\/aeronoticias.com.pe\/noticiero\/\",\"name\":\"Aeronoticias.com.pe\",\"description\":\"Noticias de tranporte aereo, turismo, hoteles, gastronomia, actualidad, internacional\",\"potentialAction\":[{\"@type\":\"SearchAction\",\"target\":{\"@type\":\"EntryPoint\",\"urlTemplate\":\"https:\/\/aeronoticias.com.pe\/noticiero\/?s={search_term_string}\"},\"query-input\":{\"@type\":\"PropertyValueSpecification\",\"valueRequired\":true,\"valueName\":\"search_term_string\"}}],\"inLanguage\":\"es\"},{\"@type\":\"Person\",\"@id\":\"https:\/\/aeronoticias.com.pe\/noticiero\/#\/schema\/person\/fc1e5d578f4b62ba1cf7ac2bba1170a0\",\"name\":\"Redacci\u00f3n Aeronoticias\",\"url\":\"https:\/\/aeronoticias.com.pe\/noticiero\/author\/piloto\/\"}]}<\/script>\n<!-- \/ Yoast SEO plugin. -->","yoast_head_json":{"title":"Airbus en conversaciones para comprar la participaci\u00f3n de Bombardier en el programa A220","description":"Airbus est\u00e1 negociando la compra de la participaci\u00f3n de Bombardier en el programa de aviones A220, seg\u00fan indicaron personas familiarizadas con el tema.","robots":{"index":"index","follow":"follow","max-snippet":"max-snippet:-1","max-image-preview":"max-image-preview:large","max-video-preview":"max-video-preview:-1"},"canonical":"https:\/\/aeronoticias.com.pe\/noticiero\/transporte-aereo\/internacional\/airbus-en-conversaciones-para-comprar-la-participacion-de-bombardier-en-el-programa-a220\/","og_locale":"es_ES","og_type":"article","og_title":"Airbus en conversaciones para comprar la participaci\u00f3n de Bombardier en el programa A220","og_description":"Airbus est\u00e1 negociando la compra de la participaci\u00f3n de Bombardier en el programa de aviones A220, seg\u00fan indicaron personas familiarizadas con el tema.","og_url":"https:\/\/aeronoticias.com.pe\/noticiero\/transporte-aereo\/internacional\/airbus-en-conversaciones-para-comprar-la-participacion-de-bombardier-en-el-programa-a220\/","og_site_name":"Aeronoticias.com.pe","article_publisher":"https:\/\/www.facebook.com\/Aeronoticias.com.pe\/","article_published_time":"2020-02-10T13:15:54+00:00","article_modified_time":"2020-11-11T04:44:02+00:00","og_image":[{"width":2121,"height":1414,"url":"https:\/\/aeronoticias.com.pe\/noticiero\/wp-content\/uploads\/2020\/02\/Bombardier.jpg","type":"image\/jpeg"}],"author":"Redacci\u00f3n Aeronoticias","twitter_card":"summary_large_image","twitter_creator":"@aeronoticias","twitter_site":"@aeronoticias","twitter_misc":{"Escrito por":"Redacci\u00f3n Aeronoticias","Tiempo de lectura":"1 minuto"},"schema":{"@context":"https:\/\/schema.org","@graph":[{"@type":"WebPage","@id":"https:\/\/aeronoticias.com.pe\/noticiero\/transporte-aereo\/internacional\/airbus-en-conversaciones-para-comprar-la-participacion-de-bombardier-en-el-programa-a220\/","url":"https:\/\/aeronoticias.com.pe\/noticiero\/transporte-aereo\/internacional\/airbus-en-conversaciones-para-comprar-la-participacion-de-bombardier-en-el-programa-a220\/","name":"Airbus en conversaciones para comprar la participaci\u00f3n de Bombardier en el programa A220","isPartOf":{"@id":"https:\/\/aeronoticias.com.pe\/noticiero\/#website"},"primaryImageOfPage":{"@id":"https:\/\/aeronoticias.com.pe\/noticiero\/transporte-aereo\/internacional\/airbus-en-conversaciones-para-comprar-la-participacion-de-bombardier-en-el-programa-a220\/#primaryimage"},"image":{"@id":"https:\/\/aeronoticias.com.pe\/noticiero\/transporte-aereo\/internacional\/airbus-en-conversaciones-para-comprar-la-participacion-de-bombardier-en-el-programa-a220\/#primaryimage"},"thumbnailUrl":"https:\/\/aeronoticias.com.pe\/noticiero\/wp-content\/uploads\/2020\/02\/Bombardier.jpg","datePublished":"2020-02-10T13:15:54+00:00","dateModified":"2020-11-11T04:44:02+00:00","author":{"@id":"https:\/\/aeronoticias.com.pe\/noticiero\/#\/schema\/person\/fc1e5d578f4b62ba1cf7ac2bba1170a0"},"description":"Airbus est\u00e1 negociando la compra de la participaci\u00f3n de Bombardier en el programa de aviones A220, seg\u00fan indicaron personas familiarizadas con el tema.","breadcrumb":{"@id":"https:\/\/aeronoticias.com.pe\/noticiero\/transporte-aereo\/internacional\/airbus-en-conversaciones-para-comprar-la-participacion-de-bombardier-en-el-programa-a220\/#breadcrumb"},"inLanguage":"es","potentialAction":[{"@type":"ReadAction","target":["https:\/\/aeronoticias.com.pe\/noticiero\/transporte-aereo\/internacional\/airbus-en-conversaciones-para-comprar-la-participacion-de-bombardier-en-el-programa-a220\/"]}]},{"@type":"ImageObject","inLanguage":"es","@id":"https:\/\/aeronoticias.com.pe\/noticiero\/transporte-aereo\/internacional\/airbus-en-conversaciones-para-comprar-la-participacion-de-bombardier-en-el-programa-a220\/#primaryimage","url":"https:\/\/aeronoticias.com.pe\/noticiero\/wp-content\/uploads\/2020\/02\/Bombardier.jpg","contentUrl":"https:\/\/aeronoticias.com.pe\/noticiero\/wp-content\/uploads\/2020\/02\/Bombardier.jpg","width":2121,"height":1414},{"@type":"BreadcrumbList","@id":"https:\/\/aeronoticias.com.pe\/noticiero\/transporte-aereo\/internacional\/airbus-en-conversaciones-para-comprar-la-participacion-de-bombardier-en-el-programa-a220\/#breadcrumb","itemListElement":[{"@type":"ListItem","position":1,"name":"Portada","item":"https:\/\/aeronoticias.com.pe\/noticiero\/"},{"@type":"ListItem","position":2,"name":"Airbus en conversaciones para comprar la participaci\u00f3n de Bombardier en el programa A220"}]},{"@type":"WebSite","@id":"https:\/\/aeronoticias.com.pe\/noticiero\/#website","url":"https:\/\/aeronoticias.com.pe\/noticiero\/","name":"Aeronoticias.com.pe","description":"Noticias de tranporte aereo, turismo, hoteles, gastronomia, actualidad, internacional","potentialAction":[{"@type":"SearchAction","target":{"@type":"EntryPoint","urlTemplate":"https:\/\/aeronoticias.com.pe\/noticiero\/?s={search_term_string}"},"query-input":{"@type":"PropertyValueSpecification","valueRequired":true,"valueName":"search_term_string"}}],"inLanguage":"es"},{"@type":"Person","@id":"https:\/\/aeronoticias.com.pe\/noticiero\/#\/schema\/person\/fc1e5d578f4b62ba1cf7ac2bba1170a0","name":"Redacci\u00f3n Aeronoticias","url":"https:\/\/aeronoticias.com.pe\/noticiero\/author\/piloto\/"}]}},"_links":{"self":[{"href":"https:\/\/aeronoticias.com.pe\/noticiero\/wp-json\/wp\/v2\/posts\/59340","targetHints":{"allow":["GET"]}}],"collection":[{"href":"https:\/\/aeronoticias.com.pe\/noticiero\/wp-json\/wp\/v2\/posts"}],"about":[{"href":"https:\/\/aeronoticias.com.pe\/noticiero\/wp-json\/wp\/v2\/types\/post"}],"author":[{"embeddable":true,"href":"https:\/\/aeronoticias.com.pe\/noticiero\/wp-json\/wp\/v2\/users\/1"}],"replies":[{"embeddable":true,"href":"https:\/\/aeronoticias.com.pe\/noticiero\/wp-json\/wp\/v2\/comments?post=59340"}],"version-history":[{"count":0,"href":"https:\/\/aeronoticias.com.pe\/noticiero\/wp-json\/wp\/v2\/posts\/59340\/revisions"}],"wp:featuredmedia":[{"embeddable":true,"href":"https:\/\/aeronoticias.com.pe\/noticiero\/wp-json\/wp\/v2\/media\/64926"}],"wp:attachment":[{"href":"https:\/\/aeronoticias.com.pe\/noticiero\/wp-json\/wp\/v2\/media?parent=59340"}],"wp:term":[{"taxonomy":"category","embeddable":true,"href":"https:\/\/aeronoticias.com.pe\/noticiero\/wp-json\/wp\/v2\/categories?post=59340"},{"taxonomy":"post_tag","embeddable":true,"href":"https:\/\/aeronoticias.com.pe\/noticiero\/wp-json\/wp\/v2\/tags?post=59340"}],"curies":[{"name":"wp","href":"https:\/\/api.w.org\/{rel}","templated":true}]}}