{"id":59405,"date":"2020-02-19T05:56:23","date_gmt":"2020-02-19T05:56:23","guid":{"rendered":"http:\/\/desarrollo.mcvicious.com\/aero2020\/2020\/02\/19\/portugal-considero-la-suspension-de-la-aerolinea-tap-en-venezuela-como-un-acto-hostil\/"},"modified":"2020-11-10T23:01:11","modified_gmt":"2020-11-11T04:01:11","slug":"portugal-considero-la-suspension-de-la-aerolinea-tap-en-venezuela-como-un-acto-hostil","status":"publish","type":"post","link":"https:\/\/aeronoticias.com.pe\/noticiero\/transporte-aereo\/internacional\/portugal-considero-la-suspension-de-la-aerolinea-tap-en-venezuela-como-un-acto-hostil\/","title":{"rendered":"Portugal consider\u00f3 la suspensi\u00f3n de la aerol\u00ednea TAP en Venezuela como &#8216;un acto hostil&#8217;"},"content":{"rendered":"\n<p>El ministro de Relaciones Exteriores, Augusto Santos Silva, asegur\u00f3 este martes 18 de febrero que la decisi\u00f3n del gobierno venezolano de Nicol\u00e1s Maduro de suspender las operaciones de <strong>TAP<\/strong> no cuenta \u201ccon ning\u00fan tipo de justificaci\u00f3n\u201d.<\/p>\n\n\n\n<p class=\"p1\">El funcionario asegur\u00f3 que es una medida inconcebible \u201cen un Estado que quiere seguir el Estado de derecho\u201d. Es una medida que atenta contra los venezolanos y es un acto hostil para Portugal, un pa\u00eds que se ha caracterizado por la capacidad de hablar con todos\u201d.<\/p>\n\n\n\n<p class=\"p1\">\u201cEsto es completamente infundado e injustificado. No veo ning\u00fan tipo de justificaci\u00f3n, ya sea por la historia de TAP en Venezuela, por lo que TAP ya ha dicho y porque no hay evidencia. No se han presentado pruebas para analizar de manera objetiva el caso, aparte de unas alegaciones\u201d, dijo Silva.<\/p>\n\n\n\n<p class=\"p1\">Indic\u00f3 el canciller Augusto Santos Silva, de acuerdo a sus declaraciones al medio portugu\u00e9s Observador, que la reacci\u00f3n del gobierno venezolano \u201ces un acto hostil para Portugal (\u2026) que no ha hecho nada m\u00e1s en la relaci\u00f3n con Venezuela que contribuir para que los venezolanos puedan superar la crisis pol\u00edtica y humanitaria en la que est\u00e1n inmersos. No hemos hecho nada m\u00e1s que buscar ayudar\u201d.<\/p>\n\n\n\n<p class=\"p1\">Tambi\u00e9n reproch\u00f3 que se suspendiera por 90 d\u00edas las operaciones de la aerol\u00ednea TAP. \u201cSe tom\u00f3 una decisi\u00f3n \u201csin escuchar, en este caso, a la aerol\u00ednea penalizada, es inconcebible\u201d.<\/p>\n\n\n\n<p class=\"p1\">Santos Silva agreg\u00f3 tambi\u00e9n que Portugal usar\u00e1 ahora \u201ctodos los medios diplom\u00e1ticos\u201d de los que dispone para hacer frente a la situaci\u00f3n, que, sostuvo, perjudica a venezolanos y a la poblaci\u00f3n portuguesa residente en el pa\u00eds caribe\u00f1o.<\/p>\n\n\n\n<p class=\"p1\">La tarde del pasado lunes, el Gobierno de Venezuela decidi\u00f3 suspender por un lapso de \u201c90 d\u00edas\u201d las operaciones en el pa\u00eds de la aerol\u00ednea TAP Air Portugal por incumplimiento e irregularidades en los \u201cprocedimientos internacionales\u201d.<\/p>\n\n\n\n<p class=\"p1\">La informaci\u00f3n la dio a conocer el ministro para el Transporte, Hip\u00f3lito Abreu, en su cuenta en Twitter.<\/p>\n\n\n\n<p class=\"p1\">\u201cDebido a las graves irregularidades cometidas en el vuelo TP173 y en apego a la normativa aeron\u00e1utica civil nacional, se suspende por 90 d\u00edas las operaciones de la l\u00ednea a\u00e9rea TAP hacia nuestro territorio, como medida cautelar en resguardo de la seguridad operacional de Venezuela\u201d, escribi\u00f3 el funcionario en la red social.<\/p>\n\n\n\n<p class=\"p1\">Fuente: <span style=\"text-decoration: underline;\"><em><strong>Aviaci\u00f3n al d\u00eda<\/strong><\/em><\/span>.<\/p>\n","protected":false},"excerpt":{"rendered":"<p>El ministro de Relaciones Exteriores, Augusto Santos Silva, asegur\u00f3 este martes 18 de febrero que la decisi\u00f3n del gobierno venezolano de Nicol\u00e1s Maduro de suspender las operaciones de TAP no cuenta \u201ccon ning\u00fan tipo de justificaci\u00f3n\u201d. El funcionario asegur\u00f3 que es una medida inconcebible \u201cen un Estado que quiere seguir el Estado de derecho\u201d. Es [&hellip;]<\/p>\n","protected":false},"author":1,"featured_media":64878,"comment_status":"open","ping_status":"open","sticky":false,"template":"","format":"standard","meta":{"tdm_status":"","tdm_grid_status":"","footnotes":""},"categories":[32,11],"tags":[591,593,592,594,195],"class_list":{"0":"post-59405","1":"post","2":"type-post","3":"status-publish","4":"format-standard","5":"has-post-thumbnail","7":"category-internacional","8":"category-transporte-aereo","9":"tag-augusto-santos-silva","10":"tag-gobierno-venezolano","11":"tag-ministro-de-relaciones-exteriores","12":"tag-nicolas-maduro","13":"tag-tap"},"yoast_head":"<!-- This site is optimized with the Yoast SEO plugin v25.1 - https:\/\/yoast.com\/wordpress\/plugins\/seo\/ -->\n<title>Portugal consider\u00f3 la suspensi\u00f3n de la aerol\u00ednea TAP en Venezuela como &#039;un acto hostil&#039;<\/title>\n<meta name=\"description\" content=\"El ministro de Relaciones Exteriores, Augusto Santos Silva, asegur\u00f3 este martes 18 de febrero que la decisi\u00f3n del gobierno venezolano de Nicol\u00e1s Maduro de suspender las operaciones de TAP no cuenta \u201ccon ning\u00fan tipo de justificaci\u00f3n\u201d.\" \/>\n<meta name=\"robots\" content=\"index, follow, max-snippet:-1, max-image-preview:large, max-video-preview:-1\" \/>\n<link rel=\"canonical\" href=\"https:\/\/aeronoticias.com.pe\/noticiero\/transporte-aereo\/internacional\/portugal-considero-la-suspension-de-la-aerolinea-tap-en-venezuela-como-un-acto-hostil\/\" \/>\n<meta property=\"og:locale\" content=\"es_ES\" \/>\n<meta property=\"og:type\" content=\"article\" \/>\n<meta property=\"og:title\" content=\"Portugal consider\u00f3 la suspensi\u00f3n de la aerol\u00ednea TAP en Venezuela como &#039;un acto hostil&#039;\" \/>\n<meta property=\"og:description\" content=\"El ministro de Relaciones Exteriores, Augusto Santos Silva, asegur\u00f3 este martes 18 de febrero que la decisi\u00f3n del gobierno venezolano de Nicol\u00e1s Maduro de suspender las operaciones de TAP no cuenta \u201ccon ning\u00fan tipo de justificaci\u00f3n\u201d.\" \/>\n<meta property=\"og:url\" content=\"https:\/\/aeronoticias.com.pe\/noticiero\/transporte-aereo\/internacional\/portugal-considero-la-suspension-de-la-aerolinea-tap-en-venezuela-como-un-acto-hostil\/\" \/>\n<meta property=\"og:site_name\" content=\"Aeronoticias.com.pe\" \/>\n<meta property=\"article:publisher\" content=\"https:\/\/www.facebook.com\/Aeronoticias.com.pe\/\" \/>\n<meta property=\"article:published_time\" content=\"2020-02-19T05:56:23+00:00\" \/>\n<meta property=\"article:modified_time\" content=\"2020-11-11T04:01:11+00:00\" \/>\n<meta property=\"og:image\" content=\"https:\/\/aeronoticias.com.pe\/noticiero\/wp-content\/uploads\/2020\/02\/Augusto-Santos-Silva.jpg\" \/>\n\t<meta property=\"og:image:width\" content=\"1140\" \/>\n\t<meta property=\"og:image:height\" content=\"500\" \/>\n\t<meta property=\"og:image:type\" content=\"image\/jpeg\" \/>\n<meta name=\"author\" content=\"Redacci\u00f3n Aeronoticias\" \/>\n<meta name=\"twitter:card\" content=\"summary_large_image\" \/>\n<meta name=\"twitter:creator\" content=\"@aeronoticias\" \/>\n<meta name=\"twitter:site\" content=\"@aeronoticias\" \/>\n<meta name=\"twitter:label1\" content=\"Escrito por\" \/>\n\t<meta name=\"twitter:data1\" content=\"Redacci\u00f3n Aeronoticias\" \/>\n\t<meta name=\"twitter:label2\" content=\"Tiempo de lectura\" \/>\n\t<meta name=\"twitter:data2\" content=\"2 minutos\" \/>\n<script type=\"application\/ld+json\" class=\"yoast-schema-graph\">{\"@context\":\"https:\/\/schema.org\",\"@graph\":[{\"@type\":\"WebPage\",\"@id\":\"https:\/\/aeronoticias.com.pe\/noticiero\/transporte-aereo\/internacional\/portugal-considero-la-suspension-de-la-aerolinea-tap-en-venezuela-como-un-acto-hostil\/\",\"url\":\"https:\/\/aeronoticias.com.pe\/noticiero\/transporte-aereo\/internacional\/portugal-considero-la-suspension-de-la-aerolinea-tap-en-venezuela-como-un-acto-hostil\/\",\"name\":\"Portugal consider\u00f3 la suspensi\u00f3n de la aerol\u00ednea TAP en Venezuela como 'un acto hostil'\",\"isPartOf\":{\"@id\":\"https:\/\/aeronoticias.com.pe\/noticiero\/#website\"},\"primaryImageOfPage\":{\"@id\":\"https:\/\/aeronoticias.com.pe\/noticiero\/transporte-aereo\/internacional\/portugal-considero-la-suspension-de-la-aerolinea-tap-en-venezuela-como-un-acto-hostil\/#primaryimage\"},\"image\":{\"@id\":\"https:\/\/aeronoticias.com.pe\/noticiero\/transporte-aereo\/internacional\/portugal-considero-la-suspension-de-la-aerolinea-tap-en-venezuela-como-un-acto-hostil\/#primaryimage\"},\"thumbnailUrl\":\"https:\/\/aeronoticias.com.pe\/noticiero\/wp-content\/uploads\/2020\/02\/Augusto-Santos-Silva.jpg\",\"datePublished\":\"2020-02-19T05:56:23+00:00\",\"dateModified\":\"2020-11-11T04:01:11+00:00\",\"author\":{\"@id\":\"https:\/\/aeronoticias.com.pe\/noticiero\/#\/schema\/person\/fc1e5d578f4b62ba1cf7ac2bba1170a0\"},\"description\":\"El ministro de Relaciones Exteriores, Augusto Santos Silva, asegur\u00f3 este martes 18 de febrero que la decisi\u00f3n del gobierno venezolano de Nicol\u00e1s Maduro de suspender las operaciones de TAP no cuenta \u201ccon ning\u00fan tipo de justificaci\u00f3n\u201d.\",\"breadcrumb\":{\"@id\":\"https:\/\/aeronoticias.com.pe\/noticiero\/transporte-aereo\/internacional\/portugal-considero-la-suspension-de-la-aerolinea-tap-en-venezuela-como-un-acto-hostil\/#breadcrumb\"},\"inLanguage\":\"es\",\"potentialAction\":[{\"@type\":\"ReadAction\",\"target\":[\"https:\/\/aeronoticias.com.pe\/noticiero\/transporte-aereo\/internacional\/portugal-considero-la-suspension-de-la-aerolinea-tap-en-venezuela-como-un-acto-hostil\/\"]}]},{\"@type\":\"ImageObject\",\"inLanguage\":\"es\",\"@id\":\"https:\/\/aeronoticias.com.pe\/noticiero\/transporte-aereo\/internacional\/portugal-considero-la-suspension-de-la-aerolinea-tap-en-venezuela-como-un-acto-hostil\/#primaryimage\",\"url\":\"https:\/\/aeronoticias.com.pe\/noticiero\/wp-content\/uploads\/2020\/02\/Augusto-Santos-Silva.jpg\",\"contentUrl\":\"https:\/\/aeronoticias.com.pe\/noticiero\/wp-content\/uploads\/2020\/02\/Augusto-Santos-Silva.jpg\",\"width\":1140,\"height\":500},{\"@type\":\"BreadcrumbList\",\"@id\":\"https:\/\/aeronoticias.com.pe\/noticiero\/transporte-aereo\/internacional\/portugal-considero-la-suspension-de-la-aerolinea-tap-en-venezuela-como-un-acto-hostil\/#breadcrumb\",\"itemListElement\":[{\"@type\":\"ListItem\",\"position\":1,\"name\":\"Portada\",\"item\":\"https:\/\/aeronoticias.com.pe\/noticiero\/\"},{\"@type\":\"ListItem\",\"position\":2,\"name\":\"Portugal consider\u00f3 la suspensi\u00f3n de la aerol\u00ednea TAP en Venezuela como &#8216;un acto hostil&#8217;\"}]},{\"@type\":\"WebSite\",\"@id\":\"https:\/\/aeronoticias.com.pe\/noticiero\/#website\",\"url\":\"https:\/\/aeronoticias.com.pe\/noticiero\/\",\"name\":\"Aeronoticias.com.pe\",\"description\":\"Noticias de tranporte aereo, turismo, hoteles, gastronomia, actualidad, internacional\",\"potentialAction\":[{\"@type\":\"SearchAction\",\"target\":{\"@type\":\"EntryPoint\",\"urlTemplate\":\"https:\/\/aeronoticias.com.pe\/noticiero\/?s={search_term_string}\"},\"query-input\":{\"@type\":\"PropertyValueSpecification\",\"valueRequired\":true,\"valueName\":\"search_term_string\"}}],\"inLanguage\":\"es\"},{\"@type\":\"Person\",\"@id\":\"https:\/\/aeronoticias.com.pe\/noticiero\/#\/schema\/person\/fc1e5d578f4b62ba1cf7ac2bba1170a0\",\"name\":\"Redacci\u00f3n Aeronoticias\",\"url\":\"https:\/\/aeronoticias.com.pe\/noticiero\/author\/piloto\/\"}]}<\/script>\n<!-- \/ Yoast SEO plugin. -->","yoast_head_json":{"title":"Portugal consider\u00f3 la suspensi\u00f3n de la aerol\u00ednea TAP en Venezuela como 'un acto hostil'","description":"El ministro de Relaciones Exteriores, Augusto Santos Silva, asegur\u00f3 este martes 18 de febrero que la decisi\u00f3n del gobierno venezolano de Nicol\u00e1s Maduro de suspender las operaciones de TAP no cuenta \u201ccon ning\u00fan tipo de justificaci\u00f3n\u201d.","robots":{"index":"index","follow":"follow","max-snippet":"max-snippet:-1","max-image-preview":"max-image-preview:large","max-video-preview":"max-video-preview:-1"},"canonical":"https:\/\/aeronoticias.com.pe\/noticiero\/transporte-aereo\/internacional\/portugal-considero-la-suspension-de-la-aerolinea-tap-en-venezuela-como-un-acto-hostil\/","og_locale":"es_ES","og_type":"article","og_title":"Portugal consider\u00f3 la suspensi\u00f3n de la aerol\u00ednea TAP en Venezuela como 'un acto hostil'","og_description":"El ministro de Relaciones Exteriores, Augusto Santos Silva, asegur\u00f3 este martes 18 de febrero que la decisi\u00f3n del gobierno venezolano de Nicol\u00e1s Maduro de suspender las operaciones de TAP no cuenta \u201ccon ning\u00fan tipo de justificaci\u00f3n\u201d.","og_url":"https:\/\/aeronoticias.com.pe\/noticiero\/transporte-aereo\/internacional\/portugal-considero-la-suspension-de-la-aerolinea-tap-en-venezuela-como-un-acto-hostil\/","og_site_name":"Aeronoticias.com.pe","article_publisher":"https:\/\/www.facebook.com\/Aeronoticias.com.pe\/","article_published_time":"2020-02-19T05:56:23+00:00","article_modified_time":"2020-11-11T04:01:11+00:00","og_image":[{"width":1140,"height":500,"url":"https:\/\/aeronoticias.com.pe\/noticiero\/wp-content\/uploads\/2020\/02\/Augusto-Santos-Silva.jpg","type":"image\/jpeg"}],"author":"Redacci\u00f3n Aeronoticias","twitter_card":"summary_large_image","twitter_creator":"@aeronoticias","twitter_site":"@aeronoticias","twitter_misc":{"Escrito por":"Redacci\u00f3n Aeronoticias","Tiempo de lectura":"2 minutos"},"schema":{"@context":"https:\/\/schema.org","@graph":[{"@type":"WebPage","@id":"https:\/\/aeronoticias.com.pe\/noticiero\/transporte-aereo\/internacional\/portugal-considero-la-suspension-de-la-aerolinea-tap-en-venezuela-como-un-acto-hostil\/","url":"https:\/\/aeronoticias.com.pe\/noticiero\/transporte-aereo\/internacional\/portugal-considero-la-suspension-de-la-aerolinea-tap-en-venezuela-como-un-acto-hostil\/","name":"Portugal consider\u00f3 la suspensi\u00f3n de la aerol\u00ednea TAP en Venezuela como 'un acto hostil'","isPartOf":{"@id":"https:\/\/aeronoticias.com.pe\/noticiero\/#website"},"primaryImageOfPage":{"@id":"https:\/\/aeronoticias.com.pe\/noticiero\/transporte-aereo\/internacional\/portugal-considero-la-suspension-de-la-aerolinea-tap-en-venezuela-como-un-acto-hostil\/#primaryimage"},"image":{"@id":"https:\/\/aeronoticias.com.pe\/noticiero\/transporte-aereo\/internacional\/portugal-considero-la-suspension-de-la-aerolinea-tap-en-venezuela-como-un-acto-hostil\/#primaryimage"},"thumbnailUrl":"https:\/\/aeronoticias.com.pe\/noticiero\/wp-content\/uploads\/2020\/02\/Augusto-Santos-Silva.jpg","datePublished":"2020-02-19T05:56:23+00:00","dateModified":"2020-11-11T04:01:11+00:00","author":{"@id":"https:\/\/aeronoticias.com.pe\/noticiero\/#\/schema\/person\/fc1e5d578f4b62ba1cf7ac2bba1170a0"},"description":"El ministro de Relaciones Exteriores, Augusto Santos Silva, asegur\u00f3 este martes 18 de febrero que la decisi\u00f3n del gobierno venezolano de Nicol\u00e1s Maduro de suspender las operaciones de TAP no cuenta \u201ccon ning\u00fan tipo de justificaci\u00f3n\u201d.","breadcrumb":{"@id":"https:\/\/aeronoticias.com.pe\/noticiero\/transporte-aereo\/internacional\/portugal-considero-la-suspension-de-la-aerolinea-tap-en-venezuela-como-un-acto-hostil\/#breadcrumb"},"inLanguage":"es","potentialAction":[{"@type":"ReadAction","target":["https:\/\/aeronoticias.com.pe\/noticiero\/transporte-aereo\/internacional\/portugal-considero-la-suspension-de-la-aerolinea-tap-en-venezuela-como-un-acto-hostil\/"]}]},{"@type":"ImageObject","inLanguage":"es","@id":"https:\/\/aeronoticias.com.pe\/noticiero\/transporte-aereo\/internacional\/portugal-considero-la-suspension-de-la-aerolinea-tap-en-venezuela-como-un-acto-hostil\/#primaryimage","url":"https:\/\/aeronoticias.com.pe\/noticiero\/wp-content\/uploads\/2020\/02\/Augusto-Santos-Silva.jpg","contentUrl":"https:\/\/aeronoticias.com.pe\/noticiero\/wp-content\/uploads\/2020\/02\/Augusto-Santos-Silva.jpg","width":1140,"height":500},{"@type":"BreadcrumbList","@id":"https:\/\/aeronoticias.com.pe\/noticiero\/transporte-aereo\/internacional\/portugal-considero-la-suspension-de-la-aerolinea-tap-en-venezuela-como-un-acto-hostil\/#breadcrumb","itemListElement":[{"@type":"ListItem","position":1,"name":"Portada","item":"https:\/\/aeronoticias.com.pe\/noticiero\/"},{"@type":"ListItem","position":2,"name":"Portugal consider\u00f3 la suspensi\u00f3n de la aerol\u00ednea TAP en Venezuela como &#8216;un acto hostil&#8217;"}]},{"@type":"WebSite","@id":"https:\/\/aeronoticias.com.pe\/noticiero\/#website","url":"https:\/\/aeronoticias.com.pe\/noticiero\/","name":"Aeronoticias.com.pe","description":"Noticias de tranporte aereo, turismo, hoteles, gastronomia, actualidad, internacional","potentialAction":[{"@type":"SearchAction","target":{"@type":"EntryPoint","urlTemplate":"https:\/\/aeronoticias.com.pe\/noticiero\/?s={search_term_string}"},"query-input":{"@type":"PropertyValueSpecification","valueRequired":true,"valueName":"search_term_string"}}],"inLanguage":"es"},{"@type":"Person","@id":"https:\/\/aeronoticias.com.pe\/noticiero\/#\/schema\/person\/fc1e5d578f4b62ba1cf7ac2bba1170a0","name":"Redacci\u00f3n Aeronoticias","url":"https:\/\/aeronoticias.com.pe\/noticiero\/author\/piloto\/"}]}},"_links":{"self":[{"href":"https:\/\/aeronoticias.com.pe\/noticiero\/wp-json\/wp\/v2\/posts\/59405","targetHints":{"allow":["GET"]}}],"collection":[{"href":"https:\/\/aeronoticias.com.pe\/noticiero\/wp-json\/wp\/v2\/posts"}],"about":[{"href":"https:\/\/aeronoticias.com.pe\/noticiero\/wp-json\/wp\/v2\/types\/post"}],"author":[{"embeddable":true,"href":"https:\/\/aeronoticias.com.pe\/noticiero\/wp-json\/wp\/v2\/users\/1"}],"replies":[{"embeddable":true,"href":"https:\/\/aeronoticias.com.pe\/noticiero\/wp-json\/wp\/v2\/comments?post=59405"}],"version-history":[{"count":0,"href":"https:\/\/aeronoticias.com.pe\/noticiero\/wp-json\/wp\/v2\/posts\/59405\/revisions"}],"wp:featuredmedia":[{"embeddable":true,"href":"https:\/\/aeronoticias.com.pe\/noticiero\/wp-json\/wp\/v2\/media\/64878"}],"wp:attachment":[{"href":"https:\/\/aeronoticias.com.pe\/noticiero\/wp-json\/wp\/v2\/media?parent=59405"}],"wp:term":[{"taxonomy":"category","embeddable":true,"href":"https:\/\/aeronoticias.com.pe\/noticiero\/wp-json\/wp\/v2\/categories?post=59405"},{"taxonomy":"post_tag","embeddable":true,"href":"https:\/\/aeronoticias.com.pe\/noticiero\/wp-json\/wp\/v2\/tags?post=59405"}],"curies":[{"name":"wp","href":"https:\/\/api.w.org\/{rel}","templated":true}]}}