{"id":59437,"date":"2020-02-21T18:28:15","date_gmt":"2020-02-21T18:28:15","guid":{"rendered":"http:\/\/desarrollo.mcvicious.com\/aero2020\/2020\/02\/21\/padres-buscan-a-su-hija-desaparecida-hace-casi-seis-meses-en-el-centro-de-lima\/"},"modified":"2020-02-21T18:28:15","modified_gmt":"2020-02-21T18:28:15","slug":"padres-buscan-a-su-hija-desaparecida-hace-casi-seis-meses-en-el-centro-de-lima","status":"publish","type":"post","link":"https:\/\/aeronoticias.com.pe\/noticiero\/49\/padres-buscan-a-su-hija-desaparecida-hace-casi-seis-meses-en-el-centro-de-lima\/","title":{"rendered":"Padres buscan a su hija desaparecida hace casi seis meses en el Centro de Lima"},"content":{"rendered":"<p style=\"text-align: justify;\"><strong>(Aeronoticias).- <\/strong>Ellos contaron que su hija, de 40 a\u00f1os, sali\u00f3 de su casa, en San Juan de Lurigancho (SJL), el pasado 27 de agosto con destino al Mercado Central, donde ten\u00eda previsto comprar dulces para la fiesta de cumplea\u00f1os de su sobrina. Sin embargo, nunca regres\u00f3 a casa. Los padres buscaron a su hija en las inmediaciones del mercado, preguntando a comerciantes y ambulantes, y consiguieron dar con un amigo de su hija, vendedor de golosinas, quien les cont\u00f3 que ella lleg\u00f3 a hacer sus compras, tras lo cual recibi\u00f3 una llamada de un hombre que la cit\u00f3 en la calle Cap\u00f3n.<\/p>\n<p style=\"text-align: justify;\">\u201cLlegando al Mercado Central, en el jir\u00f3n Ayacucho, ha comprado los dulces; ha entrado la llamada de un sujeto y se ha ido con direcci\u00f3n a la calle Cap\u00f3n a encontrarse con esa persona que lo ha llamado. No sabemos nada hasta ahora\u201d, cont\u00f3 Marcelino Alvarado. Los padres se\u00f1alaron que su hija lleg\u00f3 a comunicarse con sus hermanos v\u00eda WhatsApp hasta el d\u00eda siguiente de su desaparici\u00f3n, tras lo cual los mensajes cesaron.<\/p>\n<p style=\"text-align: justify;\">Esta es la \u00fanica informaci\u00f3n con la que cuentan hasta la fecha. El caso ya est\u00e1 en manos del Ministerio P\u00fablico, pero los padres aseguraron que las investigaciones no avanzan, con apenas dos personas citadas y ninguna conclusi\u00f3n.<\/p>\n<p style=\"text-align: justify;\">Quienes tengan informaci\u00f3n sobre el paradero de Karin Alvarado L\u00f3pez pueden comunicarse con su familia, al tel\u00e9fono 922283861.<\/p>\n<p><img decoding=\"async\" src=\"images\/stories\/er.png\" border=\"0\" \/><\/p>\n","protected":false},"excerpt":{"rendered":"<p>(Aeronoticias).- Ellos contaron que su hija, de 40 a\u00f1os, sali\u00f3 de su casa, en San Juan de Lurigancho (SJL), el pasado 27 de agosto con destino al Mercado Central, donde ten\u00eda previsto comprar dulces para la fiesta de cumplea\u00f1os de su sobrina. Sin embargo, nunca regres\u00f3 a casa. Los padres buscaron a su hija en [&hellip;]<\/p>\n","protected":false},"author":1,"featured_media":0,"comment_status":"open","ping_status":"open","sticky":false,"template":"","format":"standard","meta":{"tdm_status":"","tdm_grid_status":"","footnotes":""},"categories":[39],"tags":[],"class_list":{"0":"post-59437","1":"post","2":"type-post","3":"status-publish","4":"format-standard","6":"category-39"},"yoast_head":"<!-- This site is optimized with the Yoast SEO plugin v25.1 - https:\/\/yoast.com\/wordpress\/plugins\/seo\/ -->\n<title>Padres buscan a su hija desaparecida hace casi seis meses en el Centro de Lima<\/title>\n<meta name=\"description\" content=\"Portal de noticias del Per\u00fa sobre el transporte a\u00e9reo, aviaci\u00f3n, turismo, hoteleria, actualidad.\" \/>\n<meta name=\"robots\" content=\"index, follow, max-snippet:-1, max-image-preview:large, max-video-preview:-1\" \/>\n<link rel=\"canonical\" href=\"https:\/\/aeronoticias.com.pe\/noticiero\/49\/padres-buscan-a-su-hija-desaparecida-hace-casi-seis-meses-en-el-centro-de-lima\/\" \/>\n<meta property=\"og:locale\" content=\"es_ES\" \/>\n<meta property=\"og:type\" content=\"article\" \/>\n<meta property=\"og:title\" content=\"Padres buscan a su hija desaparecida hace casi seis meses en el Centro de Lima\" \/>\n<meta property=\"og:description\" content=\"Portal de noticias del Per\u00fa sobre el transporte a\u00e9reo, aviaci\u00f3n, turismo, hoteleria, actualidad.\" \/>\n<meta property=\"og:url\" content=\"https:\/\/aeronoticias.com.pe\/noticiero\/49\/padres-buscan-a-su-hija-desaparecida-hace-casi-seis-meses-en-el-centro-de-lima\/\" \/>\n<meta property=\"og:site_name\" content=\"Aeronoticias.com.pe\" \/>\n<meta property=\"article:publisher\" content=\"https:\/\/www.facebook.com\/Aeronoticias.com.pe\/\" \/>\n<meta property=\"article:published_time\" content=\"2020-02-21T18:28:15+00:00\" \/>\n<meta name=\"author\" content=\"Redacci\u00f3n Aeronoticias\" \/>\n<meta name=\"twitter:card\" content=\"summary_large_image\" \/>\n<meta name=\"twitter:creator\" content=\"@aeronoticias\" \/>\n<meta name=\"twitter:site\" content=\"@aeronoticias\" \/>\n<meta name=\"twitter:label1\" content=\"Escrito por\" \/>\n\t<meta name=\"twitter:data1\" content=\"Redacci\u00f3n Aeronoticias\" \/>\n\t<meta name=\"twitter:label2\" content=\"Tiempo de lectura\" \/>\n\t<meta name=\"twitter:data2\" content=\"1 minuto\" \/>\n<script type=\"application\/ld+json\" class=\"yoast-schema-graph\">{\"@context\":\"https:\/\/schema.org\",\"@graph\":[{\"@type\":\"WebPage\",\"@id\":\"https:\/\/aeronoticias.com.pe\/noticiero\/49\/padres-buscan-a-su-hija-desaparecida-hace-casi-seis-meses-en-el-centro-de-lima\/\",\"url\":\"https:\/\/aeronoticias.com.pe\/noticiero\/49\/padres-buscan-a-su-hija-desaparecida-hace-casi-seis-meses-en-el-centro-de-lima\/\",\"name\":\"Padres buscan a su hija desaparecida hace casi seis meses en el Centro de Lima\",\"isPartOf\":{\"@id\":\"https:\/\/aeronoticias.com.pe\/noticiero\/#website\"},\"datePublished\":\"2020-02-21T18:28:15+00:00\",\"author\":{\"@id\":\"https:\/\/aeronoticias.com.pe\/noticiero\/#\/schema\/person\/fc1e5d578f4b62ba1cf7ac2bba1170a0\"},\"description\":\"Portal de noticias del Per\u00fa sobre el transporte a\u00e9reo, aviaci\u00f3n, turismo, hoteleria, actualidad.\",\"breadcrumb\":{\"@id\":\"https:\/\/aeronoticias.com.pe\/noticiero\/49\/padres-buscan-a-su-hija-desaparecida-hace-casi-seis-meses-en-el-centro-de-lima\/#breadcrumb\"},\"inLanguage\":\"es\",\"potentialAction\":[{\"@type\":\"ReadAction\",\"target\":[\"https:\/\/aeronoticias.com.pe\/noticiero\/49\/padres-buscan-a-su-hija-desaparecida-hace-casi-seis-meses-en-el-centro-de-lima\/\"]}]},{\"@type\":\"BreadcrumbList\",\"@id\":\"https:\/\/aeronoticias.com.pe\/noticiero\/49\/padres-buscan-a-su-hija-desaparecida-hace-casi-seis-meses-en-el-centro-de-lima\/#breadcrumb\",\"itemListElement\":[{\"@type\":\"ListItem\",\"position\":1,\"name\":\"Portada\",\"item\":\"https:\/\/aeronoticias.com.pe\/noticiero\/\"},{\"@type\":\"ListItem\",\"position\":2,\"name\":\"Padres buscan a su hija desaparecida hace casi seis meses en el Centro de Lima\"}]},{\"@type\":\"WebSite\",\"@id\":\"https:\/\/aeronoticias.com.pe\/noticiero\/#website\",\"url\":\"https:\/\/aeronoticias.com.pe\/noticiero\/\",\"name\":\"Aeronoticias.com.pe\",\"description\":\"Noticias de tranporte aereo, turismo, hoteles, gastronomia, actualidad, internacional\",\"potentialAction\":[{\"@type\":\"SearchAction\",\"target\":{\"@type\":\"EntryPoint\",\"urlTemplate\":\"https:\/\/aeronoticias.com.pe\/noticiero\/?s={search_term_string}\"},\"query-input\":{\"@type\":\"PropertyValueSpecification\",\"valueRequired\":true,\"valueName\":\"search_term_string\"}}],\"inLanguage\":\"es\"},{\"@type\":\"Person\",\"@id\":\"https:\/\/aeronoticias.com.pe\/noticiero\/#\/schema\/person\/fc1e5d578f4b62ba1cf7ac2bba1170a0\",\"name\":\"Redacci\u00f3n Aeronoticias\",\"url\":\"https:\/\/aeronoticias.com.pe\/noticiero\/author\/piloto\/\"}]}<\/script>\n<!-- \/ Yoast SEO plugin. -->","yoast_head_json":{"title":"Padres buscan a su hija desaparecida hace casi seis meses en el Centro de Lima","description":"Portal de noticias del Per\u00fa sobre el transporte a\u00e9reo, aviaci\u00f3n, turismo, hoteleria, actualidad.","robots":{"index":"index","follow":"follow","max-snippet":"max-snippet:-1","max-image-preview":"max-image-preview:large","max-video-preview":"max-video-preview:-1"},"canonical":"https:\/\/aeronoticias.com.pe\/noticiero\/49\/padres-buscan-a-su-hija-desaparecida-hace-casi-seis-meses-en-el-centro-de-lima\/","og_locale":"es_ES","og_type":"article","og_title":"Padres buscan a su hija desaparecida hace casi seis meses en el Centro de Lima","og_description":"Portal de noticias del Per\u00fa sobre el transporte a\u00e9reo, aviaci\u00f3n, turismo, hoteleria, actualidad.","og_url":"https:\/\/aeronoticias.com.pe\/noticiero\/49\/padres-buscan-a-su-hija-desaparecida-hace-casi-seis-meses-en-el-centro-de-lima\/","og_site_name":"Aeronoticias.com.pe","article_publisher":"https:\/\/www.facebook.com\/Aeronoticias.com.pe\/","article_published_time":"2020-02-21T18:28:15+00:00","author":"Redacci\u00f3n Aeronoticias","twitter_card":"summary_large_image","twitter_creator":"@aeronoticias","twitter_site":"@aeronoticias","twitter_misc":{"Escrito por":"Redacci\u00f3n Aeronoticias","Tiempo de lectura":"1 minuto"},"schema":{"@context":"https:\/\/schema.org","@graph":[{"@type":"WebPage","@id":"https:\/\/aeronoticias.com.pe\/noticiero\/49\/padres-buscan-a-su-hija-desaparecida-hace-casi-seis-meses-en-el-centro-de-lima\/","url":"https:\/\/aeronoticias.com.pe\/noticiero\/49\/padres-buscan-a-su-hija-desaparecida-hace-casi-seis-meses-en-el-centro-de-lima\/","name":"Padres buscan a su hija desaparecida hace casi seis meses en el Centro de Lima","isPartOf":{"@id":"https:\/\/aeronoticias.com.pe\/noticiero\/#website"},"datePublished":"2020-02-21T18:28:15+00:00","author":{"@id":"https:\/\/aeronoticias.com.pe\/noticiero\/#\/schema\/person\/fc1e5d578f4b62ba1cf7ac2bba1170a0"},"description":"Portal de noticias del Per\u00fa sobre el transporte a\u00e9reo, aviaci\u00f3n, turismo, hoteleria, actualidad.","breadcrumb":{"@id":"https:\/\/aeronoticias.com.pe\/noticiero\/49\/padres-buscan-a-su-hija-desaparecida-hace-casi-seis-meses-en-el-centro-de-lima\/#breadcrumb"},"inLanguage":"es","potentialAction":[{"@type":"ReadAction","target":["https:\/\/aeronoticias.com.pe\/noticiero\/49\/padres-buscan-a-su-hija-desaparecida-hace-casi-seis-meses-en-el-centro-de-lima\/"]}]},{"@type":"BreadcrumbList","@id":"https:\/\/aeronoticias.com.pe\/noticiero\/49\/padres-buscan-a-su-hija-desaparecida-hace-casi-seis-meses-en-el-centro-de-lima\/#breadcrumb","itemListElement":[{"@type":"ListItem","position":1,"name":"Portada","item":"https:\/\/aeronoticias.com.pe\/noticiero\/"},{"@type":"ListItem","position":2,"name":"Padres buscan a su hija desaparecida hace casi seis meses en el Centro de Lima"}]},{"@type":"WebSite","@id":"https:\/\/aeronoticias.com.pe\/noticiero\/#website","url":"https:\/\/aeronoticias.com.pe\/noticiero\/","name":"Aeronoticias.com.pe","description":"Noticias de tranporte aereo, turismo, hoteles, gastronomia, actualidad, internacional","potentialAction":[{"@type":"SearchAction","target":{"@type":"EntryPoint","urlTemplate":"https:\/\/aeronoticias.com.pe\/noticiero\/?s={search_term_string}"},"query-input":{"@type":"PropertyValueSpecification","valueRequired":true,"valueName":"search_term_string"}}],"inLanguage":"es"},{"@type":"Person","@id":"https:\/\/aeronoticias.com.pe\/noticiero\/#\/schema\/person\/fc1e5d578f4b62ba1cf7ac2bba1170a0","name":"Redacci\u00f3n Aeronoticias","url":"https:\/\/aeronoticias.com.pe\/noticiero\/author\/piloto\/"}]}},"_links":{"self":[{"href":"https:\/\/aeronoticias.com.pe\/noticiero\/wp-json\/wp\/v2\/posts\/59437","targetHints":{"allow":["GET"]}}],"collection":[{"href":"https:\/\/aeronoticias.com.pe\/noticiero\/wp-json\/wp\/v2\/posts"}],"about":[{"href":"https:\/\/aeronoticias.com.pe\/noticiero\/wp-json\/wp\/v2\/types\/post"}],"author":[{"embeddable":true,"href":"https:\/\/aeronoticias.com.pe\/noticiero\/wp-json\/wp\/v2\/users\/1"}],"replies":[{"embeddable":true,"href":"https:\/\/aeronoticias.com.pe\/noticiero\/wp-json\/wp\/v2\/comments?post=59437"}],"version-history":[{"count":0,"href":"https:\/\/aeronoticias.com.pe\/noticiero\/wp-json\/wp\/v2\/posts\/59437\/revisions"}],"wp:attachment":[{"href":"https:\/\/aeronoticias.com.pe\/noticiero\/wp-json\/wp\/v2\/media?parent=59437"}],"wp:term":[{"taxonomy":"category","embeddable":true,"href":"https:\/\/aeronoticias.com.pe\/noticiero\/wp-json\/wp\/v2\/categories?post=59437"},{"taxonomy":"post_tag","embeddable":true,"href":"https:\/\/aeronoticias.com.pe\/noticiero\/wp-json\/wp\/v2\/tags?post=59437"}],"curies":[{"name":"wp","href":"https:\/\/api.w.org\/{rel}","templated":true}]}}