{"id":59438,"date":"2020-02-24T13:56:32","date_gmt":"2020-02-24T13:56:32","guid":{"rendered":"http:\/\/desarrollo.mcvicious.com\/aero2020\/2020\/02\/24\/aumentan-casos-de-coronavirus-en-italia-iran-y-corea-del-sur\/"},"modified":"2020-02-24T13:56:32","modified_gmt":"2020-02-24T13:56:32","slug":"aumentan-casos-de-coronavirus-en-italia-iran-y-corea-del-sur","status":"publish","type":"post","link":"https:\/\/aeronoticias.com.pe\/noticiero\/salud\/aumentan-casos-de-coronavirus-en-italia-iran-y-corea-del-sur\/","title":{"rendered":"Aumentan casos de coronavirus en Italia, Ir\u00e1n y Corea del Sur"},"content":{"rendered":"<p style=\"text-align: justify;\"><strong>(Aeronoticias).- <\/strong>Las cuarentenas de Italia afectan a unas 100.000 personas \u2013 Agencia de Protecci\u00f3n Civil. Las restricciones dise\u00f1adas para detener la propagaci\u00f3n del coronavirus en Italia afectan a unas 100.000 personas, dijo el lunes la Agencia de Protecci\u00f3n Civil del pa\u00eds, unas 70.000 personas en la regi\u00f3n de Lombard\u00eda y unas 30.000 en la regi\u00f3n del V\u00e9neto.<\/p>\n<p style=\"text-align: justify;\">Las cifras se basan en datos del censo de hace nueve a\u00f1os, dijo la agencia.<\/p>\n<p style=\"text-align: justify;\"><strong>5 muertos en Italia<\/strong><\/p>\n<p style=\"text-align: justify;\">Un total de 219 casos han sido confirmados en Italia, dijo Angelo Borrelli, de la Agencia de Protecci\u00f3n Civil, en una conferencia de prensa. De esos 219 casos, cinco personas murieron y una se recuper\u00f3. La regi\u00f3n norte de Lombard\u00eda es la m\u00e1s afectada, con 167 de los casos y cuatro de las muertes, dijo.<\/p>\n<p style=\"text-align: justify;\">Entre los casos confirmados, 91 personas est\u00e1n aisladas en su hogar, dijo. Confirman m\u00e1s de 230 casos nuevos en Corea del Sur, lo que eleva el total nacional a 833<\/p>\n<p style=\"text-align: justify;\">Los Centros para el Control y la Prevenci\u00f3n de Enfermedades de Corea del Sur anunciaron hoy 231 nuevos casos de coronavirus, lo que eleva el total del pa\u00eds a 833 en un enorme salto.<\/p>\n<p style=\"text-align: justify;\">Unos 161 casos fueron anunciados esta ma\u00f1ana y otros 70 por la tarde. Entre estos 70 casos, 41 son de la ciudad de Daegu y 12 de la provincia de Gyeongsang del Norte, dos lugares donde se ha concentrado el brote. Los otros casos se extienden por Se\u00fal, Busan, Daejeon, Ulsan y la provincia de Gyeonggi. El n\u00famero total de muertes relacionadas con el coronavirus es ahora de siete, y la \u00faltima ocurri\u00f3 ayer. Aproximadamente la mitad de todos los casos en el pa\u00eds est\u00e1n vinculados a un grupo religioso en el sur.<\/p>\n<p style=\"text-align: justify;\"><strong>Afganist\u00e1n anuncia primer caso confirmado<\/strong><\/p>\n<p style=\"text-align: justify;\">Afganist\u00e1n confirm\u00f3 su primer caso de coronavirus, en la provincia de Herat, dijo hoy el ministro de Salud P\u00fablica, Ferozuddin Feroz. Ayer se identificaron tres casos sospechosos. Viv\u00edan en Herat y hab\u00edan regresado recientemente de Ir\u00e1n, donde hay 43 casos confirmados. \u201cDespu\u00e9s de analizar su sangre, descubrimos que uno de ellos era coronavirus positivo. Los tres sospechosos hab\u00edan regresado recientemente de la ciudad iran\u00ed de Qom\u201d, dijo Feroz.<\/p>\n<p style=\"text-align: justify;\">Feroz declar\u00f3 la emergencia en Herat, pidiendo restricciones en el transporte a\u00e9reo y terrestre desde y hacia la provincia.<\/p>\n<p>\u00a0<\/p>\n<p><img decoding=\"async\" src=\"images\/stories\/aa1.png\" border=\"0\" \/><\/p>\n","protected":false},"excerpt":{"rendered":"<p>(Aeronoticias).- Las cuarentenas de Italia afectan a unas 100.000 personas \u2013 Agencia de Protecci\u00f3n Civil. Las restricciones dise\u00f1adas para detener la propagaci\u00f3n del coronavirus en Italia afectan a unas 100.000 personas, dijo el lunes la Agencia de Protecci\u00f3n Civil del pa\u00eds, unas 70.000 personas en la regi\u00f3n de Lombard\u00eda y unas 30.000 en la regi\u00f3n [&hellip;]<\/p>\n","protected":false},"author":1,"featured_media":0,"comment_status":"open","ping_status":"open","sticky":false,"template":"","format":"standard","meta":{"tdm_status":"","tdm_grid_status":"","footnotes":""},"categories":[37],"tags":[],"class_list":{"0":"post-59438","1":"post","2":"type-post","3":"status-publish","4":"format-standard","6":"category-salud"},"yoast_head":"<!-- This site is optimized with the Yoast SEO plugin v25.1 - https:\/\/yoast.com\/wordpress\/plugins\/seo\/ -->\n<title>Aumentan casos de coronavirus en Italia, Ir\u00e1n y Corea del Sur<\/title>\n<meta name=\"description\" content=\"Portal de noticias del Per\u00fa sobre el transporte a\u00e9reo, aviaci\u00f3n, turismo, hoteleria, actualidad.\" \/>\n<meta name=\"robots\" content=\"index, follow, max-snippet:-1, max-image-preview:large, max-video-preview:-1\" \/>\n<link rel=\"canonical\" href=\"https:\/\/aeronoticias.com.pe\/noticiero\/salud\/aumentan-casos-de-coronavirus-en-italia-iran-y-corea-del-sur\/\" \/>\n<meta property=\"og:locale\" content=\"es_ES\" \/>\n<meta property=\"og:type\" content=\"article\" \/>\n<meta property=\"og:title\" content=\"Aumentan casos de coronavirus en Italia, Ir\u00e1n y Corea del Sur\" \/>\n<meta property=\"og:description\" content=\"Portal de noticias del Per\u00fa sobre el transporte a\u00e9reo, aviaci\u00f3n, turismo, hoteleria, actualidad.\" \/>\n<meta property=\"og:url\" content=\"https:\/\/aeronoticias.com.pe\/noticiero\/salud\/aumentan-casos-de-coronavirus-en-italia-iran-y-corea-del-sur\/\" \/>\n<meta property=\"og:site_name\" content=\"Aeronoticias.com.pe\" \/>\n<meta property=\"article:publisher\" content=\"https:\/\/www.facebook.com\/Aeronoticias.com.pe\/\" \/>\n<meta property=\"article:published_time\" content=\"2020-02-24T13:56:32+00:00\" \/>\n<meta name=\"author\" content=\"Redacci\u00f3n Aeronoticias\" \/>\n<meta name=\"twitter:card\" content=\"summary_large_image\" \/>\n<meta name=\"twitter:creator\" content=\"@aeronoticias\" \/>\n<meta name=\"twitter:site\" content=\"@aeronoticias\" \/>\n<meta name=\"twitter:label1\" content=\"Escrito por\" \/>\n\t<meta name=\"twitter:data1\" content=\"Redacci\u00f3n Aeronoticias\" \/>\n\t<meta name=\"twitter:label2\" content=\"Tiempo de lectura\" \/>\n\t<meta name=\"twitter:data2\" content=\"2 minutos\" \/>\n<script type=\"application\/ld+json\" class=\"yoast-schema-graph\">{\"@context\":\"https:\/\/schema.org\",\"@graph\":[{\"@type\":\"WebPage\",\"@id\":\"https:\/\/aeronoticias.com.pe\/noticiero\/salud\/aumentan-casos-de-coronavirus-en-italia-iran-y-corea-del-sur\/\",\"url\":\"https:\/\/aeronoticias.com.pe\/noticiero\/salud\/aumentan-casos-de-coronavirus-en-italia-iran-y-corea-del-sur\/\",\"name\":\"Aumentan casos de coronavirus en Italia, Ir\u00e1n y Corea del Sur\",\"isPartOf\":{\"@id\":\"https:\/\/aeronoticias.com.pe\/noticiero\/#website\"},\"datePublished\":\"2020-02-24T13:56:32+00:00\",\"author\":{\"@id\":\"https:\/\/aeronoticias.com.pe\/noticiero\/#\/schema\/person\/fc1e5d578f4b62ba1cf7ac2bba1170a0\"},\"description\":\"Portal de noticias del Per\u00fa sobre el transporte a\u00e9reo, aviaci\u00f3n, turismo, hoteleria, actualidad.\",\"breadcrumb\":{\"@id\":\"https:\/\/aeronoticias.com.pe\/noticiero\/salud\/aumentan-casos-de-coronavirus-en-italia-iran-y-corea-del-sur\/#breadcrumb\"},\"inLanguage\":\"es\",\"potentialAction\":[{\"@type\":\"ReadAction\",\"target\":[\"https:\/\/aeronoticias.com.pe\/noticiero\/salud\/aumentan-casos-de-coronavirus-en-italia-iran-y-corea-del-sur\/\"]}]},{\"@type\":\"BreadcrumbList\",\"@id\":\"https:\/\/aeronoticias.com.pe\/noticiero\/salud\/aumentan-casos-de-coronavirus-en-italia-iran-y-corea-del-sur\/#breadcrumb\",\"itemListElement\":[{\"@type\":\"ListItem\",\"position\":1,\"name\":\"Portada\",\"item\":\"https:\/\/aeronoticias.com.pe\/noticiero\/\"},{\"@type\":\"ListItem\",\"position\":2,\"name\":\"Aumentan casos de coronavirus en Italia, Ir\u00e1n y Corea del Sur\"}]},{\"@type\":\"WebSite\",\"@id\":\"https:\/\/aeronoticias.com.pe\/noticiero\/#website\",\"url\":\"https:\/\/aeronoticias.com.pe\/noticiero\/\",\"name\":\"Aeronoticias.com.pe\",\"description\":\"Noticias de tranporte aereo, turismo, hoteles, gastronomia, actualidad, internacional\",\"potentialAction\":[{\"@type\":\"SearchAction\",\"target\":{\"@type\":\"EntryPoint\",\"urlTemplate\":\"https:\/\/aeronoticias.com.pe\/noticiero\/?s={search_term_string}\"},\"query-input\":{\"@type\":\"PropertyValueSpecification\",\"valueRequired\":true,\"valueName\":\"search_term_string\"}}],\"inLanguage\":\"es\"},{\"@type\":\"Person\",\"@id\":\"https:\/\/aeronoticias.com.pe\/noticiero\/#\/schema\/person\/fc1e5d578f4b62ba1cf7ac2bba1170a0\",\"name\":\"Redacci\u00f3n Aeronoticias\",\"url\":\"https:\/\/aeronoticias.com.pe\/noticiero\/author\/piloto\/\"}]}<\/script>\n<!-- \/ Yoast SEO plugin. -->","yoast_head_json":{"title":"Aumentan casos de coronavirus en Italia, Ir\u00e1n y Corea del Sur","description":"Portal de noticias del Per\u00fa sobre el transporte a\u00e9reo, aviaci\u00f3n, turismo, hoteleria, actualidad.","robots":{"index":"index","follow":"follow","max-snippet":"max-snippet:-1","max-image-preview":"max-image-preview:large","max-video-preview":"max-video-preview:-1"},"canonical":"https:\/\/aeronoticias.com.pe\/noticiero\/salud\/aumentan-casos-de-coronavirus-en-italia-iran-y-corea-del-sur\/","og_locale":"es_ES","og_type":"article","og_title":"Aumentan casos de coronavirus en Italia, Ir\u00e1n y Corea del Sur","og_description":"Portal de noticias del Per\u00fa sobre el transporte a\u00e9reo, aviaci\u00f3n, turismo, hoteleria, actualidad.","og_url":"https:\/\/aeronoticias.com.pe\/noticiero\/salud\/aumentan-casos-de-coronavirus-en-italia-iran-y-corea-del-sur\/","og_site_name":"Aeronoticias.com.pe","article_publisher":"https:\/\/www.facebook.com\/Aeronoticias.com.pe\/","article_published_time":"2020-02-24T13:56:32+00:00","author":"Redacci\u00f3n Aeronoticias","twitter_card":"summary_large_image","twitter_creator":"@aeronoticias","twitter_site":"@aeronoticias","twitter_misc":{"Escrito por":"Redacci\u00f3n Aeronoticias","Tiempo de lectura":"2 minutos"},"schema":{"@context":"https:\/\/schema.org","@graph":[{"@type":"WebPage","@id":"https:\/\/aeronoticias.com.pe\/noticiero\/salud\/aumentan-casos-de-coronavirus-en-italia-iran-y-corea-del-sur\/","url":"https:\/\/aeronoticias.com.pe\/noticiero\/salud\/aumentan-casos-de-coronavirus-en-italia-iran-y-corea-del-sur\/","name":"Aumentan casos de coronavirus en Italia, Ir\u00e1n y Corea del Sur","isPartOf":{"@id":"https:\/\/aeronoticias.com.pe\/noticiero\/#website"},"datePublished":"2020-02-24T13:56:32+00:00","author":{"@id":"https:\/\/aeronoticias.com.pe\/noticiero\/#\/schema\/person\/fc1e5d578f4b62ba1cf7ac2bba1170a0"},"description":"Portal de noticias del Per\u00fa sobre el transporte a\u00e9reo, aviaci\u00f3n, turismo, hoteleria, actualidad.","breadcrumb":{"@id":"https:\/\/aeronoticias.com.pe\/noticiero\/salud\/aumentan-casos-de-coronavirus-en-italia-iran-y-corea-del-sur\/#breadcrumb"},"inLanguage":"es","potentialAction":[{"@type":"ReadAction","target":["https:\/\/aeronoticias.com.pe\/noticiero\/salud\/aumentan-casos-de-coronavirus-en-italia-iran-y-corea-del-sur\/"]}]},{"@type":"BreadcrumbList","@id":"https:\/\/aeronoticias.com.pe\/noticiero\/salud\/aumentan-casos-de-coronavirus-en-italia-iran-y-corea-del-sur\/#breadcrumb","itemListElement":[{"@type":"ListItem","position":1,"name":"Portada","item":"https:\/\/aeronoticias.com.pe\/noticiero\/"},{"@type":"ListItem","position":2,"name":"Aumentan casos de coronavirus en Italia, Ir\u00e1n y Corea del Sur"}]},{"@type":"WebSite","@id":"https:\/\/aeronoticias.com.pe\/noticiero\/#website","url":"https:\/\/aeronoticias.com.pe\/noticiero\/","name":"Aeronoticias.com.pe","description":"Noticias de tranporte aereo, turismo, hoteles, gastronomia, actualidad, internacional","potentialAction":[{"@type":"SearchAction","target":{"@type":"EntryPoint","urlTemplate":"https:\/\/aeronoticias.com.pe\/noticiero\/?s={search_term_string}"},"query-input":{"@type":"PropertyValueSpecification","valueRequired":true,"valueName":"search_term_string"}}],"inLanguage":"es"},{"@type":"Person","@id":"https:\/\/aeronoticias.com.pe\/noticiero\/#\/schema\/person\/fc1e5d578f4b62ba1cf7ac2bba1170a0","name":"Redacci\u00f3n Aeronoticias","url":"https:\/\/aeronoticias.com.pe\/noticiero\/author\/piloto\/"}]}},"_links":{"self":[{"href":"https:\/\/aeronoticias.com.pe\/noticiero\/wp-json\/wp\/v2\/posts\/59438","targetHints":{"allow":["GET"]}}],"collection":[{"href":"https:\/\/aeronoticias.com.pe\/noticiero\/wp-json\/wp\/v2\/posts"}],"about":[{"href":"https:\/\/aeronoticias.com.pe\/noticiero\/wp-json\/wp\/v2\/types\/post"}],"author":[{"embeddable":true,"href":"https:\/\/aeronoticias.com.pe\/noticiero\/wp-json\/wp\/v2\/users\/1"}],"replies":[{"embeddable":true,"href":"https:\/\/aeronoticias.com.pe\/noticiero\/wp-json\/wp\/v2\/comments?post=59438"}],"version-history":[{"count":0,"href":"https:\/\/aeronoticias.com.pe\/noticiero\/wp-json\/wp\/v2\/posts\/59438\/revisions"}],"wp:attachment":[{"href":"https:\/\/aeronoticias.com.pe\/noticiero\/wp-json\/wp\/v2\/media?parent=59438"}],"wp:term":[{"taxonomy":"category","embeddable":true,"href":"https:\/\/aeronoticias.com.pe\/noticiero\/wp-json\/wp\/v2\/categories?post=59438"},{"taxonomy":"post_tag","embeddable":true,"href":"https:\/\/aeronoticias.com.pe\/noticiero\/wp-json\/wp\/v2\/tags?post=59438"}],"curies":[{"name":"wp","href":"https:\/\/api.w.org\/{rel}","templated":true}]}}