{"id":59440,"date":"2020-02-24T14:53:47","date_gmt":"2020-02-24T14:53:47","guid":{"rendered":"http:\/\/desarrollo.mcvicious.com\/aero2020\/2020\/02\/24\/santa-anita-policia-en-servicio-agredio-a-su-pareja-y-mininter-evalua-qla-mas-drastica-sancion\/"},"modified":"2020-02-24T14:53:47","modified_gmt":"2020-02-24T14:53:47","slug":"santa-anita-policia-en-servicio-agredio-a-su-pareja-y-mininter-evalua-qla-mas-drastica-sancion","status":"publish","type":"post","link":"https:\/\/aeronoticias.com.pe\/noticiero\/49\/santa-anita-policia-en-servicio-agredio-a-su-pareja-y-mininter-evalua-qla-mas-drastica-sancion\/","title":{"rendered":"Santa Anita: Polic\u00eda en servicio agredi\u00f3 a su pareja y Mininter eval\u00faa \u00abla m\u00e1s dr\u00e1stica sanci\u00f3n"},"content":{"rendered":"<p style=\"text-align: justify;\"><strong>(Aeronoticias).-<\/strong> Un efectivo de la Polic\u00eda Nacional, Yordan Torres Rojas, golpe\u00f3 brutalmente a su pareja mientras se encontraba en servicio. El polic\u00eda baj\u00f3 de su patrullero al ver a su novia conversando con otro hombre, en una reuni\u00f3n. Seg\u00fan el parte policial, se encontraban conversando al interior de un taxi cuando la joven quiso partir y, para evitar que saliera, este la agredi\u00f3. \u00a0\u201cMe empez\u00f3 a golpear cuando le dije que ya me quer\u00eda ir. Como no me dejaba ir, me golpe\u00f3, me dijo \u2018qu\u00e9date, mie&#8230;\u2019 y me quit\u00f3 mi celular. Me golpe\u00f3, me dio un codazo y le dije \u2018date cuenta de lo que me est\u00e1s haciendo\u2019. \u2018Todo t\u00fa lo provocaste\u2019, me dijo\u201d, relat\u00f3 la v\u00edctima entre l\u00e1grimas, quien result\u00f3 con el rostro y su vestimenta manchados con sangre.<\/p>\n<p style=\"text-align: justify;\">La mujer cont\u00f3 que, cuando el polic\u00eda se encontraba agredi\u00e9ndola, otro efectivo que estaba esperando en la patrulla quiso retirarse del lugar \u201cpara no meterse en problemas\u201d.<\/p>\n<p style=\"text-align: justify;\"><strong>Sanci\u00f3n ejemplar<\/strong><\/p>\n<p style=\"text-align: justify;\">Conocido el caso, el Ministerio del Interior (Mininter) inform\u00f3 que la Comisi\u00f3n de Idoneidad de la Polic\u00eda Nacional se reunir\u00e1 \u201choy mismo\u201d para definir \u201cla m\u00e1s dr\u00e1stica sanci\u00f3n\u201d contra el mal agente, quien \u201cagredi\u00f3 cobardemente a su pareja\u201d. \u201cLos lineamientos de idoneidad policial aprobados recientemente por el Mininter establecen los criterios m\u00e1s severos para casos de violencia contra la mujer\u201d, adelant\u00f3 el Ministerio en su cuenta en Twitter. El suboficial podr\u00eda ser sancionado incluso con el pase al retiro por esta agresi\u00f3n.<\/p>\n<p><img decoding=\"async\" src=\"images\/stories\/481648_903982.png\" border=\"0\" \/><\/p>\n","protected":false},"excerpt":{"rendered":"<p>(Aeronoticias).- Un efectivo de la Polic\u00eda Nacional, Yordan Torres Rojas, golpe\u00f3 brutalmente a su pareja mientras se encontraba en servicio. El polic\u00eda baj\u00f3 de su patrullero al ver a su novia conversando con otro hombre, en una reuni\u00f3n. Seg\u00fan el parte policial, se encontraban conversando al interior de un taxi cuando la joven quiso partir [&hellip;]<\/p>\n","protected":false},"author":1,"featured_media":0,"comment_status":"open","ping_status":"open","sticky":false,"template":"","format":"standard","meta":{"tdm_status":"","tdm_grid_status":"","footnotes":""},"categories":[39],"tags":[],"class_list":{"0":"post-59440","1":"post","2":"type-post","3":"status-publish","4":"format-standard","6":"category-39"},"yoast_head":"<!-- This site is optimized with the Yoast SEO plugin v25.1 - https:\/\/yoast.com\/wordpress\/plugins\/seo\/ -->\n<title>Santa Anita: Polic\u00eda en servicio agredi\u00f3 a su pareja y Mininter eval\u00faa &quot;la m\u00e1s dr\u00e1stica sanci\u00f3n<\/title>\n<meta name=\"description\" content=\"Portal de noticias del Per\u00fa sobre el transporte a\u00e9reo, aviaci\u00f3n, turismo, hoteleria, actualidad.\" \/>\n<meta name=\"robots\" content=\"index, follow, max-snippet:-1, max-image-preview:large, max-video-preview:-1\" \/>\n<link rel=\"canonical\" href=\"https:\/\/aeronoticias.com.pe\/noticiero\/49\/santa-anita-policia-en-servicio-agredio-a-su-pareja-y-mininter-evalua-qla-mas-drastica-sancion\/\" \/>\n<meta property=\"og:locale\" content=\"es_ES\" \/>\n<meta property=\"og:type\" content=\"article\" \/>\n<meta property=\"og:title\" content=\"Santa Anita: Polic\u00eda en servicio agredi\u00f3 a su pareja y Mininter eval\u00faa &quot;la m\u00e1s dr\u00e1stica sanci\u00f3n\" \/>\n<meta property=\"og:description\" content=\"Portal de noticias del Per\u00fa sobre el transporte a\u00e9reo, aviaci\u00f3n, turismo, hoteleria, actualidad.\" \/>\n<meta property=\"og:url\" content=\"https:\/\/aeronoticias.com.pe\/noticiero\/49\/santa-anita-policia-en-servicio-agredio-a-su-pareja-y-mininter-evalua-qla-mas-drastica-sancion\/\" \/>\n<meta property=\"og:site_name\" content=\"Aeronoticias.com.pe\" \/>\n<meta property=\"article:publisher\" content=\"https:\/\/www.facebook.com\/Aeronoticias.com.pe\/\" \/>\n<meta property=\"article:published_time\" content=\"2020-02-24T14:53:47+00:00\" \/>\n<meta name=\"author\" content=\"Redacci\u00f3n Aeronoticias\" \/>\n<meta name=\"twitter:card\" content=\"summary_large_image\" \/>\n<meta name=\"twitter:creator\" content=\"@aeronoticias\" \/>\n<meta name=\"twitter:site\" content=\"@aeronoticias\" \/>\n<meta name=\"twitter:label1\" content=\"Escrito por\" \/>\n\t<meta name=\"twitter:data1\" content=\"Redacci\u00f3n Aeronoticias\" \/>\n\t<meta name=\"twitter:label2\" content=\"Tiempo de lectura\" \/>\n\t<meta name=\"twitter:data2\" content=\"1 minuto\" \/>\n<script type=\"application\/ld+json\" class=\"yoast-schema-graph\">{\"@context\":\"https:\/\/schema.org\",\"@graph\":[{\"@type\":\"WebPage\",\"@id\":\"https:\/\/aeronoticias.com.pe\/noticiero\/49\/santa-anita-policia-en-servicio-agredio-a-su-pareja-y-mininter-evalua-qla-mas-drastica-sancion\/\",\"url\":\"https:\/\/aeronoticias.com.pe\/noticiero\/49\/santa-anita-policia-en-servicio-agredio-a-su-pareja-y-mininter-evalua-qla-mas-drastica-sancion\/\",\"name\":\"Santa Anita: Polic\u00eda en servicio agredi\u00f3 a su pareja y Mininter eval\u00faa \\\"la m\u00e1s dr\u00e1stica sanci\u00f3n\",\"isPartOf\":{\"@id\":\"https:\/\/aeronoticias.com.pe\/noticiero\/#website\"},\"datePublished\":\"2020-02-24T14:53:47+00:00\",\"author\":{\"@id\":\"https:\/\/aeronoticias.com.pe\/noticiero\/#\/schema\/person\/fc1e5d578f4b62ba1cf7ac2bba1170a0\"},\"description\":\"Portal de noticias del Per\u00fa sobre el transporte a\u00e9reo, aviaci\u00f3n, turismo, hoteleria, actualidad.\",\"breadcrumb\":{\"@id\":\"https:\/\/aeronoticias.com.pe\/noticiero\/49\/santa-anita-policia-en-servicio-agredio-a-su-pareja-y-mininter-evalua-qla-mas-drastica-sancion\/#breadcrumb\"},\"inLanguage\":\"es\",\"potentialAction\":[{\"@type\":\"ReadAction\",\"target\":[\"https:\/\/aeronoticias.com.pe\/noticiero\/49\/santa-anita-policia-en-servicio-agredio-a-su-pareja-y-mininter-evalua-qla-mas-drastica-sancion\/\"]}]},{\"@type\":\"BreadcrumbList\",\"@id\":\"https:\/\/aeronoticias.com.pe\/noticiero\/49\/santa-anita-policia-en-servicio-agredio-a-su-pareja-y-mininter-evalua-qla-mas-drastica-sancion\/#breadcrumb\",\"itemListElement\":[{\"@type\":\"ListItem\",\"position\":1,\"name\":\"Portada\",\"item\":\"https:\/\/aeronoticias.com.pe\/noticiero\/\"},{\"@type\":\"ListItem\",\"position\":2,\"name\":\"Santa Anita: Polic\u00eda en servicio agredi\u00f3 a su pareja y Mininter eval\u00faa \u00abla m\u00e1s dr\u00e1stica sanci\u00f3n\"}]},{\"@type\":\"WebSite\",\"@id\":\"https:\/\/aeronoticias.com.pe\/noticiero\/#website\",\"url\":\"https:\/\/aeronoticias.com.pe\/noticiero\/\",\"name\":\"Aeronoticias.com.pe\",\"description\":\"Noticias de tranporte aereo, turismo, hoteles, gastronomia, actualidad, internacional\",\"potentialAction\":[{\"@type\":\"SearchAction\",\"target\":{\"@type\":\"EntryPoint\",\"urlTemplate\":\"https:\/\/aeronoticias.com.pe\/noticiero\/?s={search_term_string}\"},\"query-input\":{\"@type\":\"PropertyValueSpecification\",\"valueRequired\":true,\"valueName\":\"search_term_string\"}}],\"inLanguage\":\"es\"},{\"@type\":\"Person\",\"@id\":\"https:\/\/aeronoticias.com.pe\/noticiero\/#\/schema\/person\/fc1e5d578f4b62ba1cf7ac2bba1170a0\",\"name\":\"Redacci\u00f3n Aeronoticias\",\"url\":\"https:\/\/aeronoticias.com.pe\/noticiero\/author\/piloto\/\"}]}<\/script>\n<!-- \/ Yoast SEO plugin. -->","yoast_head_json":{"title":"Santa Anita: Polic\u00eda en servicio agredi\u00f3 a su pareja y Mininter eval\u00faa \"la m\u00e1s dr\u00e1stica sanci\u00f3n","description":"Portal de noticias del Per\u00fa sobre el transporte a\u00e9reo, aviaci\u00f3n, turismo, hoteleria, actualidad.","robots":{"index":"index","follow":"follow","max-snippet":"max-snippet:-1","max-image-preview":"max-image-preview:large","max-video-preview":"max-video-preview:-1"},"canonical":"https:\/\/aeronoticias.com.pe\/noticiero\/49\/santa-anita-policia-en-servicio-agredio-a-su-pareja-y-mininter-evalua-qla-mas-drastica-sancion\/","og_locale":"es_ES","og_type":"article","og_title":"Santa Anita: Polic\u00eda en servicio agredi\u00f3 a su pareja y Mininter eval\u00faa \"la m\u00e1s dr\u00e1stica sanci\u00f3n","og_description":"Portal de noticias del Per\u00fa sobre el transporte a\u00e9reo, aviaci\u00f3n, turismo, hoteleria, actualidad.","og_url":"https:\/\/aeronoticias.com.pe\/noticiero\/49\/santa-anita-policia-en-servicio-agredio-a-su-pareja-y-mininter-evalua-qla-mas-drastica-sancion\/","og_site_name":"Aeronoticias.com.pe","article_publisher":"https:\/\/www.facebook.com\/Aeronoticias.com.pe\/","article_published_time":"2020-02-24T14:53:47+00:00","author":"Redacci\u00f3n Aeronoticias","twitter_card":"summary_large_image","twitter_creator":"@aeronoticias","twitter_site":"@aeronoticias","twitter_misc":{"Escrito por":"Redacci\u00f3n Aeronoticias","Tiempo de lectura":"1 minuto"},"schema":{"@context":"https:\/\/schema.org","@graph":[{"@type":"WebPage","@id":"https:\/\/aeronoticias.com.pe\/noticiero\/49\/santa-anita-policia-en-servicio-agredio-a-su-pareja-y-mininter-evalua-qla-mas-drastica-sancion\/","url":"https:\/\/aeronoticias.com.pe\/noticiero\/49\/santa-anita-policia-en-servicio-agredio-a-su-pareja-y-mininter-evalua-qla-mas-drastica-sancion\/","name":"Santa Anita: Polic\u00eda en servicio agredi\u00f3 a su pareja y Mininter eval\u00faa \"la m\u00e1s dr\u00e1stica sanci\u00f3n","isPartOf":{"@id":"https:\/\/aeronoticias.com.pe\/noticiero\/#website"},"datePublished":"2020-02-24T14:53:47+00:00","author":{"@id":"https:\/\/aeronoticias.com.pe\/noticiero\/#\/schema\/person\/fc1e5d578f4b62ba1cf7ac2bba1170a0"},"description":"Portal de noticias del Per\u00fa sobre el transporte a\u00e9reo, aviaci\u00f3n, turismo, hoteleria, actualidad.","breadcrumb":{"@id":"https:\/\/aeronoticias.com.pe\/noticiero\/49\/santa-anita-policia-en-servicio-agredio-a-su-pareja-y-mininter-evalua-qla-mas-drastica-sancion\/#breadcrumb"},"inLanguage":"es","potentialAction":[{"@type":"ReadAction","target":["https:\/\/aeronoticias.com.pe\/noticiero\/49\/santa-anita-policia-en-servicio-agredio-a-su-pareja-y-mininter-evalua-qla-mas-drastica-sancion\/"]}]},{"@type":"BreadcrumbList","@id":"https:\/\/aeronoticias.com.pe\/noticiero\/49\/santa-anita-policia-en-servicio-agredio-a-su-pareja-y-mininter-evalua-qla-mas-drastica-sancion\/#breadcrumb","itemListElement":[{"@type":"ListItem","position":1,"name":"Portada","item":"https:\/\/aeronoticias.com.pe\/noticiero\/"},{"@type":"ListItem","position":2,"name":"Santa Anita: Polic\u00eda en servicio agredi\u00f3 a su pareja y Mininter eval\u00faa \u00abla m\u00e1s dr\u00e1stica sanci\u00f3n"}]},{"@type":"WebSite","@id":"https:\/\/aeronoticias.com.pe\/noticiero\/#website","url":"https:\/\/aeronoticias.com.pe\/noticiero\/","name":"Aeronoticias.com.pe","description":"Noticias de tranporte aereo, turismo, hoteles, gastronomia, actualidad, internacional","potentialAction":[{"@type":"SearchAction","target":{"@type":"EntryPoint","urlTemplate":"https:\/\/aeronoticias.com.pe\/noticiero\/?s={search_term_string}"},"query-input":{"@type":"PropertyValueSpecification","valueRequired":true,"valueName":"search_term_string"}}],"inLanguage":"es"},{"@type":"Person","@id":"https:\/\/aeronoticias.com.pe\/noticiero\/#\/schema\/person\/fc1e5d578f4b62ba1cf7ac2bba1170a0","name":"Redacci\u00f3n Aeronoticias","url":"https:\/\/aeronoticias.com.pe\/noticiero\/author\/piloto\/"}]}},"_links":{"self":[{"href":"https:\/\/aeronoticias.com.pe\/noticiero\/wp-json\/wp\/v2\/posts\/59440","targetHints":{"allow":["GET"]}}],"collection":[{"href":"https:\/\/aeronoticias.com.pe\/noticiero\/wp-json\/wp\/v2\/posts"}],"about":[{"href":"https:\/\/aeronoticias.com.pe\/noticiero\/wp-json\/wp\/v2\/types\/post"}],"author":[{"embeddable":true,"href":"https:\/\/aeronoticias.com.pe\/noticiero\/wp-json\/wp\/v2\/users\/1"}],"replies":[{"embeddable":true,"href":"https:\/\/aeronoticias.com.pe\/noticiero\/wp-json\/wp\/v2\/comments?post=59440"}],"version-history":[{"count":0,"href":"https:\/\/aeronoticias.com.pe\/noticiero\/wp-json\/wp\/v2\/posts\/59440\/revisions"}],"wp:attachment":[{"href":"https:\/\/aeronoticias.com.pe\/noticiero\/wp-json\/wp\/v2\/media?parent=59440"}],"wp:term":[{"taxonomy":"category","embeddable":true,"href":"https:\/\/aeronoticias.com.pe\/noticiero\/wp-json\/wp\/v2\/categories?post=59440"},{"taxonomy":"post_tag","embeddable":true,"href":"https:\/\/aeronoticias.com.pe\/noticiero\/wp-json\/wp\/v2\/tags?post=59440"}],"curies":[{"name":"wp","href":"https:\/\/api.w.org\/{rel}","templated":true}]}}