{"id":59441,"date":"2020-02-24T15:11:01","date_gmt":"2020-02-24T15:11:01","guid":{"rendered":"http:\/\/desarrollo.mcvicious.com\/aero2020\/2020\/02\/24\/asi-fue-la-detencion-del-ex-gobernador-regional-yehude-simon\/"},"modified":"2020-02-24T15:11:01","modified_gmt":"2020-02-24T15:11:01","slug":"asi-fue-la-detencion-del-ex-gobernador-regional-yehude-simon","status":"publish","type":"post","link":"https:\/\/aeronoticias.com.pe\/noticiero\/politica\/asi-fue-la-detencion-del-ex-gobernador-regional-yehude-simon\/","title":{"rendered":"As\u00ed fue la detenci\u00f3n del ex gobernador regional Yehude Simon"},"content":{"rendered":"<p style=\"text-align: justify;\"><strong>(Aeronoticias).- <\/strong>El exgobernador regional de Lambayeque, Yehude Simon, fue detenido este lunes luego de que el Poder Judicial accediera al pedido del fiscal Jos\u00e9 Domingo P\u00e9rez. El expremier es investigado por supuestamente haber recibido dinero de Odebrecht. La Fiscal\u00eda Supraprovincial Corporativa Especializada en Delitos de Corrupci\u00f3n de Funcionarios allan\u00f3 ocho inmuebles relacionados a la presunta organizaci\u00f3n criminal del Caso Olmos-Odebrecht.<\/p>\n<p style=\"text-align: justify;\">Cinco de los inmuebles, que se encuentran en Lima y Chiclayo, est\u00e1n vinculados con el expremier Yehude Simon, a quien tambi\u00e9n se le orden\u00f3 detenci\u00f3n preliminar por la presunta comisi\u00f3n del delito contra la Administraci\u00f3n P\u00fablica, colusi\u00f3n y por el delito de lavado de activos, en modalidad de actos de transferencia, conversi\u00f3n y ocultamiento.<\/p>\n<p style=\"text-align: justify;\">Dos inmuebles son los vinculados con el ex presidente del Proyecto Olmos, Pablo Enrique Salazar Torres, hombre de m\u00e1xima confianza de Yehude Simon. El restante pertenece al fallecido Luis M\u00e1laga Cocchella. Como se recuerda, el exdirectivo de la constructora brasile\u00f1a, Jorge Barata, revel\u00f3 a los fiscales del Equipo Lava Jato que entreg\u00f3 300 mil d\u00f3lares a Yehude Simon para financiar su campa\u00f1a de reelecci\u00f3n al gobierno regional de Lambayeque en el 2006.<\/p>\n<p style=\"text-align: justify;\">\u00a0<\/p>\n<p style=\"text-align: justify;\"><img decoding=\"async\" src=\"images\/stories\/yyyyyyyy.png\" border=\"0\" \/><\/p>\n","protected":false},"excerpt":{"rendered":"<p>(Aeronoticias).- El exgobernador regional de Lambayeque, Yehude Simon, fue detenido este lunes luego de que el Poder Judicial accediera al pedido del fiscal Jos\u00e9 Domingo P\u00e9rez. El expremier es investigado por supuestamente haber recibido dinero de Odebrecht. La Fiscal\u00eda Supraprovincial Corporativa Especializada en Delitos de Corrupci\u00f3n de Funcionarios allan\u00f3 ocho inmuebles relacionados a la presunta [&hellip;]<\/p>\n","protected":false},"author":1,"featured_media":0,"comment_status":"open","ping_status":"open","sticky":false,"template":"","format":"standard","meta":{"tdm_status":"","tdm_grid_status":"","footnotes":""},"categories":[36],"tags":[],"class_list":{"0":"post-59441","1":"post","2":"type-post","3":"status-publish","4":"format-standard","6":"category-politica"},"yoast_head":"<!-- This site is optimized with the Yoast SEO plugin v25.1 - https:\/\/yoast.com\/wordpress\/plugins\/seo\/ -->\n<title>As\u00ed fue la detenci\u00f3n del ex gobernador regional Yehude Simon<\/title>\n<meta name=\"description\" content=\"Portal de noticias del Per\u00fa sobre el transporte a\u00e9reo, aviaci\u00f3n, turismo, hoteleria, actualidad.\" \/>\n<meta name=\"robots\" content=\"index, follow, max-snippet:-1, max-image-preview:large, max-video-preview:-1\" \/>\n<link rel=\"canonical\" href=\"https:\/\/aeronoticias.com.pe\/noticiero\/politica\/asi-fue-la-detencion-del-ex-gobernador-regional-yehude-simon\/\" \/>\n<meta property=\"og:locale\" content=\"es_ES\" \/>\n<meta property=\"og:type\" content=\"article\" \/>\n<meta property=\"og:title\" content=\"As\u00ed fue la detenci\u00f3n del ex gobernador regional Yehude Simon\" \/>\n<meta property=\"og:description\" content=\"Portal de noticias del Per\u00fa sobre el transporte a\u00e9reo, aviaci\u00f3n, turismo, hoteleria, actualidad.\" \/>\n<meta property=\"og:url\" content=\"https:\/\/aeronoticias.com.pe\/noticiero\/politica\/asi-fue-la-detencion-del-ex-gobernador-regional-yehude-simon\/\" \/>\n<meta property=\"og:site_name\" content=\"Aeronoticias.com.pe\" \/>\n<meta property=\"article:publisher\" content=\"https:\/\/www.facebook.com\/Aeronoticias.com.pe\/\" \/>\n<meta property=\"article:published_time\" content=\"2020-02-24T15:11:01+00:00\" \/>\n<meta name=\"author\" content=\"Redacci\u00f3n Aeronoticias\" \/>\n<meta name=\"twitter:card\" content=\"summary_large_image\" \/>\n<meta name=\"twitter:creator\" content=\"@aeronoticias\" \/>\n<meta name=\"twitter:site\" content=\"@aeronoticias\" \/>\n<meta name=\"twitter:label1\" content=\"Escrito por\" \/>\n\t<meta name=\"twitter:data1\" content=\"Redacci\u00f3n Aeronoticias\" \/>\n\t<meta name=\"twitter:label2\" content=\"Tiempo de lectura\" \/>\n\t<meta name=\"twitter:data2\" content=\"1 minuto\" \/>\n<script type=\"application\/ld+json\" class=\"yoast-schema-graph\">{\"@context\":\"https:\/\/schema.org\",\"@graph\":[{\"@type\":\"WebPage\",\"@id\":\"https:\/\/aeronoticias.com.pe\/noticiero\/politica\/asi-fue-la-detencion-del-ex-gobernador-regional-yehude-simon\/\",\"url\":\"https:\/\/aeronoticias.com.pe\/noticiero\/politica\/asi-fue-la-detencion-del-ex-gobernador-regional-yehude-simon\/\",\"name\":\"As\u00ed fue la detenci\u00f3n del ex gobernador regional Yehude Simon\",\"isPartOf\":{\"@id\":\"https:\/\/aeronoticias.com.pe\/noticiero\/#website\"},\"datePublished\":\"2020-02-24T15:11:01+00:00\",\"author\":{\"@id\":\"https:\/\/aeronoticias.com.pe\/noticiero\/#\/schema\/person\/fc1e5d578f4b62ba1cf7ac2bba1170a0\"},\"description\":\"Portal de noticias del Per\u00fa sobre el transporte a\u00e9reo, aviaci\u00f3n, turismo, hoteleria, actualidad.\",\"breadcrumb\":{\"@id\":\"https:\/\/aeronoticias.com.pe\/noticiero\/politica\/asi-fue-la-detencion-del-ex-gobernador-regional-yehude-simon\/#breadcrumb\"},\"inLanguage\":\"es\",\"potentialAction\":[{\"@type\":\"ReadAction\",\"target\":[\"https:\/\/aeronoticias.com.pe\/noticiero\/politica\/asi-fue-la-detencion-del-ex-gobernador-regional-yehude-simon\/\"]}]},{\"@type\":\"BreadcrumbList\",\"@id\":\"https:\/\/aeronoticias.com.pe\/noticiero\/politica\/asi-fue-la-detencion-del-ex-gobernador-regional-yehude-simon\/#breadcrumb\",\"itemListElement\":[{\"@type\":\"ListItem\",\"position\":1,\"name\":\"Portada\",\"item\":\"https:\/\/aeronoticias.com.pe\/noticiero\/\"},{\"@type\":\"ListItem\",\"position\":2,\"name\":\"As\u00ed fue la detenci\u00f3n del ex gobernador regional Yehude Simon\"}]},{\"@type\":\"WebSite\",\"@id\":\"https:\/\/aeronoticias.com.pe\/noticiero\/#website\",\"url\":\"https:\/\/aeronoticias.com.pe\/noticiero\/\",\"name\":\"Aeronoticias.com.pe\",\"description\":\"Noticias de tranporte aereo, turismo, hoteles, gastronomia, actualidad, internacional\",\"potentialAction\":[{\"@type\":\"SearchAction\",\"target\":{\"@type\":\"EntryPoint\",\"urlTemplate\":\"https:\/\/aeronoticias.com.pe\/noticiero\/?s={search_term_string}\"},\"query-input\":{\"@type\":\"PropertyValueSpecification\",\"valueRequired\":true,\"valueName\":\"search_term_string\"}}],\"inLanguage\":\"es\"},{\"@type\":\"Person\",\"@id\":\"https:\/\/aeronoticias.com.pe\/noticiero\/#\/schema\/person\/fc1e5d578f4b62ba1cf7ac2bba1170a0\",\"name\":\"Redacci\u00f3n Aeronoticias\",\"url\":\"https:\/\/aeronoticias.com.pe\/noticiero\/author\/piloto\/\"}]}<\/script>\n<!-- \/ Yoast SEO plugin. -->","yoast_head_json":{"title":"As\u00ed fue la detenci\u00f3n del ex gobernador regional Yehude Simon","description":"Portal de noticias del Per\u00fa sobre el transporte a\u00e9reo, aviaci\u00f3n, turismo, hoteleria, actualidad.","robots":{"index":"index","follow":"follow","max-snippet":"max-snippet:-1","max-image-preview":"max-image-preview:large","max-video-preview":"max-video-preview:-1"},"canonical":"https:\/\/aeronoticias.com.pe\/noticiero\/politica\/asi-fue-la-detencion-del-ex-gobernador-regional-yehude-simon\/","og_locale":"es_ES","og_type":"article","og_title":"As\u00ed fue la detenci\u00f3n del ex gobernador regional Yehude Simon","og_description":"Portal de noticias del Per\u00fa sobre el transporte a\u00e9reo, aviaci\u00f3n, turismo, hoteleria, actualidad.","og_url":"https:\/\/aeronoticias.com.pe\/noticiero\/politica\/asi-fue-la-detencion-del-ex-gobernador-regional-yehude-simon\/","og_site_name":"Aeronoticias.com.pe","article_publisher":"https:\/\/www.facebook.com\/Aeronoticias.com.pe\/","article_published_time":"2020-02-24T15:11:01+00:00","author":"Redacci\u00f3n Aeronoticias","twitter_card":"summary_large_image","twitter_creator":"@aeronoticias","twitter_site":"@aeronoticias","twitter_misc":{"Escrito por":"Redacci\u00f3n Aeronoticias","Tiempo de lectura":"1 minuto"},"schema":{"@context":"https:\/\/schema.org","@graph":[{"@type":"WebPage","@id":"https:\/\/aeronoticias.com.pe\/noticiero\/politica\/asi-fue-la-detencion-del-ex-gobernador-regional-yehude-simon\/","url":"https:\/\/aeronoticias.com.pe\/noticiero\/politica\/asi-fue-la-detencion-del-ex-gobernador-regional-yehude-simon\/","name":"As\u00ed fue la detenci\u00f3n del ex gobernador regional Yehude Simon","isPartOf":{"@id":"https:\/\/aeronoticias.com.pe\/noticiero\/#website"},"datePublished":"2020-02-24T15:11:01+00:00","author":{"@id":"https:\/\/aeronoticias.com.pe\/noticiero\/#\/schema\/person\/fc1e5d578f4b62ba1cf7ac2bba1170a0"},"description":"Portal de noticias del Per\u00fa sobre el transporte a\u00e9reo, aviaci\u00f3n, turismo, hoteleria, actualidad.","breadcrumb":{"@id":"https:\/\/aeronoticias.com.pe\/noticiero\/politica\/asi-fue-la-detencion-del-ex-gobernador-regional-yehude-simon\/#breadcrumb"},"inLanguage":"es","potentialAction":[{"@type":"ReadAction","target":["https:\/\/aeronoticias.com.pe\/noticiero\/politica\/asi-fue-la-detencion-del-ex-gobernador-regional-yehude-simon\/"]}]},{"@type":"BreadcrumbList","@id":"https:\/\/aeronoticias.com.pe\/noticiero\/politica\/asi-fue-la-detencion-del-ex-gobernador-regional-yehude-simon\/#breadcrumb","itemListElement":[{"@type":"ListItem","position":1,"name":"Portada","item":"https:\/\/aeronoticias.com.pe\/noticiero\/"},{"@type":"ListItem","position":2,"name":"As\u00ed fue la detenci\u00f3n del ex gobernador regional Yehude Simon"}]},{"@type":"WebSite","@id":"https:\/\/aeronoticias.com.pe\/noticiero\/#website","url":"https:\/\/aeronoticias.com.pe\/noticiero\/","name":"Aeronoticias.com.pe","description":"Noticias de tranporte aereo, turismo, hoteles, gastronomia, actualidad, internacional","potentialAction":[{"@type":"SearchAction","target":{"@type":"EntryPoint","urlTemplate":"https:\/\/aeronoticias.com.pe\/noticiero\/?s={search_term_string}"},"query-input":{"@type":"PropertyValueSpecification","valueRequired":true,"valueName":"search_term_string"}}],"inLanguage":"es"},{"@type":"Person","@id":"https:\/\/aeronoticias.com.pe\/noticiero\/#\/schema\/person\/fc1e5d578f4b62ba1cf7ac2bba1170a0","name":"Redacci\u00f3n Aeronoticias","url":"https:\/\/aeronoticias.com.pe\/noticiero\/author\/piloto\/"}]}},"_links":{"self":[{"href":"https:\/\/aeronoticias.com.pe\/noticiero\/wp-json\/wp\/v2\/posts\/59441","targetHints":{"allow":["GET"]}}],"collection":[{"href":"https:\/\/aeronoticias.com.pe\/noticiero\/wp-json\/wp\/v2\/posts"}],"about":[{"href":"https:\/\/aeronoticias.com.pe\/noticiero\/wp-json\/wp\/v2\/types\/post"}],"author":[{"embeddable":true,"href":"https:\/\/aeronoticias.com.pe\/noticiero\/wp-json\/wp\/v2\/users\/1"}],"replies":[{"embeddable":true,"href":"https:\/\/aeronoticias.com.pe\/noticiero\/wp-json\/wp\/v2\/comments?post=59441"}],"version-history":[{"count":0,"href":"https:\/\/aeronoticias.com.pe\/noticiero\/wp-json\/wp\/v2\/posts\/59441\/revisions"}],"wp:attachment":[{"href":"https:\/\/aeronoticias.com.pe\/noticiero\/wp-json\/wp\/v2\/media?parent=59441"}],"wp:term":[{"taxonomy":"category","embeddable":true,"href":"https:\/\/aeronoticias.com.pe\/noticiero\/wp-json\/wp\/v2\/categories?post=59441"},{"taxonomy":"post_tag","embeddable":true,"href":"https:\/\/aeronoticias.com.pe\/noticiero\/wp-json\/wp\/v2\/tags?post=59441"}],"curies":[{"name":"wp","href":"https:\/\/api.w.org\/{rel}","templated":true}]}}