{"id":59442,"date":"2020-02-24T15:28:32","date_gmt":"2020-02-24T15:28:32","guid":{"rendered":"http:\/\/desarrollo.mcvicious.com\/aero2020\/2020\/02\/24\/la-crisis-del-coronavirus\/"},"modified":"2020-02-24T15:28:32","modified_gmt":"2020-02-24T15:28:32","slug":"la-crisis-del-coronavirus","status":"publish","type":"post","link":"https:\/\/aeronoticias.com.pe\/noticiero\/salud\/la-crisis-del-coronavirus\/","title":{"rendered":"La crisis del coronavirus"},"content":{"rendered":"<p style=\"text-align: justify;\"><strong>(Aeronoticias).- <\/strong>La muerte este lunes de tres personas en Italia por el coronavirus ha elevado a seis la cifra de fallecidos en este pa\u00eds transalpino, donde tambi\u00e9n se ha confirmado que hay 229 contagiados repartidos por cinco regiones (Lombard\u00eda, V\u00e9neto, Piamonte, Emilia Roma\u00f1a y Lacio). La extensi\u00f3n de la enfermedad por Italia, cuya forma de llegada a dicho territorio no est\u00e1 clara, ha llevado a suspender las clases en todos los niveles educativos en el Norte y a que el Gobierno haya adoptado medidas in\u00e9ditas para intentar contener la enfermedad, como la prohibici\u00f3n de la entrada o la salida de las zonas de los focos de contagio o la suspensi\u00f3n de las actividades laborales y manifestaciones. Las principales bolsas europeas han abierto la semana a la baja con ca\u00eddas superiores al 2%, y m\u00e1s del 4% en Mil\u00e1n, lastradas por evoluci\u00f3n de la enfermedad. Las autoridades chinas, por su lado, han informado de 150 nuevas muertes (cerca de 2.600 en total) y han prohibido \u00abcompletamente\u00bb y de forma inmediata el comercio y el consumo de animales salvajes. Corea del Sur ha confirmado dos nuevas v\u00edctimas y 161 casos m\u00e1s de contagio, lo que eleva la cifra a siete fallecidos y 833 afectados en el pa\u00eds asi\u00e1tico. En Ir\u00e1n hay contradicciones con la cifra de muertos: un diputado de la ciudad m\u00e1s afectada habla de 50 y el Gobierno reconoce 12. Si no puede ver la narraci\u00f3n en directo.<\/p>\n<p style=\"text-align: justify;\">La OMS considera que la reacci\u00f3n de China \u00abevit\u00f3 cientos de miles de casos\u00bb. Las medidas tomadas por China para tratar de contener la epidemia de COVID-19 \u00abprobablemente evitaron cientos de miles de casos\u00bb en el pa\u00eds, ha afirmado este lunes el emisario de la Organizaci\u00f3n Mundial de la Salud (OMS) Bruce Aylward. \u00abLa reducci\u00f3n en los casos que estamos viendo es real. Podemos decir, con confianza, que est\u00e1n bajando de verdad\u00bb, ha dicho el m\u00e9dico canadiense en una rueda de prensa celebrada en Pek\u00edn, en la que ha presentado las conclusiones de la misi\u00f3n sobre el terreno de la OMS.<\/p>\n<p style=\"text-align: justify;\">Sanidad limita las medidas contra el coronavirus a reforzar la informaci\u00f3n en puertos y aeropuertos. Expertos del ministerio se reunen con las autoridades europeas y auton\u00f3micas para preparar un plan de contingencia. Informa Pablo Linde. En Ir\u00e1n hay contradicciones con la cifra de muertos: Un diputado por Qom, la ciudad m\u00e1s afectada, dice que hay 50 v\u00edctimas mortales frente a las 12 que reconoce el Gobierno. Informa \u00c1ngeles Espinosa.<\/p>\n<p style=\"text-align: justify;\">Personal de la empresa de autobuses iran\u00ed desinfecta un veh\u00edculo en Teher\u00e1n. La imagen es de Sobhan Farajvan.<\/p>\n<p>Los contagios en Italia por regiones son:<\/p>\n<p>172 casos en Lombard\u00eda<\/p>\n<p>23 en el V\u00e9neto<\/p>\n<p>18 en Emilia Roma\u00f1a<\/p>\n<p>4 \u00a0en Piamonte<\/p>\n<p>y 3 en Lacio<\/p>\n<p>\u00a0<\/p>\n<p><img decoding=\"async\" src=\"images\/stories\/aaabb1.jpg\" border=\"0\" \/><\/p>\n","protected":false},"excerpt":{"rendered":"<p>(Aeronoticias).- La muerte este lunes de tres personas en Italia por el coronavirus ha elevado a seis la cifra de fallecidos en este pa\u00eds transalpino, donde tambi\u00e9n se ha confirmado que hay 229 contagiados repartidos por cinco regiones (Lombard\u00eda, V\u00e9neto, Piamonte, Emilia Roma\u00f1a y Lacio). La extensi\u00f3n de la enfermedad por Italia, cuya forma de [&hellip;]<\/p>\n","protected":false},"author":1,"featured_media":0,"comment_status":"open","ping_status":"open","sticky":false,"template":"","format":"standard","meta":{"tdm_status":"","tdm_grid_status":"","footnotes":""},"categories":[37],"tags":[],"class_list":{"0":"post-59442","1":"post","2":"type-post","3":"status-publish","4":"format-standard","6":"category-salud"},"yoast_head":"<!-- This site is optimized with the Yoast SEO plugin v25.1 - https:\/\/yoast.com\/wordpress\/plugins\/seo\/ -->\n<title>La crisis del coronavirus<\/title>\n<meta name=\"description\" content=\"Portal de noticias del Per\u00fa sobre el transporte a\u00e9reo, aviaci\u00f3n, turismo, hoteleria, actualidad.\" \/>\n<meta name=\"robots\" content=\"index, follow, max-snippet:-1, max-image-preview:large, max-video-preview:-1\" \/>\n<link rel=\"canonical\" href=\"https:\/\/aeronoticias.com.pe\/noticiero\/salud\/la-crisis-del-coronavirus\/\" \/>\n<meta property=\"og:locale\" content=\"es_ES\" \/>\n<meta property=\"og:type\" content=\"article\" \/>\n<meta property=\"og:title\" content=\"La crisis del coronavirus\" \/>\n<meta property=\"og:description\" content=\"Portal de noticias del Per\u00fa sobre el transporte a\u00e9reo, aviaci\u00f3n, turismo, hoteleria, actualidad.\" \/>\n<meta property=\"og:url\" content=\"https:\/\/aeronoticias.com.pe\/noticiero\/salud\/la-crisis-del-coronavirus\/\" \/>\n<meta property=\"og:site_name\" content=\"Aeronoticias.com.pe\" \/>\n<meta property=\"article:publisher\" content=\"https:\/\/www.facebook.com\/Aeronoticias.com.pe\/\" \/>\n<meta property=\"article:published_time\" content=\"2020-02-24T15:28:32+00:00\" \/>\n<meta name=\"author\" content=\"Redacci\u00f3n Aeronoticias\" \/>\n<meta name=\"twitter:card\" content=\"summary_large_image\" \/>\n<meta name=\"twitter:creator\" content=\"@aeronoticias\" \/>\n<meta name=\"twitter:site\" content=\"@aeronoticias\" \/>\n<meta name=\"twitter:label1\" content=\"Escrito por\" \/>\n\t<meta name=\"twitter:data1\" content=\"Redacci\u00f3n Aeronoticias\" \/>\n\t<meta name=\"twitter:label2\" content=\"Tiempo de lectura\" \/>\n\t<meta name=\"twitter:data2\" content=\"2 minutos\" \/>\n<script type=\"application\/ld+json\" class=\"yoast-schema-graph\">{\"@context\":\"https:\/\/schema.org\",\"@graph\":[{\"@type\":\"WebPage\",\"@id\":\"https:\/\/aeronoticias.com.pe\/noticiero\/salud\/la-crisis-del-coronavirus\/\",\"url\":\"https:\/\/aeronoticias.com.pe\/noticiero\/salud\/la-crisis-del-coronavirus\/\",\"name\":\"La crisis del coronavirus\",\"isPartOf\":{\"@id\":\"https:\/\/aeronoticias.com.pe\/noticiero\/#website\"},\"datePublished\":\"2020-02-24T15:28:32+00:00\",\"author\":{\"@id\":\"https:\/\/aeronoticias.com.pe\/noticiero\/#\/schema\/person\/fc1e5d578f4b62ba1cf7ac2bba1170a0\"},\"description\":\"Portal de noticias del Per\u00fa sobre el transporte a\u00e9reo, aviaci\u00f3n, turismo, hoteleria, actualidad.\",\"breadcrumb\":{\"@id\":\"https:\/\/aeronoticias.com.pe\/noticiero\/salud\/la-crisis-del-coronavirus\/#breadcrumb\"},\"inLanguage\":\"es\",\"potentialAction\":[{\"@type\":\"ReadAction\",\"target\":[\"https:\/\/aeronoticias.com.pe\/noticiero\/salud\/la-crisis-del-coronavirus\/\"]}]},{\"@type\":\"BreadcrumbList\",\"@id\":\"https:\/\/aeronoticias.com.pe\/noticiero\/salud\/la-crisis-del-coronavirus\/#breadcrumb\",\"itemListElement\":[{\"@type\":\"ListItem\",\"position\":1,\"name\":\"Portada\",\"item\":\"https:\/\/aeronoticias.com.pe\/noticiero\/\"},{\"@type\":\"ListItem\",\"position\":2,\"name\":\"La crisis del coronavirus\"}]},{\"@type\":\"WebSite\",\"@id\":\"https:\/\/aeronoticias.com.pe\/noticiero\/#website\",\"url\":\"https:\/\/aeronoticias.com.pe\/noticiero\/\",\"name\":\"Aeronoticias.com.pe\",\"description\":\"Noticias de tranporte aereo, turismo, hoteles, gastronomia, actualidad, internacional\",\"potentialAction\":[{\"@type\":\"SearchAction\",\"target\":{\"@type\":\"EntryPoint\",\"urlTemplate\":\"https:\/\/aeronoticias.com.pe\/noticiero\/?s={search_term_string}\"},\"query-input\":{\"@type\":\"PropertyValueSpecification\",\"valueRequired\":true,\"valueName\":\"search_term_string\"}}],\"inLanguage\":\"es\"},{\"@type\":\"Person\",\"@id\":\"https:\/\/aeronoticias.com.pe\/noticiero\/#\/schema\/person\/fc1e5d578f4b62ba1cf7ac2bba1170a0\",\"name\":\"Redacci\u00f3n Aeronoticias\",\"url\":\"https:\/\/aeronoticias.com.pe\/noticiero\/author\/piloto\/\"}]}<\/script>\n<!-- \/ Yoast SEO plugin. -->","yoast_head_json":{"title":"La crisis del coronavirus","description":"Portal de noticias del Per\u00fa sobre el transporte a\u00e9reo, aviaci\u00f3n, turismo, hoteleria, actualidad.","robots":{"index":"index","follow":"follow","max-snippet":"max-snippet:-1","max-image-preview":"max-image-preview:large","max-video-preview":"max-video-preview:-1"},"canonical":"https:\/\/aeronoticias.com.pe\/noticiero\/salud\/la-crisis-del-coronavirus\/","og_locale":"es_ES","og_type":"article","og_title":"La crisis del coronavirus","og_description":"Portal de noticias del Per\u00fa sobre el transporte a\u00e9reo, aviaci\u00f3n, turismo, hoteleria, actualidad.","og_url":"https:\/\/aeronoticias.com.pe\/noticiero\/salud\/la-crisis-del-coronavirus\/","og_site_name":"Aeronoticias.com.pe","article_publisher":"https:\/\/www.facebook.com\/Aeronoticias.com.pe\/","article_published_time":"2020-02-24T15:28:32+00:00","author":"Redacci\u00f3n Aeronoticias","twitter_card":"summary_large_image","twitter_creator":"@aeronoticias","twitter_site":"@aeronoticias","twitter_misc":{"Escrito por":"Redacci\u00f3n Aeronoticias","Tiempo de lectura":"2 minutos"},"schema":{"@context":"https:\/\/schema.org","@graph":[{"@type":"WebPage","@id":"https:\/\/aeronoticias.com.pe\/noticiero\/salud\/la-crisis-del-coronavirus\/","url":"https:\/\/aeronoticias.com.pe\/noticiero\/salud\/la-crisis-del-coronavirus\/","name":"La crisis del coronavirus","isPartOf":{"@id":"https:\/\/aeronoticias.com.pe\/noticiero\/#website"},"datePublished":"2020-02-24T15:28:32+00:00","author":{"@id":"https:\/\/aeronoticias.com.pe\/noticiero\/#\/schema\/person\/fc1e5d578f4b62ba1cf7ac2bba1170a0"},"description":"Portal de noticias del Per\u00fa sobre el transporte a\u00e9reo, aviaci\u00f3n, turismo, hoteleria, actualidad.","breadcrumb":{"@id":"https:\/\/aeronoticias.com.pe\/noticiero\/salud\/la-crisis-del-coronavirus\/#breadcrumb"},"inLanguage":"es","potentialAction":[{"@type":"ReadAction","target":["https:\/\/aeronoticias.com.pe\/noticiero\/salud\/la-crisis-del-coronavirus\/"]}]},{"@type":"BreadcrumbList","@id":"https:\/\/aeronoticias.com.pe\/noticiero\/salud\/la-crisis-del-coronavirus\/#breadcrumb","itemListElement":[{"@type":"ListItem","position":1,"name":"Portada","item":"https:\/\/aeronoticias.com.pe\/noticiero\/"},{"@type":"ListItem","position":2,"name":"La crisis del coronavirus"}]},{"@type":"WebSite","@id":"https:\/\/aeronoticias.com.pe\/noticiero\/#website","url":"https:\/\/aeronoticias.com.pe\/noticiero\/","name":"Aeronoticias.com.pe","description":"Noticias de tranporte aereo, turismo, hoteles, gastronomia, actualidad, internacional","potentialAction":[{"@type":"SearchAction","target":{"@type":"EntryPoint","urlTemplate":"https:\/\/aeronoticias.com.pe\/noticiero\/?s={search_term_string}"},"query-input":{"@type":"PropertyValueSpecification","valueRequired":true,"valueName":"search_term_string"}}],"inLanguage":"es"},{"@type":"Person","@id":"https:\/\/aeronoticias.com.pe\/noticiero\/#\/schema\/person\/fc1e5d578f4b62ba1cf7ac2bba1170a0","name":"Redacci\u00f3n Aeronoticias","url":"https:\/\/aeronoticias.com.pe\/noticiero\/author\/piloto\/"}]}},"_links":{"self":[{"href":"https:\/\/aeronoticias.com.pe\/noticiero\/wp-json\/wp\/v2\/posts\/59442","targetHints":{"allow":["GET"]}}],"collection":[{"href":"https:\/\/aeronoticias.com.pe\/noticiero\/wp-json\/wp\/v2\/posts"}],"about":[{"href":"https:\/\/aeronoticias.com.pe\/noticiero\/wp-json\/wp\/v2\/types\/post"}],"author":[{"embeddable":true,"href":"https:\/\/aeronoticias.com.pe\/noticiero\/wp-json\/wp\/v2\/users\/1"}],"replies":[{"embeddable":true,"href":"https:\/\/aeronoticias.com.pe\/noticiero\/wp-json\/wp\/v2\/comments?post=59442"}],"version-history":[{"count":0,"href":"https:\/\/aeronoticias.com.pe\/noticiero\/wp-json\/wp\/v2\/posts\/59442\/revisions"}],"wp:attachment":[{"href":"https:\/\/aeronoticias.com.pe\/noticiero\/wp-json\/wp\/v2\/media?parent=59442"}],"wp:term":[{"taxonomy":"category","embeddable":true,"href":"https:\/\/aeronoticias.com.pe\/noticiero\/wp-json\/wp\/v2\/categories?post=59442"},{"taxonomy":"post_tag","embeddable":true,"href":"https:\/\/aeronoticias.com.pe\/noticiero\/wp-json\/wp\/v2\/tags?post=59442"}],"curies":[{"name":"wp","href":"https:\/\/api.w.org\/{rel}","templated":true}]}}