{"id":59474,"date":"2020-03-02T17:19:59","date_gmt":"2020-03-02T17:19:59","guid":{"rendered":"http:\/\/desarrollo.mcvicious.com\/aero2020\/2020\/03\/02\/un-dron-paraliza-por-casi-dos-horas-los-vuelos-en-el-aeropuerto-de-frankfurt\/"},"modified":"2020-03-02T17:19:59","modified_gmt":"2020-03-02T17:19:59","slug":"un-dron-paraliza-por-casi-dos-horas-los-vuelos-en-el-aeropuerto-de-frankfurt","status":"publish","type":"post","link":"https:\/\/aeronoticias.com.pe\/noticiero\/27\/un-dron-paraliza-por-casi-dos-horas-los-vuelos-en-el-aeropuerto-de-frankfurt\/","title":{"rendered":"Un dron paraliza por casi dos horas los vuelos en el aeropuerto de Frankfurt"},"content":{"rendered":"<p style=\"text-align: justify;\"><strong>(Aeronoticias).<\/strong>&#8211;\u00a0<span style=\"color: #454545; font-family: Helvetica; font-size: 12px;\">La presencia de un dron ha obligado este lunes a cerrar temporalmente el aeropuerto de Frankfurt. Desde las 11:15 hasta las 13:00 horas, el tr\u00e1fico a\u00e9reo ha permanecido suspendido.<\/span><\/p>\n<p class=\"p1\" style=\"text-align: justify;\">La polic\u00eda estatal y federal de Alemania inform\u00f3 que el avistamiento de un dron oblig\u00f3 a paralizar la actividad aeroportuaria, despu\u00e9s de que un piloto alertara del aparato, y actu\u00f3 sobre la zona para tratar de identificarlo y reestablecer la seguridad de las operaciones en el aeropuerto. Seg\u00fan apunt\u00f3 la agencia alemana dpa, para ello activaron un helic\u00f3ptero.<\/p>\n<p class=\"p3\" style=\"text-align: justify;\">\u00a0<\/p>\n<p class=\"p1\" style=\"text-align: justify;\">La Autoridad Alemania de Seguridad A\u00e9rea (DFS) asegur\u00f3 a trav\u00e9s de Twitter que \u201cdesde las 13.00 horas se producen de nuevo despegues y aterrizajes\u201d. La alerta tras detectarse el aparato no tripulado sobrevolando el aeropuerto se ha desactivado, pero la investigaci\u00f3n policial sigue su curso, inform\u00f3 la Polic\u00eda Federal.<\/p>\n<p class=\"p1\" style=\"text-align: justify;\">\u00a0<\/p>\n<p class=\"p1\" style=\"text-align: justify;\">La suspensi\u00f3n temporal ha provocado retrasos en un n\u00famero indeterminado de vuelos. Entre los afectados, se encuentra el del gobernador del estadio de Renania del Norte-Westfalia, en el oeste de Alemania, Armin Laschet, que regresaba de una visita a Israel.<\/p>\n<p class=\"p1\" style=\"text-align: justify;\">\u00a0<\/p>\n<p class=\"p1\" style=\"text-align: justify;\">El aeropuerto de Frankfurt, el primero de Alemania y tercero de Europa en tr\u00e1fico, gestion\u00f3 el a\u00f1o pasado 70 millones de pasajeros, 2 millones de toneladas de mercanc\u00edas y una actividad diaria media de m\u00e1s de 1.400 vuelos.<\/p>\n<p class=\"p3\" style=\"text-align: justify;\">\u00a0<\/p>\n<p class=\"p1\" style=\"text-align: justify;\">Hace solo unas semanas, el aeropuerto de Frankfurt tuvo que cerrarse durante aproximadamente una hora debido a un avistamiento de drones y en 2019, se reportaron unos 28 avistamientos de drones en la zona.<\/p>\n<p class=\"p1\" style=\"text-align: justify;\">\u00a0<\/p>\n<p class=\"p1\" style=\"text-align: justify;\">En los \u00faltimos meses se han registrado incidentes similares en aeropuertos europeos como los de Londres (Heatrow y Gatwick) o el de Madrid-Barajas.<\/p>\n<p class=\"p1\" style=\"text-align: justify;\">\u00a0<\/p>\n<p class=\"p1\" style=\"text-align: justify;\">Fuente: <span style=\"text-decoration: underline;\"><em><strong>La Vanguardia.<\/strong><\/em><\/span><\/p>\n<p class=\"p1\" style=\"text-align: justify;\">\u00a0<\/p>\n<p class=\"p1\" style=\"text-align: justify;\"><span style=\"text-decoration: underline;\"><em><strong><img decoding=\"async\" src=\"images\/stories\/aeropuertoaaaaa1.jpg\" border=\"0\" \/><br \/><\/strong><\/em><\/span><\/p>\n<p> p.p1 {margin: 0.0px 0.0px 0.0px 0.0px; font: 12.0px Helvetica; color: #454545} p.p2 {margin: 0.0px 0.0px 0.0px 0.0px; text-align: center; font: 12.0px Helvetica; color: #454545; min-height: 14.0px} p.p3 {margin: 0.0px 0.0px 0.0px 0.0px; font: 12.0px Helvetica; color: #454545; min-height: 14.0px}<\/p>\n","protected":false},"excerpt":{"rendered":"<p>(Aeronoticias).&#8211;\u00a0La presencia de un dron ha obligado este lunes a cerrar temporalmente el aeropuerto de Frankfurt. Desde las 11:15 hasta las 13:00 horas, el tr\u00e1fico a\u00e9reo ha permanecido suspendido. La polic\u00eda estatal y federal de Alemania inform\u00f3 que el avistamiento de un dron oblig\u00f3 a paralizar la actividad aeroportuaria, despu\u00e9s de que un piloto alertara [&hellip;]<\/p>\n","protected":false},"author":1,"featured_media":0,"comment_status":"open","ping_status":"open","sticky":false,"template":"","format":"standard","meta":{"tdm_status":"","tdm_grid_status":"","footnotes":""},"categories":[35],"tags":[],"class_list":{"0":"post-59474","1":"post","2":"type-post","3":"status-publish","4":"format-standard","6":"category-35"},"yoast_head":"<!-- This site is optimized with the Yoast SEO plugin v25.1 - https:\/\/yoast.com\/wordpress\/plugins\/seo\/ -->\n<title>Un dron paraliza por casi dos horas los vuelos en el aeropuerto de Frankfurt<\/title>\n<meta name=\"description\" content=\"Portal de noticias del Per\u00fa sobre el transporte a\u00e9reo, aviaci\u00f3n, turismo, hoteleria, actualidad.\" \/>\n<meta name=\"robots\" content=\"index, follow, max-snippet:-1, max-image-preview:large, max-video-preview:-1\" \/>\n<link rel=\"canonical\" href=\"https:\/\/aeronoticias.com.pe\/noticiero\/27\/un-dron-paraliza-por-casi-dos-horas-los-vuelos-en-el-aeropuerto-de-frankfurt\/\" \/>\n<meta property=\"og:locale\" content=\"es_ES\" \/>\n<meta property=\"og:type\" content=\"article\" \/>\n<meta property=\"og:title\" content=\"Un dron paraliza por casi dos horas los vuelos en el aeropuerto de Frankfurt\" \/>\n<meta property=\"og:description\" content=\"Portal de noticias del Per\u00fa sobre el transporte a\u00e9reo, aviaci\u00f3n, turismo, hoteleria, actualidad.\" \/>\n<meta property=\"og:url\" content=\"https:\/\/aeronoticias.com.pe\/noticiero\/27\/un-dron-paraliza-por-casi-dos-horas-los-vuelos-en-el-aeropuerto-de-frankfurt\/\" \/>\n<meta property=\"og:site_name\" content=\"Aeronoticias.com.pe\" \/>\n<meta property=\"article:publisher\" content=\"https:\/\/www.facebook.com\/Aeronoticias.com.pe\/\" \/>\n<meta property=\"article:published_time\" content=\"2020-03-02T17:19:59+00:00\" \/>\n<meta name=\"author\" content=\"Redacci\u00f3n Aeronoticias\" \/>\n<meta name=\"twitter:card\" content=\"summary_large_image\" \/>\n<meta name=\"twitter:creator\" content=\"@aeronoticias\" \/>\n<meta name=\"twitter:site\" content=\"@aeronoticias\" \/>\n<meta name=\"twitter:label1\" content=\"Escrito por\" \/>\n\t<meta name=\"twitter:data1\" content=\"Redacci\u00f3n Aeronoticias\" \/>\n\t<meta name=\"twitter:label2\" content=\"Tiempo de lectura\" \/>\n\t<meta name=\"twitter:data2\" content=\"2 minutos\" \/>\n<script type=\"application\/ld+json\" class=\"yoast-schema-graph\">{\"@context\":\"https:\/\/schema.org\",\"@graph\":[{\"@type\":\"WebPage\",\"@id\":\"https:\/\/aeronoticias.com.pe\/noticiero\/27\/un-dron-paraliza-por-casi-dos-horas-los-vuelos-en-el-aeropuerto-de-frankfurt\/\",\"url\":\"https:\/\/aeronoticias.com.pe\/noticiero\/27\/un-dron-paraliza-por-casi-dos-horas-los-vuelos-en-el-aeropuerto-de-frankfurt\/\",\"name\":\"Un dron paraliza por casi dos horas los vuelos en el aeropuerto de Frankfurt\",\"isPartOf\":{\"@id\":\"https:\/\/aeronoticias.com.pe\/noticiero\/#website\"},\"datePublished\":\"2020-03-02T17:19:59+00:00\",\"author\":{\"@id\":\"https:\/\/aeronoticias.com.pe\/noticiero\/#\/schema\/person\/fc1e5d578f4b62ba1cf7ac2bba1170a0\"},\"description\":\"Portal de noticias del Per\u00fa sobre el transporte a\u00e9reo, aviaci\u00f3n, turismo, hoteleria, actualidad.\",\"breadcrumb\":{\"@id\":\"https:\/\/aeronoticias.com.pe\/noticiero\/27\/un-dron-paraliza-por-casi-dos-horas-los-vuelos-en-el-aeropuerto-de-frankfurt\/#breadcrumb\"},\"inLanguage\":\"es\",\"potentialAction\":[{\"@type\":\"ReadAction\",\"target\":[\"https:\/\/aeronoticias.com.pe\/noticiero\/27\/un-dron-paraliza-por-casi-dos-horas-los-vuelos-en-el-aeropuerto-de-frankfurt\/\"]}]},{\"@type\":\"BreadcrumbList\",\"@id\":\"https:\/\/aeronoticias.com.pe\/noticiero\/27\/un-dron-paraliza-por-casi-dos-horas-los-vuelos-en-el-aeropuerto-de-frankfurt\/#breadcrumb\",\"itemListElement\":[{\"@type\":\"ListItem\",\"position\":1,\"name\":\"Portada\",\"item\":\"https:\/\/aeronoticias.com.pe\/noticiero\/\"},{\"@type\":\"ListItem\",\"position\":2,\"name\":\"Un dron paraliza por casi dos horas los vuelos en el aeropuerto de Frankfurt\"}]},{\"@type\":\"WebSite\",\"@id\":\"https:\/\/aeronoticias.com.pe\/noticiero\/#website\",\"url\":\"https:\/\/aeronoticias.com.pe\/noticiero\/\",\"name\":\"Aeronoticias.com.pe\",\"description\":\"Noticias de tranporte aereo, turismo, hoteles, gastronomia, actualidad, internacional\",\"potentialAction\":[{\"@type\":\"SearchAction\",\"target\":{\"@type\":\"EntryPoint\",\"urlTemplate\":\"https:\/\/aeronoticias.com.pe\/noticiero\/?s={search_term_string}\"},\"query-input\":{\"@type\":\"PropertyValueSpecification\",\"valueRequired\":true,\"valueName\":\"search_term_string\"}}],\"inLanguage\":\"es\"},{\"@type\":\"Person\",\"@id\":\"https:\/\/aeronoticias.com.pe\/noticiero\/#\/schema\/person\/fc1e5d578f4b62ba1cf7ac2bba1170a0\",\"name\":\"Redacci\u00f3n Aeronoticias\",\"url\":\"https:\/\/aeronoticias.com.pe\/noticiero\/author\/piloto\/\"}]}<\/script>\n<!-- \/ Yoast SEO plugin. -->","yoast_head_json":{"title":"Un dron paraliza por casi dos horas los vuelos en el aeropuerto de Frankfurt","description":"Portal de noticias del Per\u00fa sobre el transporte a\u00e9reo, aviaci\u00f3n, turismo, hoteleria, actualidad.","robots":{"index":"index","follow":"follow","max-snippet":"max-snippet:-1","max-image-preview":"max-image-preview:large","max-video-preview":"max-video-preview:-1"},"canonical":"https:\/\/aeronoticias.com.pe\/noticiero\/27\/un-dron-paraliza-por-casi-dos-horas-los-vuelos-en-el-aeropuerto-de-frankfurt\/","og_locale":"es_ES","og_type":"article","og_title":"Un dron paraliza por casi dos horas los vuelos en el aeropuerto de Frankfurt","og_description":"Portal de noticias del Per\u00fa sobre el transporte a\u00e9reo, aviaci\u00f3n, turismo, hoteleria, actualidad.","og_url":"https:\/\/aeronoticias.com.pe\/noticiero\/27\/un-dron-paraliza-por-casi-dos-horas-los-vuelos-en-el-aeropuerto-de-frankfurt\/","og_site_name":"Aeronoticias.com.pe","article_publisher":"https:\/\/www.facebook.com\/Aeronoticias.com.pe\/","article_published_time":"2020-03-02T17:19:59+00:00","author":"Redacci\u00f3n Aeronoticias","twitter_card":"summary_large_image","twitter_creator":"@aeronoticias","twitter_site":"@aeronoticias","twitter_misc":{"Escrito por":"Redacci\u00f3n Aeronoticias","Tiempo de lectura":"2 minutos"},"schema":{"@context":"https:\/\/schema.org","@graph":[{"@type":"WebPage","@id":"https:\/\/aeronoticias.com.pe\/noticiero\/27\/un-dron-paraliza-por-casi-dos-horas-los-vuelos-en-el-aeropuerto-de-frankfurt\/","url":"https:\/\/aeronoticias.com.pe\/noticiero\/27\/un-dron-paraliza-por-casi-dos-horas-los-vuelos-en-el-aeropuerto-de-frankfurt\/","name":"Un dron paraliza por casi dos horas los vuelos en el aeropuerto de Frankfurt","isPartOf":{"@id":"https:\/\/aeronoticias.com.pe\/noticiero\/#website"},"datePublished":"2020-03-02T17:19:59+00:00","author":{"@id":"https:\/\/aeronoticias.com.pe\/noticiero\/#\/schema\/person\/fc1e5d578f4b62ba1cf7ac2bba1170a0"},"description":"Portal de noticias del Per\u00fa sobre el transporte a\u00e9reo, aviaci\u00f3n, turismo, hoteleria, actualidad.","breadcrumb":{"@id":"https:\/\/aeronoticias.com.pe\/noticiero\/27\/un-dron-paraliza-por-casi-dos-horas-los-vuelos-en-el-aeropuerto-de-frankfurt\/#breadcrumb"},"inLanguage":"es","potentialAction":[{"@type":"ReadAction","target":["https:\/\/aeronoticias.com.pe\/noticiero\/27\/un-dron-paraliza-por-casi-dos-horas-los-vuelos-en-el-aeropuerto-de-frankfurt\/"]}]},{"@type":"BreadcrumbList","@id":"https:\/\/aeronoticias.com.pe\/noticiero\/27\/un-dron-paraliza-por-casi-dos-horas-los-vuelos-en-el-aeropuerto-de-frankfurt\/#breadcrumb","itemListElement":[{"@type":"ListItem","position":1,"name":"Portada","item":"https:\/\/aeronoticias.com.pe\/noticiero\/"},{"@type":"ListItem","position":2,"name":"Un dron paraliza por casi dos horas los vuelos en el aeropuerto de Frankfurt"}]},{"@type":"WebSite","@id":"https:\/\/aeronoticias.com.pe\/noticiero\/#website","url":"https:\/\/aeronoticias.com.pe\/noticiero\/","name":"Aeronoticias.com.pe","description":"Noticias de tranporte aereo, turismo, hoteles, gastronomia, actualidad, internacional","potentialAction":[{"@type":"SearchAction","target":{"@type":"EntryPoint","urlTemplate":"https:\/\/aeronoticias.com.pe\/noticiero\/?s={search_term_string}"},"query-input":{"@type":"PropertyValueSpecification","valueRequired":true,"valueName":"search_term_string"}}],"inLanguage":"es"},{"@type":"Person","@id":"https:\/\/aeronoticias.com.pe\/noticiero\/#\/schema\/person\/fc1e5d578f4b62ba1cf7ac2bba1170a0","name":"Redacci\u00f3n Aeronoticias","url":"https:\/\/aeronoticias.com.pe\/noticiero\/author\/piloto\/"}]}},"_links":{"self":[{"href":"https:\/\/aeronoticias.com.pe\/noticiero\/wp-json\/wp\/v2\/posts\/59474","targetHints":{"allow":["GET"]}}],"collection":[{"href":"https:\/\/aeronoticias.com.pe\/noticiero\/wp-json\/wp\/v2\/posts"}],"about":[{"href":"https:\/\/aeronoticias.com.pe\/noticiero\/wp-json\/wp\/v2\/types\/post"}],"author":[{"embeddable":true,"href":"https:\/\/aeronoticias.com.pe\/noticiero\/wp-json\/wp\/v2\/users\/1"}],"replies":[{"embeddable":true,"href":"https:\/\/aeronoticias.com.pe\/noticiero\/wp-json\/wp\/v2\/comments?post=59474"}],"version-history":[{"count":0,"href":"https:\/\/aeronoticias.com.pe\/noticiero\/wp-json\/wp\/v2\/posts\/59474\/revisions"}],"wp:attachment":[{"href":"https:\/\/aeronoticias.com.pe\/noticiero\/wp-json\/wp\/v2\/media?parent=59474"}],"wp:term":[{"taxonomy":"category","embeddable":true,"href":"https:\/\/aeronoticias.com.pe\/noticiero\/wp-json\/wp\/v2\/categories?post=59474"},{"taxonomy":"post_tag","embeddable":true,"href":"https:\/\/aeronoticias.com.pe\/noticiero\/wp-json\/wp\/v2\/tags?post=59474"}],"curies":[{"name":"wp","href":"https:\/\/api.w.org\/{rel}","templated":true}]}}