{"id":59481,"date":"2020-03-03T17:27:53","date_gmt":"2020-03-03T17:27:53","guid":{"rendered":"http:\/\/desarrollo.mcvicious.com\/aero2020\/2020\/03\/03\/el-trafico-mundial-de-pasajeros-crecio-un-34-en-2019\/"},"modified":"2020-11-09T17:39:05","modified_gmt":"2020-11-09T22:39:05","slug":"el-trafico-mundial-de-pasajeros-crecio-un-34-en-2019","status":"publish","type":"post","link":"https:\/\/aeronoticias.com.pe\/noticiero\/transporte-aereo\/internacional\/el-trafico-mundial-de-pasajeros-crecio-un-34-en-2019\/","title":{"rendered":"El tr\u00e1fico mundial de pasajeros creci\u00f3 un 3,4% en 2019"},"content":{"rendered":"\n<p class=\"p1\">El tr\u00e1fico mundial de pasajeros ha experimentado un incremento del 3,4% en 2019, lo que supone una tendencia moderada frente a crecimientos del 6,4% registrados un a\u00f1o antes, seg\u00fan datos del Consejo Internacional de Aeropuertos (ACI) .<\/p>\n\n\n\n<p class=\"p1\">El tr\u00e1fico mundial de pasajeros internacionales creci\u00f3 un 4,1% frente al aumento del 2,8% de los pasajeros dom\u00e9sticos.<\/p>\n\n\n\n<p class=\"p1\">Respecto a la carga en el a\u00f1o 2019 se ha registrado un retroceso del 2,5%, cerca de seis puntos porcentuales por debajo de la cifra registrada en 2018 (+3,4%). La ca\u00edda fue mayor en el caso de la carga internacional que cay\u00f3 un 4,1%, frente al 1,3% del tr\u00e1fico de carga dom\u00e9stico.<\/p>\n\n\n\n<p class=\"p1\">La organizaci\u00f3n asegura que aunque se produjo una lenta recuperaci\u00f3n en los vol\u00famenes de carga a finales de a\u00f1o la actual situaci\u00f3n de emergencia sanitaria debido al coronavirus podr\u00eda parar la tendencia alcista y afectar a los resultados de 2020.<\/p>\n\n\n\n<p class=\"p1\">\u201cCon las continuas guerras comerciales y la creciente tensi\u00f3n geopol\u00edtica en el Medio Oriente, el ambiente global en 2019 fue ciertamente un desaf\u00edo para el transporte a\u00e9reo\u201d, asegura la directora general mundial de ACI, Angela Gittens.<\/p>\n\n\n\n<p class=\"p1\">El tr\u00e1fico internacional de pasajeros en Europa experimenta un incremento del 4,4%, siendo la regi\u00f3n de \u00c1frica la que m\u00e1s crece en 2019 (6,5%). En cuanto al tr\u00e1fico nacional, en Europa cae un 0,2%, mientras que \u00c1frica vuelve a situarse como la zona con el mayor incremento (6,8%).<\/p>\n\n\n\n<p class=\"p1\">En cifras globales, el incremento en \u00c1frica fue del 6,7% en Asia, del 3%, en Europa 3,2%, en Latinoam\u00e9rica del 3,7% en Oriente Medio, del 3,3%, y de Norteam\u00e9rica del 3,4%.<\/p>\n\n\n\n<p class=\"p1\">En el caso de la carga a nivel global se registraron ca\u00eddas en todos los mercados. Del -0,2% en \u00c1frica, del -4,3% en Asia, del -2,4% en Europa, del -3,5% en Latinoam\u00e9rica, del -2,8% en Oriente medio y del -0,5% Norteam\u00e9rica.<\/p>\n\n\n\n<p class=\"p1\">Fuente: <span style=\"text-decoration: underline;\"><em><strong>Europa Press.<\/strong><\/em><\/span><\/p>\n","protected":false},"excerpt":{"rendered":"<p>El tr\u00e1fico mundial de pasajeros ha experimentado un incremento del 3,4% en 2019, lo que supone una tendencia moderada frente a crecimientos del 6,4% registrados un a\u00f1o antes, seg\u00fan datos del Consejo Internacional de Aeropuertos (ACI) . El tr\u00e1fico mundial de pasajeros internacionales creci\u00f3 un 4,1% frente al aumento del 2,8% de los pasajeros dom\u00e9sticos. [&hellip;]<\/p>\n","protected":false},"author":1,"featured_media":64795,"comment_status":"open","ping_status":"open","sticky":false,"template":"","format":"standard","meta":{"tdm_status":"","tdm_grid_status":"","footnotes":""},"categories":[32],"tags":[563,562],"class_list":{"0":"post-59481","1":"post","2":"type-post","3":"status-publish","4":"format-standard","5":"has-post-thumbnail","7":"category-internacional","8":"tag-aci","9":"tag-consejo-internacional-de-aeropuertos"},"yoast_head":"<!-- This site is optimized with the Yoast SEO plugin v25.1 - https:\/\/yoast.com\/wordpress\/plugins\/seo\/ -->\n<title>El tr\u00e1fico mundial de pasajeros creci\u00f3 un 3,4% en 2019<\/title>\n<meta name=\"description\" content=\"El tr\u00e1fico mundial de pasajeros ha experimentado un incremento del 3,4% en 2019, lo que supone una tendencia moderada frente a crecimientos del 6,4% registrados un a\u00f1o antes, seg\u00fan datos del Consejo Internacional de Aeropuertos (ACI) .\" \/>\n<meta name=\"robots\" content=\"index, follow, max-snippet:-1, max-image-preview:large, max-video-preview:-1\" \/>\n<link rel=\"canonical\" href=\"https:\/\/aeronoticias.com.pe\/noticiero\/transporte-aereo\/internacional\/el-trafico-mundial-de-pasajeros-crecio-un-34-en-2019\/\" \/>\n<meta property=\"og:locale\" content=\"es_ES\" \/>\n<meta property=\"og:type\" content=\"article\" \/>\n<meta property=\"og:title\" content=\"El tr\u00e1fico mundial de pasajeros creci\u00f3 un 3,4% en 2019\" \/>\n<meta property=\"og:description\" content=\"El tr\u00e1fico mundial de pasajeros ha experimentado un incremento del 3,4% en 2019, lo que supone una tendencia moderada frente a crecimientos del 6,4% registrados un a\u00f1o antes, seg\u00fan datos del Consejo Internacional de Aeropuertos (ACI) .\" \/>\n<meta property=\"og:url\" content=\"https:\/\/aeronoticias.com.pe\/noticiero\/transporte-aereo\/internacional\/el-trafico-mundial-de-pasajeros-crecio-un-34-en-2019\/\" \/>\n<meta property=\"og:site_name\" content=\"Aeronoticias.com.pe\" \/>\n<meta property=\"article:publisher\" content=\"https:\/\/www.facebook.com\/Aeronoticias.com.pe\/\" \/>\n<meta property=\"article:published_time\" content=\"2020-03-03T17:27:53+00:00\" \/>\n<meta property=\"article:modified_time\" content=\"2020-11-09T22:39:05+00:00\" \/>\n<meta property=\"og:image\" content=\"https:\/\/aeronoticias.com.pe\/noticiero\/wp-content\/uploads\/2020\/03\/aeropuerto-pasajero-gente.jpg\" \/>\n\t<meta property=\"og:image:width\" content=\"1920\" \/>\n\t<meta property=\"og:image:height\" content=\"1080\" \/>\n\t<meta property=\"og:image:type\" content=\"image\/jpeg\" \/>\n<meta name=\"author\" content=\"Redacci\u00f3n Aeronoticias\" \/>\n<meta name=\"twitter:card\" content=\"summary_large_image\" \/>\n<meta name=\"twitter:creator\" content=\"@aeronoticias\" \/>\n<meta name=\"twitter:site\" content=\"@aeronoticias\" \/>\n<meta name=\"twitter:label1\" content=\"Escrito por\" \/>\n\t<meta name=\"twitter:data1\" content=\"Redacci\u00f3n Aeronoticias\" \/>\n\t<meta name=\"twitter:label2\" content=\"Tiempo de lectura\" \/>\n\t<meta name=\"twitter:data2\" content=\"2 minutos\" \/>\n<script type=\"application\/ld+json\" class=\"yoast-schema-graph\">{\"@context\":\"https:\/\/schema.org\",\"@graph\":[{\"@type\":\"WebPage\",\"@id\":\"https:\/\/aeronoticias.com.pe\/noticiero\/transporte-aereo\/internacional\/el-trafico-mundial-de-pasajeros-crecio-un-34-en-2019\/\",\"url\":\"https:\/\/aeronoticias.com.pe\/noticiero\/transporte-aereo\/internacional\/el-trafico-mundial-de-pasajeros-crecio-un-34-en-2019\/\",\"name\":\"El tr\u00e1fico mundial de pasajeros creci\u00f3 un 3,4% en 2019\",\"isPartOf\":{\"@id\":\"https:\/\/aeronoticias.com.pe\/noticiero\/#website\"},\"primaryImageOfPage\":{\"@id\":\"https:\/\/aeronoticias.com.pe\/noticiero\/transporte-aereo\/internacional\/el-trafico-mundial-de-pasajeros-crecio-un-34-en-2019\/#primaryimage\"},\"image\":{\"@id\":\"https:\/\/aeronoticias.com.pe\/noticiero\/transporte-aereo\/internacional\/el-trafico-mundial-de-pasajeros-crecio-un-34-en-2019\/#primaryimage\"},\"thumbnailUrl\":\"https:\/\/aeronoticias.com.pe\/noticiero\/wp-content\/uploads\/2020\/03\/aeropuerto-pasajero-gente.jpg\",\"datePublished\":\"2020-03-03T17:27:53+00:00\",\"dateModified\":\"2020-11-09T22:39:05+00:00\",\"author\":{\"@id\":\"https:\/\/aeronoticias.com.pe\/noticiero\/#\/schema\/person\/fc1e5d578f4b62ba1cf7ac2bba1170a0\"},\"description\":\"El tr\u00e1fico mundial de pasajeros ha experimentado un incremento del 3,4% en 2019, lo que supone una tendencia moderada frente a crecimientos del 6,4% registrados un a\u00f1o antes, seg\u00fan datos del Consejo Internacional de Aeropuertos (ACI) .\",\"breadcrumb\":{\"@id\":\"https:\/\/aeronoticias.com.pe\/noticiero\/transporte-aereo\/internacional\/el-trafico-mundial-de-pasajeros-crecio-un-34-en-2019\/#breadcrumb\"},\"inLanguage\":\"es\",\"potentialAction\":[{\"@type\":\"ReadAction\",\"target\":[\"https:\/\/aeronoticias.com.pe\/noticiero\/transporte-aereo\/internacional\/el-trafico-mundial-de-pasajeros-crecio-un-34-en-2019\/\"]}]},{\"@type\":\"ImageObject\",\"inLanguage\":\"es\",\"@id\":\"https:\/\/aeronoticias.com.pe\/noticiero\/transporte-aereo\/internacional\/el-trafico-mundial-de-pasajeros-crecio-un-34-en-2019\/#primaryimage\",\"url\":\"https:\/\/aeronoticias.com.pe\/noticiero\/wp-content\/uploads\/2020\/03\/aeropuerto-pasajero-gente.jpg\",\"contentUrl\":\"https:\/\/aeronoticias.com.pe\/noticiero\/wp-content\/uploads\/2020\/03\/aeropuerto-pasajero-gente.jpg\",\"width\":1920,\"height\":1080},{\"@type\":\"BreadcrumbList\",\"@id\":\"https:\/\/aeronoticias.com.pe\/noticiero\/transporte-aereo\/internacional\/el-trafico-mundial-de-pasajeros-crecio-un-34-en-2019\/#breadcrumb\",\"itemListElement\":[{\"@type\":\"ListItem\",\"position\":1,\"name\":\"Portada\",\"item\":\"https:\/\/aeronoticias.com.pe\/noticiero\/\"},{\"@type\":\"ListItem\",\"position\":2,\"name\":\"El tr\u00e1fico mundial de pasajeros creci\u00f3 un 3,4% en 2019\"}]},{\"@type\":\"WebSite\",\"@id\":\"https:\/\/aeronoticias.com.pe\/noticiero\/#website\",\"url\":\"https:\/\/aeronoticias.com.pe\/noticiero\/\",\"name\":\"Aeronoticias.com.pe\",\"description\":\"Noticias de tranporte aereo, turismo, hoteles, gastronomia, actualidad, internacional\",\"potentialAction\":[{\"@type\":\"SearchAction\",\"target\":{\"@type\":\"EntryPoint\",\"urlTemplate\":\"https:\/\/aeronoticias.com.pe\/noticiero\/?s={search_term_string}\"},\"query-input\":{\"@type\":\"PropertyValueSpecification\",\"valueRequired\":true,\"valueName\":\"search_term_string\"}}],\"inLanguage\":\"es\"},{\"@type\":\"Person\",\"@id\":\"https:\/\/aeronoticias.com.pe\/noticiero\/#\/schema\/person\/fc1e5d578f4b62ba1cf7ac2bba1170a0\",\"name\":\"Redacci\u00f3n Aeronoticias\",\"url\":\"https:\/\/aeronoticias.com.pe\/noticiero\/author\/piloto\/\"}]}<\/script>\n<!-- \/ Yoast SEO plugin. -->","yoast_head_json":{"title":"El tr\u00e1fico mundial de pasajeros creci\u00f3 un 3,4% en 2019","description":"El tr\u00e1fico mundial de pasajeros ha experimentado un incremento del 3,4% en 2019, lo que supone una tendencia moderada frente a crecimientos del 6,4% registrados un a\u00f1o antes, seg\u00fan datos del Consejo Internacional de Aeropuertos (ACI) .","robots":{"index":"index","follow":"follow","max-snippet":"max-snippet:-1","max-image-preview":"max-image-preview:large","max-video-preview":"max-video-preview:-1"},"canonical":"https:\/\/aeronoticias.com.pe\/noticiero\/transporte-aereo\/internacional\/el-trafico-mundial-de-pasajeros-crecio-un-34-en-2019\/","og_locale":"es_ES","og_type":"article","og_title":"El tr\u00e1fico mundial de pasajeros creci\u00f3 un 3,4% en 2019","og_description":"El tr\u00e1fico mundial de pasajeros ha experimentado un incremento del 3,4% en 2019, lo que supone una tendencia moderada frente a crecimientos del 6,4% registrados un a\u00f1o antes, seg\u00fan datos del Consejo Internacional de Aeropuertos (ACI) .","og_url":"https:\/\/aeronoticias.com.pe\/noticiero\/transporte-aereo\/internacional\/el-trafico-mundial-de-pasajeros-crecio-un-34-en-2019\/","og_site_name":"Aeronoticias.com.pe","article_publisher":"https:\/\/www.facebook.com\/Aeronoticias.com.pe\/","article_published_time":"2020-03-03T17:27:53+00:00","article_modified_time":"2020-11-09T22:39:05+00:00","og_image":[{"width":1920,"height":1080,"url":"https:\/\/aeronoticias.com.pe\/noticiero\/wp-content\/uploads\/2020\/03\/aeropuerto-pasajero-gente.jpg","type":"image\/jpeg"}],"author":"Redacci\u00f3n Aeronoticias","twitter_card":"summary_large_image","twitter_creator":"@aeronoticias","twitter_site":"@aeronoticias","twitter_misc":{"Escrito por":"Redacci\u00f3n Aeronoticias","Tiempo de lectura":"2 minutos"},"schema":{"@context":"https:\/\/schema.org","@graph":[{"@type":"WebPage","@id":"https:\/\/aeronoticias.com.pe\/noticiero\/transporte-aereo\/internacional\/el-trafico-mundial-de-pasajeros-crecio-un-34-en-2019\/","url":"https:\/\/aeronoticias.com.pe\/noticiero\/transporte-aereo\/internacional\/el-trafico-mundial-de-pasajeros-crecio-un-34-en-2019\/","name":"El tr\u00e1fico mundial de pasajeros creci\u00f3 un 3,4% en 2019","isPartOf":{"@id":"https:\/\/aeronoticias.com.pe\/noticiero\/#website"},"primaryImageOfPage":{"@id":"https:\/\/aeronoticias.com.pe\/noticiero\/transporte-aereo\/internacional\/el-trafico-mundial-de-pasajeros-crecio-un-34-en-2019\/#primaryimage"},"image":{"@id":"https:\/\/aeronoticias.com.pe\/noticiero\/transporte-aereo\/internacional\/el-trafico-mundial-de-pasajeros-crecio-un-34-en-2019\/#primaryimage"},"thumbnailUrl":"https:\/\/aeronoticias.com.pe\/noticiero\/wp-content\/uploads\/2020\/03\/aeropuerto-pasajero-gente.jpg","datePublished":"2020-03-03T17:27:53+00:00","dateModified":"2020-11-09T22:39:05+00:00","author":{"@id":"https:\/\/aeronoticias.com.pe\/noticiero\/#\/schema\/person\/fc1e5d578f4b62ba1cf7ac2bba1170a0"},"description":"El tr\u00e1fico mundial de pasajeros ha experimentado un incremento del 3,4% en 2019, lo que supone una tendencia moderada frente a crecimientos del 6,4% registrados un a\u00f1o antes, seg\u00fan datos del Consejo Internacional de Aeropuertos (ACI) .","breadcrumb":{"@id":"https:\/\/aeronoticias.com.pe\/noticiero\/transporte-aereo\/internacional\/el-trafico-mundial-de-pasajeros-crecio-un-34-en-2019\/#breadcrumb"},"inLanguage":"es","potentialAction":[{"@type":"ReadAction","target":["https:\/\/aeronoticias.com.pe\/noticiero\/transporte-aereo\/internacional\/el-trafico-mundial-de-pasajeros-crecio-un-34-en-2019\/"]}]},{"@type":"ImageObject","inLanguage":"es","@id":"https:\/\/aeronoticias.com.pe\/noticiero\/transporte-aereo\/internacional\/el-trafico-mundial-de-pasajeros-crecio-un-34-en-2019\/#primaryimage","url":"https:\/\/aeronoticias.com.pe\/noticiero\/wp-content\/uploads\/2020\/03\/aeropuerto-pasajero-gente.jpg","contentUrl":"https:\/\/aeronoticias.com.pe\/noticiero\/wp-content\/uploads\/2020\/03\/aeropuerto-pasajero-gente.jpg","width":1920,"height":1080},{"@type":"BreadcrumbList","@id":"https:\/\/aeronoticias.com.pe\/noticiero\/transporte-aereo\/internacional\/el-trafico-mundial-de-pasajeros-crecio-un-34-en-2019\/#breadcrumb","itemListElement":[{"@type":"ListItem","position":1,"name":"Portada","item":"https:\/\/aeronoticias.com.pe\/noticiero\/"},{"@type":"ListItem","position":2,"name":"El tr\u00e1fico mundial de pasajeros creci\u00f3 un 3,4% en 2019"}]},{"@type":"WebSite","@id":"https:\/\/aeronoticias.com.pe\/noticiero\/#website","url":"https:\/\/aeronoticias.com.pe\/noticiero\/","name":"Aeronoticias.com.pe","description":"Noticias de tranporte aereo, turismo, hoteles, gastronomia, actualidad, internacional","potentialAction":[{"@type":"SearchAction","target":{"@type":"EntryPoint","urlTemplate":"https:\/\/aeronoticias.com.pe\/noticiero\/?s={search_term_string}"},"query-input":{"@type":"PropertyValueSpecification","valueRequired":true,"valueName":"search_term_string"}}],"inLanguage":"es"},{"@type":"Person","@id":"https:\/\/aeronoticias.com.pe\/noticiero\/#\/schema\/person\/fc1e5d578f4b62ba1cf7ac2bba1170a0","name":"Redacci\u00f3n Aeronoticias","url":"https:\/\/aeronoticias.com.pe\/noticiero\/author\/piloto\/"}]}},"_links":{"self":[{"href":"https:\/\/aeronoticias.com.pe\/noticiero\/wp-json\/wp\/v2\/posts\/59481","targetHints":{"allow":["GET"]}}],"collection":[{"href":"https:\/\/aeronoticias.com.pe\/noticiero\/wp-json\/wp\/v2\/posts"}],"about":[{"href":"https:\/\/aeronoticias.com.pe\/noticiero\/wp-json\/wp\/v2\/types\/post"}],"author":[{"embeddable":true,"href":"https:\/\/aeronoticias.com.pe\/noticiero\/wp-json\/wp\/v2\/users\/1"}],"replies":[{"embeddable":true,"href":"https:\/\/aeronoticias.com.pe\/noticiero\/wp-json\/wp\/v2\/comments?post=59481"}],"version-history":[{"count":0,"href":"https:\/\/aeronoticias.com.pe\/noticiero\/wp-json\/wp\/v2\/posts\/59481\/revisions"}],"wp:featuredmedia":[{"embeddable":true,"href":"https:\/\/aeronoticias.com.pe\/noticiero\/wp-json\/wp\/v2\/media\/64795"}],"wp:attachment":[{"href":"https:\/\/aeronoticias.com.pe\/noticiero\/wp-json\/wp\/v2\/media?parent=59481"}],"wp:term":[{"taxonomy":"category","embeddable":true,"href":"https:\/\/aeronoticias.com.pe\/noticiero\/wp-json\/wp\/v2\/categories?post=59481"},{"taxonomy":"post_tag","embeddable":true,"href":"https:\/\/aeronoticias.com.pe\/noticiero\/wp-json\/wp\/v2\/tags?post=59481"}],"curies":[{"name":"wp","href":"https:\/\/api.w.org\/{rel}","templated":true}]}}