{"id":59482,"date":"2020-03-04T14:44:08","date_gmt":"2020-03-04T14:44:08","guid":{"rendered":"http:\/\/desarrollo.mcvicious.com\/aero2020\/2020\/03\/04\/vla-aerolinea-estatal-rusa-estrena-avion-y-decoracion-con-la-entrega-en-toulouse-de-su-primer-airbus-a350-900\/"},"modified":"2020-09-11T15:27:31","modified_gmt":"2020-09-11T15:27:31","slug":"vla-aerolinea-estatal-rusa-estrena-avion-y-decoracion-con-la-entrega-en-toulouse-de-su-primer-airbus-a350-900","status":"publish","type":"post","link":"https:\/\/aeronoticias.com.pe\/noticiero\/historia-derecho-aero-peruano\/vla-aerolinea-estatal-rusa-estrena-avion-y-decoracion-con-la-entrega-en-toulouse-de-su-primer-airbus-a350-900\/","title":{"rendered":"La aerol\u00ednea estatal rusa estrena avi\u00f3n y decoraci\u00f3n con la entrega en Toulouse de su primer Airbus A350-900."},"content":{"rendered":"<p style=\"text-align: justify;\"><strong>(Aeronoticias).-<\/strong> Aeroflot acaba de recibir el primero de 22 Airbus A350-900 que tiene pedidos, y del que este a\u00f1o 2020 recibir\u00e1 diez unidades. Adem\u00e1s ha introducido una nueva decoraci\u00f3n en sus aviones, cambiando el metalizado del fuselaje por el blanco, \u00a0y el azul de la panza por gris. Para la cabina de pasaje, Aeroflot ha elegido una configuraci\u00f3n de 28 asientos Collins Aerospace Horizon, tipo suite, con puerta, para la clase ejecutiva y configuraci\u00f3n 1-2-1; 24 Collins Aerospace MiQ en turista premium en configuraci\u00f3n 2-4-2; y 264 Collins Aerospace Aspire en turista en 3-3-3. Todos los asientos cuentan con pantallas de televisi\u00f3n individuales con el sistema Panasonic eX3 de entretenimiento a bordo.<\/p>\n<p style=\"text-align: justify;\">Las primeras rutas de largo radio anunciadas por Aeroflot para sus A350 incluyen vuelos desde Mosc\u00fa a \u00a0Miami, Nueva York, Dubai, Delhi, Beijing y Osaka. Tambi\u00e9n los usar\u00e1 en los vuelos a Londres Heathrow.<\/p>\n<p style=\"text-align: justify;\">\u00a0<\/p>\n<p style=\"text-align: justify;\"><img decoding=\"async\" src=\"images\/stories\/aeroflot.png\" border=\"0\" \/><\/p>\n","protected":false},"excerpt":{"rendered":"<p>(Aeronoticias).- Aeroflot acaba de recibir el primero de 22 Airbus A350-900 que tiene pedidos, y del que este a\u00f1o 2020 recibir\u00e1 diez unidades. Adem\u00e1s ha introducido una nueva decoraci\u00f3n en sus aviones, cambiando el metalizado del fuselaje por el blanco, \u00a0y el azul de la panza por gris. Para la cabina de pasaje, Aeroflot ha [&hellip;]<\/p>\n","protected":false},"author":1,"featured_media":0,"comment_status":"open","ping_status":"open","sticky":false,"template":"","format":"standard","meta":{"tdm_status":"","tdm_grid_status":"","footnotes":""},"categories":[27],"tags":[],"class_list":{"0":"post-59482","1":"post","2":"type-post","3":"status-publish","4":"format-standard","6":"category-historia-derecho-aero-peruano"},"yoast_head":"<!-- This site is optimized with the Yoast SEO plugin v25.1 - https:\/\/yoast.com\/wordpress\/plugins\/seo\/ -->\n<title>La aerol\u00ednea estatal rusa estrena avi\u00f3n y decoraci\u00f3n con la entrega en Toulouse de su primer Airbus A350-900.<\/title>\n<meta name=\"description\" content=\"Portal de noticias del Per\u00fa sobre el transporte a\u00e9reo, aviaci\u00f3n, turismo, hoteleria, actualidad.\" \/>\n<meta name=\"robots\" content=\"index, follow, max-snippet:-1, max-image-preview:large, max-video-preview:-1\" \/>\n<link rel=\"canonical\" href=\"https:\/\/aeronoticias.com.pe\/noticiero\/historia-derecho-aero-peruano\/vla-aerolinea-estatal-rusa-estrena-avion-y-decoracion-con-la-entrega-en-toulouse-de-su-primer-airbus-a350-900\/\" \/>\n<meta property=\"og:locale\" content=\"es_ES\" \/>\n<meta property=\"og:type\" content=\"article\" \/>\n<meta property=\"og:title\" content=\"La aerol\u00ednea estatal rusa estrena avi\u00f3n y decoraci\u00f3n con la entrega en Toulouse de su primer Airbus A350-900.\" \/>\n<meta property=\"og:description\" content=\"Portal de noticias del Per\u00fa sobre el transporte a\u00e9reo, aviaci\u00f3n, turismo, hoteleria, actualidad.\" \/>\n<meta property=\"og:url\" content=\"https:\/\/aeronoticias.com.pe\/noticiero\/historia-derecho-aero-peruano\/vla-aerolinea-estatal-rusa-estrena-avion-y-decoracion-con-la-entrega-en-toulouse-de-su-primer-airbus-a350-900\/\" \/>\n<meta property=\"og:site_name\" content=\"Aeronoticias.com.pe\" \/>\n<meta property=\"article:publisher\" content=\"https:\/\/www.facebook.com\/Aeronoticias.com.pe\/\" \/>\n<meta property=\"article:published_time\" content=\"2020-03-04T14:44:08+00:00\" \/>\n<meta property=\"article:modified_time\" content=\"2020-09-11T15:27:31+00:00\" \/>\n<meta name=\"author\" content=\"Redacci\u00f3n Aeronoticias\" \/>\n<meta name=\"twitter:card\" content=\"summary_large_image\" \/>\n<meta name=\"twitter:creator\" content=\"@aeronoticias\" \/>\n<meta name=\"twitter:site\" content=\"@aeronoticias\" \/>\n<meta name=\"twitter:label1\" content=\"Escrito por\" \/>\n\t<meta name=\"twitter:data1\" content=\"Redacci\u00f3n Aeronoticias\" \/>\n\t<meta name=\"twitter:label2\" content=\"Tiempo de lectura\" \/>\n\t<meta name=\"twitter:data2\" content=\"1 minuto\" \/>\n<script type=\"application\/ld+json\" class=\"yoast-schema-graph\">{\"@context\":\"https:\/\/schema.org\",\"@graph\":[{\"@type\":\"WebPage\",\"@id\":\"https:\/\/aeronoticias.com.pe\/noticiero\/historia-derecho-aero-peruano\/vla-aerolinea-estatal-rusa-estrena-avion-y-decoracion-con-la-entrega-en-toulouse-de-su-primer-airbus-a350-900\/\",\"url\":\"https:\/\/aeronoticias.com.pe\/noticiero\/historia-derecho-aero-peruano\/vla-aerolinea-estatal-rusa-estrena-avion-y-decoracion-con-la-entrega-en-toulouse-de-su-primer-airbus-a350-900\/\",\"name\":\"La aerol\u00ednea estatal rusa estrena avi\u00f3n y decoraci\u00f3n con la entrega en Toulouse de su primer Airbus A350-900.\",\"isPartOf\":{\"@id\":\"https:\/\/aeronoticias.com.pe\/noticiero\/#website\"},\"datePublished\":\"2020-03-04T14:44:08+00:00\",\"dateModified\":\"2020-09-11T15:27:31+00:00\",\"author\":{\"@id\":\"https:\/\/aeronoticias.com.pe\/noticiero\/#\/schema\/person\/fc1e5d578f4b62ba1cf7ac2bba1170a0\"},\"description\":\"Portal de noticias del Per\u00fa sobre el transporte a\u00e9reo, aviaci\u00f3n, turismo, hoteleria, actualidad.\",\"breadcrumb\":{\"@id\":\"https:\/\/aeronoticias.com.pe\/noticiero\/historia-derecho-aero-peruano\/vla-aerolinea-estatal-rusa-estrena-avion-y-decoracion-con-la-entrega-en-toulouse-de-su-primer-airbus-a350-900\/#breadcrumb\"},\"inLanguage\":\"es\",\"potentialAction\":[{\"@type\":\"ReadAction\",\"target\":[\"https:\/\/aeronoticias.com.pe\/noticiero\/historia-derecho-aero-peruano\/vla-aerolinea-estatal-rusa-estrena-avion-y-decoracion-con-la-entrega-en-toulouse-de-su-primer-airbus-a350-900\/\"]}]},{\"@type\":\"BreadcrumbList\",\"@id\":\"https:\/\/aeronoticias.com.pe\/noticiero\/historia-derecho-aero-peruano\/vla-aerolinea-estatal-rusa-estrena-avion-y-decoracion-con-la-entrega-en-toulouse-de-su-primer-airbus-a350-900\/#breadcrumb\",\"itemListElement\":[{\"@type\":\"ListItem\",\"position\":1,\"name\":\"Portada\",\"item\":\"https:\/\/aeronoticias.com.pe\/noticiero\/\"},{\"@type\":\"ListItem\",\"position\":2,\"name\":\"La aerol\u00ednea estatal rusa estrena avi\u00f3n y decoraci\u00f3n con la entrega en Toulouse de su primer Airbus A350-900.\"}]},{\"@type\":\"WebSite\",\"@id\":\"https:\/\/aeronoticias.com.pe\/noticiero\/#website\",\"url\":\"https:\/\/aeronoticias.com.pe\/noticiero\/\",\"name\":\"Aeronoticias.com.pe\",\"description\":\"Noticias de tranporte aereo, turismo, hoteles, gastronomia, actualidad, internacional\",\"potentialAction\":[{\"@type\":\"SearchAction\",\"target\":{\"@type\":\"EntryPoint\",\"urlTemplate\":\"https:\/\/aeronoticias.com.pe\/noticiero\/?s={search_term_string}\"},\"query-input\":{\"@type\":\"PropertyValueSpecification\",\"valueRequired\":true,\"valueName\":\"search_term_string\"}}],\"inLanguage\":\"es\"},{\"@type\":\"Person\",\"@id\":\"https:\/\/aeronoticias.com.pe\/noticiero\/#\/schema\/person\/fc1e5d578f4b62ba1cf7ac2bba1170a0\",\"name\":\"Redacci\u00f3n Aeronoticias\",\"url\":\"https:\/\/aeronoticias.com.pe\/noticiero\/author\/piloto\/\"}]}<\/script>\n<!-- \/ Yoast SEO plugin. -->","yoast_head_json":{"title":"La aerol\u00ednea estatal rusa estrena avi\u00f3n y decoraci\u00f3n con la entrega en Toulouse de su primer Airbus A350-900.","description":"Portal de noticias del Per\u00fa sobre el transporte a\u00e9reo, aviaci\u00f3n, turismo, hoteleria, actualidad.","robots":{"index":"index","follow":"follow","max-snippet":"max-snippet:-1","max-image-preview":"max-image-preview:large","max-video-preview":"max-video-preview:-1"},"canonical":"https:\/\/aeronoticias.com.pe\/noticiero\/historia-derecho-aero-peruano\/vla-aerolinea-estatal-rusa-estrena-avion-y-decoracion-con-la-entrega-en-toulouse-de-su-primer-airbus-a350-900\/","og_locale":"es_ES","og_type":"article","og_title":"La aerol\u00ednea estatal rusa estrena avi\u00f3n y decoraci\u00f3n con la entrega en Toulouse de su primer Airbus A350-900.","og_description":"Portal de noticias del Per\u00fa sobre el transporte a\u00e9reo, aviaci\u00f3n, turismo, hoteleria, actualidad.","og_url":"https:\/\/aeronoticias.com.pe\/noticiero\/historia-derecho-aero-peruano\/vla-aerolinea-estatal-rusa-estrena-avion-y-decoracion-con-la-entrega-en-toulouse-de-su-primer-airbus-a350-900\/","og_site_name":"Aeronoticias.com.pe","article_publisher":"https:\/\/www.facebook.com\/Aeronoticias.com.pe\/","article_published_time":"2020-03-04T14:44:08+00:00","article_modified_time":"2020-09-11T15:27:31+00:00","author":"Redacci\u00f3n Aeronoticias","twitter_card":"summary_large_image","twitter_creator":"@aeronoticias","twitter_site":"@aeronoticias","twitter_misc":{"Escrito por":"Redacci\u00f3n Aeronoticias","Tiempo de lectura":"1 minuto"},"schema":{"@context":"https:\/\/schema.org","@graph":[{"@type":"WebPage","@id":"https:\/\/aeronoticias.com.pe\/noticiero\/historia-derecho-aero-peruano\/vla-aerolinea-estatal-rusa-estrena-avion-y-decoracion-con-la-entrega-en-toulouse-de-su-primer-airbus-a350-900\/","url":"https:\/\/aeronoticias.com.pe\/noticiero\/historia-derecho-aero-peruano\/vla-aerolinea-estatal-rusa-estrena-avion-y-decoracion-con-la-entrega-en-toulouse-de-su-primer-airbus-a350-900\/","name":"La aerol\u00ednea estatal rusa estrena avi\u00f3n y decoraci\u00f3n con la entrega en Toulouse de su primer Airbus A350-900.","isPartOf":{"@id":"https:\/\/aeronoticias.com.pe\/noticiero\/#website"},"datePublished":"2020-03-04T14:44:08+00:00","dateModified":"2020-09-11T15:27:31+00:00","author":{"@id":"https:\/\/aeronoticias.com.pe\/noticiero\/#\/schema\/person\/fc1e5d578f4b62ba1cf7ac2bba1170a0"},"description":"Portal de noticias del Per\u00fa sobre el transporte a\u00e9reo, aviaci\u00f3n, turismo, hoteleria, actualidad.","breadcrumb":{"@id":"https:\/\/aeronoticias.com.pe\/noticiero\/historia-derecho-aero-peruano\/vla-aerolinea-estatal-rusa-estrena-avion-y-decoracion-con-la-entrega-en-toulouse-de-su-primer-airbus-a350-900\/#breadcrumb"},"inLanguage":"es","potentialAction":[{"@type":"ReadAction","target":["https:\/\/aeronoticias.com.pe\/noticiero\/historia-derecho-aero-peruano\/vla-aerolinea-estatal-rusa-estrena-avion-y-decoracion-con-la-entrega-en-toulouse-de-su-primer-airbus-a350-900\/"]}]},{"@type":"BreadcrumbList","@id":"https:\/\/aeronoticias.com.pe\/noticiero\/historia-derecho-aero-peruano\/vla-aerolinea-estatal-rusa-estrena-avion-y-decoracion-con-la-entrega-en-toulouse-de-su-primer-airbus-a350-900\/#breadcrumb","itemListElement":[{"@type":"ListItem","position":1,"name":"Portada","item":"https:\/\/aeronoticias.com.pe\/noticiero\/"},{"@type":"ListItem","position":2,"name":"La aerol\u00ednea estatal rusa estrena avi\u00f3n y decoraci\u00f3n con la entrega en Toulouse de su primer Airbus A350-900."}]},{"@type":"WebSite","@id":"https:\/\/aeronoticias.com.pe\/noticiero\/#website","url":"https:\/\/aeronoticias.com.pe\/noticiero\/","name":"Aeronoticias.com.pe","description":"Noticias de tranporte aereo, turismo, hoteles, gastronomia, actualidad, internacional","potentialAction":[{"@type":"SearchAction","target":{"@type":"EntryPoint","urlTemplate":"https:\/\/aeronoticias.com.pe\/noticiero\/?s={search_term_string}"},"query-input":{"@type":"PropertyValueSpecification","valueRequired":true,"valueName":"search_term_string"}}],"inLanguage":"es"},{"@type":"Person","@id":"https:\/\/aeronoticias.com.pe\/noticiero\/#\/schema\/person\/fc1e5d578f4b62ba1cf7ac2bba1170a0","name":"Redacci\u00f3n Aeronoticias","url":"https:\/\/aeronoticias.com.pe\/noticiero\/author\/piloto\/"}]}},"_links":{"self":[{"href":"https:\/\/aeronoticias.com.pe\/noticiero\/wp-json\/wp\/v2\/posts\/59482","targetHints":{"allow":["GET"]}}],"collection":[{"href":"https:\/\/aeronoticias.com.pe\/noticiero\/wp-json\/wp\/v2\/posts"}],"about":[{"href":"https:\/\/aeronoticias.com.pe\/noticiero\/wp-json\/wp\/v2\/types\/post"}],"author":[{"embeddable":true,"href":"https:\/\/aeronoticias.com.pe\/noticiero\/wp-json\/wp\/v2\/users\/1"}],"replies":[{"embeddable":true,"href":"https:\/\/aeronoticias.com.pe\/noticiero\/wp-json\/wp\/v2\/comments?post=59482"}],"version-history":[{"count":0,"href":"https:\/\/aeronoticias.com.pe\/noticiero\/wp-json\/wp\/v2\/posts\/59482\/revisions"}],"wp:attachment":[{"href":"https:\/\/aeronoticias.com.pe\/noticiero\/wp-json\/wp\/v2\/media?parent=59482"}],"wp:term":[{"taxonomy":"category","embeddable":true,"href":"https:\/\/aeronoticias.com.pe\/noticiero\/wp-json\/wp\/v2\/categories?post=59482"},{"taxonomy":"post_tag","embeddable":true,"href":"https:\/\/aeronoticias.com.pe\/noticiero\/wp-json\/wp\/v2\/tags?post=59482"}],"curies":[{"name":"wp","href":"https:\/\/api.w.org\/{rel}","templated":true}]}}