{"id":59484,"date":"2020-03-04T15:09:25","date_gmt":"2020-03-04T15:09:25","guid":{"rendered":"http:\/\/desarrollo.mcvicious.com\/aero2020\/2020\/03\/04\/madre-reconocio-a-su-hijo-como-la-persona-que-secuestro-a-la-nina-asesinada-en-independencia\/"},"modified":"2020-03-04T15:09:25","modified_gmt":"2020-03-04T15:09:25","slug":"madre-reconocio-a-su-hijo-como-la-persona-que-secuestro-a-la-nina-asesinada-en-independencia","status":"publish","type":"post","link":"https:\/\/aeronoticias.com.pe\/noticiero\/49\/madre-reconocio-a-su-hijo-como-la-persona-que-secuestro-a-la-nina-asesinada-en-independencia\/","title":{"rendered":"Madre reconoci\u00f3 a su hijo como la persona que secuestr\u00f3 a la ni\u00f1a asesinada en Independencia"},"content":{"rendered":"<p style=\"text-align: justify;\"><strong>(Aeronoticias).-<\/strong> La Polic\u00eda Nacional del Per\u00fa hall\u00f3 ropa similar al joven que aparece en las c\u00e1maras de seguridad de la zona. El video de las c\u00e1maras de seguridad en Independencia captaron a un joven llevarse a la menor de cuatro a\u00f1os. Horas m\u00e1s tarde, aparecer\u00eda asesinada en la zona de La Mina, Payet. Una madre se acerc\u00f3 a la Polic\u00eda Nacional del Per\u00fa (PNP) para decirle que el sospechoso ser\u00eda su hijo adolescente de 15 a\u00f1os.<\/p>\n<p style=\"text-align: justify;\">Ella reconoci\u00f3 a su hijo en los videos propagados y acudi\u00f3 a la comisar\u00eda de Payet para denunciarlo. El cuerpo de la v\u00edctima fue hallado dentro de un costal abandonado en el distrito de Independencia. En casa del t\u00edo del adolescente se encontr\u00f3 vestimenta similar a la que luce el hombre que secuestra a la menor asesinada. El predio se halla ubicado en la zona de Tahuantinsuyo y hasta all\u00ed llegaron agentes policiales para inspeccionarla, pero el sujeto no fue hallado.<\/p>\n<p style=\"text-align: justify;\">Adem\u00e1s, en esa vivienda fueron hallados rastros de sangre, por lo que la Polic\u00eda presume que se trata del escenario del crimen. La misma versi\u00f3n fue corroborada por la hermana del adolescente, de 20 a\u00f1os, quien reconoci\u00f3 la identidad de quien rapta a la ni\u00f1a y se la lleva cargando en los brazos.<\/p>\n<p style=\"text-align: justify;\">Asimismo, se\u00f1alaron que el presunto asesino ya no vive con ellos y no lo hab\u00edan visto desde el s\u00e1bado 29 de febrero, fecha en la que la madre de la v\u00edctima de violencia de g\u00e9nero denunci\u00f3 la desaparici\u00f3n.<\/p>\n<p style=\"text-align: justify;\">Durante la tarde de este lunes 2 de marzo, el Instituto de Medicina Legal del Ministerio P\u00fablico determin\u00f3 que falleci\u00f3 de un traumatismo cr\u00e1neo encef\u00e1lico y cervical. El proceso de identificaci\u00f3n ya fue culminado y los familiares de la menor podr\u00e1n retirar el cuerpo de la morgue de Lima. La Polic\u00eda contin\u00faa con la b\u00fasqueda del menor acusado de estos cr\u00edmenes.<\/p>\n<p style=\"text-align: justify;\">\u00a0<\/p>\n<p style=\"text-align: justify;\"><img decoding=\"async\" src=\"images\/stories\/asesino.png\" border=\"0\" \/><\/p>\n","protected":false},"excerpt":{"rendered":"<p>(Aeronoticias).- La Polic\u00eda Nacional del Per\u00fa hall\u00f3 ropa similar al joven que aparece en las c\u00e1maras de seguridad de la zona. El video de las c\u00e1maras de seguridad en Independencia captaron a un joven llevarse a la menor de cuatro a\u00f1os. Horas m\u00e1s tarde, aparecer\u00eda asesinada en la zona de La Mina, Payet. Una madre [&hellip;]<\/p>\n","protected":false},"author":1,"featured_media":0,"comment_status":"open","ping_status":"open","sticky":false,"template":"","format":"standard","meta":{"tdm_status":"","tdm_grid_status":"","footnotes":""},"categories":[39],"tags":[],"class_list":{"0":"post-59484","1":"post","2":"type-post","3":"status-publish","4":"format-standard","6":"category-39"},"yoast_head":"<!-- This site is optimized with the Yoast SEO plugin v25.1 - https:\/\/yoast.com\/wordpress\/plugins\/seo\/ -->\n<title>Madre reconoci\u00f3 a su hijo como la persona que secuestr\u00f3 a la ni\u00f1a asesinada en Independencia<\/title>\n<meta name=\"description\" content=\"Portal de noticias del Per\u00fa sobre el transporte a\u00e9reo, aviaci\u00f3n, turismo, hoteleria, actualidad.\" \/>\n<meta name=\"robots\" content=\"index, follow, max-snippet:-1, max-image-preview:large, max-video-preview:-1\" \/>\n<link rel=\"canonical\" href=\"https:\/\/aeronoticias.com.pe\/noticiero\/49\/madre-reconocio-a-su-hijo-como-la-persona-que-secuestro-a-la-nina-asesinada-en-independencia\/\" \/>\n<meta property=\"og:locale\" content=\"es_ES\" \/>\n<meta property=\"og:type\" content=\"article\" \/>\n<meta property=\"og:title\" content=\"Madre reconoci\u00f3 a su hijo como la persona que secuestr\u00f3 a la ni\u00f1a asesinada en Independencia\" \/>\n<meta property=\"og:description\" content=\"Portal de noticias del Per\u00fa sobre el transporte a\u00e9reo, aviaci\u00f3n, turismo, hoteleria, actualidad.\" \/>\n<meta property=\"og:url\" content=\"https:\/\/aeronoticias.com.pe\/noticiero\/49\/madre-reconocio-a-su-hijo-como-la-persona-que-secuestro-a-la-nina-asesinada-en-independencia\/\" \/>\n<meta property=\"og:site_name\" content=\"Aeronoticias.com.pe\" \/>\n<meta property=\"article:publisher\" content=\"https:\/\/www.facebook.com\/Aeronoticias.com.pe\/\" \/>\n<meta property=\"article:published_time\" content=\"2020-03-04T15:09:25+00:00\" \/>\n<meta name=\"author\" content=\"Redacci\u00f3n Aeronoticias\" \/>\n<meta name=\"twitter:card\" content=\"summary_large_image\" \/>\n<meta name=\"twitter:creator\" content=\"@aeronoticias\" \/>\n<meta name=\"twitter:site\" content=\"@aeronoticias\" \/>\n<meta name=\"twitter:label1\" content=\"Escrito por\" \/>\n\t<meta name=\"twitter:data1\" content=\"Redacci\u00f3n Aeronoticias\" \/>\n\t<meta name=\"twitter:label2\" content=\"Tiempo de lectura\" \/>\n\t<meta name=\"twitter:data2\" content=\"2 minutos\" \/>\n<script type=\"application\/ld+json\" class=\"yoast-schema-graph\">{\"@context\":\"https:\/\/schema.org\",\"@graph\":[{\"@type\":\"WebPage\",\"@id\":\"https:\/\/aeronoticias.com.pe\/noticiero\/49\/madre-reconocio-a-su-hijo-como-la-persona-que-secuestro-a-la-nina-asesinada-en-independencia\/\",\"url\":\"https:\/\/aeronoticias.com.pe\/noticiero\/49\/madre-reconocio-a-su-hijo-como-la-persona-que-secuestro-a-la-nina-asesinada-en-independencia\/\",\"name\":\"Madre reconoci\u00f3 a su hijo como la persona que secuestr\u00f3 a la ni\u00f1a asesinada en Independencia\",\"isPartOf\":{\"@id\":\"https:\/\/aeronoticias.com.pe\/noticiero\/#website\"},\"datePublished\":\"2020-03-04T15:09:25+00:00\",\"author\":{\"@id\":\"https:\/\/aeronoticias.com.pe\/noticiero\/#\/schema\/person\/fc1e5d578f4b62ba1cf7ac2bba1170a0\"},\"description\":\"Portal de noticias del Per\u00fa sobre el transporte a\u00e9reo, aviaci\u00f3n, turismo, hoteleria, actualidad.\",\"breadcrumb\":{\"@id\":\"https:\/\/aeronoticias.com.pe\/noticiero\/49\/madre-reconocio-a-su-hijo-como-la-persona-que-secuestro-a-la-nina-asesinada-en-independencia\/#breadcrumb\"},\"inLanguage\":\"es\",\"potentialAction\":[{\"@type\":\"ReadAction\",\"target\":[\"https:\/\/aeronoticias.com.pe\/noticiero\/49\/madre-reconocio-a-su-hijo-como-la-persona-que-secuestro-a-la-nina-asesinada-en-independencia\/\"]}]},{\"@type\":\"BreadcrumbList\",\"@id\":\"https:\/\/aeronoticias.com.pe\/noticiero\/49\/madre-reconocio-a-su-hijo-como-la-persona-que-secuestro-a-la-nina-asesinada-en-independencia\/#breadcrumb\",\"itemListElement\":[{\"@type\":\"ListItem\",\"position\":1,\"name\":\"Portada\",\"item\":\"https:\/\/aeronoticias.com.pe\/noticiero\/\"},{\"@type\":\"ListItem\",\"position\":2,\"name\":\"Madre reconoci\u00f3 a su hijo como la persona que secuestr\u00f3 a la ni\u00f1a asesinada en Independencia\"}]},{\"@type\":\"WebSite\",\"@id\":\"https:\/\/aeronoticias.com.pe\/noticiero\/#website\",\"url\":\"https:\/\/aeronoticias.com.pe\/noticiero\/\",\"name\":\"Aeronoticias.com.pe\",\"description\":\"Noticias de tranporte aereo, turismo, hoteles, gastronomia, actualidad, internacional\",\"potentialAction\":[{\"@type\":\"SearchAction\",\"target\":{\"@type\":\"EntryPoint\",\"urlTemplate\":\"https:\/\/aeronoticias.com.pe\/noticiero\/?s={search_term_string}\"},\"query-input\":{\"@type\":\"PropertyValueSpecification\",\"valueRequired\":true,\"valueName\":\"search_term_string\"}}],\"inLanguage\":\"es\"},{\"@type\":\"Person\",\"@id\":\"https:\/\/aeronoticias.com.pe\/noticiero\/#\/schema\/person\/fc1e5d578f4b62ba1cf7ac2bba1170a0\",\"name\":\"Redacci\u00f3n Aeronoticias\",\"url\":\"https:\/\/aeronoticias.com.pe\/noticiero\/author\/piloto\/\"}]}<\/script>\n<!-- \/ Yoast SEO plugin. -->","yoast_head_json":{"title":"Madre reconoci\u00f3 a su hijo como la persona que secuestr\u00f3 a la ni\u00f1a asesinada en Independencia","description":"Portal de noticias del Per\u00fa sobre el transporte a\u00e9reo, aviaci\u00f3n, turismo, hoteleria, actualidad.","robots":{"index":"index","follow":"follow","max-snippet":"max-snippet:-1","max-image-preview":"max-image-preview:large","max-video-preview":"max-video-preview:-1"},"canonical":"https:\/\/aeronoticias.com.pe\/noticiero\/49\/madre-reconocio-a-su-hijo-como-la-persona-que-secuestro-a-la-nina-asesinada-en-independencia\/","og_locale":"es_ES","og_type":"article","og_title":"Madre reconoci\u00f3 a su hijo como la persona que secuestr\u00f3 a la ni\u00f1a asesinada en Independencia","og_description":"Portal de noticias del Per\u00fa sobre el transporte a\u00e9reo, aviaci\u00f3n, turismo, hoteleria, actualidad.","og_url":"https:\/\/aeronoticias.com.pe\/noticiero\/49\/madre-reconocio-a-su-hijo-como-la-persona-que-secuestro-a-la-nina-asesinada-en-independencia\/","og_site_name":"Aeronoticias.com.pe","article_publisher":"https:\/\/www.facebook.com\/Aeronoticias.com.pe\/","article_published_time":"2020-03-04T15:09:25+00:00","author":"Redacci\u00f3n Aeronoticias","twitter_card":"summary_large_image","twitter_creator":"@aeronoticias","twitter_site":"@aeronoticias","twitter_misc":{"Escrito por":"Redacci\u00f3n Aeronoticias","Tiempo de lectura":"2 minutos"},"schema":{"@context":"https:\/\/schema.org","@graph":[{"@type":"WebPage","@id":"https:\/\/aeronoticias.com.pe\/noticiero\/49\/madre-reconocio-a-su-hijo-como-la-persona-que-secuestro-a-la-nina-asesinada-en-independencia\/","url":"https:\/\/aeronoticias.com.pe\/noticiero\/49\/madre-reconocio-a-su-hijo-como-la-persona-que-secuestro-a-la-nina-asesinada-en-independencia\/","name":"Madre reconoci\u00f3 a su hijo como la persona que secuestr\u00f3 a la ni\u00f1a asesinada en Independencia","isPartOf":{"@id":"https:\/\/aeronoticias.com.pe\/noticiero\/#website"},"datePublished":"2020-03-04T15:09:25+00:00","author":{"@id":"https:\/\/aeronoticias.com.pe\/noticiero\/#\/schema\/person\/fc1e5d578f4b62ba1cf7ac2bba1170a0"},"description":"Portal de noticias del Per\u00fa sobre el transporte a\u00e9reo, aviaci\u00f3n, turismo, hoteleria, actualidad.","breadcrumb":{"@id":"https:\/\/aeronoticias.com.pe\/noticiero\/49\/madre-reconocio-a-su-hijo-como-la-persona-que-secuestro-a-la-nina-asesinada-en-independencia\/#breadcrumb"},"inLanguage":"es","potentialAction":[{"@type":"ReadAction","target":["https:\/\/aeronoticias.com.pe\/noticiero\/49\/madre-reconocio-a-su-hijo-como-la-persona-que-secuestro-a-la-nina-asesinada-en-independencia\/"]}]},{"@type":"BreadcrumbList","@id":"https:\/\/aeronoticias.com.pe\/noticiero\/49\/madre-reconocio-a-su-hijo-como-la-persona-que-secuestro-a-la-nina-asesinada-en-independencia\/#breadcrumb","itemListElement":[{"@type":"ListItem","position":1,"name":"Portada","item":"https:\/\/aeronoticias.com.pe\/noticiero\/"},{"@type":"ListItem","position":2,"name":"Madre reconoci\u00f3 a su hijo como la persona que secuestr\u00f3 a la ni\u00f1a asesinada en Independencia"}]},{"@type":"WebSite","@id":"https:\/\/aeronoticias.com.pe\/noticiero\/#website","url":"https:\/\/aeronoticias.com.pe\/noticiero\/","name":"Aeronoticias.com.pe","description":"Noticias de tranporte aereo, turismo, hoteles, gastronomia, actualidad, internacional","potentialAction":[{"@type":"SearchAction","target":{"@type":"EntryPoint","urlTemplate":"https:\/\/aeronoticias.com.pe\/noticiero\/?s={search_term_string}"},"query-input":{"@type":"PropertyValueSpecification","valueRequired":true,"valueName":"search_term_string"}}],"inLanguage":"es"},{"@type":"Person","@id":"https:\/\/aeronoticias.com.pe\/noticiero\/#\/schema\/person\/fc1e5d578f4b62ba1cf7ac2bba1170a0","name":"Redacci\u00f3n Aeronoticias","url":"https:\/\/aeronoticias.com.pe\/noticiero\/author\/piloto\/"}]}},"_links":{"self":[{"href":"https:\/\/aeronoticias.com.pe\/noticiero\/wp-json\/wp\/v2\/posts\/59484","targetHints":{"allow":["GET"]}}],"collection":[{"href":"https:\/\/aeronoticias.com.pe\/noticiero\/wp-json\/wp\/v2\/posts"}],"about":[{"href":"https:\/\/aeronoticias.com.pe\/noticiero\/wp-json\/wp\/v2\/types\/post"}],"author":[{"embeddable":true,"href":"https:\/\/aeronoticias.com.pe\/noticiero\/wp-json\/wp\/v2\/users\/1"}],"replies":[{"embeddable":true,"href":"https:\/\/aeronoticias.com.pe\/noticiero\/wp-json\/wp\/v2\/comments?post=59484"}],"version-history":[{"count":0,"href":"https:\/\/aeronoticias.com.pe\/noticiero\/wp-json\/wp\/v2\/posts\/59484\/revisions"}],"wp:attachment":[{"href":"https:\/\/aeronoticias.com.pe\/noticiero\/wp-json\/wp\/v2\/media?parent=59484"}],"wp:term":[{"taxonomy":"category","embeddable":true,"href":"https:\/\/aeronoticias.com.pe\/noticiero\/wp-json\/wp\/v2\/categories?post=59484"},{"taxonomy":"post_tag","embeddable":true,"href":"https:\/\/aeronoticias.com.pe\/noticiero\/wp-json\/wp\/v2\/tags?post=59484"}],"curies":[{"name":"wp","href":"https:\/\/api.w.org\/{rel}","templated":true}]}}