{"id":59486,"date":"2020-03-04T15:15:46","date_gmt":"2020-03-04T15:15:46","guid":{"rendered":"http:\/\/desarrollo.mcvicious.com\/aero2020\/2020\/03\/04\/italia-considera-cerrar-los-colegios-y-universidades-de-todo-el-pais-hasta-mediados-de-marzo-202-personas-estan-infectadas-en-espana-por-la-enfermedad-entre-ellos-tres-ninos\/"},"modified":"2020-03-04T15:15:46","modified_gmt":"2020-03-04T15:15:46","slug":"italia-considera-cerrar-los-colegios-y-universidades-de-todo-el-pais-hasta-mediados-de-marzo-202-personas-estan-infectadas-en-espana-por-la-enfermedad-entre-ellos-tres-ninos","status":"publish","type":"post","link":"https:\/\/aeronoticias.com.pe\/noticiero\/mundo\/mundo-mundo-2\/italia-considera-cerrar-los-colegios-y-universidades-de-todo-el-pais-hasta-mediados-de-marzo-202-personas-estan-infectadas-en-espana-por-la-enfermedad-entre-ellos-tres-ninos\/","title":{"rendered":"Italia considera cerrar los colegios y universidades de todo el pa\u00eds hasta mediados de marzo. 202 personas est\u00e1n infectadas en Espa\u00f1a por la enfermedad, entre ellos tres ni\u00f1os"},"content":{"rendered":"<p style=\"text-align: justify;\"><strong>(Aeronoticias).-<\/strong> El Gobierno italiano est\u00e1 considerando este mi\u00e9rcoles cerrar las escuelas y universidades de todo el pa\u00eds hasta mitad del mes de marzo, seg\u00fan ha anunciado la agencia Ansa. En Espa\u00f1a, el \u00faltimo balance del Ministerio de Sanidad eleva a 193 personas infectadas en Espa\u00f1a por coronavirus, entre ellos tres ni\u00f1os, dos en Castilla-La Mancha y una en Madrid. Sin embargo, las cifras aportadas por Sanidad se han quedado r\u00e1pidamente desactualizadas, ya que la Consejer\u00eda de Sanidad de la Comunidad de Madrid ha informado de seis nuevos casos y la Generalitat de Catalu\u00f1a tres m\u00e1s, por lo que ser\u00edan ya al menos 202 los contagiados en todo el pa\u00eds, 76 de ellos en Madrid. La regi\u00f3n ha confirmado esta ma\u00f1ana el caso de una alumna de cuatro a\u00f1os del Colegio Para\u00edso Sagrados Corazones de la capital. El padre de la menor volvi\u00f3 de B\u00e9rgamo (Italia) el 22 febrero e infect\u00f3 a su esposa, adem\u00e1s de a su hija. Fernando Sim\u00f3n, director del Centro de Coordinaci\u00f3n de Alertas y Emergencias Sanitarias, ha confirmado hoy la muerte de un hombre de 69 a\u00f1os por neumon\u00eda que ten\u00eda coronavirus, el primer fallecido enfermo de Covid-19 en Espa\u00f1a, y ha especificado que siete afectados por el coronavirus est\u00e1n en la UCI y 14 son trabajadores sanitarios. Sanidad recomend\u00f3 ayer que se jueguen a puerta cerrada las competiciones deportivas con afluencia masiva, lo que afecta a partidos de f\u00fatbol del Valencia y el Getafe, as\u00ed como de baloncesto del Girona femenino y del Valencia Basket. En China, cerca de 3.000 personas han muerto, mientras que en Ir\u00e1n han fallecido 92, en Italia 79 y en Corea del Sur 32.<\/p>\n<p style=\"text-align: justify;\">\u00a0<\/p>\n<p style=\"text-align: justify;\"><img decoding=\"async\" src=\"images\/stories\/coronaaaaa.png\" border=\"0\" \/><\/p>\n","protected":false},"excerpt":{"rendered":"<p>(Aeronoticias).- El Gobierno italiano est\u00e1 considerando este mi\u00e9rcoles cerrar las escuelas y universidades de todo el pa\u00eds hasta mitad del mes de marzo, seg\u00fan ha anunciado la agencia Ansa. En Espa\u00f1a, el \u00faltimo balance del Ministerio de Sanidad eleva a 193 personas infectadas en Espa\u00f1a por coronavirus, entre ellos tres ni\u00f1os, dos en Castilla-La Mancha [&hellip;]<\/p>\n","protected":false},"author":1,"featured_media":0,"comment_status":"open","ping_status":"open","sticky":false,"template":"","format":"standard","meta":{"tdm_status":"","tdm_grid_status":"","footnotes":""},"categories":[65],"tags":[],"class_list":{"0":"post-59486","1":"post","2":"type-post","3":"status-publish","4":"format-standard","6":"category-mundo-mundo-2"},"yoast_head":"<!-- This site is optimized with the Yoast SEO plugin v25.1 - https:\/\/yoast.com\/wordpress\/plugins\/seo\/ -->\n<title>Italia considera cerrar los colegios y universidades de todo el pa\u00eds hasta mediados de marzo. 202 personas est\u00e1n infectadas en Espa\u00f1a por la enfermedad, entre ellos tres ni\u00f1os<\/title>\n<meta name=\"description\" content=\"Portal de noticias del Per\u00fa sobre el transporte a\u00e9reo, aviaci\u00f3n, turismo, hoteleria, actualidad.\" \/>\n<meta name=\"robots\" content=\"index, follow, max-snippet:-1, max-image-preview:large, max-video-preview:-1\" \/>\n<link rel=\"canonical\" href=\"https:\/\/aeronoticias.com.pe\/noticiero\/mundo\/mundo-mundo-2\/italia-considera-cerrar-los-colegios-y-universidades-de-todo-el-pais-hasta-mediados-de-marzo-202-personas-estan-infectadas-en-espana-por-la-enfermedad-entre-ellos-tres-ninos\/\" \/>\n<meta property=\"og:locale\" content=\"es_ES\" \/>\n<meta property=\"og:type\" content=\"article\" \/>\n<meta property=\"og:title\" content=\"Italia considera cerrar los colegios y universidades de todo el pa\u00eds hasta mediados de marzo. 202 personas est\u00e1n infectadas en Espa\u00f1a por la enfermedad, entre ellos tres ni\u00f1os\" \/>\n<meta property=\"og:description\" content=\"Portal de noticias del Per\u00fa sobre el transporte a\u00e9reo, aviaci\u00f3n, turismo, hoteleria, actualidad.\" \/>\n<meta property=\"og:url\" content=\"https:\/\/aeronoticias.com.pe\/noticiero\/mundo\/mundo-mundo-2\/italia-considera-cerrar-los-colegios-y-universidades-de-todo-el-pais-hasta-mediados-de-marzo-202-personas-estan-infectadas-en-espana-por-la-enfermedad-entre-ellos-tres-ninos\/\" \/>\n<meta property=\"og:site_name\" content=\"Aeronoticias.com.pe\" \/>\n<meta property=\"article:publisher\" content=\"https:\/\/www.facebook.com\/Aeronoticias.com.pe\/\" \/>\n<meta property=\"article:published_time\" content=\"2020-03-04T15:15:46+00:00\" \/>\n<meta name=\"author\" content=\"Redacci\u00f3n Aeronoticias\" \/>\n<meta name=\"twitter:card\" content=\"summary_large_image\" \/>\n<meta name=\"twitter:creator\" content=\"@aeronoticias\" \/>\n<meta name=\"twitter:site\" content=\"@aeronoticias\" \/>\n<meta name=\"twitter:label1\" content=\"Escrito por\" \/>\n\t<meta name=\"twitter:data1\" content=\"Redacci\u00f3n Aeronoticias\" \/>\n\t<meta name=\"twitter:label2\" content=\"Tiempo de lectura\" \/>\n\t<meta name=\"twitter:data2\" content=\"1 minuto\" \/>\n<script type=\"application\/ld+json\" class=\"yoast-schema-graph\">{\"@context\":\"https:\/\/schema.org\",\"@graph\":[{\"@type\":\"WebPage\",\"@id\":\"https:\/\/aeronoticias.com.pe\/noticiero\/mundo\/mundo-mundo-2\/italia-considera-cerrar-los-colegios-y-universidades-de-todo-el-pais-hasta-mediados-de-marzo-202-personas-estan-infectadas-en-espana-por-la-enfermedad-entre-ellos-tres-ninos\/\",\"url\":\"https:\/\/aeronoticias.com.pe\/noticiero\/mundo\/mundo-mundo-2\/italia-considera-cerrar-los-colegios-y-universidades-de-todo-el-pais-hasta-mediados-de-marzo-202-personas-estan-infectadas-en-espana-por-la-enfermedad-entre-ellos-tres-ninos\/\",\"name\":\"Italia considera cerrar los colegios y universidades de todo el pa\u00eds hasta mediados de marzo. 202 personas est\u00e1n infectadas en Espa\u00f1a por la enfermedad, entre ellos tres ni\u00f1os\",\"isPartOf\":{\"@id\":\"https:\/\/aeronoticias.com.pe\/noticiero\/#website\"},\"datePublished\":\"2020-03-04T15:15:46+00:00\",\"author\":{\"@id\":\"https:\/\/aeronoticias.com.pe\/noticiero\/#\/schema\/person\/fc1e5d578f4b62ba1cf7ac2bba1170a0\"},\"description\":\"Portal de noticias del Per\u00fa sobre el transporte a\u00e9reo, aviaci\u00f3n, turismo, hoteleria, actualidad.\",\"breadcrumb\":{\"@id\":\"https:\/\/aeronoticias.com.pe\/noticiero\/mundo\/mundo-mundo-2\/italia-considera-cerrar-los-colegios-y-universidades-de-todo-el-pais-hasta-mediados-de-marzo-202-personas-estan-infectadas-en-espana-por-la-enfermedad-entre-ellos-tres-ninos\/#breadcrumb\"},\"inLanguage\":\"es\",\"potentialAction\":[{\"@type\":\"ReadAction\",\"target\":[\"https:\/\/aeronoticias.com.pe\/noticiero\/mundo\/mundo-mundo-2\/italia-considera-cerrar-los-colegios-y-universidades-de-todo-el-pais-hasta-mediados-de-marzo-202-personas-estan-infectadas-en-espana-por-la-enfermedad-entre-ellos-tres-ninos\/\"]}]},{\"@type\":\"BreadcrumbList\",\"@id\":\"https:\/\/aeronoticias.com.pe\/noticiero\/mundo\/mundo-mundo-2\/italia-considera-cerrar-los-colegios-y-universidades-de-todo-el-pais-hasta-mediados-de-marzo-202-personas-estan-infectadas-en-espana-por-la-enfermedad-entre-ellos-tres-ninos\/#breadcrumb\",\"itemListElement\":[{\"@type\":\"ListItem\",\"position\":1,\"name\":\"Portada\",\"item\":\"https:\/\/aeronoticias.com.pe\/noticiero\/\"},{\"@type\":\"ListItem\",\"position\":2,\"name\":\"Italia considera cerrar los colegios y universidades de todo el pa\u00eds hasta mediados de marzo. 202 personas est\u00e1n infectadas en Espa\u00f1a por la enfermedad, entre ellos tres ni\u00f1os\"}]},{\"@type\":\"WebSite\",\"@id\":\"https:\/\/aeronoticias.com.pe\/noticiero\/#website\",\"url\":\"https:\/\/aeronoticias.com.pe\/noticiero\/\",\"name\":\"Aeronoticias.com.pe\",\"description\":\"Noticias de tranporte aereo, turismo, hoteles, gastronomia, actualidad, internacional\",\"potentialAction\":[{\"@type\":\"SearchAction\",\"target\":{\"@type\":\"EntryPoint\",\"urlTemplate\":\"https:\/\/aeronoticias.com.pe\/noticiero\/?s={search_term_string}\"},\"query-input\":{\"@type\":\"PropertyValueSpecification\",\"valueRequired\":true,\"valueName\":\"search_term_string\"}}],\"inLanguage\":\"es\"},{\"@type\":\"Person\",\"@id\":\"https:\/\/aeronoticias.com.pe\/noticiero\/#\/schema\/person\/fc1e5d578f4b62ba1cf7ac2bba1170a0\",\"name\":\"Redacci\u00f3n Aeronoticias\",\"url\":\"https:\/\/aeronoticias.com.pe\/noticiero\/author\/piloto\/\"}]}<\/script>\n<!-- \/ Yoast SEO plugin. -->","yoast_head_json":{"title":"Italia considera cerrar los colegios y universidades de todo el pa\u00eds hasta mediados de marzo. 202 personas est\u00e1n infectadas en Espa\u00f1a por la enfermedad, entre ellos tres ni\u00f1os","description":"Portal de noticias del Per\u00fa sobre el transporte a\u00e9reo, aviaci\u00f3n, turismo, hoteleria, actualidad.","robots":{"index":"index","follow":"follow","max-snippet":"max-snippet:-1","max-image-preview":"max-image-preview:large","max-video-preview":"max-video-preview:-1"},"canonical":"https:\/\/aeronoticias.com.pe\/noticiero\/mundo\/mundo-mundo-2\/italia-considera-cerrar-los-colegios-y-universidades-de-todo-el-pais-hasta-mediados-de-marzo-202-personas-estan-infectadas-en-espana-por-la-enfermedad-entre-ellos-tres-ninos\/","og_locale":"es_ES","og_type":"article","og_title":"Italia considera cerrar los colegios y universidades de todo el pa\u00eds hasta mediados de marzo. 202 personas est\u00e1n infectadas en Espa\u00f1a por la enfermedad, entre ellos tres ni\u00f1os","og_description":"Portal de noticias del Per\u00fa sobre el transporte a\u00e9reo, aviaci\u00f3n, turismo, hoteleria, actualidad.","og_url":"https:\/\/aeronoticias.com.pe\/noticiero\/mundo\/mundo-mundo-2\/italia-considera-cerrar-los-colegios-y-universidades-de-todo-el-pais-hasta-mediados-de-marzo-202-personas-estan-infectadas-en-espana-por-la-enfermedad-entre-ellos-tres-ninos\/","og_site_name":"Aeronoticias.com.pe","article_publisher":"https:\/\/www.facebook.com\/Aeronoticias.com.pe\/","article_published_time":"2020-03-04T15:15:46+00:00","author":"Redacci\u00f3n Aeronoticias","twitter_card":"summary_large_image","twitter_creator":"@aeronoticias","twitter_site":"@aeronoticias","twitter_misc":{"Escrito por":"Redacci\u00f3n Aeronoticias","Tiempo de lectura":"1 minuto"},"schema":{"@context":"https:\/\/schema.org","@graph":[{"@type":"WebPage","@id":"https:\/\/aeronoticias.com.pe\/noticiero\/mundo\/mundo-mundo-2\/italia-considera-cerrar-los-colegios-y-universidades-de-todo-el-pais-hasta-mediados-de-marzo-202-personas-estan-infectadas-en-espana-por-la-enfermedad-entre-ellos-tres-ninos\/","url":"https:\/\/aeronoticias.com.pe\/noticiero\/mundo\/mundo-mundo-2\/italia-considera-cerrar-los-colegios-y-universidades-de-todo-el-pais-hasta-mediados-de-marzo-202-personas-estan-infectadas-en-espana-por-la-enfermedad-entre-ellos-tres-ninos\/","name":"Italia considera cerrar los colegios y universidades de todo el pa\u00eds hasta mediados de marzo. 202 personas est\u00e1n infectadas en Espa\u00f1a por la enfermedad, entre ellos tres ni\u00f1os","isPartOf":{"@id":"https:\/\/aeronoticias.com.pe\/noticiero\/#website"},"datePublished":"2020-03-04T15:15:46+00:00","author":{"@id":"https:\/\/aeronoticias.com.pe\/noticiero\/#\/schema\/person\/fc1e5d578f4b62ba1cf7ac2bba1170a0"},"description":"Portal de noticias del Per\u00fa sobre el transporte a\u00e9reo, aviaci\u00f3n, turismo, hoteleria, actualidad.","breadcrumb":{"@id":"https:\/\/aeronoticias.com.pe\/noticiero\/mundo\/mundo-mundo-2\/italia-considera-cerrar-los-colegios-y-universidades-de-todo-el-pais-hasta-mediados-de-marzo-202-personas-estan-infectadas-en-espana-por-la-enfermedad-entre-ellos-tres-ninos\/#breadcrumb"},"inLanguage":"es","potentialAction":[{"@type":"ReadAction","target":["https:\/\/aeronoticias.com.pe\/noticiero\/mundo\/mundo-mundo-2\/italia-considera-cerrar-los-colegios-y-universidades-de-todo-el-pais-hasta-mediados-de-marzo-202-personas-estan-infectadas-en-espana-por-la-enfermedad-entre-ellos-tres-ninos\/"]}]},{"@type":"BreadcrumbList","@id":"https:\/\/aeronoticias.com.pe\/noticiero\/mundo\/mundo-mundo-2\/italia-considera-cerrar-los-colegios-y-universidades-de-todo-el-pais-hasta-mediados-de-marzo-202-personas-estan-infectadas-en-espana-por-la-enfermedad-entre-ellos-tres-ninos\/#breadcrumb","itemListElement":[{"@type":"ListItem","position":1,"name":"Portada","item":"https:\/\/aeronoticias.com.pe\/noticiero\/"},{"@type":"ListItem","position":2,"name":"Italia considera cerrar los colegios y universidades de todo el pa\u00eds hasta mediados de marzo. 202 personas est\u00e1n infectadas en Espa\u00f1a por la enfermedad, entre ellos tres ni\u00f1os"}]},{"@type":"WebSite","@id":"https:\/\/aeronoticias.com.pe\/noticiero\/#website","url":"https:\/\/aeronoticias.com.pe\/noticiero\/","name":"Aeronoticias.com.pe","description":"Noticias de tranporte aereo, turismo, hoteles, gastronomia, actualidad, internacional","potentialAction":[{"@type":"SearchAction","target":{"@type":"EntryPoint","urlTemplate":"https:\/\/aeronoticias.com.pe\/noticiero\/?s={search_term_string}"},"query-input":{"@type":"PropertyValueSpecification","valueRequired":true,"valueName":"search_term_string"}}],"inLanguage":"es"},{"@type":"Person","@id":"https:\/\/aeronoticias.com.pe\/noticiero\/#\/schema\/person\/fc1e5d578f4b62ba1cf7ac2bba1170a0","name":"Redacci\u00f3n Aeronoticias","url":"https:\/\/aeronoticias.com.pe\/noticiero\/author\/piloto\/"}]}},"_links":{"self":[{"href":"https:\/\/aeronoticias.com.pe\/noticiero\/wp-json\/wp\/v2\/posts\/59486","targetHints":{"allow":["GET"]}}],"collection":[{"href":"https:\/\/aeronoticias.com.pe\/noticiero\/wp-json\/wp\/v2\/posts"}],"about":[{"href":"https:\/\/aeronoticias.com.pe\/noticiero\/wp-json\/wp\/v2\/types\/post"}],"author":[{"embeddable":true,"href":"https:\/\/aeronoticias.com.pe\/noticiero\/wp-json\/wp\/v2\/users\/1"}],"replies":[{"embeddable":true,"href":"https:\/\/aeronoticias.com.pe\/noticiero\/wp-json\/wp\/v2\/comments?post=59486"}],"version-history":[{"count":0,"href":"https:\/\/aeronoticias.com.pe\/noticiero\/wp-json\/wp\/v2\/posts\/59486\/revisions"}],"wp:attachment":[{"href":"https:\/\/aeronoticias.com.pe\/noticiero\/wp-json\/wp\/v2\/media?parent=59486"}],"wp:term":[{"taxonomy":"category","embeddable":true,"href":"https:\/\/aeronoticias.com.pe\/noticiero\/wp-json\/wp\/v2\/categories?post=59486"},{"taxonomy":"post_tag","embeddable":true,"href":"https:\/\/aeronoticias.com.pe\/noticiero\/wp-json\/wp\/v2\/tags?post=59486"}],"curies":[{"name":"wp","href":"https:\/\/api.w.org\/{rel}","templated":true}]}}