{"id":59487,"date":"2020-03-04T17:34:05","date_gmt":"2020-03-04T17:34:05","guid":{"rendered":"http:\/\/desarrollo.mcvicious.com\/aero2020\/2020\/03\/04\/latam-airlines-gano-un-47-mas-en-2019-y-registra-cifra-record-de-pasajeros\/"},"modified":"2020-03-04T17:34:05","modified_gmt":"2020-03-04T17:34:05","slug":"latam-airlines-gano-un-47-mas-en-2019-y-registra-cifra-record-de-pasajeros","status":"publish","type":"post","link":"https:\/\/aeronoticias.com.pe\/noticiero\/economia\/latam-airlines-gano-un-47-mas-en-2019-y-registra-cifra-record-de-pasajeros\/","title":{"rendered":"Latam Airlines gan\u00f3 un 4,7 % m\u00e1s en 2019 y registra cifra r\u00e9cord de pasajeros"},"content":{"rendered":"<p style=\"text-align: justify;\"><strong>(Aeronoticias)<\/strong>.-\u00a0<span style=\"color: #454545; font-family: Helvetica; font-size: 12px;\">La aerol\u00ednea <\/span><span style=\"color: #454545; font-family: Helvetica; font-size: 12px;\">Latam Airlines<\/span><span style=\"color: #454545; font-family: Helvetica; font-size: 12px;\">, una de las principales de Latinoam\u00e9rica, registr\u00f3 un beneficio neto de 190,4 millones de d\u00f3lares el a\u00f1o pasado, lo que supone un aumento del 4,7 % con respecto a los 182 millones de 2018, y transport\u00f3 a la cifra r\u00e9cord de 74 millones de pasajeros, inform\u00f3 este martes el grupo.<\/span><\/p>\n<p class=\"p1\" style=\"text-align: justify;\">Los ingresos llegaron hasta los 10.430,9 millones de d\u00f3lares, mientras que su margen operativo fue del 7,1 %, \u201cincluyendo el impacto de cerca de 40 millones de d\u00f3lares por el levantamiento social en Chile durante el cuarto trimestre\u201d de 2019, indic\u00f3 en un comunicado el grupo.<\/p>\n<p class=\"p1\" style=\"text-align: justify;\">\u00a0<\/p>\n<p class=\"p1\" style=\"text-align: justify;\">El n\u00famero de pasajeros transportados lleg\u00f3 a los 74 millones, lo que representa un 7,8 % m\u00e1s que en 2018 y se convierte en la cifra m\u00e1s alta desde que se cre\u00f3 el grupo tras la fusi\u00f3n entre la chilena Lan y la brasile\u00f1a Tam en 2012.<\/p>\n<p class=\"p1\" style=\"text-align: justify;\">\u00a0<\/p>\n<p class=\"p1\" style=\"text-align: justify;\">\u201cEl aumento de pasajeros se dio, incluso, bajo un contexto regional marcado por devaluaci\u00f3n de monedas locales y levantamientos sociales en la regi\u00f3n\u201d, apunt\u00f3 la compa\u00f1\u00eda.<\/p>\n<p class=\"p1\" style=\"text-align: justify;\">\u00a0<\/p>\n<p class=\"p1\" style=\"text-align: justify;\">Latinoam\u00e9rica vivi\u00f3 un 2019 convulso y distintos pa\u00edses vivieron protestas sociales, como Ecuador, Bolivia o Colombia, aunque Chile es el pa\u00eds en el que las revueltas han durado m\u00e1s tiempo y ya alcanzan los cuatro meses y medio, con una treintena de muertos y miles de heridos.<\/p>\n<p class=\"p3\" style=\"text-align: justify;\">\u00a0<\/p>\n<p class=\"p1\" style=\"text-align: justify;\">Los costes por asiento-kil\u00f3metro disponible (CASK), por su parte, cayeron un 1,8 % en 2019 en relaci\u00f3n al a\u00f1o anterior y por asiento- kil\u00f3metro disponible excluyendo combustible (CASK ex combustible) se mantuvieron estables en 4,5 centavos de d\u00f3lar, apunt\u00f3 Latam.<\/p>\n<p class=\"p1\" style=\"text-align: justify;\">\u00a0<\/p>\n<p class=\"p1\" style=\"text-align: justify;\">Entre los principales hitos del a\u00f1o, la compa\u00f1\u00eda destac\u00f3 la Oferta P\u00fablica de Adquisici\u00f3n (OPA) lanzada en diciembre por la estadounidense Delta Airlines por el 20 % de Latam a 16 d\u00f3lares la acci\u00f3n, as\u00ed como el lanzamiento de 26 nuevas rutas \u201cpotenciando la conectividad del grupo en sus principales \u2018hubs\u2019 (nodo de conexi\u00f3n) de Sao Paulo, Lima y Santiago\u201d.<\/p>\n<p class=\"p1\" style=\"text-align: justify;\">\u00a0<\/p>\n<p class=\"p1\" style=\"text-align: justify;\">El grupo, adem\u00e1s, acord\u00f3 con Oneworld dejar la alianza el pr\u00f3ximo 1 de mayo, aunque desde esa fecha mantendr\u00e1 sus acuerdos bilaterales con la mayor\u00eda de sus miembros y seguir\u00e1 ofreciendo beneficios a sus clientes, como la acumulaci\u00f3n y el canje de millas y el acceso rec\u00edproco a salones, agreg\u00f3 la compa\u00f1\u00eda.<\/p>\n<p class=\"p1\" style=\"text-align: justify;\">\u00a0<\/p>\n<p class=\"p1\" style=\"text-align: justify;\">Latam, que cotiza en las bolsas de Santiago y Nueva York, emplea a m\u00e1s 42.000 personas, opera cerca de 1.400 vuelos diarios, vuela a 145 destinos en 26 pa\u00edses y cuenta actualmente con 332 aviones.<\/p>\n<p class=\"p1\" style=\"text-align: justify;\">\u00a0<\/p>\n<p class=\"p1\" style=\"text-align: justify;\">La filial brasile\u00f1a de Latam anunci\u00f3 esta semana la suspensi\u00f3n temporal de sus vuelos entre Sao Paulo y Mil\u00e1n por la propagaci\u00f3n del nuevo coronavirus (COVID-19) y la baja demanda de billetes con destino a Italia.<\/p>\n<p class=\"p3\" style=\"text-align: justify;\">\u00a0<\/p>\n<p class=\"p3\" style=\"text-align: justify;\">Fuente: <span style=\"text-decoration: underline;\"><em><strong>EFE<\/strong><\/em><\/span>.<\/p>\n<p class=\"p2\" style=\"text-align: justify;\">\u00a0<\/p>\n<p class=\"p2\" style=\"text-align: justify;\"><img decoding=\"async\" src=\"images\/stories\/latam.jpg\" border=\"0\" \/><\/p>\n<p> p.p1 {margin: 0.0px 0.0px 0.0px 0.0px; font: 12.0px Helvetica; color: #454545} p.p2 {margin: 0.0px 0.0px 0.0px 0.0px; text-align: center; font: 12.0px Helvetica; color: #454545; min-height: 14.0px} p.p3 {margin: 0.0px 0.0px 0.0px 0.0px; font: 12.0px Helvetica; color: #454545; min-height: 14.0px}<\/p>\n","protected":false},"excerpt":{"rendered":"<p>(Aeronoticias).-\u00a0La aerol\u00ednea Latam Airlines, una de las principales de Latinoam\u00e9rica, registr\u00f3 un beneficio neto de 190,4 millones de d\u00f3lares el a\u00f1o pasado, lo que supone un aumento del 4,7 % con respecto a los 182 millones de 2018, y transport\u00f3 a la cifra r\u00e9cord de 74 millones de pasajeros, inform\u00f3 este martes el grupo. Los [&hellip;]<\/p>\n","protected":false},"author":1,"featured_media":0,"comment_status":"open","ping_status":"open","sticky":false,"template":"","format":"standard","meta":{"tdm_status":"","tdm_grid_status":"","footnotes":""},"categories":[33],"tags":[],"class_list":{"0":"post-59487","1":"post","2":"type-post","3":"status-publish","4":"format-standard","6":"category-economia"},"yoast_head":"<!-- This site is optimized with the Yoast SEO plugin v25.1 - https:\/\/yoast.com\/wordpress\/plugins\/seo\/ -->\n<title>Latam Airlines gan\u00f3 un 4,7 % m\u00e1s en 2019 y registra cifra r\u00e9cord de pasajeros<\/title>\n<meta name=\"description\" content=\"Portal de noticias del Per\u00fa sobre el transporte a\u00e9reo, aviaci\u00f3n, turismo, hoteleria, actualidad.\" \/>\n<meta name=\"robots\" content=\"index, follow, max-snippet:-1, max-image-preview:large, max-video-preview:-1\" \/>\n<link rel=\"canonical\" href=\"https:\/\/aeronoticias.com.pe\/noticiero\/economia\/latam-airlines-gano-un-47-mas-en-2019-y-registra-cifra-record-de-pasajeros\/\" \/>\n<meta property=\"og:locale\" content=\"es_ES\" \/>\n<meta property=\"og:type\" content=\"article\" \/>\n<meta property=\"og:title\" content=\"Latam Airlines gan\u00f3 un 4,7 % m\u00e1s en 2019 y registra cifra r\u00e9cord de pasajeros\" \/>\n<meta property=\"og:description\" content=\"Portal de noticias del Per\u00fa sobre el transporte a\u00e9reo, aviaci\u00f3n, turismo, hoteleria, actualidad.\" \/>\n<meta property=\"og:url\" content=\"https:\/\/aeronoticias.com.pe\/noticiero\/economia\/latam-airlines-gano-un-47-mas-en-2019-y-registra-cifra-record-de-pasajeros\/\" \/>\n<meta property=\"og:site_name\" content=\"Aeronoticias.com.pe\" \/>\n<meta property=\"article:publisher\" content=\"https:\/\/www.facebook.com\/Aeronoticias.com.pe\/\" \/>\n<meta property=\"article:published_time\" content=\"2020-03-04T17:34:05+00:00\" \/>\n<meta name=\"author\" content=\"Redacci\u00f3n Aeronoticias\" \/>\n<meta name=\"twitter:card\" content=\"summary_large_image\" \/>\n<meta name=\"twitter:creator\" content=\"@aeronoticias\" \/>\n<meta name=\"twitter:site\" content=\"@aeronoticias\" \/>\n<meta name=\"twitter:label1\" content=\"Escrito por\" \/>\n\t<meta name=\"twitter:data1\" content=\"Redacci\u00f3n Aeronoticias\" \/>\n\t<meta name=\"twitter:label2\" content=\"Tiempo de lectura\" \/>\n\t<meta name=\"twitter:data2\" content=\"2 minutos\" \/>\n<script type=\"application\/ld+json\" class=\"yoast-schema-graph\">{\"@context\":\"https:\/\/schema.org\",\"@graph\":[{\"@type\":\"WebPage\",\"@id\":\"https:\/\/aeronoticias.com.pe\/noticiero\/economia\/latam-airlines-gano-un-47-mas-en-2019-y-registra-cifra-record-de-pasajeros\/\",\"url\":\"https:\/\/aeronoticias.com.pe\/noticiero\/economia\/latam-airlines-gano-un-47-mas-en-2019-y-registra-cifra-record-de-pasajeros\/\",\"name\":\"Latam Airlines gan\u00f3 un 4,7 % m\u00e1s en 2019 y registra cifra r\u00e9cord de pasajeros\",\"isPartOf\":{\"@id\":\"https:\/\/aeronoticias.com.pe\/noticiero\/#website\"},\"datePublished\":\"2020-03-04T17:34:05+00:00\",\"author\":{\"@id\":\"https:\/\/aeronoticias.com.pe\/noticiero\/#\/schema\/person\/fc1e5d578f4b62ba1cf7ac2bba1170a0\"},\"description\":\"Portal de noticias del Per\u00fa sobre el transporte a\u00e9reo, aviaci\u00f3n, turismo, hoteleria, actualidad.\",\"breadcrumb\":{\"@id\":\"https:\/\/aeronoticias.com.pe\/noticiero\/economia\/latam-airlines-gano-un-47-mas-en-2019-y-registra-cifra-record-de-pasajeros\/#breadcrumb\"},\"inLanguage\":\"es\",\"potentialAction\":[{\"@type\":\"ReadAction\",\"target\":[\"https:\/\/aeronoticias.com.pe\/noticiero\/economia\/latam-airlines-gano-un-47-mas-en-2019-y-registra-cifra-record-de-pasajeros\/\"]}]},{\"@type\":\"BreadcrumbList\",\"@id\":\"https:\/\/aeronoticias.com.pe\/noticiero\/economia\/latam-airlines-gano-un-47-mas-en-2019-y-registra-cifra-record-de-pasajeros\/#breadcrumb\",\"itemListElement\":[{\"@type\":\"ListItem\",\"position\":1,\"name\":\"Portada\",\"item\":\"https:\/\/aeronoticias.com.pe\/noticiero\/\"},{\"@type\":\"ListItem\",\"position\":2,\"name\":\"Latam Airlines gan\u00f3 un 4,7 % m\u00e1s en 2019 y registra cifra r\u00e9cord de pasajeros\"}]},{\"@type\":\"WebSite\",\"@id\":\"https:\/\/aeronoticias.com.pe\/noticiero\/#website\",\"url\":\"https:\/\/aeronoticias.com.pe\/noticiero\/\",\"name\":\"Aeronoticias.com.pe\",\"description\":\"Noticias de tranporte aereo, turismo, hoteles, gastronomia, actualidad, internacional\",\"potentialAction\":[{\"@type\":\"SearchAction\",\"target\":{\"@type\":\"EntryPoint\",\"urlTemplate\":\"https:\/\/aeronoticias.com.pe\/noticiero\/?s={search_term_string}\"},\"query-input\":{\"@type\":\"PropertyValueSpecification\",\"valueRequired\":true,\"valueName\":\"search_term_string\"}}],\"inLanguage\":\"es\"},{\"@type\":\"Person\",\"@id\":\"https:\/\/aeronoticias.com.pe\/noticiero\/#\/schema\/person\/fc1e5d578f4b62ba1cf7ac2bba1170a0\",\"name\":\"Redacci\u00f3n Aeronoticias\",\"url\":\"https:\/\/aeronoticias.com.pe\/noticiero\/author\/piloto\/\"}]}<\/script>\n<!-- \/ Yoast SEO plugin. -->","yoast_head_json":{"title":"Latam Airlines gan\u00f3 un 4,7 % m\u00e1s en 2019 y registra cifra r\u00e9cord de pasajeros","description":"Portal de noticias del Per\u00fa sobre el transporte a\u00e9reo, aviaci\u00f3n, turismo, hoteleria, actualidad.","robots":{"index":"index","follow":"follow","max-snippet":"max-snippet:-1","max-image-preview":"max-image-preview:large","max-video-preview":"max-video-preview:-1"},"canonical":"https:\/\/aeronoticias.com.pe\/noticiero\/economia\/latam-airlines-gano-un-47-mas-en-2019-y-registra-cifra-record-de-pasajeros\/","og_locale":"es_ES","og_type":"article","og_title":"Latam Airlines gan\u00f3 un 4,7 % m\u00e1s en 2019 y registra cifra r\u00e9cord de pasajeros","og_description":"Portal de noticias del Per\u00fa sobre el transporte a\u00e9reo, aviaci\u00f3n, turismo, hoteleria, actualidad.","og_url":"https:\/\/aeronoticias.com.pe\/noticiero\/economia\/latam-airlines-gano-un-47-mas-en-2019-y-registra-cifra-record-de-pasajeros\/","og_site_name":"Aeronoticias.com.pe","article_publisher":"https:\/\/www.facebook.com\/Aeronoticias.com.pe\/","article_published_time":"2020-03-04T17:34:05+00:00","author":"Redacci\u00f3n Aeronoticias","twitter_card":"summary_large_image","twitter_creator":"@aeronoticias","twitter_site":"@aeronoticias","twitter_misc":{"Escrito por":"Redacci\u00f3n Aeronoticias","Tiempo de lectura":"2 minutos"},"schema":{"@context":"https:\/\/schema.org","@graph":[{"@type":"WebPage","@id":"https:\/\/aeronoticias.com.pe\/noticiero\/economia\/latam-airlines-gano-un-47-mas-en-2019-y-registra-cifra-record-de-pasajeros\/","url":"https:\/\/aeronoticias.com.pe\/noticiero\/economia\/latam-airlines-gano-un-47-mas-en-2019-y-registra-cifra-record-de-pasajeros\/","name":"Latam Airlines gan\u00f3 un 4,7 % m\u00e1s en 2019 y registra cifra r\u00e9cord de pasajeros","isPartOf":{"@id":"https:\/\/aeronoticias.com.pe\/noticiero\/#website"},"datePublished":"2020-03-04T17:34:05+00:00","author":{"@id":"https:\/\/aeronoticias.com.pe\/noticiero\/#\/schema\/person\/fc1e5d578f4b62ba1cf7ac2bba1170a0"},"description":"Portal de noticias del Per\u00fa sobre el transporte a\u00e9reo, aviaci\u00f3n, turismo, hoteleria, actualidad.","breadcrumb":{"@id":"https:\/\/aeronoticias.com.pe\/noticiero\/economia\/latam-airlines-gano-un-47-mas-en-2019-y-registra-cifra-record-de-pasajeros\/#breadcrumb"},"inLanguage":"es","potentialAction":[{"@type":"ReadAction","target":["https:\/\/aeronoticias.com.pe\/noticiero\/economia\/latam-airlines-gano-un-47-mas-en-2019-y-registra-cifra-record-de-pasajeros\/"]}]},{"@type":"BreadcrumbList","@id":"https:\/\/aeronoticias.com.pe\/noticiero\/economia\/latam-airlines-gano-un-47-mas-en-2019-y-registra-cifra-record-de-pasajeros\/#breadcrumb","itemListElement":[{"@type":"ListItem","position":1,"name":"Portada","item":"https:\/\/aeronoticias.com.pe\/noticiero\/"},{"@type":"ListItem","position":2,"name":"Latam Airlines gan\u00f3 un 4,7 % m\u00e1s en 2019 y registra cifra r\u00e9cord de pasajeros"}]},{"@type":"WebSite","@id":"https:\/\/aeronoticias.com.pe\/noticiero\/#website","url":"https:\/\/aeronoticias.com.pe\/noticiero\/","name":"Aeronoticias.com.pe","description":"Noticias de tranporte aereo, turismo, hoteles, gastronomia, actualidad, internacional","potentialAction":[{"@type":"SearchAction","target":{"@type":"EntryPoint","urlTemplate":"https:\/\/aeronoticias.com.pe\/noticiero\/?s={search_term_string}"},"query-input":{"@type":"PropertyValueSpecification","valueRequired":true,"valueName":"search_term_string"}}],"inLanguage":"es"},{"@type":"Person","@id":"https:\/\/aeronoticias.com.pe\/noticiero\/#\/schema\/person\/fc1e5d578f4b62ba1cf7ac2bba1170a0","name":"Redacci\u00f3n Aeronoticias","url":"https:\/\/aeronoticias.com.pe\/noticiero\/author\/piloto\/"}]}},"_links":{"self":[{"href":"https:\/\/aeronoticias.com.pe\/noticiero\/wp-json\/wp\/v2\/posts\/59487","targetHints":{"allow":["GET"]}}],"collection":[{"href":"https:\/\/aeronoticias.com.pe\/noticiero\/wp-json\/wp\/v2\/posts"}],"about":[{"href":"https:\/\/aeronoticias.com.pe\/noticiero\/wp-json\/wp\/v2\/types\/post"}],"author":[{"embeddable":true,"href":"https:\/\/aeronoticias.com.pe\/noticiero\/wp-json\/wp\/v2\/users\/1"}],"replies":[{"embeddable":true,"href":"https:\/\/aeronoticias.com.pe\/noticiero\/wp-json\/wp\/v2\/comments?post=59487"}],"version-history":[{"count":0,"href":"https:\/\/aeronoticias.com.pe\/noticiero\/wp-json\/wp\/v2\/posts\/59487\/revisions"}],"wp:attachment":[{"href":"https:\/\/aeronoticias.com.pe\/noticiero\/wp-json\/wp\/v2\/media?parent=59487"}],"wp:term":[{"taxonomy":"category","embeddable":true,"href":"https:\/\/aeronoticias.com.pe\/noticiero\/wp-json\/wp\/v2\/categories?post=59487"},{"taxonomy":"post_tag","embeddable":true,"href":"https:\/\/aeronoticias.com.pe\/noticiero\/wp-json\/wp\/v2\/tags?post=59487"}],"curies":[{"name":"wp","href":"https:\/\/api.w.org\/{rel}","templated":true}]}}