{"id":59545,"date":"2020-03-17T22:22:30","date_gmt":"2020-03-17T22:22:30","guid":{"rendered":"http:\/\/desarrollo.mcvicious.com\/aero2020\/2020\/03\/17\/brussels-airlines-dejara-de-volar-este-sabado-hasta-el-20-de-abril-por-el-coronavirus\/"},"modified":"2020-11-08T22:31:05","modified_gmt":"2020-11-09T03:31:05","slug":"brussels-airlines-dejara-de-volar-este-sabado-hasta-el-20-de-abril-por-el-coronavirus","status":"publish","type":"post","link":"https:\/\/aeronoticias.com.pe\/noticiero\/transporte-aereo\/internacional\/brussels-airlines-dejara-de-volar-este-sabado-hasta-el-20-de-abril-por-el-coronavirus\/","title":{"rendered":"Brussels Airlines dejar\u00e1 de volar este s\u00e1bado hasta el 20 de abril por el coronavirus"},"content":{"rendered":"\n<p>La compa\u00f1\u00eda Brussels Airlines ha anunciado este martes que suspende temporalmente todas sus rutas como consecuencia de las restricciones de viaje adoptadas por numerosos pa\u00edses para tratar de contener la propagaci\u00f3n del coronavirus, por lo que dejar\u00e1 de volar este s\u00e1bado y no operar\u00e1 ning\u00fan vuelo hasta el pr\u00f3ximo 20 de abril.<\/p>\n\n\n\n<p class=\"p1\">La empresa ha informado de que ha reasignado nuevos vuelos para m\u00e1s adelante a los pasajeros que tuvieran billetes para este periodo pero que les ofrecer\u00e1 una \u201cflexibilidad importante\u201d en las condiciones de sus vuelos para elegir una nueva fecha de aqu\u00ed al 1 de junio e incluso cambiar el destino de la ruta.<\/p>\n\n\n\n<p class=\"p1\">La aerol\u00ednea belga, propiedad del grupo alem\u00e1n Lufthansa, prev\u00e9 reducir progresivamente a lo largo de la semana los vuelos que a\u00fan ten\u00eda programados hasta el s\u00e1bado, cuando dejar\u00e1 de operar vuelos regulares.<\/p>\n\n\n\n<p class=\"p1\">Con todo, la compa\u00f1\u00eda ha indicado que mantendr\u00e1 una \u201ccapacidad m\u00ednima\u201d de operaciones por si fuera necesario programar vuelos de repatriaci\u00f3n de ciudadanos belgas al pa\u00eds.<\/p>\n\n\n\n<p class=\"p1\">\u201cEsto nos permitir\u00e1 reducir el impacto financiero negativo en la compa\u00f1\u00eda\u201d, ha explicado en un comunicado el director ejecutivo de Brussels Airlines, Dieter Vranckx, que tambi\u00e9n ha asegurado que la empresa trabaja ya para planificar la reanudaci\u00f3n de las actividades el 20 de abril.<\/p>\n\n\n\n<p class=\"p1\">Fuente: <span style=\"text-decoration: underline;\"><em><strong>Europa Press.<\/strong><\/em><\/span><\/p>\n","protected":false},"excerpt":{"rendered":"<p>La compa\u00f1\u00eda Brussels Airlines ha anunciado este martes que suspende temporalmente todas sus rutas como consecuencia de las restricciones de viaje adoptadas por numerosos pa\u00edses para tratar de contener la propagaci\u00f3n del coronavirus, por lo que dejar\u00e1 de volar este s\u00e1bado y no operar\u00e1 ning\u00fan vuelo hasta el pr\u00f3ximo 20 de abril. La empresa ha [&hellip;]<\/p>\n","protected":false},"author":1,"featured_media":64711,"comment_status":"open","ping_status":"open","sticky":false,"template":"","format":"standard","meta":{"tdm_status":"","tdm_grid_status":"","footnotes":""},"categories":[32,11],"tags":[546,163],"class_list":{"0":"post-59545","1":"post","2":"type-post","3":"status-publish","4":"format-standard","5":"has-post-thumbnail","7":"category-internacional","8":"category-transporte-aereo","9":"tag-brussels-airlines","10":"tag-coronavirus"},"yoast_head":"<!-- This site is optimized with the Yoast SEO plugin v25.1 - https:\/\/yoast.com\/wordpress\/plugins\/seo\/ -->\n<title>Brussels Airlines dejar\u00e1 de volar este s\u00e1bado hasta el 20 de abril por el coronavirus<\/title>\n<meta name=\"description\" content=\"La compa\u00f1\u00eda Brussels Airlines ha anunciado este martes que suspende temporalmente todas sus rutas como consecuencia de las restricciones de propagaci\u00f3n del coronavirus\" \/>\n<meta name=\"robots\" content=\"index, follow, max-snippet:-1, max-image-preview:large, max-video-preview:-1\" \/>\n<link rel=\"canonical\" href=\"https:\/\/aeronoticias.com.pe\/noticiero\/transporte-aereo\/internacional\/brussels-airlines-dejara-de-volar-este-sabado-hasta-el-20-de-abril-por-el-coronavirus\/\" \/>\n<meta property=\"og:locale\" content=\"es_ES\" \/>\n<meta property=\"og:type\" content=\"article\" \/>\n<meta property=\"og:title\" content=\"Brussels Airlines dejar\u00e1 de volar este s\u00e1bado hasta el 20 de abril por el coronavirus\" \/>\n<meta property=\"og:description\" content=\"La compa\u00f1\u00eda Brussels Airlines ha anunciado este martes que suspende temporalmente todas sus rutas como consecuencia de las restricciones de propagaci\u00f3n del coronavirus\" \/>\n<meta property=\"og:url\" content=\"https:\/\/aeronoticias.com.pe\/noticiero\/transporte-aereo\/internacional\/brussels-airlines-dejara-de-volar-este-sabado-hasta-el-20-de-abril-por-el-coronavirus\/\" \/>\n<meta property=\"og:site_name\" content=\"Aeronoticias.com.pe\" \/>\n<meta property=\"article:publisher\" content=\"https:\/\/www.facebook.com\/Aeronoticias.com.pe\/\" \/>\n<meta property=\"article:published_time\" content=\"2020-03-17T22:22:30+00:00\" \/>\n<meta property=\"article:modified_time\" content=\"2020-11-09T03:31:05+00:00\" \/>\n<meta property=\"og:image\" content=\"https:\/\/aeronoticias.com.pe\/noticiero\/wp-content\/uploads\/2020\/03\/Brussels-Airlines.jpg\" \/>\n\t<meta property=\"og:image:width\" content=\"940\" \/>\n\t<meta property=\"og:image:height\" content=\"400\" \/>\n\t<meta property=\"og:image:type\" content=\"image\/jpeg\" \/>\n<meta name=\"author\" content=\"Redacci\u00f3n Aeronoticias\" \/>\n<meta name=\"twitter:card\" content=\"summary_large_image\" \/>\n<meta name=\"twitter:creator\" content=\"@aeronoticias\" \/>\n<meta name=\"twitter:site\" content=\"@aeronoticias\" \/>\n<meta name=\"twitter:label1\" content=\"Escrito por\" \/>\n\t<meta name=\"twitter:data1\" content=\"Redacci\u00f3n Aeronoticias\" \/>\n\t<meta name=\"twitter:label2\" content=\"Tiempo de lectura\" \/>\n\t<meta name=\"twitter:data2\" content=\"1 minuto\" \/>\n<script type=\"application\/ld+json\" class=\"yoast-schema-graph\">{\"@context\":\"https:\/\/schema.org\",\"@graph\":[{\"@type\":\"WebPage\",\"@id\":\"https:\/\/aeronoticias.com.pe\/noticiero\/transporte-aereo\/internacional\/brussels-airlines-dejara-de-volar-este-sabado-hasta-el-20-de-abril-por-el-coronavirus\/\",\"url\":\"https:\/\/aeronoticias.com.pe\/noticiero\/transporte-aereo\/internacional\/brussels-airlines-dejara-de-volar-este-sabado-hasta-el-20-de-abril-por-el-coronavirus\/\",\"name\":\"Brussels Airlines dejar\u00e1 de volar este s\u00e1bado hasta el 20 de abril por el coronavirus\",\"isPartOf\":{\"@id\":\"https:\/\/aeronoticias.com.pe\/noticiero\/#website\"},\"primaryImageOfPage\":{\"@id\":\"https:\/\/aeronoticias.com.pe\/noticiero\/transporte-aereo\/internacional\/brussels-airlines-dejara-de-volar-este-sabado-hasta-el-20-de-abril-por-el-coronavirus\/#primaryimage\"},\"image\":{\"@id\":\"https:\/\/aeronoticias.com.pe\/noticiero\/transporte-aereo\/internacional\/brussels-airlines-dejara-de-volar-este-sabado-hasta-el-20-de-abril-por-el-coronavirus\/#primaryimage\"},\"thumbnailUrl\":\"https:\/\/aeronoticias.com.pe\/noticiero\/wp-content\/uploads\/2020\/03\/Brussels-Airlines.jpg\",\"datePublished\":\"2020-03-17T22:22:30+00:00\",\"dateModified\":\"2020-11-09T03:31:05+00:00\",\"author\":{\"@id\":\"https:\/\/aeronoticias.com.pe\/noticiero\/#\/schema\/person\/fc1e5d578f4b62ba1cf7ac2bba1170a0\"},\"description\":\"La compa\u00f1\u00eda Brussels Airlines ha anunciado este martes que suspende temporalmente todas sus rutas como consecuencia de las restricciones de propagaci\u00f3n del coronavirus\",\"breadcrumb\":{\"@id\":\"https:\/\/aeronoticias.com.pe\/noticiero\/transporte-aereo\/internacional\/brussels-airlines-dejara-de-volar-este-sabado-hasta-el-20-de-abril-por-el-coronavirus\/#breadcrumb\"},\"inLanguage\":\"es\",\"potentialAction\":[{\"@type\":\"ReadAction\",\"target\":[\"https:\/\/aeronoticias.com.pe\/noticiero\/transporte-aereo\/internacional\/brussels-airlines-dejara-de-volar-este-sabado-hasta-el-20-de-abril-por-el-coronavirus\/\"]}]},{\"@type\":\"ImageObject\",\"inLanguage\":\"es\",\"@id\":\"https:\/\/aeronoticias.com.pe\/noticiero\/transporte-aereo\/internacional\/brussels-airlines-dejara-de-volar-este-sabado-hasta-el-20-de-abril-por-el-coronavirus\/#primaryimage\",\"url\":\"https:\/\/aeronoticias.com.pe\/noticiero\/wp-content\/uploads\/2020\/03\/Brussels-Airlines.jpg\",\"contentUrl\":\"https:\/\/aeronoticias.com.pe\/noticiero\/wp-content\/uploads\/2020\/03\/Brussels-Airlines.jpg\",\"width\":940,\"height\":400},{\"@type\":\"BreadcrumbList\",\"@id\":\"https:\/\/aeronoticias.com.pe\/noticiero\/transporte-aereo\/internacional\/brussels-airlines-dejara-de-volar-este-sabado-hasta-el-20-de-abril-por-el-coronavirus\/#breadcrumb\",\"itemListElement\":[{\"@type\":\"ListItem\",\"position\":1,\"name\":\"Portada\",\"item\":\"https:\/\/aeronoticias.com.pe\/noticiero\/\"},{\"@type\":\"ListItem\",\"position\":2,\"name\":\"Brussels Airlines dejar\u00e1 de volar este s\u00e1bado hasta el 20 de abril por el coronavirus\"}]},{\"@type\":\"WebSite\",\"@id\":\"https:\/\/aeronoticias.com.pe\/noticiero\/#website\",\"url\":\"https:\/\/aeronoticias.com.pe\/noticiero\/\",\"name\":\"Aeronoticias.com.pe\",\"description\":\"Noticias de tranporte aereo, turismo, hoteles, gastronomia, actualidad, internacional\",\"potentialAction\":[{\"@type\":\"SearchAction\",\"target\":{\"@type\":\"EntryPoint\",\"urlTemplate\":\"https:\/\/aeronoticias.com.pe\/noticiero\/?s={search_term_string}\"},\"query-input\":{\"@type\":\"PropertyValueSpecification\",\"valueRequired\":true,\"valueName\":\"search_term_string\"}}],\"inLanguage\":\"es\"},{\"@type\":\"Person\",\"@id\":\"https:\/\/aeronoticias.com.pe\/noticiero\/#\/schema\/person\/fc1e5d578f4b62ba1cf7ac2bba1170a0\",\"name\":\"Redacci\u00f3n Aeronoticias\",\"url\":\"https:\/\/aeronoticias.com.pe\/noticiero\/author\/piloto\/\"}]}<\/script>\n<!-- \/ Yoast SEO plugin. -->","yoast_head_json":{"title":"Brussels Airlines dejar\u00e1 de volar este s\u00e1bado hasta el 20 de abril por el coronavirus","description":"La compa\u00f1\u00eda Brussels Airlines ha anunciado este martes que suspende temporalmente todas sus rutas como consecuencia de las restricciones de propagaci\u00f3n del coronavirus","robots":{"index":"index","follow":"follow","max-snippet":"max-snippet:-1","max-image-preview":"max-image-preview:large","max-video-preview":"max-video-preview:-1"},"canonical":"https:\/\/aeronoticias.com.pe\/noticiero\/transporte-aereo\/internacional\/brussels-airlines-dejara-de-volar-este-sabado-hasta-el-20-de-abril-por-el-coronavirus\/","og_locale":"es_ES","og_type":"article","og_title":"Brussels Airlines dejar\u00e1 de volar este s\u00e1bado hasta el 20 de abril por el coronavirus","og_description":"La compa\u00f1\u00eda Brussels Airlines ha anunciado este martes que suspende temporalmente todas sus rutas como consecuencia de las restricciones de propagaci\u00f3n del coronavirus","og_url":"https:\/\/aeronoticias.com.pe\/noticiero\/transporte-aereo\/internacional\/brussels-airlines-dejara-de-volar-este-sabado-hasta-el-20-de-abril-por-el-coronavirus\/","og_site_name":"Aeronoticias.com.pe","article_publisher":"https:\/\/www.facebook.com\/Aeronoticias.com.pe\/","article_published_time":"2020-03-17T22:22:30+00:00","article_modified_time":"2020-11-09T03:31:05+00:00","og_image":[{"width":940,"height":400,"url":"https:\/\/aeronoticias.com.pe\/noticiero\/wp-content\/uploads\/2020\/03\/Brussels-Airlines.jpg","type":"image\/jpeg"}],"author":"Redacci\u00f3n Aeronoticias","twitter_card":"summary_large_image","twitter_creator":"@aeronoticias","twitter_site":"@aeronoticias","twitter_misc":{"Escrito por":"Redacci\u00f3n Aeronoticias","Tiempo de lectura":"1 minuto"},"schema":{"@context":"https:\/\/schema.org","@graph":[{"@type":"WebPage","@id":"https:\/\/aeronoticias.com.pe\/noticiero\/transporte-aereo\/internacional\/brussels-airlines-dejara-de-volar-este-sabado-hasta-el-20-de-abril-por-el-coronavirus\/","url":"https:\/\/aeronoticias.com.pe\/noticiero\/transporte-aereo\/internacional\/brussels-airlines-dejara-de-volar-este-sabado-hasta-el-20-de-abril-por-el-coronavirus\/","name":"Brussels Airlines dejar\u00e1 de volar este s\u00e1bado hasta el 20 de abril por el coronavirus","isPartOf":{"@id":"https:\/\/aeronoticias.com.pe\/noticiero\/#website"},"primaryImageOfPage":{"@id":"https:\/\/aeronoticias.com.pe\/noticiero\/transporte-aereo\/internacional\/brussels-airlines-dejara-de-volar-este-sabado-hasta-el-20-de-abril-por-el-coronavirus\/#primaryimage"},"image":{"@id":"https:\/\/aeronoticias.com.pe\/noticiero\/transporte-aereo\/internacional\/brussels-airlines-dejara-de-volar-este-sabado-hasta-el-20-de-abril-por-el-coronavirus\/#primaryimage"},"thumbnailUrl":"https:\/\/aeronoticias.com.pe\/noticiero\/wp-content\/uploads\/2020\/03\/Brussels-Airlines.jpg","datePublished":"2020-03-17T22:22:30+00:00","dateModified":"2020-11-09T03:31:05+00:00","author":{"@id":"https:\/\/aeronoticias.com.pe\/noticiero\/#\/schema\/person\/fc1e5d578f4b62ba1cf7ac2bba1170a0"},"description":"La compa\u00f1\u00eda Brussels Airlines ha anunciado este martes que suspende temporalmente todas sus rutas como consecuencia de las restricciones de propagaci\u00f3n del coronavirus","breadcrumb":{"@id":"https:\/\/aeronoticias.com.pe\/noticiero\/transporte-aereo\/internacional\/brussels-airlines-dejara-de-volar-este-sabado-hasta-el-20-de-abril-por-el-coronavirus\/#breadcrumb"},"inLanguage":"es","potentialAction":[{"@type":"ReadAction","target":["https:\/\/aeronoticias.com.pe\/noticiero\/transporte-aereo\/internacional\/brussels-airlines-dejara-de-volar-este-sabado-hasta-el-20-de-abril-por-el-coronavirus\/"]}]},{"@type":"ImageObject","inLanguage":"es","@id":"https:\/\/aeronoticias.com.pe\/noticiero\/transporte-aereo\/internacional\/brussels-airlines-dejara-de-volar-este-sabado-hasta-el-20-de-abril-por-el-coronavirus\/#primaryimage","url":"https:\/\/aeronoticias.com.pe\/noticiero\/wp-content\/uploads\/2020\/03\/Brussels-Airlines.jpg","contentUrl":"https:\/\/aeronoticias.com.pe\/noticiero\/wp-content\/uploads\/2020\/03\/Brussels-Airlines.jpg","width":940,"height":400},{"@type":"BreadcrumbList","@id":"https:\/\/aeronoticias.com.pe\/noticiero\/transporte-aereo\/internacional\/brussels-airlines-dejara-de-volar-este-sabado-hasta-el-20-de-abril-por-el-coronavirus\/#breadcrumb","itemListElement":[{"@type":"ListItem","position":1,"name":"Portada","item":"https:\/\/aeronoticias.com.pe\/noticiero\/"},{"@type":"ListItem","position":2,"name":"Brussels Airlines dejar\u00e1 de volar este s\u00e1bado hasta el 20 de abril por el coronavirus"}]},{"@type":"WebSite","@id":"https:\/\/aeronoticias.com.pe\/noticiero\/#website","url":"https:\/\/aeronoticias.com.pe\/noticiero\/","name":"Aeronoticias.com.pe","description":"Noticias de tranporte aereo, turismo, hoteles, gastronomia, actualidad, internacional","potentialAction":[{"@type":"SearchAction","target":{"@type":"EntryPoint","urlTemplate":"https:\/\/aeronoticias.com.pe\/noticiero\/?s={search_term_string}"},"query-input":{"@type":"PropertyValueSpecification","valueRequired":true,"valueName":"search_term_string"}}],"inLanguage":"es"},{"@type":"Person","@id":"https:\/\/aeronoticias.com.pe\/noticiero\/#\/schema\/person\/fc1e5d578f4b62ba1cf7ac2bba1170a0","name":"Redacci\u00f3n Aeronoticias","url":"https:\/\/aeronoticias.com.pe\/noticiero\/author\/piloto\/"}]}},"_links":{"self":[{"href":"https:\/\/aeronoticias.com.pe\/noticiero\/wp-json\/wp\/v2\/posts\/59545","targetHints":{"allow":["GET"]}}],"collection":[{"href":"https:\/\/aeronoticias.com.pe\/noticiero\/wp-json\/wp\/v2\/posts"}],"about":[{"href":"https:\/\/aeronoticias.com.pe\/noticiero\/wp-json\/wp\/v2\/types\/post"}],"author":[{"embeddable":true,"href":"https:\/\/aeronoticias.com.pe\/noticiero\/wp-json\/wp\/v2\/users\/1"}],"replies":[{"embeddable":true,"href":"https:\/\/aeronoticias.com.pe\/noticiero\/wp-json\/wp\/v2\/comments?post=59545"}],"version-history":[{"count":0,"href":"https:\/\/aeronoticias.com.pe\/noticiero\/wp-json\/wp\/v2\/posts\/59545\/revisions"}],"wp:featuredmedia":[{"embeddable":true,"href":"https:\/\/aeronoticias.com.pe\/noticiero\/wp-json\/wp\/v2\/media\/64711"}],"wp:attachment":[{"href":"https:\/\/aeronoticias.com.pe\/noticiero\/wp-json\/wp\/v2\/media?parent=59545"}],"wp:term":[{"taxonomy":"category","embeddable":true,"href":"https:\/\/aeronoticias.com.pe\/noticiero\/wp-json\/wp\/v2\/categories?post=59545"},{"taxonomy":"post_tag","embeddable":true,"href":"https:\/\/aeronoticias.com.pe\/noticiero\/wp-json\/wp\/v2\/tags?post=59545"}],"curies":[{"name":"wp","href":"https:\/\/api.w.org\/{rel}","templated":true}]}}