{"id":59548,"date":"2020-03-17T22:40:14","date_gmt":"2020-03-17T22:40:14","guid":{"rendered":"http:\/\/desarrollo.mcvicious.com\/aero2020\/2020\/03\/17\/coronavirus-en-peru-en-este-momento-ya-existen-miles-de-infectados-afirma-infectologo-del-minsa\/"},"modified":"2020-03-17T22:40:14","modified_gmt":"2020-03-17T22:40:14","slug":"coronavirus-en-peru-en-este-momento-ya-existen-miles-de-infectados-afirma-infectologo-del-minsa","status":"publish","type":"post","link":"https:\/\/aeronoticias.com.pe\/noticiero\/salud\/coronavirus-en-peru-en-este-momento-ya-existen-miles-de-infectados-afirma-infectologo-del-minsa\/","title":{"rendered":"Coronavirus en Per\u00fa: &#8216;En este momento ya existen miles de infectados&#8217;, afirma infect\u00f3logo del Minsa"},"content":{"rendered":"<p style=\"text-align: justify;\"><strong>(Aeronoticias)<\/strong>.-\u00a0<span style=\"color: #454545; font-family: Helvetica; font-size: 12px;\">El infect\u00f3logo del Ministerio de Salud (Minsa), Manuel Espinoza, asegur\u00f3 que en este momento ya existen miles de personas contagiadas con el coronavirus<\/span><span style=\"color: #454545; font-family: Helvetica; font-size: 12px;\"> (COVID-19) debido a que el Per\u00fa ya ha ingresado a la fase 3 de propagaci\u00f3n de la enfermedad.<\/span><\/p>\n<p class=\"p1\" style=\"margin: 0px; font-variant-numeric: normal; font-variant-east-asian: normal; font-stretch: normal; font-size: 12px; line-height: normal; font-family: Helvetica; color: #454545; text-align: justify;\"><em>\u201cEn la fase 3 sabemos que la enfermedad est\u00e1 en todas partes, no podemos hacer seguimiento, ya no se trata de gente que viaj\u00f3 a Europa o que tuvo contacto con gente que viene de otros pa\u00edses. La fase 3 nos indica que en este momento ya existen miles de infectados\u201d, <\/em>asever\u00f3 a Canal N.<\/p>\n<p class=\"p1\" style=\"margin: 0px; font-variant-numeric: normal; font-variant-east-asian: normal; font-stretch: normal; font-size: 12px; line-height: normal; font-family: Helvetica; color: #454545; text-align: justify;\">\u00a0<\/p>\n<p class=\"p1\" style=\"margin: 0px; font-variant-numeric: normal; font-variant-east-asian: normal; font-stretch: normal; font-size: 12px; line-height: normal; font-family: Helvetica; color: #454545; text-align: justify;\">El presidente de la Rep\u00fablica,\u00a0Mart\u00edn Vizcarra, anunci\u00f3 este 17 de marzo que el coronavirus, cuya infecci\u00f3n ha sido confirmada en 117 casos a nivel nacional, ha entrado en la fase 3 de contagio en el Per\u00fa debido a que la propagaci\u00f3n de la enfermedad se genera de manera comunitaria.<\/p>\n<p class=\"p1\" style=\"margin: 0px; font-variant-numeric: normal; font-variant-east-asian: normal; font-stretch: normal; font-size: 12px; line-height: normal; font-family: Helvetica; color: #454545; text-align: justify;\">\u00a0<\/p>\n<p class=\"p1\" style=\"margin: 0px; font-variant-numeric: normal; font-variant-east-asian: normal; font-stretch: normal; font-size: 12px; line-height: normal; font-family: Helvetica; color: #454545; text-align: justify;\">El especialista del Minsa explic\u00f3 adem\u00e1s que el 50% de las personas que obtuvieron negativo en la prueba de coronavirus s\u00ed podr\u00eda tener la enfermedad pues el examen que se viene aplicando solo reconoce el virus cuando presenta s\u00edntomas muy fuertes; sin embargo, aclar\u00f3 que una persona podr\u00eda portar la enfermedad, no presentar s\u00edntomas y contagiar a otros.<\/p>\n<p class=\"p1\" style=\"margin: 0px; font-variant-numeric: normal; font-variant-east-asian: normal; font-stretch: normal; font-size: 12px; line-height: normal; font-family: Helvetica; color: #454545; text-align: justify;\">\u00a0<\/p>\n<p class=\"p1\" style=\"margin: 0px; font-variant-numeric: normal; font-variant-east-asian: normal; font-stretch: normal; font-size: 12px; line-height: normal; font-family: Helvetica; color: #454545; text-align: justify;\"><em>\u00abEl examen solo arroja positivo cuando hay una dosis alta de la enfermedad. De lo contrario no la reconoce, si presenta s\u00edntomas muy leves o es asintom\u00e1tica arrojar\u00e1 un resultado negativo. Es decir, cualquiera puede portar el virus aunque el examen haya resultado negativo\u201d, <\/em>agreg\u00f3<em>.<\/em><\/p>\n<p class=\"p1\" style=\"margin: 0px; font-variant-numeric: normal; font-variant-east-asian: normal; font-stretch: normal; font-size: 12px; line-height: normal; font-family: Helvetica; color: #454545; text-align: justify;\"><em><br \/><\/em><\/p>\n<p class=\"p1\" style=\"margin: 0px; font-variant-numeric: normal; font-variant-east-asian: normal; font-stretch: normal; font-size: 12px; line-height: normal; font-family: Helvetica; color: #454545; text-align: justify;\">Manuel Espinoza aclar\u00f3 que en la mayor\u00eda de los casos los cuadros de coronavirus presentan s\u00edntomas muy leves, pero que en personas mayores o vulnerables estos pueden ser graves. \u201c<em>Ese peque\u00f1o porcentaje requiere cuidados intensivos pues no solo presentan falla pulmonar sino tambi\u00e9n hay falla hep\u00e1tica y renal que podr\u00eda levar a la muerte\u201d.<\/em><\/p>\n<p class=\"p1\" style=\"margin: 0px; font-variant-numeric: normal; font-variant-east-asian: normal; font-stretch: normal; font-size: 12px; line-height: normal; font-family: Helvetica; color: #454545; text-align: justify;\"><em><br \/><\/em><\/p>\n<p class=\"p1\" style=\"margin: 0px; font-variant-numeric: normal; font-variant-east-asian: normal; font-stretch: normal; font-size: 12px; line-height: normal; font-family: Helvetica; color: #454545; text-align: justify;\">Cabe indicar que el Gobierno anunci\u00f3 el \u00faltimo 15 de marzo la aprobaci\u00f3n de un decreto supremo que declara el Estado de Emergencia Nacional -por un plazo de 15 d\u00edas calendario- debido a las graves circunstancias que afectan la vida de la Naci\u00f3n a consecuencia del coronavirus. Esta ma\u00f1ana, la cifra oficial de contagios en el Per\u00fa se elev\u00f3 de 86 a 117.<\/p>\n<p class=\"p1\" style=\"margin: 0px; font-variant-numeric: normal; font-variant-east-asian: normal; font-stretch: normal; font-size: 12px; line-height: normal; font-family: Helvetica; color: #454545; text-align: justify;\">\u00a0<\/p>\n<p class=\"p1\" style=\"margin: 0px; font-variant-numeric: normal; font-variant-east-asian: normal; font-stretch: normal; font-size: 12px; line-height: normal; font-family: Helvetica; color: #454545; text-align: justify;\">Estas medidas incluyen la restricci\u00f3n del ejercicio de los derechos constitucionales relativos a la libertad y la seguridad personal, la inviolabilidad del domicilio, y la libertad de reuni\u00f3n y de tr\u00e1nsito en el territorio nacional.<\/p>\n<p class=\"p1\" style=\"margin: 0px; font-variant-numeric: normal; font-variant-east-asian: normal; font-stretch: normal; font-size: 12px; line-height: normal; font-family: Helvetica; color: #454545; text-align: justify;\">\u00a0<\/p>\n<p class=\"p1\" style=\"margin: 0px; font-variant-numeric: normal; font-variant-east-asian: normal; font-stretch: normal; font-size: 12px; line-height: normal; font-family: Helvetica; color: #454545; text-align: justify;\">Fuente: <strong><em><span style=\"text-decoration: underline;\">El Comercio<\/span><\/em><\/strong>.<\/p>\n<p class=\"p1\" style=\"margin: 0px; font-variant-numeric: normal; font-variant-east-asian: normal; font-stretch: normal; font-size: 12px; line-height: normal; font-family: Helvetica; color: #454545; text-align: justify;\">\u00a0<\/p>\n<p class=\"p1\" style=\"margin: 0px; font-variant-numeric: normal; font-variant-east-asian: normal; font-stretch: normal; font-size: 12px; line-height: normal; font-family: Helvetica; color: #454545; text-align: justify;\"><img decoding=\"async\" src=\"images\/stories\/coronaaaaa.png\" border=\"0\" \/><\/p>\n","protected":false},"excerpt":{"rendered":"<p>(Aeronoticias).-\u00a0El infect\u00f3logo del Ministerio de Salud (Minsa), Manuel Espinoza, asegur\u00f3 que en este momento ya existen miles de personas contagiadas con el coronavirus (COVID-19) debido a que el Per\u00fa ya ha ingresado a la fase 3 de propagaci\u00f3n de la enfermedad. \u201cEn la fase 3 sabemos que la enfermedad est\u00e1 en todas partes, no podemos [&hellip;]<\/p>\n","protected":false},"author":1,"featured_media":0,"comment_status":"open","ping_status":"open","sticky":false,"template":"","format":"standard","meta":{"tdm_status":"","tdm_grid_status":"","footnotes":""},"categories":[37],"tags":[],"class_list":{"0":"post-59548","1":"post","2":"type-post","3":"status-publish","4":"format-standard","6":"category-salud"},"yoast_head":"<!-- This site is optimized with the Yoast SEO plugin v25.1 - https:\/\/yoast.com\/wordpress\/plugins\/seo\/ -->\n<title>Coronavirus en Per\u00fa: &#039;En este momento ya existen miles de infectados&#039;, afirma infect\u00f3logo del Minsa<\/title>\n<meta name=\"description\" content=\"Portal de noticias del Per\u00fa sobre el transporte a\u00e9reo, aviaci\u00f3n, turismo, hoteleria, actualidad.\" \/>\n<meta name=\"robots\" content=\"index, follow, max-snippet:-1, max-image-preview:large, max-video-preview:-1\" \/>\n<link rel=\"canonical\" href=\"https:\/\/aeronoticias.com.pe\/noticiero\/salud\/coronavirus-en-peru-en-este-momento-ya-existen-miles-de-infectados-afirma-infectologo-del-minsa\/\" \/>\n<meta property=\"og:locale\" content=\"es_ES\" \/>\n<meta property=\"og:type\" content=\"article\" \/>\n<meta property=\"og:title\" content=\"Coronavirus en Per\u00fa: &#039;En este momento ya existen miles de infectados&#039;, afirma infect\u00f3logo del Minsa\" \/>\n<meta property=\"og:description\" content=\"Portal de noticias del Per\u00fa sobre el transporte a\u00e9reo, aviaci\u00f3n, turismo, hoteleria, actualidad.\" \/>\n<meta property=\"og:url\" content=\"https:\/\/aeronoticias.com.pe\/noticiero\/salud\/coronavirus-en-peru-en-este-momento-ya-existen-miles-de-infectados-afirma-infectologo-del-minsa\/\" \/>\n<meta property=\"og:site_name\" content=\"Aeronoticias.com.pe\" \/>\n<meta property=\"article:publisher\" content=\"https:\/\/www.facebook.com\/Aeronoticias.com.pe\/\" \/>\n<meta property=\"article:published_time\" content=\"2020-03-17T22:40:14+00:00\" \/>\n<meta name=\"author\" content=\"Redacci\u00f3n Aeronoticias\" \/>\n<meta name=\"twitter:card\" content=\"summary_large_image\" \/>\n<meta name=\"twitter:creator\" content=\"@aeronoticias\" \/>\n<meta name=\"twitter:site\" content=\"@aeronoticias\" \/>\n<meta name=\"twitter:label1\" content=\"Escrito por\" \/>\n\t<meta name=\"twitter:data1\" content=\"Redacci\u00f3n Aeronoticias\" \/>\n\t<meta name=\"twitter:label2\" content=\"Tiempo de lectura\" \/>\n\t<meta name=\"twitter:data2\" content=\"2 minutos\" \/>\n<script type=\"application\/ld+json\" class=\"yoast-schema-graph\">{\"@context\":\"https:\/\/schema.org\",\"@graph\":[{\"@type\":\"WebPage\",\"@id\":\"https:\/\/aeronoticias.com.pe\/noticiero\/salud\/coronavirus-en-peru-en-este-momento-ya-existen-miles-de-infectados-afirma-infectologo-del-minsa\/\",\"url\":\"https:\/\/aeronoticias.com.pe\/noticiero\/salud\/coronavirus-en-peru-en-este-momento-ya-existen-miles-de-infectados-afirma-infectologo-del-minsa\/\",\"name\":\"Coronavirus en Per\u00fa: 'En este momento ya existen miles de infectados', afirma infect\u00f3logo del Minsa\",\"isPartOf\":{\"@id\":\"https:\/\/aeronoticias.com.pe\/noticiero\/#website\"},\"datePublished\":\"2020-03-17T22:40:14+00:00\",\"author\":{\"@id\":\"https:\/\/aeronoticias.com.pe\/noticiero\/#\/schema\/person\/fc1e5d578f4b62ba1cf7ac2bba1170a0\"},\"description\":\"Portal de noticias del Per\u00fa sobre el transporte a\u00e9reo, aviaci\u00f3n, turismo, hoteleria, actualidad.\",\"breadcrumb\":{\"@id\":\"https:\/\/aeronoticias.com.pe\/noticiero\/salud\/coronavirus-en-peru-en-este-momento-ya-existen-miles-de-infectados-afirma-infectologo-del-minsa\/#breadcrumb\"},\"inLanguage\":\"es\",\"potentialAction\":[{\"@type\":\"ReadAction\",\"target\":[\"https:\/\/aeronoticias.com.pe\/noticiero\/salud\/coronavirus-en-peru-en-este-momento-ya-existen-miles-de-infectados-afirma-infectologo-del-minsa\/\"]}]},{\"@type\":\"BreadcrumbList\",\"@id\":\"https:\/\/aeronoticias.com.pe\/noticiero\/salud\/coronavirus-en-peru-en-este-momento-ya-existen-miles-de-infectados-afirma-infectologo-del-minsa\/#breadcrumb\",\"itemListElement\":[{\"@type\":\"ListItem\",\"position\":1,\"name\":\"Portada\",\"item\":\"https:\/\/aeronoticias.com.pe\/noticiero\/\"},{\"@type\":\"ListItem\",\"position\":2,\"name\":\"Coronavirus en Per\u00fa: &#8216;En este momento ya existen miles de infectados&#8217;, afirma infect\u00f3logo del Minsa\"}]},{\"@type\":\"WebSite\",\"@id\":\"https:\/\/aeronoticias.com.pe\/noticiero\/#website\",\"url\":\"https:\/\/aeronoticias.com.pe\/noticiero\/\",\"name\":\"Aeronoticias.com.pe\",\"description\":\"Noticias de tranporte aereo, turismo, hoteles, gastronomia, actualidad, internacional\",\"potentialAction\":[{\"@type\":\"SearchAction\",\"target\":{\"@type\":\"EntryPoint\",\"urlTemplate\":\"https:\/\/aeronoticias.com.pe\/noticiero\/?s={search_term_string}\"},\"query-input\":{\"@type\":\"PropertyValueSpecification\",\"valueRequired\":true,\"valueName\":\"search_term_string\"}}],\"inLanguage\":\"es\"},{\"@type\":\"Person\",\"@id\":\"https:\/\/aeronoticias.com.pe\/noticiero\/#\/schema\/person\/fc1e5d578f4b62ba1cf7ac2bba1170a0\",\"name\":\"Redacci\u00f3n Aeronoticias\",\"url\":\"https:\/\/aeronoticias.com.pe\/noticiero\/author\/piloto\/\"}]}<\/script>\n<!-- \/ Yoast SEO plugin. -->","yoast_head_json":{"title":"Coronavirus en Per\u00fa: 'En este momento ya existen miles de infectados', afirma infect\u00f3logo del Minsa","description":"Portal de noticias del Per\u00fa sobre el transporte a\u00e9reo, aviaci\u00f3n, turismo, hoteleria, actualidad.","robots":{"index":"index","follow":"follow","max-snippet":"max-snippet:-1","max-image-preview":"max-image-preview:large","max-video-preview":"max-video-preview:-1"},"canonical":"https:\/\/aeronoticias.com.pe\/noticiero\/salud\/coronavirus-en-peru-en-este-momento-ya-existen-miles-de-infectados-afirma-infectologo-del-minsa\/","og_locale":"es_ES","og_type":"article","og_title":"Coronavirus en Per\u00fa: 'En este momento ya existen miles de infectados', afirma infect\u00f3logo del Minsa","og_description":"Portal de noticias del Per\u00fa sobre el transporte a\u00e9reo, aviaci\u00f3n, turismo, hoteleria, actualidad.","og_url":"https:\/\/aeronoticias.com.pe\/noticiero\/salud\/coronavirus-en-peru-en-este-momento-ya-existen-miles-de-infectados-afirma-infectologo-del-minsa\/","og_site_name":"Aeronoticias.com.pe","article_publisher":"https:\/\/www.facebook.com\/Aeronoticias.com.pe\/","article_published_time":"2020-03-17T22:40:14+00:00","author":"Redacci\u00f3n Aeronoticias","twitter_card":"summary_large_image","twitter_creator":"@aeronoticias","twitter_site":"@aeronoticias","twitter_misc":{"Escrito por":"Redacci\u00f3n Aeronoticias","Tiempo de lectura":"2 minutos"},"schema":{"@context":"https:\/\/schema.org","@graph":[{"@type":"WebPage","@id":"https:\/\/aeronoticias.com.pe\/noticiero\/salud\/coronavirus-en-peru-en-este-momento-ya-existen-miles-de-infectados-afirma-infectologo-del-minsa\/","url":"https:\/\/aeronoticias.com.pe\/noticiero\/salud\/coronavirus-en-peru-en-este-momento-ya-existen-miles-de-infectados-afirma-infectologo-del-minsa\/","name":"Coronavirus en Per\u00fa: 'En este momento ya existen miles de infectados', afirma infect\u00f3logo del Minsa","isPartOf":{"@id":"https:\/\/aeronoticias.com.pe\/noticiero\/#website"},"datePublished":"2020-03-17T22:40:14+00:00","author":{"@id":"https:\/\/aeronoticias.com.pe\/noticiero\/#\/schema\/person\/fc1e5d578f4b62ba1cf7ac2bba1170a0"},"description":"Portal de noticias del Per\u00fa sobre el transporte a\u00e9reo, aviaci\u00f3n, turismo, hoteleria, actualidad.","breadcrumb":{"@id":"https:\/\/aeronoticias.com.pe\/noticiero\/salud\/coronavirus-en-peru-en-este-momento-ya-existen-miles-de-infectados-afirma-infectologo-del-minsa\/#breadcrumb"},"inLanguage":"es","potentialAction":[{"@type":"ReadAction","target":["https:\/\/aeronoticias.com.pe\/noticiero\/salud\/coronavirus-en-peru-en-este-momento-ya-existen-miles-de-infectados-afirma-infectologo-del-minsa\/"]}]},{"@type":"BreadcrumbList","@id":"https:\/\/aeronoticias.com.pe\/noticiero\/salud\/coronavirus-en-peru-en-este-momento-ya-existen-miles-de-infectados-afirma-infectologo-del-minsa\/#breadcrumb","itemListElement":[{"@type":"ListItem","position":1,"name":"Portada","item":"https:\/\/aeronoticias.com.pe\/noticiero\/"},{"@type":"ListItem","position":2,"name":"Coronavirus en Per\u00fa: &#8216;En este momento ya existen miles de infectados&#8217;, afirma infect\u00f3logo del Minsa"}]},{"@type":"WebSite","@id":"https:\/\/aeronoticias.com.pe\/noticiero\/#website","url":"https:\/\/aeronoticias.com.pe\/noticiero\/","name":"Aeronoticias.com.pe","description":"Noticias de tranporte aereo, turismo, hoteles, gastronomia, actualidad, internacional","potentialAction":[{"@type":"SearchAction","target":{"@type":"EntryPoint","urlTemplate":"https:\/\/aeronoticias.com.pe\/noticiero\/?s={search_term_string}"},"query-input":{"@type":"PropertyValueSpecification","valueRequired":true,"valueName":"search_term_string"}}],"inLanguage":"es"},{"@type":"Person","@id":"https:\/\/aeronoticias.com.pe\/noticiero\/#\/schema\/person\/fc1e5d578f4b62ba1cf7ac2bba1170a0","name":"Redacci\u00f3n Aeronoticias","url":"https:\/\/aeronoticias.com.pe\/noticiero\/author\/piloto\/"}]}},"_links":{"self":[{"href":"https:\/\/aeronoticias.com.pe\/noticiero\/wp-json\/wp\/v2\/posts\/59548","targetHints":{"allow":["GET"]}}],"collection":[{"href":"https:\/\/aeronoticias.com.pe\/noticiero\/wp-json\/wp\/v2\/posts"}],"about":[{"href":"https:\/\/aeronoticias.com.pe\/noticiero\/wp-json\/wp\/v2\/types\/post"}],"author":[{"embeddable":true,"href":"https:\/\/aeronoticias.com.pe\/noticiero\/wp-json\/wp\/v2\/users\/1"}],"replies":[{"embeddable":true,"href":"https:\/\/aeronoticias.com.pe\/noticiero\/wp-json\/wp\/v2\/comments?post=59548"}],"version-history":[{"count":0,"href":"https:\/\/aeronoticias.com.pe\/noticiero\/wp-json\/wp\/v2\/posts\/59548\/revisions"}],"wp:attachment":[{"href":"https:\/\/aeronoticias.com.pe\/noticiero\/wp-json\/wp\/v2\/media?parent=59548"}],"wp:term":[{"taxonomy":"category","embeddable":true,"href":"https:\/\/aeronoticias.com.pe\/noticiero\/wp-json\/wp\/v2\/categories?post=59548"},{"taxonomy":"post_tag","embeddable":true,"href":"https:\/\/aeronoticias.com.pe\/noticiero\/wp-json\/wp\/v2\/tags?post=59548"}],"curies":[{"name":"wp","href":"https:\/\/api.w.org\/{rel}","templated":true}]}}